{"id":34370,"date":"2021-01-27T14:44:58","date_gmt":"2021-01-27T13:44:58","guid":{"rendered":"https:\/\/www.naturalscience.org\/?p=34370"},"modified":"2021-10-05T10:41:58","modified_gmt":"2021-10-05T08:41:58","slug":"i-rischi-per-la-salute-delle-maschere-per-il-viso","status":"publish","type":"post","link":"https:\/\/www.naturalscience.org\/it\/news\/2021\/01\/i-rischi-per-la-salute-delle-maschere-per-il-viso\/","title":{"rendered":"I rischi per la salute delle maschere per il viso"},"content":{"rendered":"<p>Molti paesi hanno stabilito che in determinati ambienti, come nei trasporti pubblici, le persone debbano indossare maschere per il viso per proteggersi dal nuovo coronavirus SARS-CoV-2. Quanto giova cio&#8217; per la tua protezione? Ci sono rischi per la salute?<\/p>\n<p>In uno studio finanziato dall&#8217;Organizzazione Mondiale della Sanit\u00e0 (OMS) pubblicato su<em> The Lancet <\/em><span class=\"footnote_referrer\"><a role=\"button\" tabindex=\"0\" onclick=\"footnote_moveToReference_34370_1('footnote_plugin_reference_34370_1_1');\" onkeypress=\"footnote_moveToReference_34370_1('footnote_plugin_reference_34370_1_1');\" ><sup id=\"footnote_plugin_tooltip_34370_1_1\" class=\"footnote_plugin_tooltip_text\">1)<\/sup><\/a><span id=\"footnote_plugin_tooltip_text_34370_1_1\" class=\"footnote_tooltip\">D. Chu et al. (2020) Distanziamento fisico, maschere facciali e protezione degli occhi per prevenire la trasmissione da persona a persona di SARS-CoV-2 e COVID-19: una revisione sistematica e una meta-analisi (&#8220;Distanziamento fisico, maschere facciali e protezione degli occhi per prevenire trasmissione di SARS-CoV-2 e COVID-19 da persona a persona: una panoramica sistematica e una meta-analisi &#8220;), The Lancet, VOLUME 395, NUMERO 10242, P1973-1987, 27 GIUGNO 2020,&nbsp; DOI: <a href=\"https:\/\/doi.org\/10.1016\/S0140-6736(20)31142-9\" target=\"_blank\" rel=\"noopener noreferrer\"><span class=\"footnote_url_wrap\">https:\/\/doi.org\/10.1016\/S0140-6736(20)31142-9<\/span><\/a><\/span><\/span><script type=\"text\/javascript\"> jQuery('#footnote_plugin_tooltip_34370_1_1').tooltip({ tip: '#footnote_plugin_tooltip_text_34370_1_1', tipClass: 'footnote_tooltip', effect: 'fade', predelay: 0, fadeInSpeed: 200, delay: 400, fadeOutSpeed: 200, position: 'top right', relative: true, offset: [10, 10], });<\/script>, \u00e8 stato pubblicato, che vi sono poche certezze sul fatto che le maschere facciali proteggano dalla diffusione del coronavirus SARS-CoV-2. L&#8217;articolo afferma che indossare una maschera chirurgica di buona qualit\u00e0 (come R95) potrebbe portare a una riduzione del rischio di infezione. L&#8217;uso di maschere facciali in campo clinico, cio\u00e8 medico, \u00e8 una pratica comune per il personale medico che esegue interventi, come dentisti e assistenti dentali, o negli ospedali, ad esempio nelle sale operatorie, o negli studi medici dove vengono eseguiti interventi medici come operazioni minori. Gli operatori sanitari indossano maschere facciali in questi ambienti per evitare di ingerire schizzi di sangue del paziente.<\/p>\n<p>Nella sua raccomandazione per la popolazione, sull&#8217;uso delle maschere per il viso COVID-19 in luoghi pubblici <span class=\"footnote_referrer\"><a role=\"button\" tabindex=\"0\" onclick=\"footnote_moveToReference_34370_1('footnote_plugin_reference_34370_1_2');\" onkeypress=\"footnote_moveToReference_34370_1('footnote_plugin_reference_34370_1_2');\" ><sup id=\"footnote_plugin_tooltip_34370_1_2\" class=\"footnote_plugin_tooltip_text\">2)<\/sup><\/a><span id=\"footnote_plugin_tooltip_text_34370_1_2\" class=\"footnote_tooltip\">Organizzazione mondiale della sanit\u00e0 OMS (5 giugno 2020), Consigli sull&#8217;uso delle maschere in connessione con COVID-19, <a href=\"https:\/\/www.who.int\/publications\/i\/item\/advice-on-the-use-of-masks-in-the-community-during-home-care-and-in-healthcare-settings-in-the-context-of-the-novel-coronavirus-(2019-ncov)-outbreak\" target=\"_blank\" rel=\"noopener noreferrer\"> <span class=\"footnote_url_wrap\">https:\/\/www.who.int\/publications\/i\/item\/advice-on-the-use-of-masks-in-the-community-during-home-care-and-in-healthcare-settings-in-the-context-of-the-novel-coronavirus-(2019-ncov)-outbreak<\/span><\/a><\/span><\/span><script type=\"text\/javascript\"> jQuery('#footnote_plugin_tooltip_34370_1_2').tooltip({ tip: '#footnote_plugin_tooltip_text_34370_1_2', tipClass: 'footnote_tooltip', effect: 'fade', predelay: 0, fadeInSpeed: 200, delay: 400, fadeOutSpeed: 200, position: 'top right', relative: true, offset: [10, 10], });<\/script> L&#8217;OMS spiega quanto segue:<\/p>\n<p><strong><em>&#8220;Al momento non ci sono prove dirette (da studi su COVID-19 e su persone sane in pubblico) dell&#8217;efficacia dell&#8217;uso generale di maschere da parte di persone sane in pubblico nella prevenzione delle infezioni da virus respiratori, incluso il COVID-19&#8221;<\/em><\/strong>&nbsp;<sup>[Cap. 2, pag. 6]<\/sup><\/p>\n<p>Allora perch\u00e9 veniamo incoraggiati a indossare maschere per il viso? Uno dei motivi \u00e8 che ci sono deboli prove che qualcuno che ha i sintomi dell&#8217;influenza (che in realt\u00e0 tossisce e starnutisce), ma indossa una maschera chirurgica, ha meno probabilit\u00e0 di diffondere l&#8217;influenza. Nei paesi asiatici questo \u00e8 uno spettacolo comune.<\/p>\n<p>Nei paesi in cui le persone sono incoraggiate a creare le proprie maschere, non ci sono prove che ci\u00f2 abbia un effetto protettivo<span class=\"footnote_referrer\"><a role=\"button\" tabindex=\"0\" onclick=\"footnote_moveToReference_34370_1('footnote_plugin_reference_34370_1_3');\" onkeypress=\"footnote_moveToReference_34370_1('footnote_plugin_reference_34370_1_3');\" ><sup id=\"footnote_plugin_tooltip_34370_1_3\" class=\"footnote_plugin_tooltip_text\">3)<\/sup><\/a><span id=\"footnote_plugin_tooltip_text_34370_1_3\" class=\"footnote_tooltip\">Organizzazione mondiale della sanit\u00e0 OMS (5 giugno 2020), Consigli sull&#8217;uso delle maschere in connessione con COVID-19, <a href=\"https:\/\/www.who.int\/publications\/i\/item\/advice-on-the-use-of-masks-in-the-community-during-home-care-and-in-healthcare-settings-in-the-context-of-the-novel-coronavirus-(2019-ncov)-outbreak\" target=\"_blank\" rel=\"noopener noreferrer\"> <span class=\"footnote_url_wrap\">https:\/\/www.who.int\/publications\/i\/item\/advice-on-the-use-of-masks-in-the-community-during-home-care-and-in-healthcare-settings-in-the-context-of-the-novel-coronavirus-(2019-ncov)-outbreak<\/span><\/a><\/span><\/span><script type=\"text\/javascript\"> jQuery('#footnote_plugin_tooltip_34370_1_3').tooltip({ tip: '#footnote_plugin_tooltip_text_34370_1_3', tipClass: 'footnote_tooltip', effect: 'fade', predelay: 0, fadeInSpeed: 200, delay: 400, fadeOutSpeed: 200, position: 'top right', relative: true, offset: [10, 10], });<\/script>.&nbsp;<strong>Solo le maschere chirurgiche di alta qualit\u00e0 offrono protezione, e solo per un breve periodo. Infatti, indossare una maschera per il viso per un lungo periodo di tempo aumenta il rischio di infezione virale<\/strong> a causa della zona umida e calda intorno alla bocca e al naso. Questo \u00e8 un terreno fertile, ideale per microrganismi come i virus!<\/p>\n<p><em>&#8220;Per le persone comuni, indossare una maschera per strada non \u00e8 una buona idea&#8221;<\/em>, ha detto il vice direttore medico del Regno Unito Julie Harries, perch\u00e9 la maschera per il viso<em> &#8220;potrebbe intrappolare il virus nella maschera stessa e venire inalato&#8221;.<\/em><span class=\"footnote_referrer\"><a role=\"button\" tabindex=\"0\" onclick=\"footnote_moveToReference_34370_1('footnote_plugin_reference_34370_1_4');\" onkeypress=\"footnote_moveToReference_34370_1('footnote_plugin_reference_34370_1_4');\" ><sup id=\"footnote_plugin_tooltip_34370_1_4\" class=\"footnote_plugin_tooltip_text\">4)<\/sup><\/a><span id=\"footnote_plugin_tooltip_text_34370_1_4\" class=\"footnote_tooltip\">The Independent, Coronavirus: le maschere per il viso potrebbero aumentare il rischio di infezione, avverte il capo medico (&#8220;Coronavirus: le maschere per il viso potrebbero aumentare il rischio di infezione, avverte il direttore medico&#8221;), 12 Marzo 2020 <a href=\"https:\/\/www.independent.co.uk\/news\/health\/coronavirus-news-face-masks-increase-risk-infection-doctor-jenny-harries-a9396811.html\" target=\"_blank\" rel=\"noopener noreferrer\"><span class=\"footnote_url_wrap\">https:\/\/www.independent.co.uk\/news\/health\/coronavirus-news-face-masks-increase-risk-infection-doctor-jenny-harries-a9396811.html<\/span><\/a><\/span><\/span><script type=\"text\/javascript\"> jQuery('#footnote_plugin_tooltip_34370_1_4').tooltip({ tip: '#footnote_plugin_tooltip_text_34370_1_4', tipClass: 'footnote_tooltip', effect: 'fade', predelay: 0, fadeInSpeed: 200, delay: 400, fadeOutSpeed: 200, position: 'top right', relative: true, offset: [10, 10], });<\/script><\/p>\n<p>Uno studio di controllo randomizzato effettuato in Danimarca con 6000 partecipanti, che \u00e8 stato condotto ad aprile e maggio 2020, non ha mostrato differenze significative tra i portatori di maschera e le persone senza maschere nell&#8217;infezione da SARS-CoV-2, con l&#8217;1,8% dei portatori di maschera risultati positivi (Test PCR) rispetto al 2,1% delle persone senza maschera. La conclusione dello studio \u00e8 stata che indossare una maschera non ha aiutato a ridurre il rischio di contrarre il virus SARS-CoV-2.<span class=\"footnote_referrer\"><a role=\"button\" tabindex=\"0\" onclick=\"footnote_moveToReference_34370_1('footnote_plugin_reference_34370_1_5');\" onkeypress=\"footnote_moveToReference_34370_1('footnote_plugin_reference_34370_1_5');\" ><sup id=\"footnote_plugin_tooltip_34370_1_5\" class=\"footnote_plugin_tooltip_text\">5)<\/sup><\/a><span id=\"footnote_plugin_tooltip_text_34370_1_5\" class=\"footnote_tooltip\">Bundgaard H. et al. (18 novembre 2020), Efficacia dell&#8217;aggiunta di una raccomandazione sulla maschera ad altre misure di sanit\u00e0 pubblica per prevenire l&#8217;infezione da SARS-CoV-2 nei portatori di maschere danesi (&#8220;Efficacia della raccomandazione, una maschera ad altre misure di salute pubblica per prevenire la SARS Da aggiungere Infezione da CoV-2 in portatori di maschere danesi &#8220;), <em>Annals of Internal Medicine<\/em>, <a href=\"https:\/\/doi.org\/10.7326\/M20-6817\" target=\"_blank\" rel=\"noopener noreferrer\"><span class=\"footnote_url_wrap\">https:\/\/doi.org\/10.7326\/M20-6817<\/span><\/a><\/span><\/span><script type=\"text\/javascript\"> jQuery('#footnote_plugin_tooltip_34370_1_5').tooltip({ tip: '#footnote_plugin_tooltip_text_34370_1_5', tipClass: 'footnote_tooltip', effect: 'fade', predelay: 0, fadeInSpeed: 200, delay: 400, fadeOutSpeed: 200, position: 'top right', relative: true, offset: [10, 10], });<\/script> <strong>Questa conclusione da&#8217; supporto ai risultati che, generalmente, le maschere facciali non proteggono dai virus dell vie respiratorie<\/strong><span class=\"footnote_referrer\"><a role=\"button\" tabindex=\"0\" onclick=\"footnote_moveToReference_34370_1('footnote_plugin_reference_34370_1_6');\" onkeypress=\"footnote_moveToReference_34370_1('footnote_plugin_reference_34370_1_6');\" ><sup id=\"footnote_plugin_tooltip_34370_1_6\" class=\"footnote_plugin_tooltip_text\">6)<\/sup><\/a><span id=\"footnote_plugin_tooltip_text_34370_1_6\" class=\"footnote_tooltip\">Jefferson, T., Jones, M., Al Ansari, L.A., Bawazeer, G., Beller, E., Clark, et al., 2020. Interventi fisici per interrompere o ridurre la diffusione dei virus respiratori. Parte 1 &#8211; Maschere per il viso, protezione degli occhi e allontanamento delle persone: revisione sistematica e meta-analisi. (&#8220;Interventi fisici per interrompere o ridurre la diffusione di virus respiratori. Parte 1 &#8211; Maschere per il viso, protezione per gli occhi e mantenere le distanze: revisione sistematica e meta-analisi.&#8221;) MedRxiv. [Prestampa]. (<a href=\"https:\/\/www.medrxiv.org\/content\/10.1101\/2020.03.30.20047217v2\" target=\"_blank\" rel=\"noopener noreferrer\"><span class=\"footnote_url_wrap\">https:\/\/www.medrxiv.org\/content\/10.1101\/2020.03.30.20047217v2<\/span><\/a>, accesso 4 giugno 2020<\/span><\/span><script type=\"text\/javascript\"> jQuery('#footnote_plugin_tooltip_34370_1_6').tooltip({ tip: '#footnote_plugin_tooltip_text_34370_1_6', tipClass: 'footnote_tooltip', effect: 'fade', predelay: 0, fadeInSpeed: 200, delay: 400, fadeOutSpeed: 200, position: 'top right', relative: true, offset: [10, 10], });<\/script>.<\/p>\n<p>L&#8217;Organizzazione mondiale della sanit\u00e0<sup>2&nbsp;<\/sup>cita un vantaggio importante nell\u2019indossare una maschera, oltre che a far sentire le persone come se stessero aiutando ad impedire la diffusione del coronavirus, ossia quello di<\/p>\n<p><em>&#8220;far ricordare alle persone di rispettare altre misure (ad es. l&#8217;igiene delle mani, non toccare naso e bocca)&#8221;<\/em> <sup>[Nota. 2, p. 8].<\/sup><\/p>\n<p>\u00c8 questo allora il nocciolo della questione, ossia che le persone vengano abituate a rispettare le dichiarazioni dell&#8217;OMS e del loro governo, come ad esempio la campagna mediatica in corso, che dichiara che solo un vaccino pu\u00f2 fermare la pandemia e che una vaccinazione obbligatoria \u00e8 l&#8217;unico modo per garantire cio\u2019? <a href=\"https:\/\/www.naturalscience.org\/it\/news\/2020\/07\/le-vaccinazioni-sono-davvero-lunico-modo-per-proteggere-lumanita-dalle-pandemie\/\" target=\"_blank\" rel=\"noopener noreferrer\">Le vaccinazioni sono davvero l&#8217;unico modo per proteggere l&#8217;umanit\u00e0 dalle pandemie?<\/a><\/p>\n<p>Secondo l&#8217;OMS, gli svantaggi di indossare maschere per il viso per persone sane negli spazi pubblici includono:<\/p>\n<ul style=\"list-style-type: circle;\">\n<li><strong>Rischio potenzialmente elevato di auto-contaminazione<\/strong> derivante dalla manipolazione di una maschera facciale e dal successivo contatto con gli occhi attraverso le mani contaminate; <span class=\"footnote_referrer\"><a role=\"button\" tabindex=\"0\" onclick=\"footnote_moveToReference_34370_1('footnote_plugin_reference_34370_1_7');\" onkeypress=\"footnote_moveToReference_34370_1('footnote_plugin_reference_34370_1_7');\" ><sup id=\"footnote_plugin_tooltip_34370_1_7\" class=\"footnote_plugin_tooltip_text\">7)<\/sup><\/a><span id=\"footnote_plugin_tooltip_text_34370_1_7\" class=\"footnote_tooltip\">Zamora JE, Murdoch J, Simchison B, Day AG. Contaminazione: confronto di 2 sistemi di protezione individuale (&#8220;Contaminazione: confronto di 2 sistemi di protezione individuale&#8221;). CMAJ. 2006; 175 (3): 249-54.<\/span><\/span><script type=\"text\/javascript\"> jQuery('#footnote_plugin_tooltip_34370_1_7').tooltip({ tip: '#footnote_plugin_tooltip_text_34370_1_7', tipClass: 'footnote_tooltip', effect: 'fade', predelay: 0, fadeInSpeed: 200, delay: 400, fadeOutSpeed: 200, position: 'top right', relative: true, offset: [10, 10], });<\/script> <span class=\"footnote_referrer\"><a role=\"button\" tabindex=\"0\" onclick=\"footnote_moveToReference_34370_1('footnote_plugin_reference_34370_1_8');\" onkeypress=\"footnote_moveToReference_34370_1('footnote_plugin_reference_34370_1_8');\" ><sup id=\"footnote_plugin_tooltip_34370_1_8\" class=\"footnote_plugin_tooltip_text\">8)<\/sup><\/a><span id=\"footnote_plugin_tooltip_text_34370_1_8\" class=\"footnote_tooltip\">Kwon JH, Burnham CD, Reske KA, Liang SY, Hink T, Wallace MA, et al. Valutazione delle deviazioni dal protocollo degli operatori sanitari e dell&#8217;autocontaminazione durante la vestizione e la svestizione dei dispositivi di protezione individuale. (&#8220;Indagine sulle deviazioni dal protocollo e sull&#8217;auto-contaminazione degli operatori sanitari mentre indossano e tolgono l&#8217;equipaggiamento protettivo personale.&#8221;) Infect Control Hosp Epidemiol. 2017; 38 (9): 1077-83.<\/span><\/span><script type=\"text\/javascript\"> jQuery('#footnote_plugin_tooltip_34370_1_8').tooltip({ tip: '#footnote_plugin_tooltip_text_34370_1_8', tipClass: 'footnote_tooltip', effect: 'fade', predelay: 0, fadeInSpeed: 200, delay: 400, fadeOutSpeed: 200, position: 'top right', relative: true, offset: [10, 10], });<\/script><\/li>\n<li>Potenziale auto-contaminazione che pu\u00f2 verificarsi se le maschere non mediche non vengono cambiate quando sono bagnate o sporche. <strong>Questo pu\u00f2 creare condizioni favorevoli per la moltiplicazione dei microrganismi;<\/strong><\/li>\n<li>Possibili <strong>mal di testa e \/o difficolt\u00e0 respiratorie<\/strong>, a seconda del tipo di maschera utilizzata;<\/li>\n<li>Possibile sviluppo di <strong>lesioni cutanee sul viso, dermatiti irritative<\/strong> o peggioramento dell&#8217;acne se le maschere vengono utilizzate frequentemente per molte ore; <span class=\"footnote_referrer\"><a role=\"button\" tabindex=\"0\" onclick=\"footnote_moveToReference_34370_1('footnote_plugin_reference_34370_1_9');\" onkeypress=\"footnote_moveToReference_34370_1('footnote_plugin_reference_34370_1_9');\" ><sup id=\"footnote_plugin_tooltip_34370_1_9\" class=\"footnote_plugin_tooltip_text\">9)<\/sup><\/a><span id=\"footnote_plugin_tooltip_text_34370_1_9\" class=\"footnote_tooltip\">Al Badri F. Maschera chirurgica dermatite da contatto ed epidemiologia della dermatite da contatto negli operatori sanitari. (&#8220;Dermatite da contatto con maschera chirurgica ed epidemiologia della dermatite da contatto negli operatori sanitari.&#8221;) Current Allergy &amp; Clinical Immunology, 30.3: 183-188. 2017.<\/span><\/span><script type=\"text\/javascript\"> jQuery('#footnote_plugin_tooltip_34370_1_9').tooltip({ tip: '#footnote_plugin_tooltip_text_34370_1_9', tipClass: 'footnote_tooltip', effect: 'fade', predelay: 0, fadeInSpeed: 200, delay: 400, fadeOutSpeed: 200, position: 'top right', relative: true, offset: [10, 10], });<\/script><\/li>\n<li><strong>Difficolt\u00e0 a comunicare chiaramente;<\/strong><\/li>\n<li>Possibile <strong>malessere<\/strong>; <span class=\"footnote_referrer\"><a role=\"button\" tabindex=\"0\" onclick=\"footnote_moveToReference_34370_1('footnote_plugin_reference_34370_1_10');\" onkeypress=\"footnote_moveToReference_34370_1('footnote_plugin_reference_34370_1_10');\" ><sup id=\"footnote_plugin_tooltip_34370_1_10\" class=\"footnote_plugin_tooltip_text\">10)<\/sup><\/a><span id=\"footnote_plugin_tooltip_text_34370_1_10\" class=\"footnote_tooltip\">Jefferson, T., Jones, M., Al Ansari, L.A., Bawazeer, G., Beller, E., Clark, et al., 2020. Interventi fisici per interrompere o ridurre la diffusione dei virus respiratori. Parte 1 &#8211; Maschere per il viso, protezione degli occhi e allontanamento delle persone: revisione sistematica e meta-analisi. (&#8220;Interventi fisici per interrompere o ridurre la diffusione di virus respiratori. Parte 1 &#8211; Maschere per il viso, protezione per gli occhi e mantenere le distanze: revisione sistematica e meta-analisi.&#8221;) MedRxiv. [Prestampa]. (<a href=\"https:\/\/www.medrxiv.org\/content\/10.1101\/2020.03.30.20047217v2\" target=\"_blank\" rel=\"noopener noreferrer\"><span class=\"footnote_url_wrap\">https:\/\/www.medrxiv.org\/content\/10.1101\/2020.03.30.20047217v2<\/span><\/a>, accesso 4 giugno 2020<\/span><\/span><script type=\"text\/javascript\"> jQuery('#footnote_plugin_tooltip_34370_1_10').tooltip({ tip: '#footnote_plugin_tooltip_text_34370_1_10', tipClass: 'footnote_tooltip', effect: 'fade', predelay: 0, fadeInSpeed: 200, delay: 400, fadeOutSpeed: 200, position: 'top right', relative: true, offset: [10, 10], });<\/script> <span class=\"footnote_referrer\"><a role=\"button\" tabindex=\"0\" onclick=\"footnote_moveToReference_34370_1('footnote_plugin_reference_34370_1_11');\" onkeypress=\"footnote_moveToReference_34370_1('footnote_plugin_reference_34370_1_11');\" ><sup id=\"footnote_plugin_tooltip_34370_1_11\" class=\"footnote_plugin_tooltip_text\">11)<\/sup><\/a><span id=\"footnote_plugin_tooltip_text_34370_1_11\" class=\"footnote_tooltip\">Matusiak L, Szepietowska M, Krajewski P, Bialynicki-Birula R, Szepietowski JC. Inconvenienti dovuti all&#8217;uso di maschere facciali durante la pandemia COVID-19: uno studio condotto su 876 giovani. (&#8220;Disagio derivante dall&#8217;uso di maschere facciali durante la pandemia COVID-19: un&#8217;indagine su 876 giovani.&#8221;) <em>Dermatol Ther.<\/em> 2020.<\/span><\/span><script type=\"text\/javascript\"> jQuery('#footnote_plugin_tooltip_34370_1_11').tooltip({ tip: '#footnote_plugin_tooltip_text_34370_1_11', tipClass: 'footnote_tooltip', effect: 'fade', predelay: 0, fadeInSpeed: 200, delay: 400, fadeOutSpeed: 200, position: 'top right', relative: true, offset: [10, 10], });<\/script><\/li>\n<li><strong>Un falso senso di sicurezza<\/strong> che porta a un rispetto potenzialmente minore di altre misure preventive critiche come l&#8217;allontanamento fisico e l&#8217;igiene delle mani<\/li>\n<li>Scarsa obbedienza all&#8217;uso della maschera, soprattutto nei bambini piccoli;<\/li>\n<li>Aspetto dello <strong>smaltimento dei rifiuti<\/strong>; lo smaltimento improprio delle maschere porta ad un aumento dei rifiuti nei luoghi pubblici, rischio di contaminazione degli operatori dell\u2019ambiente e pericolo per l&#8217;ambiente stesso;<\/li>\n<li><strong>Difficolt\u00e0 di comunicazione per le persone sorde<\/strong> che si affidano alla lettura labiale;<\/li>\n<li><strong>Svantaggi o difficolt\u00e0 nell&#8217;indossare maschere<\/strong>, soprattutto per bambini, persone con disturbi dello sviluppo, persone con malattie mentali, anziani con disturbi cognitivi, persone con asma o problemi respiratori semplici o respiratori cronici, persone che hanno subito un trauma facciale o che hanno avuto recentemente un intervento chirurgico alla bocca, alla mascella o al viso, e persone che vivono in zone calde e umide &#8220;. <sup>[par. 2, p.8] <\/sup><\/li>\n<\/ul>\n<p><sup><br \/>\n<\/sup>L&#8217;unico potenziale beneficio medico elencato dall&#8217;OMS, derivante dall&#8217;uso di maschere da parte di persone sane in pubblico, \u00e8 il <em>&#8220;ridotto rischio potenziale di esposizione a persone infette prima che sviluppino sintomi&#8221;. <\/em><sup>[2, p.7]<\/sup><em>.&nbsp;<\/em>Questa frase \u00e8 formulata con molta prudenza. L&#8217;esposizione potenziale non significa l&#8217;esposizione effettiva. Come fai a sapere che qualcuno ha il SARS-CoV-2 prima che i sintomi siano presenti? La conclusione intenzionale \u00e8 che le persone dovrebbero sempre indossare una maschera per paura che la persona seduta accanto a loro, ad esempio su un treno, abbia il SARS-CoV-2 anche se non mostra alcun sintomo.<\/p>\n<p><img loading=\"lazy\" decoding=\"async\" class=\"size-medium wp-image-34124 alignleft\" src=\"https:\/\/www.naturalscience.org\/wp-content\/uploads\/2020\/12\/AdobeStock_330696585-300x200.jpeg\" alt=\"\" width=\"300\" height=\"200\" srcset=\"https:\/\/www.naturalscience.org\/wp-content\/uploads\/2020\/12\/AdobeStock_330696585-300x200.jpeg 300w, https:\/\/www.naturalscience.org\/wp-content\/uploads\/2020\/12\/AdobeStock_330696585-1024x683.jpeg 1024w, https:\/\/www.naturalscience.org\/wp-content\/uploads\/2020\/12\/AdobeStock_330696585-768x512.jpeg 768w, https:\/\/www.naturalscience.org\/wp-content\/uploads\/2020\/12\/AdobeStock_330696585-1536x1024.jpeg 1536w, https:\/\/www.naturalscience.org\/wp-content\/uploads\/2020\/12\/AdobeStock_330696585-2048x1365.jpeg 2048w, https:\/\/www.naturalscience.org\/wp-content\/uploads\/2020\/12\/AdobeStock_330696585-164x109.jpeg 164w, https:\/\/www.naturalscience.org\/wp-content\/uploads\/2020\/12\/AdobeStock_330696585-400x267.jpeg 400w, https:\/\/www.naturalscience.org\/wp-content\/uploads\/2020\/12\/AdobeStock_330696585-500x333.jpeg 500w\" sizes=\"auto, (max-width: 300px) 100vw, 300px\" \/><\/p>\n<p><strong>L&#8217;effettiva prova documentata che le persone asintomatiche (quelle che non mostrano sintomi) diffondano il coronavirus \u00e8 praticamente inesistente.<\/strong><\/p>\n<p>Uno studio pubblicato su <em>Respiratory Medicine <\/em><span class=\"footnote_referrer\"><a role=\"button\" tabindex=\"0\" onclick=\"footnote_moveToReference_34370_1('footnote_plugin_reference_34370_1_12');\" onkeypress=\"footnote_moveToReference_34370_1('footnote_plugin_reference_34370_1_12');\" ><sup id=\"footnote_plugin_tooltip_34370_1_12\" class=\"footnote_plugin_tooltip_text\">12)<\/sup><\/a><span id=\"footnote_plugin_tooltip_text_34370_1_12\" class=\"footnote_tooltip\">M. Gao et al. 2020. Uno studio sull&#8217;infettivit\u00e0 dei portatori asintomatici SARS-CoV-2 (&#8220;Uno studio sull&#8217;infettivit\u00e0 dei portatori asintomatici SARS-CoV-2&#8221;), Respir Med. Agosto 2020; 169: 106026 <a href=\"https:\/\/www.ncbi.nlm.nih.gov\/pmc\/articles\/PMC7219423\/\" target=\"_blank\" rel=\"noopener noreferrer\"><span class=\"footnote_url_wrap\">https:\/\/www.ncbi.nlm.nih.gov\/pmc\/articles\/PMC7219423\/<\/span><\/a><\/span><\/span><script type=\"text\/javascript\"> jQuery('#footnote_plugin_tooltip_34370_1_12').tooltip({ tip: '#footnote_plugin_tooltip_text_34370_1_12', tipClass: 'footnote_tooltip', effect: 'fade', predelay: 0, fadeInSpeed: 200, delay: 400, fadeOutSpeed: 200, position: 'top right', relative: true, offset: [10, 10], });<\/script> con 455 portatori asintomatici di SARS-CoV-2 isolati per 4-5 giorni, ha rilevato l&#8217;assenza di infettivit\u00e0 tra i membri della famiglia o tra il personale medico. La relazione conclude:<\/p>\n<p><em>\u201cConcludiamo che la contagiosita&#8217; di alcuni portatori asintomatici di SARS-CoV-2 potrebbe essere debole. Questa consapevolezza implica che non \u00e8 necessario preoccuparsi eccessivamente dei pazienti asintomatici o dei pazienti con sintomi lievi durante la pandemia COVID-19 in corso&#8221;. <\/em><span class=\"footnote_referrer\"><a role=\"button\" tabindex=\"0\" onclick=\"footnote_moveToReference_34370_1('footnote_plugin_reference_34370_1_13');\" onkeypress=\"footnote_moveToReference_34370_1('footnote_plugin_reference_34370_1_13');\" ><sup id=\"footnote_plugin_tooltip_34370_1_13\" class=\"footnote_plugin_tooltip_text\">13)<\/sup><\/a><span id=\"footnote_plugin_tooltip_text_34370_1_13\" class=\"footnote_tooltip\">M. Gao et al. 2020. Uno studio sull&#8217;infettivit\u00e0 dei portatori asintomatici SARS-CoV-2 (&#8220;Uno studio sull&#8217;infettivit\u00e0 dei portatori asintomatici SARS-CoV-2&#8221;), Respir Med. Agosto 2020; 169: 106026 <a href=\"https:\/\/www.ncbi.nlm.nih.gov\/pmc\/articles\/PMC7219423\/\" target=\"_blank\" rel=\"noopener noreferrer\"><span class=\"footnote_url_wrap\">https:\/\/www.ncbi.nlm.nih.gov\/pmc\/articles\/PMC7219423\/<\/span><\/a><\/span><\/span><script type=\"text\/javascript\"> jQuery('#footnote_plugin_tooltip_34370_1_13').tooltip({ tip: '#footnote_plugin_tooltip_text_34370_1_13', tipClass: 'footnote_tooltip', effect: 'fade', predelay: 0, fadeInSpeed: 200, delay: 400, fadeOutSpeed: 200, position: 'top right', relative: true, offset: [10, 10], });<\/script><\/p>\n<p>Un altro studio ha rilevato che la trasmissione si \u00e8 verificata nel 10% dei casi tra le mura domestiche, ma i casi secondari erano pi\u00f9 lievi dei primari (cio\u00e8 i portatori non erano asintomatici) <span class=\"footnote_referrer\"><a role=\"button\" tabindex=\"0\" onclick=\"footnote_moveToReference_34370_1('footnote_plugin_reference_34370_1_14');\" onkeypress=\"footnote_moveToReference_34370_1('footnote_plugin_reference_34370_1_14');\" ><sup id=\"footnote_plugin_tooltip_34370_1_14\" class=\"footnote_plugin_tooltip_text\">14)<\/sup><\/a><span id=\"footnote_plugin_tooltip_text_34370_1_14\" class=\"footnote_tooltip\">L. Luo et al. (2020) Modalit\u00e0 di contatto e rischio di trasmissione in COVID-19 tra contatti stretti (&#8220;Tipi di contatto e rischio di trasmissione di COVID-19 in contatti stretti&#8221;), medRxiv, doi: <a href=\"https:\/\/doi.org\/10.1101\/2020.03.24.20042606\" target=\"_blank\" rel=\"noopener noreferrer\"><span class=\"footnote_url_wrap\">https:\/\/doi.org\/10.1101\/2020.03.24.20042606<\/span><\/a> (preprint) <\/span><\/span><script type=\"text\/javascript\"> jQuery('#footnote_plugin_tooltip_34370_1_14').tooltip({ tip: '#footnote_plugin_tooltip_text_34370_1_14', tipClass: 'footnote_tooltip', effect: 'fade', predelay: 0, fadeInSpeed: 200, delay: 400, fadeOutSpeed: 200, position: 'top right', relative: true, offset: [10, 10], });<\/script>. Uno studio in Corea del Sud riporta di un gruppo di 97 persone infette che non avevano riscontrato alcuna trasmissione secondaria con esami di follow-up con tracciamento dei contatti di 17 famiglie, <span class=\"footnote_referrer\"><a role=\"button\" tabindex=\"0\" onclick=\"footnote_moveToReference_34370_1('footnote_plugin_reference_34370_1_15');\" onkeypress=\"footnote_moveToReference_34370_1('footnote_plugin_reference_34370_1_15');\" ><sup id=\"footnote_plugin_tooltip_34370_1_15\" class=\"footnote_plugin_tooltip_text\">15)<\/sup><\/a><span id=\"footnote_plugin_tooltip_text_34370_1_15\" class=\"footnote_tooltip\">Park S, Kim Y, Yi S, Lee S, Na B, Kim C, et al. Epidemia di malattia da Coronavirus nel Call Center, Corea del Sud. (&#8220;Focolaio di malattia da Coronavirus nel call center della Corea del Sud.&#8221;) Emerg Infect Dis. 2020; 26 (8): 1666-1670. <a href=\"https:\/\/dx.doi.org\/10.3201\/eid2608.201274\" target=\"_blank\" rel=\"noopener noreferrer\"><span class=\"footnote_url_wrap\">https:\/\/dx.doi.org\/10.3201\/eid2608.201274<\/span><\/a><\/span><\/span><script type=\"text\/javascript\"> jQuery('#footnote_plugin_tooltip_34370_1_15').tooltip({ tip: '#footnote_plugin_tooltip_text_34370_1_15', tipClass: 'footnote_tooltip', effect: 'fade', predelay: 0, fadeInSpeed: 200, delay: 400, fadeOutSpeed: 200, position: 'top right', relative: true, offset: [10, 10], });<\/script>. Una meta-analisi di quattro studi pubblicati ha rilevato che il tasso di infezione nelle persone asintomatiche era compreso tra lo 0 e il 2,2%. Le velocit\u00e0 di trasmissione sintomatica erano comprese tra 1 e 15% circa<span class=\"footnote_referrer\"><a role=\"button\" tabindex=\"0\" onclick=\"footnote_moveToReference_34370_1('footnote_plugin_reference_34370_1_16');\" onkeypress=\"footnote_moveToReference_34370_1('footnote_plugin_reference_34370_1_16');\" ><sup id=\"footnote_plugin_tooltip_34370_1_16\" class=\"footnote_plugin_tooltip_text\">16)<\/sup><\/a><span id=\"footnote_plugin_tooltip_text_34370_1_16\" class=\"footnote_tooltip\">O. Byambasuren et al. (2020) Stima dell&#8217;estensione del COVID-19 asintomatico e del suo potenziale di trasmissione comunitaria: revisione sistematica e meta-analisi (&#8220;Valutazione della diffusione del COVID-19 asintomatico e il suo potenziale di trasmissione pubblica: panoramica sistematica e meta-analisi&#8221;) , medRxiv doi: <a href=\"https:\/\/doi.org\/10.1101\/2020.05.10.20097543\" target=\"_blank\" rel=\"noopener noreferrer\"><span class=\"footnote_url_wrap\">https:\/\/doi.org\/10.1101\/2020.05.10.20097543<\/span><\/a><\/span><\/span><script type=\"text\/javascript\"> jQuery('#footnote_plugin_tooltip_34370_1_16').tooltip({ tip: '#footnote_plugin_tooltip_text_34370_1_16', tipClass: 'footnote_tooltip', effect: 'fade', predelay: 0, fadeInSpeed: 200, delay: 400, fadeOutSpeed: 200, position: 'top right', relative: true, offset: [10, 10], });<\/script>. Questa \u00e8 una chiara indicazione che<strong> \u00e8 estremamente improbabile che le persone che sono sane e che non mostrano alcun segno esteriore di SARS-CoV-2 diffondano il virus.<\/strong><\/p>\n<p>Indossare una maschera per il viso significa che <strong>le persone sane dovrebbero indossarne una solo se qualcuno non ha solo sintomi leggeri di SARS-CoV-2.<\/strong> Le persone che sono note per avere condizioni preesistenti, come un cancro irrecuperabile o una malattia cronica, dovrebbero indossare una maschera quando si trovano vicino a persone che hanno sintomi di SARS-CoV-2. Tuttavia, questa non dovrebbe essere una misura a lungo termine, poich\u00e9 la mancanza di ossigeno nell&#8217;indossare una maschera pu\u00f2 avere un impatto negativo sul corpo della persona.<\/p>\n<p>Come sottolinea l&#8217;OMS, indossare una maschera facciale pu\u00f2 portare a difficolt\u00e0 respiratorie. <strong>Ci\u00f2 include l&#8217;ipossia, in cui il corpo non \u00e8 adeguatamente rifornito di ossigeno. La mancanza di ossigeno pu\u00f2 portare al cancro e ad altre malattie croniche.<\/strong> Se ne soffri, \u00e8 importante che nel tuo sistema respiratorio arrivi quanto pi\u00f9 ossigeno possibile. <span class=\"footnote_referrer\"><a role=\"button\" tabindex=\"0\" onclick=\"footnote_moveToReference_34370_1('footnote_plugin_reference_34370_1_17');\" onkeypress=\"footnote_moveToReference_34370_1('footnote_plugin_reference_34370_1_17');\" ><sup id=\"footnote_plugin_tooltip_34370_1_17\" class=\"footnote_plugin_tooltip_text\">17)<\/sup><\/a><span id=\"footnote_plugin_tooltip_text_34370_1_17\" class=\"footnote_tooltip\">Toru Abo, The Only Two Causes of All Diseases, Babel Corporation (8 aprile 2013<\/span><\/span><script type=\"text\/javascript\"> jQuery('#footnote_plugin_tooltip_34370_1_17').tooltip({ tip: '#footnote_plugin_tooltip_text_34370_1_17', tipClass: 'footnote_tooltip', effect: 'fade', predelay: 0, fadeInSpeed: 200, delay: 400, fadeOutSpeed: 200, position: 'top right', relative: true, offset: [10, 10], });<\/script>) Gli asmatici sarebbero negativamente influenzati dall&#8217;indossare una maschera facciale<span class=\"footnote_referrer\"><a role=\"button\" tabindex=\"0\" onclick=\"footnote_moveToReference_34370_1('footnote_plugin_reference_34370_1_18');\" onkeypress=\"footnote_moveToReference_34370_1('footnote_plugin_reference_34370_1_18');\" ><sup id=\"footnote_plugin_tooltip_34370_1_18\" class=\"footnote_plugin_tooltip_text\">18)<\/sup><\/a><span id=\"footnote_plugin_tooltip_text_34370_1_18\" class=\"footnote_tooltip\">AAdebayo Folorunsho-Francis (17 maggio 2020), Indossare maschere facciali espone gli asmatici all&#8217;ipossia &#8211; Medici (&#8220;Indossare maschere facciali espone gli asmatici all&#8217;ipossia &#8211; Medici&#8221;), <em>The Punch<\/em> <a href=\"https:\/\/www.msn.com\/en-xl\/news\/other\/wearing-face-masks-exposes-asthmatics-to-hypoxia-physicians\/ar-BB14bVrt\" target=\"_blank\" rel=\"noopener noreferrer\"><span class=\"footnote_url_wrap\">https:\/\/www.msn.com\/en-xl\/news\/other\/wearing-face-masks-exposes-asthmatics-to-hypoxia-physicians\/ar-BB14bVrt<\/span><\/a><\/span><\/span><script type=\"text\/javascript\"> jQuery('#footnote_plugin_tooltip_34370_1_18').tooltip({ tip: '#footnote_plugin_tooltip_text_34370_1_18', tipClass: 'footnote_tooltip', effect: 'fade', predelay: 0, fadeInSpeed: 200, delay: 400, fadeOutSpeed: 200, position: 'top right', relative: true, offset: [10, 10], });<\/script>, come ha sottolineato l&#8217;OMS. <strong>C&#8217;\u00e8 anche il rischio di ipercapnia, ossia quando c&#8217;\u00e8 troppa anidride carbonica nel sangue.<\/strong> Le maschere per il viso possono causare ipercapnia intrappolando l&#8217;anidride carbonica esalata tra il viso e la maschera. L&#8217;inalazione potrebbe portare ad un aumento dei valori di CO2. Ci\u00f2 pu\u00f2 causare sonnolenza, vertigini, stanchezza e mal di testa. <span class=\"footnote_referrer\"><a role=\"button\" tabindex=\"0\" onclick=\"footnote_moveToReference_34370_1('footnote_plugin_reference_34370_1_19');\" onkeypress=\"footnote_moveToReference_34370_1('footnote_plugin_reference_34370_1_19');\" ><sup id=\"footnote_plugin_tooltip_34370_1_19\" class=\"footnote_plugin_tooltip_text\">19)<\/sup><\/a><span id=\"footnote_plugin_tooltip_text_34370_1_19\" class=\"footnote_tooltip\">Matuschek C. et al (2020) Maschere per il viso: vantaggi e rischi durante la crisi COVID-19 (&#8220;Maschere per il viso: vantaggi e rischi durante la crisi COVID-19&#8221;), European Journal of Medical Research 25 (32), <a href=\"https:\/\/link.springer.com\/article\/10.1186\/s40001-020-00430-5\" target=\"_blank\" rel=\"noopener noreferrer\"><span class=\"footnote_url_wrap\">https:\/\/link.springer.com\/article\/10.1186\/s40001-020-00430-5<\/span><\/a>. L&#8217;evidenza sull&#8217;ipercapnia \u00e8 debole, soprattutto a partire dal COVID-19, a meno che non si abbia un problema polmonare come la broncopneumopatia cronica ostruttiva (COPD). Indossare una maschera per la BPCO pu\u00f2 portare a ipercapnia.<\/span><\/span><script type=\"text\/javascript\"> jQuery('#footnote_plugin_tooltip_34370_1_19').tooltip({ tip: '#footnote_plugin_tooltip_text_34370_1_19', tipClass: 'footnote_tooltip', effect: 'fade', predelay: 0, fadeInSpeed: 200, delay: 400, fadeOutSpeed: 200, position: 'top right', relative: true, offset: [10, 10], });<\/script><\/p>\n<p>Indossare maschere per il viso troppo spesso pu\u00f2 avere effetti negativi sulla salute.<strong> Ci sono poche prove convincenti che le maschere facciali forniscano una protezione significativa al SARS-CoV-2, tranne che vicino a quelle persone con sintomi moderati o gravi. Solo maschere mediche di alta qualit\u00e0 funzioneranno in questo caso, e solo per un breve periodo.<\/strong> Le maschere per il viso fatte in casa non forniscono protezione. Cio\u2019 \u00e8 paragonabile al tentativo di impedire che un granello di sabbia (molecola SARS-CoV-2) cada attraverso una grata a rete (maschera autoprodotta).<\/p>\n<p><img loading=\"lazy\" decoding=\"async\" class=\"size-medium wp-image-34125 alignright\" src=\"https:\/\/www.naturalscience.org\/wp-content\/uploads\/2020\/12\/AdobeStock_377345154-200x300.jpeg\" alt=\"\" width=\"200\" height=\"300\" srcset=\"https:\/\/www.naturalscience.org\/wp-content\/uploads\/2020\/12\/AdobeStock_377345154-200x300.jpeg 200w, https:\/\/www.naturalscience.org\/wp-content\/uploads\/2020\/12\/AdobeStock_377345154-683x1024.jpeg 683w, https:\/\/www.naturalscience.org\/wp-content\/uploads\/2020\/12\/AdobeStock_377345154-768x1152.jpeg 768w, https:\/\/www.naturalscience.org\/wp-content\/uploads\/2020\/12\/AdobeStock_377345154-1024x1536.jpeg 1024w, https:\/\/www.naturalscience.org\/wp-content\/uploads\/2020\/12\/AdobeStock_377345154-1365x2048.jpeg 1365w, https:\/\/www.naturalscience.org\/wp-content\/uploads\/2020\/12\/AdobeStock_377345154-109x164.jpeg 109w, https:\/\/www.naturalscience.org\/wp-content\/uploads\/2020\/12\/AdobeStock_377345154-267x400.jpeg 267w, https:\/\/www.naturalscience.org\/wp-content\/uploads\/2020\/12\/AdobeStock_377345154-333x500.jpeg 333w, https:\/\/www.naturalscience.org\/wp-content\/uploads\/2020\/12\/AdobeStock_377345154-scaled.jpeg 1707w\" sizes=\"auto, (max-width: 200px) 100vw, 200px\" \/><\/p>\n<p><strong>Gli effetti psicologici di indossare una maschera per il viso sono negativi.<\/strong> Principalmente, almeno nel mondo occidentale, le maschere per il viso sono state associate ad attivit\u00e0 sospette. Noi consideriamo le persone che si coprono il viso come quelle che hanno qualcosa da nascondere. Nel frattempo la nostra visione delle maschere per il viso \u00e8 cambiata. Pi\u00f9 comuni sono ora i <strong>problemi di comunicazione<\/strong>. Le persone fanno affidamento al riconoscimento dell&#8217;espressione dei volti, il che significa essere in grado di vedere l&#8217;intero viso. Coloro che si affidano alla lettura labiale si sentono come se non fossero pi\u00f9 in grado di comunicare con le persone. <strong>Gli effetti sui bambini sono scioccanti<\/strong>. In molti paesi, i bambini sono costretti a indossare maschere per il viso, anche quando seguono l&#8217;educazione fisica o cantano. <strong>Ma tutte le statistiche mostrano che i bambini sono di gran lunga il gruppo con la pi\u00f9 bassa probabilit\u00e0 di contrarre, ammalarsi o trasmettere il COVID-19.<\/strong> Indossare maschere per il viso in tali circostanze \u00e8 molto crudele. Nessun dato medico supporta questo approccio draconiano. Respirare attraverso una maschera facciale pu\u00f2 essere percepito come una pesante incombenza. Questo perch\u00e9 tendiamo a respirare attraverso la bocca aperta e usiamo solo i muscoli della parte superiore del torace. Questo \u00e8 altamente inefficiente e pu\u00f2 portare ad ansia e stress. <span class=\"footnote_referrer\"><a role=\"button\" tabindex=\"0\" onclick=\"footnote_moveToReference_34370_1('footnote_plugin_reference_34370_1_20');\" onkeypress=\"footnote_moveToReference_34370_1('footnote_plugin_reference_34370_1_20');\" ><sup id=\"footnote_plugin_tooltip_34370_1_20\" class=\"footnote_plugin_tooltip_text\">20)<\/sup><\/a><span id=\"footnote_plugin_tooltip_text_34370_1_20\" class=\"footnote_tooltip\">Bambini del Minnesota, Suggerimenti per respirare e consapevolezza mentre si indossa una maschera, <a href=\"https:\/\/www.childrensmn.org\/2020\/07\/15\/breathing-tips-while-wearing-mask\/\" target=\"_blank\" rel=\"noopener noreferrer\"><span class=\"footnote_url_wrap\">https:\/\/www.childrensmn.org\/2020\/07\/15\/breathing-tips-while-wearing-mask\/<\/span><\/a><\/span><\/span><script type=\"text\/javascript\"> jQuery('#footnote_plugin_tooltip_34370_1_20').tooltip({ tip: '#footnote_plugin_tooltip_text_34370_1_20', tipClass: 'footnote_tooltip', effect: 'fade', predelay: 0, fadeInSpeed: 200, delay: 400, fadeOutSpeed: 200, position: 'top right', relative: true, offset: [10, 10], });<\/script> La respirazione con la bocca pu\u00f2 influire negativamente sulla crescita del viso nei bambini, causando deformit\u00e0 facciali, problemi di sonno, effetti negativi sul rendimento scolastico e disturbi comportamentali<span class=\"footnote_referrer\"><a role=\"button\" tabindex=\"0\" onclick=\"footnote_moveToReference_34370_1('footnote_plugin_reference_34370_1_21');\" onkeypress=\"footnote_moveToReference_34370_1('footnote_plugin_reference_34370_1_21');\" ><sup id=\"footnote_plugin_tooltip_34370_1_21\" class=\"footnote_plugin_tooltip_text\">21)<\/sup><\/a><span id=\"footnote_plugin_tooltip_text_34370_1_21\" class=\"footnote_tooltip\">Jefferson, Y. (2010), Respirazione con la bocca: effetti negativi sulla crescita del viso, salute, accademici e comportamento (&#8220;Respirazione con la bocca: effetti negativi sulla crescita del viso, salute, rendimento scolastico e comportamento&#8221;), Gen Dent, Jan -Feb 2010 58 (1): 18-25; quiz 26-7, 79-80.<\/span><\/span><script type=\"text\/javascript\"> jQuery('#footnote_plugin_tooltip_34370_1_21').tooltip({ tip: '#footnote_plugin_tooltip_text_34370_1_21', tipClass: 'footnote_tooltip', effect: 'fade', predelay: 0, fadeInSpeed: 200, delay: 400, fadeOutSpeed: 200, position: 'top right', relative: true, offset: [10, 10], });<\/script>.<\/p>\n<p>In uno studio in lingua tedesca con oltre 1000 partecipanti, sugli effetti psicologici di indossare coperture per il viso, \u00e8 stato rilevato: &#8220;Il fatto che<strong> circa il 60% delle persone che si sentono chiaramente disturbate dalle prescrizioni, sperimentano gi\u00e0 gravi conseguenze (psicosociali)<\/strong> come una notevolmente ridotta partecipazione alla vita sociale, a causa dell&#8217;avversione agli sforzi di elusione dell&#8217;MNS, il ritiro sociale, la riduzione della cura di s\u00e9 per la salute (incluso l&#8217;evitare appuntamenti dal medico) o l&#8217;intensificazione di problemi di salute preesistenti (disturbi da stress post-traumatico, herpes, emicrania), ha superato tutte le aspettative dell&#8217;esaminatore. &#8221;&nbsp;: \u201cIl grado di stress provato quando si indossa l&#8217;MNS, apre la strada allo sviluppo \/ intensificazione di un&#8217;aggressivit\u00e0 interiore, per molti misurata dalle reazioni di stress psico-vegetativo e dai traumi postumi, che \u00e8 altamente rilevante per la salute (e per quanto riguarda l&#8217;aggressivit\u00e0 anche socialmente). Attraverso una compromissione del proprio &#8220;Io&#8221; e del proprio corpo, apre anche indirettamente (negli altri) <strong>un&#8217;esperienza auto-depressiva<\/strong> &#8220;. L&#8217;autore dello studio descrive anche uno stato psicologicamente degenerativo:&#8221; Ci\u00f2 significa che una grande percentuale di coloro che sono esposti, sono facilmente traumatizzabili&#8221;.<span class=\"footnote_referrer\"><a role=\"button\" tabindex=\"0\" onclick=\"footnote_moveToReference_34370_1('footnote_plugin_reference_34370_1_22');\" onkeypress=\"footnote_moveToReference_34370_1('footnote_plugin_reference_34370_1_22');\" ><sup id=\"footnote_plugin_tooltip_34370_1_22\" class=\"footnote_plugin_tooltip_text\">22)<\/sup><\/a><span id=\"footnote_plugin_tooltip_text_34370_1_22\" class=\"footnote_tooltip\">Prousa, D. (2020). Studio sui disturbi psicologici e psico-vegetativi con le attuali normative di protezione della bocca e del naso. (&#8220;Studio sui disturbi psicologici e psico-vegetativi in&nbsp;??base alle attuali normative sulla protezione della bocca e del naso.&#8221;) PsychArchives. <a href=\"https:\/\/doi.org\/10.23668\/PSYCHARCHIVES.3135\" target=\"_blank\" rel=\"noopener noreferrer\"><span class=\"footnote_url_wrap\">https:\/\/doi.org\/10.23668\/PSYCHARCHIVES.3135<\/span><\/a><\/span><\/span><script type=\"text\/javascript\"> jQuery('#footnote_plugin_tooltip_34370_1_22').tooltip({ tip: '#footnote_plugin_tooltip_text_34370_1_22', tipClass: 'footnote_tooltip', effect: 'fade', predelay: 0, fadeInSpeed: 200, delay: 400, fadeOutSpeed: 200, position: 'top right', relative: true, offset: [10, 10], });<\/script><\/p>\n<p>Questo studio conferma i risultati di una dissertazione del 1999 che ha rilevato che <strong>&#8220;una maschera pu\u00f2 ridurre significativamente la sensazione di identificabilit\u00e0 di chi la indossa<\/strong>, e che pu\u00f2 anche ridurre significativamente l&#8217;auto-percezione pubblica di chi la indossa a seguito di cambiamenti nel centro dell&#8217;attenzione&#8221;. Ci\u00f2 era particolarmente vero in situazioni specifiche in cui chi la indossava &#8220;voleva comportarsi in un certo modo&#8221;. <span class=\"footnote_referrer\"><a role=\"button\" tabindex=\"0\" onclick=\"footnote_moveToReference_34370_1('footnote_plugin_reference_34370_1_23');\" onkeypress=\"footnote_moveToReference_34370_1('footnote_plugin_reference_34370_1_23');\" ><sup id=\"footnote_plugin_tooltip_34370_1_23\" class=\"footnote_plugin_tooltip_text\">23)<\/sup><\/a><span id=\"footnote_plugin_tooltip_text_34370_1_23\" class=\"footnote_tooltip\">M. Cooper (1999), AN EMPIRICAL AND THEORETICAL INVESTIGATION INTO PSICOLOGICAL EFFECTS OF WEARING A MASK, Dissertation <a href=\"https:\/\/strathprints.strath.ac.uk\/43402\/1\/1999_PhD_thesis_public.pdf\" target=\"_blank\" rel=\"noopener noreferrer\"><span class=\"footnote_url_wrap\">https:\/\/strathprints.strath.ac.uk\/43402\/1\/1999_PhD_thesis_public.pdf<\/span><\/a><\/span><\/span><script type=\"text\/javascript\"> jQuery('#footnote_plugin_tooltip_34370_1_23').tooltip({ tip: '#footnote_plugin_tooltip_text_34370_1_23', tipClass: 'footnote_tooltip', effect: 'fade', predelay: 0, fadeInSpeed: 200, delay: 400, fadeOutSpeed: 200, position: 'top right', relative: true, offset: [10, 10], });<\/script> Ad esempio, indossare una maschera facciale pu\u00f2 limitare la nostra capacit\u00e0 di comunicare e \u201cleggere\u201d le emozioni. Uno studio del 2020 ha rilevato che: \u201ci partecipanti erano meno consapevoli delle emozioni e meno propensi a fidarsi delle proprie valutazioni. \u00c8 particolarmente interessante in questo contesto che ci fossero interpretazioni errate, caratteristiche delle emozioni individuali &#8220;. Ad esempio, i partecipanti hanno valutato un&#8217;espressione facciale chiaramente disgustata di chi indossa una maschera come&#8221; arrabbiata &#8220;. Alcune emozioni, come felicit\u00e0, tristezza e rabbia, sono state considerate neutre da loro.<strong> &#8220;Lo stato emotivo non era quindi pi\u00f9 percepito&#8221;. <\/strong><span class=\"footnote_referrer\"><a role=\"button\" tabindex=\"0\" onclick=\"footnote_moveToReference_34370_1('footnote_plugin_reference_34370_1_24');\" onkeypress=\"footnote_moveToReference_34370_1('footnote_plugin_reference_34370_1_24');\" ><sup id=\"footnote_plugin_tooltip_34370_1_24\" class=\"footnote_plugin_tooltip_text\">24)<\/sup><\/a><span id=\"footnote_plugin_tooltip_text_34370_1_24\" class=\"footnote_tooltip\">Carbon, C-C. (2020), Indossare maschere per il viso confonde fortemente le controparti nella lettura delle emozioni, PsyArXiv Preprints <a href=\"https:\/\/psyarxiv.com\/x3uh6\/\" target=\"_blank\" rel=\"noopener noreferrer\"><span class=\"footnote_url_wrap\">https:\/\/psyarxiv.com\/x3uh6\/<\/span><\/a><\/span><\/span><script type=\"text\/javascript\"> jQuery('#footnote_plugin_tooltip_34370_1_24').tooltip({ tip: '#footnote_plugin_tooltip_text_34370_1_24', tipClass: 'footnote_tooltip', effect: 'fade', predelay: 0, fadeInSpeed: 200, delay: 400, fadeOutSpeed: 200, position: 'top right', relative: true, offset: [10, 10], });<\/script> Le maschere per il viso ci privano di ci\u00f2 che significa essere umani.<\/p>\n<p><strong>Non ci sono praticamente prove a favore di indossare maschere per il viso.<\/strong> Uno studio del 2012, che ha eseguito una meta-analisi di 17 studi sull&#8217;uso di maschere per proteggersi dall&#8217;influenza, ha rilevato che<strong> &#8220;nessuno degli studi ha stabilito<\/strong> <strong>un&#8217;associazione certa tra l&#8217;uso di maschera \/ filtro respiratorio e la protezione contro le infezioni influenzali &#8220;. <\/strong><span class=\"footnote_referrer\"><a role=\"button\" tabindex=\"0\" onclick=\"footnote_moveToReference_34370_1('footnote_plugin_reference_34370_1_25');\" onkeypress=\"footnote_moveToReference_34370_1('footnote_plugin_reference_34370_1_25');\" ><sup id=\"footnote_plugin_tooltip_34370_1_25\" class=\"footnote_plugin_tooltip_text\">25)<\/sup><\/a><span id=\"footnote_plugin_tooltip_text_34370_1_25\" class=\"footnote_tooltip\">bin-Reza et al, (2012), L&#8217;uso di maschere e respiratori per prevenire la trasmissione dell&#8217;influenza: una revisione sistematica delle prove scientifiche della conoscenza scientifica &#8220;), Influenza Other Respir Viruses. 2012 Jul; 6 (4): 257-267, , <a href=\"https:\/\/www.ncbi.nlm.nih.gov\/pmc\/articles\/PMC5779801\/\" target=\"_blank\" rel=\"noopener noreferrer\"><span class=\"footnote_url_wrap\">https:\/\/www.ncbi.nlm.nih.gov\/pmc\/articles\/PMC5779801\/<\/span><\/a><\/span><\/span><script type=\"text\/javascript\"> jQuery('#footnote_plugin_tooltip_34370_1_25').tooltip({ tip: '#footnote_plugin_tooltip_text_34370_1_25', tipClass: 'footnote_tooltip', effect: 'fade', predelay: 0, fadeInSpeed: 200, delay: 400, fadeOutSpeed: 200, position: 'top right', relative: true, offset: [10, 10], });<\/script> La rinomata rivista medica JAMA riporta:<\/p>\n<p><strong>\u201cLe maschere per il viso dovrebbero essere indossate solo da persone che hanno sintomi di un&#8217;infezione respiratoria come tosse, starnuti o, in alcuni casi, febbre.<\/strong> Le maschere per il viso devono essere indossate anche da operatori sanitari, coloro che si prendono cura o hanno stretto contatto con persone con infezioni respiratorie, o comunque su indicazione di un medico.<strong> Le maschere per il viso non dovrebbero essere indossate da individui sani per proteggersi dalle infezioni respiratorie, poich\u00e9 non ci sono prove che le maschere per il viso indossate da individui sani possano proteggere efficacemente dalle malattie. &#8220;<\/strong><span class=\"footnote_referrer\"><a role=\"button\" tabindex=\"0\" onclick=\"footnote_moveToReference_34370_1('footnote_plugin_reference_34370_1_26');\" onkeypress=\"footnote_moveToReference_34370_1('footnote_plugin_reference_34370_1_26');\" ><sup id=\"footnote_plugin_tooltip_34370_1_26\" class=\"footnote_plugin_tooltip_text\">26)<\/sup><\/a><span id=\"footnote_plugin_tooltip_text_34370_1_26\" class=\"footnote_tooltip\">Desai, A, and Mehrotra, P. (2020), Medical Masks (\u201eMedizinische Masken\u201c), JAMA. 2020;323(15):1517-1518. doi:10.1001\/jama.2020.2331, <a href=\"https:\/\/jamanetwork.com\/journals\/jama\/fullarticle\/2762694\" target=\"_blank\" rel=\"noopener noreferrer\"> <span class=\"footnote_url_wrap\">https:\/\/jamanetwork.com\/journals\/jama\/fullarticle\/2762694<\/span><\/a><\/span><\/span><script type=\"text\/javascript\"> jQuery('#footnote_plugin_tooltip_34370_1_26').tooltip({ tip: '#footnote_plugin_tooltip_text_34370_1_26', tipClass: 'footnote_tooltip', effect: 'fade', predelay: 0, fadeInSpeed: 200, delay: 400, fadeOutSpeed: 200, position: 'top right', relative: true, offset: [10, 10], });<\/script><\/p>\n<p>L&#8217;OMS e alcuni governi continuano a promuovere l&#8217;uso di maschere per il viso, ed alcuni paesi hanno reso perseguibile il non indossare una maschera. <strong>Tuttavia, la stessa Organizzazione Mondiale della Sanit\u00e0 cita il &#8220;promemoria per aderire ad altre misure&#8221; come motivo principale per indossare maschere facciali. Le prove mediche non supportano l&#8217;uso di maschere per il viso in spazi chiusi come negozi o mezzi di trasporto pubblico, n\u00e9 l&#8217;uso di maschere da parte di persone sane in qualsiasi situazione tranne che a contatto con persone chiaramente sintomatiche. <\/strong>Spetta a coloro che sono sintomatici non uscire e, se hanno bisogno, di indossare una maschera medica. <strong>Per la popolazione in generale, a condizione che sia sana, \u00e8 dimostrato che le maschere per il viso non hanno alcun beneficio reale e che gli svantaggi di indossare una maschera superano di gran lunga i benefici medici.<\/strong><\/p>\n<p>La propaganda sui media che le persone sono asintomatiche ma non lo sanno, e potrebbero comunque essere \u201csuper diffusori\u201d, <span class=\"footnote_referrer\"><a role=\"button\" tabindex=\"0\" onclick=\"footnote_moveToReference_34370_1('footnote_plugin_reference_34370_1_27');\" onkeypress=\"footnote_moveToReference_34370_1('footnote_plugin_reference_34370_1_27');\" ><sup id=\"footnote_plugin_tooltip_34370_1_27\" class=\"footnote_plugin_tooltip_text\">27)<\/sup><\/a><span id=\"footnote_plugin_tooltip_text_34370_1_27\" class=\"footnote_tooltip\">D. Shukman (30 maggio 2020), BBC News, Coronavirus: The mystery of asintomatic &#8216;silent spreaders&#8217; (&#8220;Coronavirus: The enigma of the asintomatic &#8216;silent spreaders&#8221;), <a href=\"https:\/\/www.bbc.co.uk\/news\/uk-52840763\" target=\"_blank\" rel=\"noopener noreferrer\"><span class=\"footnote_url_wrap\">https:\/\/www.bbc.co.uk\/news\/uk-52840763<\/span><\/a><\/span><\/span><script type=\"text\/javascript\"> jQuery('#footnote_plugin_tooltip_34370_1_27').tooltip({ tip: '#footnote_plugin_tooltip_text_34370_1_27', tipClass: 'footnote_tooltip', effect: 'fade', predelay: 0, fadeInSpeed: 200, delay: 400, fadeOutSpeed: 200, position: 'top right', relative: true, offset: [10, 10], });<\/script> ha aumentato la paura. Sempre pi\u00f9 persone indossano una maschera in tutte le situazioni, ogni volta che escono di casa. In tal modo, mettono in pericolo la propria salute fisica e mentale. Poich\u00e9 i politici potrebbero non essere a conoscenza della situazione, \u00e8 consigliabile condividere queste informazioni con loro. I politici prendono le loro decisioni sulla base di consigli, e se quel consiglio \u00e8 motivato politicamente piuttosto che logicamente, ora \u00e8 la tua occasione di far conoscere i fatti ai politici e convincerli a fare pressione sul loro governo per <strong>rivedere queste normative avverse che sono state inutilmente imposte a persone sane.<\/strong><\/p>\n<p><img loading=\"lazy\" decoding=\"async\" class=\"size-medium wp-image-34128 aligncenter\" src=\"https:\/\/www.naturalscience.org\/wp-content\/uploads\/2020\/12\/AdobeStock_386729909-300x200.jpeg\" alt=\"\" width=\"300\" height=\"200\" srcset=\"https:\/\/www.naturalscience.org\/wp-content\/uploads\/2020\/12\/AdobeStock_386729909-300x200.jpeg 300w, https:\/\/www.naturalscience.org\/wp-content\/uploads\/2020\/12\/AdobeStock_386729909-1024x683.jpeg 1024w, https:\/\/www.naturalscience.org\/wp-content\/uploads\/2020\/12\/AdobeStock_386729909-768x512.jpeg 768w, https:\/\/www.naturalscience.org\/wp-content\/uploads\/2020\/12\/AdobeStock_386729909-1536x1024.jpeg 1536w, https:\/\/www.naturalscience.org\/wp-content\/uploads\/2020\/12\/AdobeStock_386729909-2048x1365.jpeg 2048w, https:\/\/www.naturalscience.org\/wp-content\/uploads\/2020\/12\/AdobeStock_386729909-164x109.jpeg 164w, https:\/\/www.naturalscience.org\/wp-content\/uploads\/2020\/12\/AdobeStock_386729909-400x267.jpeg 400w, https:\/\/www.naturalscience.org\/wp-content\/uploads\/2020\/12\/AdobeStock_386729909-500x333.jpeg 500w\" sizes=\"auto, (max-width: 300px) 100vw, 300px\" \/><\/p>\n<div class=\"speaker-mute footnotes_reference_container\"> <div class=\"footnote_container_prepare\"><p><span role=\"button\" tabindex=\"0\" class=\"footnote_reference_container_label pointer\" onclick=\"footnote_expand_collapse_reference_container_34370_1();\">References<\/span><span role=\"button\" tabindex=\"0\" class=\"footnote_reference_container_collapse_button\" style=\"display: none;\" onclick=\"footnote_expand_collapse_reference_container_34370_1();\">[<a id=\"footnote_reference_container_collapse_button_34370_1\">+<\/a>]<\/span><\/p><\/div> <div id=\"footnote_references_container_34370_1\" style=\"\"><table class=\"footnotes_table footnote-reference-container\"><caption class=\"accessibility\">References<\/caption> <tbody> \r\n\r\n<tr class=\"footnotes_plugin_reference_row\"> <th scope=\"row\" class=\"footnote_plugin_index_combi pointer\"  onclick=\"footnote_moveToAnchor_34370_1('footnote_plugin_tooltip_34370_1_1');\"><a id=\"footnote_plugin_reference_34370_1_1\" class=\"footnote_backlink\"><span class=\"footnote_index_arrow\">&#8593;<\/span>1<\/a><\/th> <td class=\"footnote_plugin_text\">D. Chu et al. (2020) Distanziamento fisico, maschere facciali e protezione degli occhi per prevenire la trasmissione da persona a persona di SARS-CoV-2 e COVID-19: una revisione sistematica e una meta-analisi (&#8220;Distanziamento fisico, maschere facciali e protezione degli occhi per prevenire trasmissione di SARS-CoV-2 e COVID-19 da persona a persona: una panoramica sistematica e una meta-analisi &#8220;), The Lancet, VOLUME 395, NUMERO 10242, P1973-1987, 27 GIUGNO 2020,&nbsp; DOI: <a href=\"https:\/\/doi.org\/10.1016\/S0140-6736(20)31142-9\" target=\"_blank\" rel=\"noopener noreferrer\"><span class=\"footnote_url_wrap\">https:\/\/doi.org\/10.1016\/S0140-6736(20)31142-9<\/span><\/a><\/td><\/tr>\r\n\r\n<tr class=\"footnotes_plugin_reference_row\"> <th scope=\"row\" class=\"footnote_plugin_index_combi\" ><a id=\"footnote_plugin_reference_34370_1_2\" class=\"footnote_backlink\" onclick=\"footnote_moveToAnchor_34370_1('footnote_plugin_tooltip_34370_1_2');\"><span class=\"footnote_index_arrow\">&#8593;<\/span>2,<\/a> <a id=\"footnote_plugin_reference_34370_1_3\" class=\"footnote_backlink\" onclick=\"footnote_moveToAnchor_34370_1('footnote_plugin_tooltip_34370_1_3');\"><span class=\"footnote_index_arrow\">&#8593;<\/span>3<\/a><\/th> <td class=\"footnote_plugin_text\">Organizzazione mondiale della sanit\u00e0 OMS (5 giugno 2020), Consigli sull&#8217;uso delle maschere in connessione con COVID-19, <a href=\"https:\/\/www.who.int\/publications\/i\/item\/advice-on-the-use-of-masks-in-the-community-during-home-care-and-in-healthcare-settings-in-the-context-of-the-novel-coronavirus-(2019-ncov)-outbreak\" target=\"_blank\" rel=\"noopener noreferrer\"> <span class=\"footnote_url_wrap\">https:\/\/www.who.int\/publications\/i\/item\/advice-on-the-use-of-masks-in-the-community-during-home-care-and-in-healthcare-settings-in-the-context-of-the-novel-coronavirus-(2019-ncov)-outbreak<\/span><\/a><\/td><\/tr>\r\n\r\n<tr class=\"footnotes_plugin_reference_row\"> <th scope=\"row\" class=\"footnote_plugin_index_combi pointer\"  onclick=\"footnote_moveToAnchor_34370_1('footnote_plugin_tooltip_34370_1_4');\"><a id=\"footnote_plugin_reference_34370_1_4\" class=\"footnote_backlink\"><span class=\"footnote_index_arrow\">&#8593;<\/span>4<\/a><\/th> <td class=\"footnote_plugin_text\">The Independent, Coronavirus: le maschere per il viso potrebbero aumentare il rischio di infezione, avverte il capo medico (&#8220;Coronavirus: le maschere per il viso potrebbero aumentare il rischio di infezione, avverte il direttore medico&#8221;), 12 Marzo 2020 <a href=\"https:\/\/www.independent.co.uk\/news\/health\/coronavirus-news-face-masks-increase-risk-infection-doctor-jenny-harries-a9396811.html\" target=\"_blank\" rel=\"noopener noreferrer\"><span class=\"footnote_url_wrap\">https:\/\/www.independent.co.uk\/news\/health\/coronavirus-news-face-masks-increase-risk-infection-doctor-jenny-harries-a9396811.html<\/span><\/a><\/td><\/tr>\r\n\r\n<tr class=\"footnotes_plugin_reference_row\"> <th scope=\"row\" class=\"footnote_plugin_index_combi pointer\"  onclick=\"footnote_moveToAnchor_34370_1('footnote_plugin_tooltip_34370_1_5');\"><a id=\"footnote_plugin_reference_34370_1_5\" class=\"footnote_backlink\"><span class=\"footnote_index_arrow\">&#8593;<\/span>5<\/a><\/th> <td class=\"footnote_plugin_text\">Bundgaard H. et al. (18 novembre 2020), Efficacia dell&#8217;aggiunta di una raccomandazione sulla maschera ad altre misure di sanit\u00e0 pubblica per prevenire l&#8217;infezione da SARS-CoV-2 nei portatori di maschere danesi (&#8220;Efficacia della raccomandazione, una maschera ad altre misure di salute pubblica per prevenire la SARS Da aggiungere Infezione da CoV-2 in portatori di maschere danesi &#8220;), <em>Annals of Internal Medicine<\/em>, <a href=\"https:\/\/doi.org\/10.7326\/M20-6817\" target=\"_blank\" rel=\"noopener noreferrer\"><span class=\"footnote_url_wrap\">https:\/\/doi.org\/10.7326\/M20-6817<\/span><\/a><\/td><\/tr>\r\n\r\n<tr class=\"footnotes_plugin_reference_row\"> <th scope=\"row\" class=\"footnote_plugin_index_combi\" ><a id=\"footnote_plugin_reference_34370_1_6\" class=\"footnote_backlink\" onclick=\"footnote_moveToAnchor_34370_1('footnote_plugin_tooltip_34370_1_6');\"><span class=\"footnote_index_arrow\">&#8593;<\/span>6,<\/a> <a id=\"footnote_plugin_reference_34370_1_10\" class=\"footnote_backlink\" onclick=\"footnote_moveToAnchor_34370_1('footnote_plugin_tooltip_34370_1_10');\"><span class=\"footnote_index_arrow\">&#8593;<\/span>10<\/a><\/th> <td class=\"footnote_plugin_text\">Jefferson, T., Jones, M., Al Ansari, L.A., Bawazeer, G., Beller, E., Clark, et al., 2020. Interventi fisici per interrompere o ridurre la diffusione dei virus respiratori. Parte 1 &#8211; Maschere per il viso, protezione degli occhi e allontanamento delle persone: revisione sistematica e meta-analisi. (&#8220;Interventi fisici per interrompere o ridurre la diffusione di virus respiratori. Parte 1 &#8211; Maschere per il viso, protezione per gli occhi e mantenere le distanze: revisione sistematica e meta-analisi.&#8221;) MedRxiv. [Prestampa]. (<a href=\"https:\/\/www.medrxiv.org\/content\/10.1101\/2020.03.30.20047217v2\" target=\"_blank\" rel=\"noopener noreferrer\"><span class=\"footnote_url_wrap\">https:\/\/www.medrxiv.org\/content\/10.1101\/2020.03.30.20047217v2<\/span><\/a>, accesso 4 giugno 2020<\/td><\/tr>\r\n\r\n<tr class=\"footnotes_plugin_reference_row\"> <th scope=\"row\" class=\"footnote_plugin_index_combi pointer\"  onclick=\"footnote_moveToAnchor_34370_1('footnote_plugin_tooltip_34370_1_7');\"><a id=\"footnote_plugin_reference_34370_1_7\" class=\"footnote_backlink\"><span class=\"footnote_index_arrow\">&#8593;<\/span>7<\/a><\/th> <td class=\"footnote_plugin_text\">Zamora JE, Murdoch J, Simchison B, Day AG. Contaminazione: confronto di 2 sistemi di protezione individuale (&#8220;Contaminazione: confronto di 2 sistemi di protezione individuale&#8221;). CMAJ. 2006; 175 (3): 249-54.<\/td><\/tr>\r\n\r\n<tr class=\"footnotes_plugin_reference_row\"> <th scope=\"row\" class=\"footnote_plugin_index_combi pointer\"  onclick=\"footnote_moveToAnchor_34370_1('footnote_plugin_tooltip_34370_1_8');\"><a id=\"footnote_plugin_reference_34370_1_8\" class=\"footnote_backlink\"><span class=\"footnote_index_arrow\">&#8593;<\/span>8<\/a><\/th> <td class=\"footnote_plugin_text\">Kwon JH, Burnham CD, Reske KA, Liang SY, Hink T, Wallace MA, et al. Valutazione delle deviazioni dal protocollo degli operatori sanitari e dell&#8217;autocontaminazione durante la vestizione e la svestizione dei dispositivi di protezione individuale. (&#8220;Indagine sulle deviazioni dal protocollo e sull&#8217;auto-contaminazione degli operatori sanitari mentre indossano e tolgono l&#8217;equipaggiamento protettivo personale.&#8221;) Infect Control Hosp Epidemiol. 2017; 38 (9): 1077-83.<\/td><\/tr>\r\n\r\n<tr class=\"footnotes_plugin_reference_row\"> <th scope=\"row\" class=\"footnote_plugin_index_combi pointer\"  onclick=\"footnote_moveToAnchor_34370_1('footnote_plugin_tooltip_34370_1_9');\"><a id=\"footnote_plugin_reference_34370_1_9\" class=\"footnote_backlink\"><span class=\"footnote_index_arrow\">&#8593;<\/span>9<\/a><\/th> <td class=\"footnote_plugin_text\">Al Badri F. Maschera chirurgica dermatite da contatto ed epidemiologia della dermatite da contatto negli operatori sanitari. (&#8220;Dermatite da contatto con maschera chirurgica ed epidemiologia della dermatite da contatto negli operatori sanitari.&#8221;) Current Allergy &amp; Clinical Immunology, 30.3: 183-188. 2017.<\/td><\/tr>\r\n\r\n<tr class=\"footnotes_plugin_reference_row\"> <th scope=\"row\" class=\"footnote_plugin_index_combi pointer\"  onclick=\"footnote_moveToAnchor_34370_1('footnote_plugin_tooltip_34370_1_11');\"><a id=\"footnote_plugin_reference_34370_1_11\" class=\"footnote_backlink\"><span class=\"footnote_index_arrow\">&#8593;<\/span>11<\/a><\/th> <td class=\"footnote_plugin_text\">Matusiak L, Szepietowska M, Krajewski P, Bialynicki-Birula R, Szepietowski JC. Inconvenienti dovuti all&#8217;uso di maschere facciali durante la pandemia COVID-19: uno studio condotto su 876 giovani. (&#8220;Disagio derivante dall&#8217;uso di maschere facciali durante la pandemia COVID-19: un&#8217;indagine su 876 giovani.&#8221;) <em>Dermatol Ther.<\/em> 2020.<\/td><\/tr>\r\n\r\n<tr class=\"footnotes_plugin_reference_row\"> <th scope=\"row\" class=\"footnote_plugin_index_combi\" ><a id=\"footnote_plugin_reference_34370_1_12\" class=\"footnote_backlink\" onclick=\"footnote_moveToAnchor_34370_1('footnote_plugin_tooltip_34370_1_12');\"><span class=\"footnote_index_arrow\">&#8593;<\/span>12,<\/a> <a id=\"footnote_plugin_reference_34370_1_13\" class=\"footnote_backlink\" onclick=\"footnote_moveToAnchor_34370_1('footnote_plugin_tooltip_34370_1_13');\"><span class=\"footnote_index_arrow\">&#8593;<\/span>13<\/a><\/th> <td class=\"footnote_plugin_text\">M. Gao et al. 2020. Uno studio sull&#8217;infettivit\u00e0 dei portatori asintomatici SARS-CoV-2 (&#8220;Uno studio sull&#8217;infettivit\u00e0 dei portatori asintomatici SARS-CoV-2&#8221;), Respir Med. Agosto 2020; 169: 106026 <a href=\"https:\/\/www.ncbi.nlm.nih.gov\/pmc\/articles\/PMC7219423\/\" target=\"_blank\" rel=\"noopener noreferrer\"><span class=\"footnote_url_wrap\">https:\/\/www.ncbi.nlm.nih.gov\/pmc\/articles\/PMC7219423\/<\/span><\/a><\/td><\/tr>\r\n\r\n<tr class=\"footnotes_plugin_reference_row\"> <th scope=\"row\" class=\"footnote_plugin_index_combi pointer\"  onclick=\"footnote_moveToAnchor_34370_1('footnote_plugin_tooltip_34370_1_14');\"><a id=\"footnote_plugin_reference_34370_1_14\" class=\"footnote_backlink\"><span class=\"footnote_index_arrow\">&#8593;<\/span>14<\/a><\/th> <td class=\"footnote_plugin_text\">L. Luo et al. (2020) Modalit\u00e0 di contatto e rischio di trasmissione in COVID-19 tra contatti stretti (&#8220;Tipi di contatto e rischio di trasmissione di COVID-19 in contatti stretti&#8221;), medRxiv, doi: <a href=\"https:\/\/doi.org\/10.1101\/2020.03.24.20042606\" target=\"_blank\" rel=\"noopener noreferrer\"><span class=\"footnote_url_wrap\">https:\/\/doi.org\/10.1101\/2020.03.24.20042606<\/span><\/a> (preprint) <\/td><\/tr>\r\n\r\n<tr class=\"footnotes_plugin_reference_row\"> <th scope=\"row\" class=\"footnote_plugin_index_combi pointer\"  onclick=\"footnote_moveToAnchor_34370_1('footnote_plugin_tooltip_34370_1_15');\"><a id=\"footnote_plugin_reference_34370_1_15\" class=\"footnote_backlink\"><span class=\"footnote_index_arrow\">&#8593;<\/span>15<\/a><\/th> <td class=\"footnote_plugin_text\">Park S, Kim Y, Yi S, Lee S, Na B, Kim C, et al. Epidemia di malattia da Coronavirus nel Call Center, Corea del Sud. (&#8220;Focolaio di malattia da Coronavirus nel call center della Corea del Sud.&#8221;) Emerg Infect Dis. 2020; 26 (8): 1666-1670. <a href=\"https:\/\/dx.doi.org\/10.3201\/eid2608.201274\" target=\"_blank\" rel=\"noopener noreferrer\"><span class=\"footnote_url_wrap\">https:\/\/dx.doi.org\/10.3201\/eid2608.201274<\/span><\/a><\/td><\/tr>\r\n\r\n<tr class=\"footnotes_plugin_reference_row\"> <th scope=\"row\" class=\"footnote_plugin_index_combi pointer\"  onclick=\"footnote_moveToAnchor_34370_1('footnote_plugin_tooltip_34370_1_16');\"><a id=\"footnote_plugin_reference_34370_1_16\" class=\"footnote_backlink\"><span class=\"footnote_index_arrow\">&#8593;<\/span>16<\/a><\/th> <td class=\"footnote_plugin_text\">O. Byambasuren et al. (2020) Stima dell&#8217;estensione del COVID-19 asintomatico e del suo potenziale di trasmissione comunitaria: revisione sistematica e meta-analisi (&#8220;Valutazione della diffusione del COVID-19 asintomatico e il suo potenziale di trasmissione pubblica: panoramica sistematica e meta-analisi&#8221;) , medRxiv doi: <a href=\"https:\/\/doi.org\/10.1101\/2020.05.10.20097543\" target=\"_blank\" rel=\"noopener noreferrer\"><span class=\"footnote_url_wrap\">https:\/\/doi.org\/10.1101\/2020.05.10.20097543<\/span><\/a><\/td><\/tr>\r\n\r\n<tr class=\"footnotes_plugin_reference_row\"> <th scope=\"row\" class=\"footnote_plugin_index_combi pointer\"  onclick=\"footnote_moveToAnchor_34370_1('footnote_plugin_tooltip_34370_1_17');\"><a id=\"footnote_plugin_reference_34370_1_17\" class=\"footnote_backlink\"><span class=\"footnote_index_arrow\">&#8593;<\/span>17<\/a><\/th> <td class=\"footnote_plugin_text\">Toru Abo, The Only Two Causes of All Diseases, Babel Corporation (8 aprile 2013<\/td><\/tr>\r\n\r\n<tr class=\"footnotes_plugin_reference_row\"> <th scope=\"row\" class=\"footnote_plugin_index_combi pointer\"  onclick=\"footnote_moveToAnchor_34370_1('footnote_plugin_tooltip_34370_1_18');\"><a id=\"footnote_plugin_reference_34370_1_18\" class=\"footnote_backlink\"><span class=\"footnote_index_arrow\">&#8593;<\/span>18<\/a><\/th> <td class=\"footnote_plugin_text\">AAdebayo Folorunsho-Francis (17 maggio 2020), Indossare maschere facciali espone gli asmatici all&#8217;ipossia &#8211; Medici (&#8220;Indossare maschere facciali espone gli asmatici all&#8217;ipossia &#8211; Medici&#8221;), <em>The Punch<\/em> <a href=\"https:\/\/www.msn.com\/en-xl\/news\/other\/wearing-face-masks-exposes-asthmatics-to-hypoxia-physicians\/ar-BB14bVrt\" target=\"_blank\" rel=\"noopener noreferrer\"><span class=\"footnote_url_wrap\">https:\/\/www.msn.com\/en-xl\/news\/other\/wearing-face-masks-exposes-asthmatics-to-hypoxia-physicians\/ar-BB14bVrt<\/span><\/a><\/td><\/tr>\r\n\r\n<tr class=\"footnotes_plugin_reference_row\"> <th scope=\"row\" class=\"footnote_plugin_index_combi pointer\"  onclick=\"footnote_moveToAnchor_34370_1('footnote_plugin_tooltip_34370_1_19');\"><a id=\"footnote_plugin_reference_34370_1_19\" class=\"footnote_backlink\"><span class=\"footnote_index_arrow\">&#8593;<\/span>19<\/a><\/th> <td class=\"footnote_plugin_text\">Matuschek C. et al (2020) Maschere per il viso: vantaggi e rischi durante la crisi COVID-19 (&#8220;Maschere per il viso: vantaggi e rischi durante la crisi COVID-19&#8221;), European Journal of Medical Research 25 (32), <a href=\"https:\/\/link.springer.com\/article\/10.1186\/s40001-020-00430-5\" target=\"_blank\" rel=\"noopener noreferrer\"><span class=\"footnote_url_wrap\">https:\/\/link.springer.com\/article\/10.1186\/s40001-020-00430-5<\/span><\/a>. L&#8217;evidenza sull&#8217;ipercapnia \u00e8 debole, soprattutto a partire dal COVID-19, a meno che non si abbia un problema polmonare come la broncopneumopatia cronica ostruttiva (COPD). Indossare una maschera per la BPCO pu\u00f2 portare a ipercapnia.<\/td><\/tr>\r\n\r\n<tr class=\"footnotes_plugin_reference_row\"> <th scope=\"row\" class=\"footnote_plugin_index_combi pointer\"  onclick=\"footnote_moveToAnchor_34370_1('footnote_plugin_tooltip_34370_1_20');\"><a id=\"footnote_plugin_reference_34370_1_20\" class=\"footnote_backlink\"><span class=\"footnote_index_arrow\">&#8593;<\/span>20<\/a><\/th> <td class=\"footnote_plugin_text\">Bambini del Minnesota, Suggerimenti per respirare e consapevolezza mentre si indossa una maschera, <a href=\"https:\/\/www.childrensmn.org\/2020\/07\/15\/breathing-tips-while-wearing-mask\/\" target=\"_blank\" rel=\"noopener noreferrer\"><span class=\"footnote_url_wrap\">https:\/\/www.childrensmn.org\/2020\/07\/15\/breathing-tips-while-wearing-mask\/<\/span><\/a><\/td><\/tr>\r\n\r\n<tr class=\"footnotes_plugin_reference_row\"> <th scope=\"row\" class=\"footnote_plugin_index_combi pointer\"  onclick=\"footnote_moveToAnchor_34370_1('footnote_plugin_tooltip_34370_1_21');\"><a id=\"footnote_plugin_reference_34370_1_21\" class=\"footnote_backlink\"><span class=\"footnote_index_arrow\">&#8593;<\/span>21<\/a><\/th> <td class=\"footnote_plugin_text\">Jefferson, Y. (2010), Respirazione con la bocca: effetti negativi sulla crescita del viso, salute, accademici e comportamento (&#8220;Respirazione con la bocca: effetti negativi sulla crescita del viso, salute, rendimento scolastico e comportamento&#8221;), Gen Dent, Jan -Feb 2010 58 (1): 18-25; quiz 26-7, 79-80.<\/td><\/tr>\r\n\r\n<tr class=\"footnotes_plugin_reference_row\"> <th scope=\"row\" class=\"footnote_plugin_index_combi pointer\"  onclick=\"footnote_moveToAnchor_34370_1('footnote_plugin_tooltip_34370_1_22');\"><a id=\"footnote_plugin_reference_34370_1_22\" class=\"footnote_backlink\"><span class=\"footnote_index_arrow\">&#8593;<\/span>22<\/a><\/th> <td class=\"footnote_plugin_text\">Prousa, D. (2020). Studio sui disturbi psicologici e psico-vegetativi con le attuali normative di protezione della bocca e del naso. (&#8220;Studio sui disturbi psicologici e psico-vegetativi in&nbsp;??base alle attuali normative sulla protezione della bocca e del naso.&#8221;) PsychArchives. <a href=\"https:\/\/doi.org\/10.23668\/PSYCHARCHIVES.3135\" target=\"_blank\" rel=\"noopener noreferrer\"><span class=\"footnote_url_wrap\">https:\/\/doi.org\/10.23668\/PSYCHARCHIVES.3135<\/span><\/a><\/td><\/tr>\r\n\r\n<tr class=\"footnotes_plugin_reference_row\"> <th scope=\"row\" class=\"footnote_plugin_index_combi pointer\"  onclick=\"footnote_moveToAnchor_34370_1('footnote_plugin_tooltip_34370_1_23');\"><a id=\"footnote_plugin_reference_34370_1_23\" class=\"footnote_backlink\"><span class=\"footnote_index_arrow\">&#8593;<\/span>23<\/a><\/th> <td class=\"footnote_plugin_text\">M. Cooper (1999), AN EMPIRICAL AND THEORETICAL INVESTIGATION INTO PSICOLOGICAL EFFECTS OF WEARING A MASK, Dissertation <a href=\"https:\/\/strathprints.strath.ac.uk\/43402\/1\/1999_PhD_thesis_public.pdf\" target=\"_blank\" rel=\"noopener noreferrer\"><span class=\"footnote_url_wrap\">https:\/\/strathprints.strath.ac.uk\/43402\/1\/1999_PhD_thesis_public.pdf<\/span><\/a><\/td><\/tr>\r\n\r\n<tr class=\"footnotes_plugin_reference_row\"> <th scope=\"row\" class=\"footnote_plugin_index_combi pointer\"  onclick=\"footnote_moveToAnchor_34370_1('footnote_plugin_tooltip_34370_1_24');\"><a id=\"footnote_plugin_reference_34370_1_24\" class=\"footnote_backlink\"><span class=\"footnote_index_arrow\">&#8593;<\/span>24<\/a><\/th> <td class=\"footnote_plugin_text\">Carbon, C-C. (2020), Indossare maschere per il viso confonde fortemente le controparti nella lettura delle emozioni, PsyArXiv Preprints <a href=\"https:\/\/psyarxiv.com\/x3uh6\/\" target=\"_blank\" rel=\"noopener noreferrer\"><span class=\"footnote_url_wrap\">https:\/\/psyarxiv.com\/x3uh6\/<\/span><\/a><\/td><\/tr>\r\n\r\n<tr class=\"footnotes_plugin_reference_row\"> <th scope=\"row\" class=\"footnote_plugin_index_combi pointer\"  onclick=\"footnote_moveToAnchor_34370_1('footnote_plugin_tooltip_34370_1_25');\"><a id=\"footnote_plugin_reference_34370_1_25\" class=\"footnote_backlink\"><span class=\"footnote_index_arrow\">&#8593;<\/span>25<\/a><\/th> <td class=\"footnote_plugin_text\">bin-Reza et al, (2012), L&#8217;uso di maschere e respiratori per prevenire la trasmissione dell&#8217;influenza: una revisione sistematica delle prove scientifiche della conoscenza scientifica &#8220;), Influenza Other Respir Viruses. 2012 Jul; 6 (4): 257-267, , <a href=\"https:\/\/www.ncbi.nlm.nih.gov\/pmc\/articles\/PMC5779801\/\" target=\"_blank\" rel=\"noopener noreferrer\"><span class=\"footnote_url_wrap\">https:\/\/www.ncbi.nlm.nih.gov\/pmc\/articles\/PMC5779801\/<\/span><\/a><\/td><\/tr>\r\n\r\n<tr class=\"footnotes_plugin_reference_row\"> <th scope=\"row\" class=\"footnote_plugin_index_combi pointer\"  onclick=\"footnote_moveToAnchor_34370_1('footnote_plugin_tooltip_34370_1_26');\"><a id=\"footnote_plugin_reference_34370_1_26\" class=\"footnote_backlink\"><span class=\"footnote_index_arrow\">&#8593;<\/span>26<\/a><\/th> <td class=\"footnote_plugin_text\">Desai, A, and Mehrotra, P. (2020), Medical Masks (\u201eMedizinische Masken\u201c), JAMA. 2020;323(15):1517-1518. doi:10.1001\/jama.2020.2331, <a href=\"https:\/\/jamanetwork.com\/journals\/jama\/fullarticle\/2762694\" target=\"_blank\" rel=\"noopener noreferrer\"> <span class=\"footnote_url_wrap\">https:\/\/jamanetwork.com\/journals\/jama\/fullarticle\/2762694<\/span><\/a><\/td><\/tr>\r\n\r\n<tr class=\"footnotes_plugin_reference_row\"> <th scope=\"row\" class=\"footnote_plugin_index_combi pointer\"  onclick=\"footnote_moveToAnchor_34370_1('footnote_plugin_tooltip_34370_1_27');\"><a id=\"footnote_plugin_reference_34370_1_27\" class=\"footnote_backlink\"><span class=\"footnote_index_arrow\">&#8593;<\/span>27<\/a><\/th> <td class=\"footnote_plugin_text\">D. Shukman (30 maggio 2020), BBC News, Coronavirus: The mystery of asintomatic &#8216;silent spreaders&#8217; (&#8220;Coronavirus: The enigma of the asintomatic &#8216;silent spreaders&#8221;), <a href=\"https:\/\/www.bbc.co.uk\/news\/uk-52840763\" target=\"_blank\" rel=\"noopener noreferrer\"><span class=\"footnote_url_wrap\">https:\/\/www.bbc.co.uk\/news\/uk-52840763<\/span><\/a><\/td><\/tr>\r\n\r\n <\/tbody> <\/table> <\/div><\/div><script type=\"text\/javascript\"> function footnote_expand_reference_container_34370_1() { jQuery('#footnote_references_container_34370_1').show(); jQuery('#footnote_reference_container_collapse_button_34370_1').text('\u2212'); } function footnote_collapse_reference_container_34370_1() { jQuery('#footnote_references_container_34370_1').hide(); jQuery('#footnote_reference_container_collapse_button_34370_1').text('+'); } function footnote_expand_collapse_reference_container_34370_1() { if (jQuery('#footnote_references_container_34370_1').is(':hidden')) { footnote_expand_reference_container_34370_1(); } else { footnote_collapse_reference_container_34370_1(); } } function footnote_moveToReference_34370_1(p_str_TargetID) { footnote_expand_reference_container_34370_1(); var l_obj_Target = jQuery('#' + p_str_TargetID); if (l_obj_Target.length) { jQuery( 'html, body' ).delay( 0 ); jQuery('html, body').animate({ scrollTop: l_obj_Target.offset().top - window.innerHeight * 0.2 }, 380); } } function footnote_moveToAnchor_34370_1(p_str_TargetID) { footnote_expand_reference_container_34370_1(); var l_obj_Target = jQuery('#' + p_str_TargetID); if (l_obj_Target.length) { jQuery( 'html, body' ).delay( 0 ); jQuery('html, body').animate({ scrollTop: l_obj_Target.offset().top - window.innerHeight * 0.2 }, 380); } }<\/script>","protected":false},"excerpt":{"rendered":"Molti paesi hanno stabilito che in determinati ambienti, come nei trasporti pubblici, le persone debbano indossare maschere per il viso per proteggersi dal nuovo coronavirus SARS-CoV-2. Quanto giova cio&#8217; per la tua protezione? Ci sono rischi per la salute? In uno studio finanziato dall&#8217;Organizzazione Mondiale della Sanit\u00e0 (OMS) pubblicato su The Lancet , \u00e8 stato [&hellip;]","protected":false},"author":11,"featured_media":0,"comment_status":"closed","ping_status":"closed","sticky":false,"template":"","format":"standard","meta":{"_acf_changed":false,"ngg_post_thumbnail":0,"footnotes":""},"categories":[519,135],"tags":[],"class_list":["post-34370","post","type-post","status-publish","format-standard","hentry","category-corona-virus","category-salute","wpautop"],"acf":[],"yoast_head":"<!-- This site is optimized with the Yoast SEO plugin v27.5 - https:\/\/yoast.com\/product\/yoast-seo-wordpress\/ -->\n<title>I rischi per la salute delle maschere per il viso - The World Foundation for Natural Science<\/title>\n<meta name=\"robots\" content=\"index, follow, max-snippet:-1, max-image-preview:large, max-video-preview:-1\" \/>\n<link rel=\"canonical\" href=\"https:\/\/www.naturalscience.org\/it\/news\/2021\/01\/i-rischi-per-la-salute-delle-maschere-per-il-viso\/\" \/>\n<meta name=\"twitter:label1\" content=\"Scritto da\" \/>\n\t<meta name=\"twitter:data1\" content=\"Monika Waldmann\" \/>\n\t<meta name=\"twitter:label2\" content=\"Tempo di lettura stimato\" \/>\n\t<meta name=\"twitter:data2\" content=\"17 minutes\" \/>\n<script type=\"application\/ld+json\" class=\"yoast-schema-graph\">{\"@context\":\"https:\\\/\\\/schema.org\",\"@graph\":[{\"@type\":\"Article\",\"@id\":\"https:\\\/\\\/www.naturalscience.org\\\/it\\\/news\\\/2021\\\/01\\\/i-rischi-per-la-salute-delle-maschere-per-il-viso\\\/#article\",\"isPartOf\":{\"@id\":\"https:\\\/\\\/www.naturalscience.org\\\/it\\\/news\\\/2021\\\/01\\\/i-rischi-per-la-salute-delle-maschere-per-il-viso\\\/\"},\"author\":{\"name\":\"Monika Waldmann\",\"@id\":\"https:\\\/\\\/www.naturalscience.org\\\/#\\\/schema\\\/person\\\/f3e16bb7057b29f8593016bf70a42022\"},\"headline\":\"I rischi per la salute delle maschere per il viso\",\"datePublished\":\"2021-01-27T13:44:58+00:00\",\"dateModified\":\"2021-10-05T08:41:58+00:00\",\"mainEntityOfPage\":{\"@id\":\"https:\\\/\\\/www.naturalscience.org\\\/it\\\/news\\\/2021\\\/01\\\/i-rischi-per-la-salute-delle-maschere-per-il-viso\\\/\"},\"wordCount\":3502,\"image\":{\"@id\":\"https:\\\/\\\/www.naturalscience.org\\\/it\\\/news\\\/2021\\\/01\\\/i-rischi-per-la-salute-delle-maschere-per-il-viso\\\/#primaryimage\"},\"thumbnailUrl\":\"https:\\\/\\\/www.naturalscience.org\\\/wp-content\\\/uploads\\\/2020\\\/12\\\/AdobeStock_330696585-300x200.jpeg\",\"articleSection\":[\"Corona virus\",\"Salute\"],\"inLanguage\":\"it-IT\"},{\"@type\":\"WebPage\",\"@id\":\"https:\\\/\\\/www.naturalscience.org\\\/it\\\/news\\\/2021\\\/01\\\/i-rischi-per-la-salute-delle-maschere-per-il-viso\\\/\",\"url\":\"https:\\\/\\\/www.naturalscience.org\\\/it\\\/news\\\/2021\\\/01\\\/i-rischi-per-la-salute-delle-maschere-per-il-viso\\\/\",\"name\":\"I rischi per la salute delle maschere per il viso - The World Foundation for Natural Science\",\"isPartOf\":{\"@id\":\"https:\\\/\\\/www.naturalscience.org\\\/#website\"},\"primaryImageOfPage\":{\"@id\":\"https:\\\/\\\/www.naturalscience.org\\\/it\\\/news\\\/2021\\\/01\\\/i-rischi-per-la-salute-delle-maschere-per-il-viso\\\/#primaryimage\"},\"image\":{\"@id\":\"https:\\\/\\\/www.naturalscience.org\\\/it\\\/news\\\/2021\\\/01\\\/i-rischi-per-la-salute-delle-maschere-per-il-viso\\\/#primaryimage\"},\"thumbnailUrl\":\"https:\\\/\\\/www.naturalscience.org\\\/wp-content\\\/uploads\\\/2020\\\/12\\\/AdobeStock_330696585-300x200.jpeg\",\"datePublished\":\"2021-01-27T13:44:58+00:00\",\"dateModified\":\"2021-10-05T08:41:58+00:00\",\"author\":{\"@id\":\"https:\\\/\\\/www.naturalscience.org\\\/#\\\/schema\\\/person\\\/f3e16bb7057b29f8593016bf70a42022\"},\"breadcrumb\":{\"@id\":\"https:\\\/\\\/www.naturalscience.org\\\/it\\\/news\\\/2021\\\/01\\\/i-rischi-per-la-salute-delle-maschere-per-il-viso\\\/#breadcrumb\"},\"inLanguage\":\"it-IT\",\"potentialAction\":[{\"@type\":\"ReadAction\",\"target\":[\"https:\\\/\\\/www.naturalscience.org\\\/it\\\/news\\\/2021\\\/01\\\/i-rischi-per-la-salute-delle-maschere-per-il-viso\\\/\"]}]},{\"@type\":\"ImageObject\",\"inLanguage\":\"it-IT\",\"@id\":\"https:\\\/\\\/www.naturalscience.org\\\/it\\\/news\\\/2021\\\/01\\\/i-rischi-per-la-salute-delle-maschere-per-il-viso\\\/#primaryimage\",\"url\":\"https:\\\/\\\/www.naturalscience.org\\\/wp-content\\\/uploads\\\/2020\\\/12\\\/AdobeStock_330696585-300x200.jpeg\",\"contentUrl\":\"https:\\\/\\\/www.naturalscience.org\\\/wp-content\\\/uploads\\\/2020\\\/12\\\/AdobeStock_330696585-300x200.jpeg\"},{\"@type\":\"BreadcrumbList\",\"@id\":\"https:\\\/\\\/www.naturalscience.org\\\/it\\\/news\\\/2021\\\/01\\\/i-rischi-per-la-salute-delle-maschere-per-il-viso\\\/#breadcrumb\",\"itemListElement\":[{\"@type\":\"ListItem\",\"position\":1,\"name\":\"Home\",\"item\":\"https:\\\/\\\/www.naturalscience.org\\\/it\\\/\"},{\"@type\":\"ListItem\",\"position\":2,\"name\":\"I rischi per la salute delle maschere per il viso\"}]},{\"@type\":\"WebSite\",\"@id\":\"https:\\\/\\\/www.naturalscience.org\\\/#website\",\"url\":\"https:\\\/\\\/www.naturalscience.org\\\/\",\"name\":\"The World Foundation for Natural Science\",\"description\":\"Restoring and Healing the World through Responsibility and Commitment in accord with Natural and Divine Law!\",\"potentialAction\":[{\"@type\":\"SearchAction\",\"target\":{\"@type\":\"EntryPoint\",\"urlTemplate\":\"https:\\\/\\\/www.naturalscience.org\\\/?s={search_term_string}\"},\"query-input\":{\"@type\":\"PropertyValueSpecification\",\"valueRequired\":true,\"valueName\":\"search_term_string\"}}],\"inLanguage\":\"it-IT\"},{\"@type\":\"Person\",\"@id\":\"https:\\\/\\\/www.naturalscience.org\\\/#\\\/schema\\\/person\\\/f3e16bb7057b29f8593016bf70a42022\",\"name\":\"Monika Waldmann\",\"image\":{\"@type\":\"ImageObject\",\"inLanguage\":\"it-IT\",\"@id\":\"https:\\\/\\\/secure.gravatar.com\\\/avatar\\\/54dfb6ad0fbcf54c252c37d8d2c1a44e41b462185db44d9c8124801f3b41b6ec?s=96&d=mm&r=g\",\"url\":\"https:\\\/\\\/secure.gravatar.com\\\/avatar\\\/54dfb6ad0fbcf54c252c37d8d2c1a44e41b462185db44d9c8124801f3b41b6ec?s=96&d=mm&r=g\",\"contentUrl\":\"https:\\\/\\\/secure.gravatar.com\\\/avatar\\\/54dfb6ad0fbcf54c252c37d8d2c1a44e41b462185db44d9c8124801f3b41b6ec?s=96&d=mm&r=g\",\"caption\":\"Monika Waldmann\"}}]}<\/script>\n<!-- \/ Yoast SEO plugin. -->","yoast_head_json":{"title":"I rischi per la salute delle maschere per il viso - The World Foundation for Natural Science","robots":{"index":"index","follow":"follow","max-snippet":"max-snippet:-1","max-image-preview":"max-image-preview:large","max-video-preview":"max-video-preview:-1"},"canonical":"https:\/\/www.naturalscience.org\/it\/news\/2021\/01\/i-rischi-per-la-salute-delle-maschere-per-il-viso\/","twitter_misc":{"Scritto da":"Monika Waldmann","Tempo di lettura stimato":"17 minutes"},"schema":{"@context":"https:\/\/schema.org","@graph":[{"@type":"Article","@id":"https:\/\/www.naturalscience.org\/it\/news\/2021\/01\/i-rischi-per-la-salute-delle-maschere-per-il-viso\/#article","isPartOf":{"@id":"https:\/\/www.naturalscience.org\/it\/news\/2021\/01\/i-rischi-per-la-salute-delle-maschere-per-il-viso\/"},"author":{"name":"Monika Waldmann","@id":"https:\/\/www.naturalscience.org\/#\/schema\/person\/f3e16bb7057b29f8593016bf70a42022"},"headline":"I rischi per la salute delle maschere per il viso","datePublished":"2021-01-27T13:44:58+00:00","dateModified":"2021-10-05T08:41:58+00:00","mainEntityOfPage":{"@id":"https:\/\/www.naturalscience.org\/it\/news\/2021\/01\/i-rischi-per-la-salute-delle-maschere-per-il-viso\/"},"wordCount":3502,"image":{"@id":"https:\/\/www.naturalscience.org\/it\/news\/2021\/01\/i-rischi-per-la-salute-delle-maschere-per-il-viso\/#primaryimage"},"thumbnailUrl":"https:\/\/www.naturalscience.org\/wp-content\/uploads\/2020\/12\/AdobeStock_330696585-300x200.jpeg","articleSection":["Corona virus","Salute"],"inLanguage":"it-IT"},{"@type":"WebPage","@id":"https:\/\/www.naturalscience.org\/it\/news\/2021\/01\/i-rischi-per-la-salute-delle-maschere-per-il-viso\/","url":"https:\/\/www.naturalscience.org\/it\/news\/2021\/01\/i-rischi-per-la-salute-delle-maschere-per-il-viso\/","name":"I rischi per la salute delle maschere per il viso - The World Foundation for Natural Science","isPartOf":{"@id":"https:\/\/www.naturalscience.org\/#website"},"primaryImageOfPage":{"@id":"https:\/\/www.naturalscience.org\/it\/news\/2021\/01\/i-rischi-per-la-salute-delle-maschere-per-il-viso\/#primaryimage"},"image":{"@id":"https:\/\/www.naturalscience.org\/it\/news\/2021\/01\/i-rischi-per-la-salute-delle-maschere-per-il-viso\/#primaryimage"},"thumbnailUrl":"https:\/\/www.naturalscience.org\/wp-content\/uploads\/2020\/12\/AdobeStock_330696585-300x200.jpeg","datePublished":"2021-01-27T13:44:58+00:00","dateModified":"2021-10-05T08:41:58+00:00","author":{"@id":"https:\/\/www.naturalscience.org\/#\/schema\/person\/f3e16bb7057b29f8593016bf70a42022"},"breadcrumb":{"@id":"https:\/\/www.naturalscience.org\/it\/news\/2021\/01\/i-rischi-per-la-salute-delle-maschere-per-il-viso\/#breadcrumb"},"inLanguage":"it-IT","potentialAction":[{"@type":"ReadAction","target":["https:\/\/www.naturalscience.org\/it\/news\/2021\/01\/i-rischi-per-la-salute-delle-maschere-per-il-viso\/"]}]},{"@type":"ImageObject","inLanguage":"it-IT","@id":"https:\/\/www.naturalscience.org\/it\/news\/2021\/01\/i-rischi-per-la-salute-delle-maschere-per-il-viso\/#primaryimage","url":"https:\/\/www.naturalscience.org\/wp-content\/uploads\/2020\/12\/AdobeStock_330696585-300x200.jpeg","contentUrl":"https:\/\/www.naturalscience.org\/wp-content\/uploads\/2020\/12\/AdobeStock_330696585-300x200.jpeg"},{"@type":"BreadcrumbList","@id":"https:\/\/www.naturalscience.org\/it\/news\/2021\/01\/i-rischi-per-la-salute-delle-maschere-per-il-viso\/#breadcrumb","itemListElement":[{"@type":"ListItem","position":1,"name":"Home","item":"https:\/\/www.naturalscience.org\/it\/"},{"@type":"ListItem","position":2,"name":"I rischi per la salute delle maschere per il viso"}]},{"@type":"WebSite","@id":"https:\/\/www.naturalscience.org\/#website","url":"https:\/\/www.naturalscience.org\/","name":"The World Foundation for Natural Science","description":"Restoring and Healing the World through Responsibility and Commitment in accord with Natural and Divine Law!","potentialAction":[{"@type":"SearchAction","target":{"@type":"EntryPoint","urlTemplate":"https:\/\/www.naturalscience.org\/?s={search_term_string}"},"query-input":{"@type":"PropertyValueSpecification","valueRequired":true,"valueName":"search_term_string"}}],"inLanguage":"it-IT"},{"@type":"Person","@id":"https:\/\/www.naturalscience.org\/#\/schema\/person\/f3e16bb7057b29f8593016bf70a42022","name":"Monika Waldmann","image":{"@type":"ImageObject","inLanguage":"it-IT","@id":"https:\/\/secure.gravatar.com\/avatar\/54dfb6ad0fbcf54c252c37d8d2c1a44e41b462185db44d9c8124801f3b41b6ec?s=96&d=mm&r=g","url":"https:\/\/secure.gravatar.com\/avatar\/54dfb6ad0fbcf54c252c37d8d2c1a44e41b462185db44d9c8124801f3b41b6ec?s=96&d=mm&r=g","contentUrl":"https:\/\/secure.gravatar.com\/avatar\/54dfb6ad0fbcf54c252c37d8d2c1a44e41b462185db44d9c8124801f3b41b6ec?s=96&d=mm&r=g","caption":"Monika Waldmann"}}]}},"_links":{"self":[{"href":"https:\/\/www.naturalscience.org\/it\/wp-json\/wp\/v2\/posts\/34370","targetHints":{"allow":["GET"]}}],"collection":[{"href":"https:\/\/www.naturalscience.org\/it\/wp-json\/wp\/v2\/posts"}],"about":[{"href":"https:\/\/www.naturalscience.org\/it\/wp-json\/wp\/v2\/types\/post"}],"author":[{"embeddable":true,"href":"https:\/\/www.naturalscience.org\/it\/wp-json\/wp\/v2\/users\/11"}],"replies":[{"embeddable":true,"href":"https:\/\/www.naturalscience.org\/it\/wp-json\/wp\/v2\/comments?post=34370"}],"version-history":[{"count":5,"href":"https:\/\/www.naturalscience.org\/it\/wp-json\/wp\/v2\/posts\/34370\/revisions"}],"predecessor-version":[{"id":35823,"href":"https:\/\/www.naturalscience.org\/it\/wp-json\/wp\/v2\/posts\/34370\/revisions\/35823"}],"wp:attachment":[{"href":"https:\/\/www.naturalscience.org\/it\/wp-json\/wp\/v2\/media?parent=34370"}],"wp:term":[{"taxonomy":"category","embeddable":true,"href":"https:\/\/www.naturalscience.org\/it\/wp-json\/wp\/v2\/categories?post=34370"},{"taxonomy":"post_tag","embeddable":true,"href":"https:\/\/www.naturalscience.org\/it\/wp-json\/wp\/v2\/tags?post=34370"}],"curies":[{"name":"wp","href":"https:\/\/api.w.org\/{rel}","templated":true}]}}