{"id":19304,"date":"2016-04-29T06:00:43","date_gmt":"2016-04-29T04:00:43","guid":{"rendered":"http:\/\/www.naturalscience.org\/it\/?p=19304"},"modified":"2018-02-26T19:09:32","modified_gmt":"2018-02-26T18:09:32","slug":"giornata-dellalbero","status":"publish","type":"post","link":"https:\/\/www.naturalscience.org\/it\/news\/2016\/04\/giornata-dellalbero\/","title":{"rendered":"Giornata dell&#8217;Albero"},"content":{"rendered":"<p><strong>Questa giornata \u00e8 una meravigliosa opportunit\u00e0 per onorare gli alberi, per ricordare ci\u00f2 che dobbiamo loro e per prendere coscienza del fatto che essi sono la soluzione per molti problemi globali esistenziali!<\/strong><\/p>\n<p><!--more-->Non \u00e8 la natura che causa &#8220;problemi&#8221;, bens\u00ec gli uomini. E chi altrimenti? La natura \u00e8 un sistema meraviglioso, le cui parti sono connesse tra loro in modo complementare, in un equilibrio dinamico. Essa \u00e8 in costante sviluppo e di per s\u00e9 non \u00e8 causa di alcun problema. Anche l&#8217;uomo \u00e8 parte di questo sistema ingegnoso. Espiriamo per esempio anidride carbonica che gli alberi assorbono, e che, attraverso la fotosintesi, viene convertito in zuccheri (che sono richiesti per la crescita dell&#8217;albero) ed ossigeno (di cui abbiamo bisogno per la respirazione). Espresso in numeri: un singolo albero adulto di faggio, rovere o castagno lega da 13 fino a 18 kg di anidride carbonica al giorno, vale a dire, da 5 a 6 tonnellate all&#8217;anno. Inoltre produce giornalmente da 10 a 13 kg di ossigeno, ossia all&#8217;incirca 4 tonnellate di ossigeno all&#8217;anno, che corrispondono alla quantit\u00e0 di aria respirata annualmente da 11 persone. E&#8217; quindi ovvio e logico che le foreste vengano chiamate &#8220;polmone verde&#8221;. Inoltre gli alberi, fornendo ombra, riducono l&#8217;energia richiesta per gli impianti di climatizzazione di circa il 30%, mantengono l&#8217;umidit\u00e0 del suolo e attraverso la decomposizione delle foglie creano humus.<br \/>\n<strong>Gli a<em>lberi riducono l&#8217;effetto serra perch\u00e9, fornendo ombra, riducono l&#8217;energia necessaria per il raffreddamento, inoltre diminuiscono l&#8217;anidride carbonica e producono ossigeno.<\/em><\/strong><\/p>\n<p>E questo non \u00e8 di gran lunga tutto ci\u00f2 che questa meravigliosa creatura riesce a fare. Un grande albero deciduo evapora da 200 a 300 litri di acqua al giorno. Con ci\u00f2 esso raffredda ed inumidisce l&#8217;ambiente. Attraverso il processo di evaporazione l&#8217;albero \u00e8 costretto ad assicurare nuovo rifornimento dalle radici, e cos\u00ec si crea un flusso costante di acqua prodotto dalle radici fino alle foglie; l\u00ec l&#8217;acqua evapora attraverso gli stomi e poi ricade nuovamente come precipitazioni sulla terra, bagnando non solo l&#8217;albero stesso, ma anche i suoi dintorni, che vengono cos\u00ec benedetti con l&#8217;acqua necessaria, purificata dal processo di evaporazione.<br \/>\n<strong><em>Gli alberi rinfrescano, aumentano l&#8217;umidit\u00e0 e generano le precipitazioni. Essi sono un mezzo contro la siccit\u00e0 e la crescente desertificazione<\/em><\/strong>.<\/p>\n<p>Gli alberi danno vita non solo a noi, ma anche ad innumerevoli altri organismi. Ricordiamo ad esempio la foresta pluviale tropicale, con la sua enorme variet\u00e0 di animali e piante. A ci\u00f2 si aggiunge il valore della foresta come spazio ricreativo per gli esseri umani, come protezione dalle valanghe e dall&#8217;erosione del suolo, per non parlare della toccante bellezza offerta all&#8217;occhio ed al cuore. Vedere quante cose gli alberi ci danno in termini quantitativi e qualitativi, e quanto essi siano senza pretese in merito ai loro bisogni lascia semplicemente senza fiato.<br \/>\n<strong><em>Gli alberi sono una vera meraviglia della natura, e si spera che il maggior numero possibile di persone riesca a capire ci\u00f2 e possano offrire loro l&#8217;apprezzamento ed il rispetto che si meritano. In ultima analisi, la nostra sopravvivenza dipende da loro<\/em><\/strong>.<\/p>\n<p>Pi\u00f9 alberi ci sono, pi\u00f9 pura \u00e8 quindi l&#8217;aria, pi\u00f9 moderato il clima, meno eccedenza di anidride carbonica, pi\u00f9 ossigeno e pioggia vitali, e di conseguenza pi\u00f9 legno, il quale pu\u00f2 essere utilizzato per la produzione di mobili e di calore. Sia oggi che in futuro gli alberi sono e saranno assolutamente essenziali per noi e per la nostra sopravvivenza. La fatale e quindi suicida operazione di abbattimento delle foreste pluviali deve essere fermata subito e definitivamente. Anche se molte persone stanno modificando il loro modo di pensare, ancora troppi alberi vengono abbattuti globalmente (attualmente ogni anno scompaiono foreste per una superficie che corrisponde al doppio dell&#8217;Irlanda) e, o non vengono sostituiti o vengono sostituiti in modo non paritario. Pertanto, per ogni albero abbattuto \u00e8 necessario ed urgente piantare almeno due nuovi alberi in modo da garantire a lungo termine un patrimonio forestale intatto.<\/p>\n<p><strong><em>Piantiamo alberi e salviamo il nostro pianeta! Oggi \u00e8 il giorno per iniziare con questo proposito. Piantate un albero di vostra iniziativa, o mettetevi in contatto con un&#8217;organizzazione nelle vostre vicinanze che prevede un&#8217;azione di questo tipo ed alla quale potete aderire.<\/em><\/strong><\/p>\n<p><strong><em>GRAZIE!<\/em><\/strong><\/p>\n<p><img loading=\"lazy\" decoding=\"async\" class=\"alignnone size-large wp-image-19356\" src=\"https:\/\/www.naturalscience.org\/wp-content\/uploads\/2016\/04\/arbor-day-2016-collage-it-775x1024.jpg\" alt=\"arbor-day-2016-collage-it\" width=\"775\" height=\"1024\" srcset=\"https:\/\/www.naturalscience.org\/wp-content\/uploads\/2016\/04\/arbor-day-2016-collage-it-775x1024.jpg 775w, https:\/\/www.naturalscience.org\/wp-content\/uploads\/2016\/04\/arbor-day-2016-collage-it-227x300.jpg 227w, https:\/\/www.naturalscience.org\/wp-content\/uploads\/2016\/04\/arbor-day-2016-collage-it-768x1015.jpg 768w, https:\/\/www.naturalscience.org\/wp-content\/uploads\/2016\/04\/arbor-day-2016-collage-it-124x164.jpg 124w, https:\/\/www.naturalscience.org\/wp-content\/uploads\/2016\/04\/arbor-day-2016-collage-it.jpg 971w\" sizes=\"auto, (max-width: 775px) 100vw, 775px\" \/><\/p>\n","protected":false},"excerpt":{"rendered":"Questa giornata \u00e8 una meravigliosa opportunit\u00e0 per onorare gli alberi, per ricordare ci\u00f2 che dobbiamo loro e per prendere coscienza del fatto che essi sono la soluzione per molti problemi globali esistenziali! 19304","protected":false},"author":9,"featured_media":0,"comment_status":"closed","ping_status":"closed","sticky":false,"template":"","format":"standard","meta":{"_acf_changed":false,"ngg_post_thumbnail":0,"footnotes":""},"categories":[153],"tags":[],"class_list":["post-19304","post","type-post","status-publish","format-standard","hentry","category-le-foreste","wpautop"],"acf":[],"yoast_head":"<!-- This site is optimized with the Yoast SEO plugin v27.5 - https:\/\/yoast.com\/product\/yoast-seo-wordpress\/ -->\n<title>Giornata dell&#039;Albero - The World Foundation for Natural Science<\/title>\n<meta name=\"robots\" content=\"index, follow, max-snippet:-1, max-image-preview:large, max-video-preview:-1\" \/>\n<link rel=\"canonical\" href=\"https:\/\/www.naturalscience.org\/it\/news\/2016\/04\/giornata-dellalbero\/\" \/>\n<meta name=\"twitter:label1\" content=\"Scritto da\" \/>\n\t<meta name=\"twitter:data1\" content=\"Jonas Zumkehr\" \/>\n\t<meta name=\"twitter:label2\" content=\"Tempo di lettura stimato\" \/>\n\t<meta name=\"twitter:data2\" content=\"3 minutes\" \/>\n<script type=\"application\/ld+json\" class=\"yoast-schema-graph\">{\"@context\":\"https:\\\/\\\/schema.org\",\"@graph\":[{\"@type\":\"Article\",\"@id\":\"https:\\\/\\\/www.naturalscience.org\\\/it\\\/news\\\/2016\\\/04\\\/giornata-dellalbero\\\/#article\",\"isPartOf\":{\"@id\":\"https:\\\/\\\/www.naturalscience.org\\\/it\\\/news\\\/2016\\\/04\\\/giornata-dellalbero\\\/\"},\"author\":{\"name\":\"Jonas Zumkehr\",\"@id\":\"https:\\\/\\\/www.naturalscience.org\\\/#\\\/schema\\\/person\\\/0be5d48465708d48c68f324f12edf220\"},\"headline\":\"Giornata dell&#8217;Albero\",\"datePublished\":\"2016-04-29T04:00:43+00:00\",\"dateModified\":\"2018-02-26T18:09:32+00:00\",\"mainEntityOfPage\":{\"@id\":\"https:\\\/\\\/www.naturalscience.org\\\/it\\\/news\\\/2016\\\/04\\\/giornata-dellalbero\\\/\"},\"wordCount\":667,\"image\":{\"@id\":\"https:\\\/\\\/www.naturalscience.org\\\/it\\\/news\\\/2016\\\/04\\\/giornata-dellalbero\\\/#primaryimage\"},\"thumbnailUrl\":\"https:\\\/\\\/www.naturalscience.org\\\/wp-content\\\/uploads\\\/2016\\\/04\\\/arbor-day-2016-collage-it-775x1024.jpg\",\"articleSection\":[\"Le foreste\"],\"inLanguage\":\"it-IT\"},{\"@type\":\"WebPage\",\"@id\":\"https:\\\/\\\/www.naturalscience.org\\\/it\\\/news\\\/2016\\\/04\\\/giornata-dellalbero\\\/\",\"url\":\"https:\\\/\\\/www.naturalscience.org\\\/it\\\/news\\\/2016\\\/04\\\/giornata-dellalbero\\\/\",\"name\":\"Giornata dell'Albero - The World Foundation for Natural Science\",\"isPartOf\":{\"@id\":\"https:\\\/\\\/www.naturalscience.org\\\/#website\"},\"primaryImageOfPage\":{\"@id\":\"https:\\\/\\\/www.naturalscience.org\\\/it\\\/news\\\/2016\\\/04\\\/giornata-dellalbero\\\/#primaryimage\"},\"image\":{\"@id\":\"https:\\\/\\\/www.naturalscience.org\\\/it\\\/news\\\/2016\\\/04\\\/giornata-dellalbero\\\/#primaryimage\"},\"thumbnailUrl\":\"https:\\\/\\\/www.naturalscience.org\\\/wp-content\\\/uploads\\\/2016\\\/04\\\/arbor-day-2016-collage-it-775x1024.jpg\",\"datePublished\":\"2016-04-29T04:00:43+00:00\",\"dateModified\":\"2018-02-26T18:09:32+00:00\",\"author\":{\"@id\":\"https:\\\/\\\/www.naturalscience.org\\\/#\\\/schema\\\/person\\\/0be5d48465708d48c68f324f12edf220\"},\"breadcrumb\":{\"@id\":\"https:\\\/\\\/www.naturalscience.org\\\/it\\\/news\\\/2016\\\/04\\\/giornata-dellalbero\\\/#breadcrumb\"},\"inLanguage\":\"it-IT\",\"potentialAction\":[{\"@type\":\"ReadAction\",\"target\":[\"https:\\\/\\\/www.naturalscience.org\\\/it\\\/news\\\/2016\\\/04\\\/giornata-dellalbero\\\/\"]}]},{\"@type\":\"ImageObject\",\"inLanguage\":\"it-IT\",\"@id\":\"https:\\\/\\\/www.naturalscience.org\\\/it\\\/news\\\/2016\\\/04\\\/giornata-dellalbero\\\/#primaryimage\",\"url\":\"https:\\\/\\\/www.naturalscience.org\\\/wp-content\\\/uploads\\\/2016\\\/04\\\/arbor-day-2016-collage-it-775x1024.jpg\",\"contentUrl\":\"https:\\\/\\\/www.naturalscience.org\\\/wp-content\\\/uploads\\\/2016\\\/04\\\/arbor-day-2016-collage-it-775x1024.jpg\"},{\"@type\":\"BreadcrumbList\",\"@id\":\"https:\\\/\\\/www.naturalscience.org\\\/it\\\/news\\\/2016\\\/04\\\/giornata-dellalbero\\\/#breadcrumb\",\"itemListElement\":[{\"@type\":\"ListItem\",\"position\":1,\"name\":\"Home\",\"item\":\"https:\\\/\\\/www.naturalscience.org\\\/it\\\/\"},{\"@type\":\"ListItem\",\"position\":2,\"name\":\"Giornata dell&#8217;Albero\"}]},{\"@type\":\"WebSite\",\"@id\":\"https:\\\/\\\/www.naturalscience.org\\\/#website\",\"url\":\"https:\\\/\\\/www.naturalscience.org\\\/\",\"name\":\"The World Foundation for Natural Science\",\"description\":\"Restoring and Healing the World through Responsibility and Commitment in accord with Natural and Divine Law!\",\"potentialAction\":[{\"@type\":\"SearchAction\",\"target\":{\"@type\":\"EntryPoint\",\"urlTemplate\":\"https:\\\/\\\/www.naturalscience.org\\\/?s={search_term_string}\"},\"query-input\":{\"@type\":\"PropertyValueSpecification\",\"valueRequired\":true,\"valueName\":\"search_term_string\"}}],\"inLanguage\":\"it-IT\"},{\"@type\":\"Person\",\"@id\":\"https:\\\/\\\/www.naturalscience.org\\\/#\\\/schema\\\/person\\\/0be5d48465708d48c68f324f12edf220\",\"name\":\"Jonas Zumkehr\",\"image\":{\"@type\":\"ImageObject\",\"inLanguage\":\"it-IT\",\"@id\":\"https:\\\/\\\/secure.gravatar.com\\\/avatar\\\/71cc080bd24f881147526d81de96e83defdea268b2022f6873ed28b913bc22fa?s=96&d=mm&r=g\",\"url\":\"https:\\\/\\\/secure.gravatar.com\\\/avatar\\\/71cc080bd24f881147526d81de96e83defdea268b2022f6873ed28b913bc22fa?s=96&d=mm&r=g\",\"contentUrl\":\"https:\\\/\\\/secure.gravatar.com\\\/avatar\\\/71cc080bd24f881147526d81de96e83defdea268b2022f6873ed28b913bc22fa?s=96&d=mm&r=g\",\"caption\":\"Jonas Zumkehr\"}}]}<\/script>\n<!-- \/ Yoast SEO plugin. -->","yoast_head_json":{"title":"Giornata dell'Albero - The World Foundation for Natural Science","robots":{"index":"index","follow":"follow","max-snippet":"max-snippet:-1","max-image-preview":"max-image-preview:large","max-video-preview":"max-video-preview:-1"},"canonical":"https:\/\/www.naturalscience.org\/it\/news\/2016\/04\/giornata-dellalbero\/","twitter_misc":{"Scritto da":"Jonas Zumkehr","Tempo di lettura stimato":"3 minutes"},"schema":{"@context":"https:\/\/schema.org","@graph":[{"@type":"Article","@id":"https:\/\/www.naturalscience.org\/it\/news\/2016\/04\/giornata-dellalbero\/#article","isPartOf":{"@id":"https:\/\/www.naturalscience.org\/it\/news\/2016\/04\/giornata-dellalbero\/"},"author":{"name":"Jonas Zumkehr","@id":"https:\/\/www.naturalscience.org\/#\/schema\/person\/0be5d48465708d48c68f324f12edf220"},"headline":"Giornata dell&#8217;Albero","datePublished":"2016-04-29T04:00:43+00:00","dateModified":"2018-02-26T18:09:32+00:00","mainEntityOfPage":{"@id":"https:\/\/www.naturalscience.org\/it\/news\/2016\/04\/giornata-dellalbero\/"},"wordCount":667,"image":{"@id":"https:\/\/www.naturalscience.org\/it\/news\/2016\/04\/giornata-dellalbero\/#primaryimage"},"thumbnailUrl":"https:\/\/www.naturalscience.org\/wp-content\/uploads\/2016\/04\/arbor-day-2016-collage-it-775x1024.jpg","articleSection":["Le foreste"],"inLanguage":"it-IT"},{"@type":"WebPage","@id":"https:\/\/www.naturalscience.org\/it\/news\/2016\/04\/giornata-dellalbero\/","url":"https:\/\/www.naturalscience.org\/it\/news\/2016\/04\/giornata-dellalbero\/","name":"Giornata dell'Albero - The World Foundation for Natural Science","isPartOf":{"@id":"https:\/\/www.naturalscience.org\/#website"},"primaryImageOfPage":{"@id":"https:\/\/www.naturalscience.org\/it\/news\/2016\/04\/giornata-dellalbero\/#primaryimage"},"image":{"@id":"https:\/\/www.naturalscience.org\/it\/news\/2016\/04\/giornata-dellalbero\/#primaryimage"},"thumbnailUrl":"https:\/\/www.naturalscience.org\/wp-content\/uploads\/2016\/04\/arbor-day-2016-collage-it-775x1024.jpg","datePublished":"2016-04-29T04:00:43+00:00","dateModified":"2018-02-26T18:09:32+00:00","author":{"@id":"https:\/\/www.naturalscience.org\/#\/schema\/person\/0be5d48465708d48c68f324f12edf220"},"breadcrumb":{"@id":"https:\/\/www.naturalscience.org\/it\/news\/2016\/04\/giornata-dellalbero\/#breadcrumb"},"inLanguage":"it-IT","potentialAction":[{"@type":"ReadAction","target":["https:\/\/www.naturalscience.org\/it\/news\/2016\/04\/giornata-dellalbero\/"]}]},{"@type":"ImageObject","inLanguage":"it-IT","@id":"https:\/\/www.naturalscience.org\/it\/news\/2016\/04\/giornata-dellalbero\/#primaryimage","url":"https:\/\/www.naturalscience.org\/wp-content\/uploads\/2016\/04\/arbor-day-2016-collage-it-775x1024.jpg","contentUrl":"https:\/\/www.naturalscience.org\/wp-content\/uploads\/2016\/04\/arbor-day-2016-collage-it-775x1024.jpg"},{"@type":"BreadcrumbList","@id":"https:\/\/www.naturalscience.org\/it\/news\/2016\/04\/giornata-dellalbero\/#breadcrumb","itemListElement":[{"@type":"ListItem","position":1,"name":"Home","item":"https:\/\/www.naturalscience.org\/it\/"},{"@type":"ListItem","position":2,"name":"Giornata dell&#8217;Albero"}]},{"@type":"WebSite","@id":"https:\/\/www.naturalscience.org\/#website","url":"https:\/\/www.naturalscience.org\/","name":"The World Foundation for Natural Science","description":"Restoring and Healing the World through Responsibility and Commitment in accord with Natural and Divine Law!","potentialAction":[{"@type":"SearchAction","target":{"@type":"EntryPoint","urlTemplate":"https:\/\/www.naturalscience.org\/?s={search_term_string}"},"query-input":{"@type":"PropertyValueSpecification","valueRequired":true,"valueName":"search_term_string"}}],"inLanguage":"it-IT"},{"@type":"Person","@id":"https:\/\/www.naturalscience.org\/#\/schema\/person\/0be5d48465708d48c68f324f12edf220","name":"Jonas Zumkehr","image":{"@type":"ImageObject","inLanguage":"it-IT","@id":"https:\/\/secure.gravatar.com\/avatar\/71cc080bd24f881147526d81de96e83defdea268b2022f6873ed28b913bc22fa?s=96&d=mm&r=g","url":"https:\/\/secure.gravatar.com\/avatar\/71cc080bd24f881147526d81de96e83defdea268b2022f6873ed28b913bc22fa?s=96&d=mm&r=g","contentUrl":"https:\/\/secure.gravatar.com\/avatar\/71cc080bd24f881147526d81de96e83defdea268b2022f6873ed28b913bc22fa?s=96&d=mm&r=g","caption":"Jonas Zumkehr"}}]}},"_links":{"self":[{"href":"https:\/\/www.naturalscience.org\/it\/wp-json\/wp\/v2\/posts\/19304","targetHints":{"allow":["GET"]}}],"collection":[{"href":"https:\/\/www.naturalscience.org\/it\/wp-json\/wp\/v2\/posts"}],"about":[{"href":"https:\/\/www.naturalscience.org\/it\/wp-json\/wp\/v2\/types\/post"}],"author":[{"embeddable":true,"href":"https:\/\/www.naturalscience.org\/it\/wp-json\/wp\/v2\/users\/9"}],"replies":[{"embeddable":true,"href":"https:\/\/www.naturalscience.org\/it\/wp-json\/wp\/v2\/comments?post=19304"}],"version-history":[{"count":7,"href":"https:\/\/www.naturalscience.org\/it\/wp-json\/wp\/v2\/posts\/19304\/revisions"}],"predecessor-version":[{"id":27049,"href":"https:\/\/www.naturalscience.org\/it\/wp-json\/wp\/v2\/posts\/19304\/revisions\/27049"}],"wp:attachment":[{"href":"https:\/\/www.naturalscience.org\/it\/wp-json\/wp\/v2\/media?parent=19304"}],"wp:term":[{"taxonomy":"category","embeddable":true,"href":"https:\/\/www.naturalscience.org\/it\/wp-json\/wp\/v2\/categories?post=19304"},{"taxonomy":"post_tag","embeddable":true,"href":"https:\/\/www.naturalscience.org\/it\/wp-json\/wp\/v2\/tags?post=19304"}],"curies":[{"name":"wp","href":"https:\/\/api.w.org\/{rel}","templated":true}]}}