{"id":41372,"date":"2024-11-04T18:06:01","date_gmt":"2024-11-04T17:06:01","guid":{"rendered":"https:\/\/www.naturalscience.org\/?p=41372"},"modified":"2024-11-04T18:11:18","modified_gmt":"2024-11-04T17:11:18","slug":"le-rayonnement-de-la-telephonie-mobile-est-il-inoffensif","status":"publish","type":"post","link":"https:\/\/www.naturalscience.org\/fr\/news\/2024\/11\/le-rayonnement-de-la-telephonie-mobile-est-il-inoffensif\/","title":{"rendered":"Le rayonnement de la t\u00e9l\u00e9phonie mobile est-il inoffensif\u00a0?"},"content":{"rendered":"<p><strong>En 2011, le Centre international de recherche sur le cancer (CIRC), une agence de l&rsquo;Organisation mondiale de la sant\u00e9 (OMS), a class\u00e9 les rayonnements de la t\u00e9l\u00e9phonie mobile comme&nbsp;\u00ab&nbsp;potentiellement canc\u00e9rig\u00e8nes&nbsp;\u00bb (niveau 2B).<\/strong> Cette classification est depuis lors une \u00e9pine dans le pied de l&rsquo;industrie de la t\u00e9l\u00e9phonie mobile, qui cherche \u00e0 l&rsquo;\u00e9liminer.<\/p>\n<p>Une d\u00e9claration faite d\u00e9but septembre 2024, qui s&rsquo;est r\u00e9pandue comme une tra\u00een\u00e9e de poudre dans le monde entier<span class=\"footnote_referrer\"><a role=\"button\" tabindex=\"0\" onclick=\"footnote_moveToReference_41372_1('footnote_plugin_reference_41372_1_1');\" onkeypress=\"footnote_moveToReference_41372_1('footnote_plugin_reference_41372_1_1');\" ><sup id=\"footnote_plugin_tooltip_41372_1_1\" class=\"footnote_plugin_tooltip_text\">1)<\/sup><\/a><span id=\"footnote_plugin_tooltip_text_41372_1_1\" class=\"footnote_tooltip\">Washington Post (2024): Do cellphones cause brain cancer? A WHO review of 63 studies finds no link.Rachel Pannett, 03.09.2024.\u2013<a href=\"https:\/\/www.washingtonpost.com\/wellness\/2024\/09\/03\/cellphones-cancer-risk-radiation\/\" target=\"_blank\" rel=\"noopener\"><span class=\"footnote_url_wrap\">https:\/\/www.washingtonpost.com\/wellness\/2024\/09\/03\/cellphones-cancer-risk-radiation\/<\/span><\/a><br \/>\nThe Guardian (2024): Mobile phones not linked to brain cancer, biggest study to date finds. Natasha May, 03.09.2024. <a href=\"https:\/\/www.theguardian.com\/science\/article\/2024\/sep\/04\/mobile-phones-not-linked-to-brain-cancer-biggest-study-to-date-finds\" target=\"_blank\" rel=\"noopener\"><span class=\"footnote_url_wrap\">https:\/\/www.theguardian.com\/science\/article\/2024\/sep\/04\/mobile-phones-not-linked-to-brain-cancer-biggest-study-to-date-finds<\/span><\/a><br \/>\nBlick (2024): Handys nicht schuld an Hirntumoren. Thomas Benk\u00f6, 04.09.2024. <a href=\"https:\/\/www.blick.ch\/digital\/who-studie-gibt-entwarnung-handys-nicht-schuld-an-hirntumoren-id20105194.html\" target=\"_blank\" rel=\"noopener\"><span class=\"footnote_url_wrap\">https:\/\/www.blick.ch\/digital\/who-studie-gibt-entwarnung-handys-nicht-schuld-an-hirntumoren-id20105194.html<\/span><\/a><br \/>\nS\u00fcddeutsche Zeitung (2024): Studie: Handynutzung erh\u00f6ht das Krebsrisiko nicht. Deutsche Presse Agentur, 06.09.2024.<a href=\"https:\/\/www.sueddeutsche.de\/wissen\/gesundheit-studie-handynutzung-erhoeht-das-krebsrisiko-nicht-dpa.urn-newsml-dpa-com-20090101-240905-930-224010\" target=\"_blank\" rel=\"noopener\"><span class=\"footnote_url_wrap\">https:\/\/www.sueddeutsche.de\/wissen\/gesundheit-studie-handynutzung-erhoeht-das-krebsrisiko-nicht-dpa.urn-newsml-dpa-com-20090101-240905-930-224010<\/span><\/a><\/span><\/span><script type=\"text\/javascript\"> jQuery('#footnote_plugin_tooltip_41372_1_1').tooltip({ tip: '#footnote_plugin_tooltip_text_41372_1_1', tipClass: 'footnote_tooltip', effect: 'fade', predelay: 0, fadeInSpeed: 200, delay: 400, fadeOutSpeed: 200, position: 'top right', relative: true, offset: [10, 10], });<\/script>,a donc d\u00fb r\u00e9jouir l&rsquo;industrie. On y apprenait que la plus grande m\u00e9ta-\u00e9tude jamais r\u00e9alis\u00e9e avait clairement d\u00e9montr\u00e9 qu&rsquo;il n&rsquo;y avait pas de lien entre le rayonnement de la t\u00e9l\u00e9phonie mobile et l&rsquo;apparition du cancer. En r\u00e9action, l&rsquo;American Council on Science and Health a \u00e9crit&nbsp;:&nbsp;\u00ab&nbsp;N&rsquo;h\u00e9sitez donc pas \u00e0 t\u00e9l\u00e9phoner, \u00e0 envoyer un SMS ou \u00e0 scroller &#8211; votre cerveau n\u2019en sera pas endommag\u00e9. [&#8230;] Comme les preuves scientifiques s&rsquo;accumulent, il est clair que nous pouvons profiter du confort de nos appareils sans craindre de l\u00e9sions et mettre de c\u00f4t\u00e9 les pr\u00e9occupations d\u00e9pass\u00e9es concernant les effets sur notre sant\u00e9 physique&nbsp;\u00bb <span class=\"footnote_referrer\"><a role=\"button\" tabindex=\"0\" onclick=\"footnote_moveToReference_41372_1('footnote_plugin_reference_41372_1_2');\" onkeypress=\"footnote_moveToReference_41372_1('footnote_plugin_reference_41372_1_2');\" ><sup id=\"footnote_plugin_tooltip_41372_1_2\" class=\"footnote_plugin_tooltip_text\">2)<\/sup><\/a><span id=\"footnote_plugin_tooltip_text_41372_1_2\" class=\"footnote_tooltip\">American Council on Science and Health (2024): More Evidence Cell Phones Don\u2019t Cause Cancer. Susan Goldhaber, 13.09.2024. <a href=\"https:\/\/www.acsh.org\/news\/2024\/09\/13\/more-evidence-cell-phones-dont-cause-cancer-48991\" target=\"_blank\" rel=\"noopener\"><span class=\"footnote_url_wrap\">https:\/\/www.acsh.org\/news\/2024\/09\/13\/more-evidence-cell-phones-dont-cause-cancer-48991<\/span><\/a><\/span><\/span><script type=\"text\/javascript\"> jQuery('#footnote_plugin_tooltip_41372_1_2').tooltip({ tip: '#footnote_plugin_tooltip_text_41372_1_2', tipClass: 'footnote_tooltip', effect: 'fade', predelay: 0, fadeInSpeed: 200, delay: 400, fadeOutSpeed: 200, position: 'top right', relative: true, offset: [10, 10], });<\/script>.<\/p>\n<p>Est-ce donc l\u00e0 la bonne nouvelle que tout le monde attendait depuis longtemps&nbsp;? Nous pouvons utiliser sans souci et sans crainte de cons\u00e9quences pour la sant\u00e9 tous nos appareils et technologies sans fil bas\u00e9s sur la technologie des micro-ondes, tels que smartphones, tablettes, Bluetooth, WiFi, babyphones, etc. et les confier sans crainte \u00e0 nos enfants et adolescents&nbsp;? Le sujet est-il ainsi d\u00e9finitivement clos et aucune recherche suppl\u00e9mentaire n&rsquo;est-elle n\u00e9cessaire&nbsp;? La classification du CIRC est-elle donc d\u00e9pass\u00e9e et doit-elle \u00eatre r\u00e9vis\u00e9e&nbsp;?<\/p>\n<p><img loading=\"lazy\" decoding=\"async\" class=\"size-medium wp-image-41199 aligncenter\" src=\"https:\/\/www.naturalscience.org\/wp-content\/uploads\/2024\/10\/AdobeStock_288322225-SMALL-300x200.jpeg\" alt=\"\" width=\"300\" height=\"200\" srcset=\"https:\/\/www.naturalscience.org\/wp-content\/uploads\/2024\/10\/AdobeStock_288322225-SMALL-300x200.jpeg 300w, https:\/\/www.naturalscience.org\/wp-content\/uploads\/2024\/10\/AdobeStock_288322225-SMALL-1024x683.jpeg 1024w, https:\/\/www.naturalscience.org\/wp-content\/uploads\/2024\/10\/AdobeStock_288322225-SMALL-768x512.jpeg 768w, https:\/\/www.naturalscience.org\/wp-content\/uploads\/2024\/10\/AdobeStock_288322225-SMALL-1536x1024.jpeg 1536w, https:\/\/www.naturalscience.org\/wp-content\/uploads\/2024\/10\/AdobeStock_288322225-SMALL-2048x1365.jpeg 2048w, https:\/\/www.naturalscience.org\/wp-content\/uploads\/2024\/10\/AdobeStock_288322225-SMALL-164x109.jpeg 164w, https:\/\/www.naturalscience.org\/wp-content\/uploads\/2024\/10\/AdobeStock_288322225-SMALL-400x267.jpeg 400w, https:\/\/www.naturalscience.org\/wp-content\/uploads\/2024\/10\/AdobeStock_288322225-SMALL-500x333.jpeg 500w\" sizes=\"auto, (max-width: 300px) 100vw, 300px\" \/><\/p>\n<p><strong>L&rsquo;affaire n&rsquo;est pas aussi claire que les m\u00e9dias le pr\u00e9tendent<\/strong>, et m\u00eame l&rsquo;\u00e9tude cit\u00e9e comme preuve n&rsquo;est pas tout \u00e0 fait exempte de tout reproche, comme nous allons vous le montrer ci-apr\u00e8s&nbsp;:<\/p>\n<ul>\n<li><strong>Les rapports des m\u00e9dias ont donn\u00e9 l&rsquo;impression qu&rsquo;il s&rsquo;agissait d&rsquo;une \u00e9tude de l&rsquo;OMS et que celle-ci repr\u00e9sentait naturellement l&rsquo;opinion de l&rsquo;OMS.<\/strong> Ce n&rsquo;est pas exact. Apr\u00e8s une tentative rat\u00e9e en 2012, l&rsquo;OMS a lanc\u00e9 en 2019 un appel \u00e0 la soumission d&rsquo;\u00e9tudes sous forme de&nbsp;\u00ab&nbsp;revues syst\u00e9matiques&nbsp;\u00bb pour la r\u00e9\u00e9valuation des risques li\u00e9s au rayonnement de la t\u00e9l\u00e9phonie mobile. Sur la base de ces \u00e9tudes, l&rsquo;OMS entend proc\u00e9der \u00e0 une telle r\u00e9\u00e9valuation (probablement au plus t\u00f4t en 2027). Toutefois, cet appel n&rsquo;a pas \u00e9t\u00e9 lanc\u00e9 publiquement, mais par le biais d&rsquo;une liste de diffusion, excluant d&#8217;embl\u00e9e les scientifiques critiques envers la t\u00e9l\u00e9phonie mobile.<\/li>\n<li>Jusqu\u2019en juillet 2024, sept \u00e9tudes sur dix avaient \u00e9t\u00e9 soumises. D\u00e9j\u00e0 \u00e0 l&rsquo;\u00e9poque, des scientifiques et des organisations, comme la Commission internationale sur les effets biologiques des champs \u00e9lectromagn\u00e9tiques (ICBE-EMF), avaient signal\u00e9 <strong>que ces \u00e9tudes comportaient de graves erreurs et avaient m\u00eame parfois exig\u00e9 leur retrait.<\/strong><span class=\"footnote_referrer\"><a role=\"button\" tabindex=\"0\" onclick=\"footnote_moveToReference_41372_1('footnote_plugin_reference_41372_1_3');\" onkeypress=\"footnote_moveToReference_41372_1('footnote_plugin_reference_41372_1_3');\" ><sup id=\"footnote_plugin_tooltip_41372_1_3\" class=\"footnote_plugin_tooltip_text\">3)<\/sup><\/a><span id=\"footnote_plugin_tooltip_text_41372_1_3\" class=\"footnote_tooltip\">Electromagnetic Radiation Safety (2024): ICBE-EMF finds serious problems with WHO-Commissioned review of human observational studies on the effects of exposure to radio-frequency EMFs. 15.07.2024. <a href=\"https:\/\/www.saferemr.com\/2021\/09\/who-radiofrequency-emf-health-risk.html\" target=\"_blank\" rel=\"noopener\"><span class=\"footnote_url_wrap\">https:\/\/www.saferemr.com\/2021\/09\/who-radiofrequency-emf-health-risk.html<\/span><\/span><\/span><script type=\"text\/javascript\"> jQuery('#footnote_plugin_tooltip_41372_1_3').tooltip({ tip: '#footnote_plugin_tooltip_text_41372_1_3', tipClass: 'footnote_tooltip', effect: 'fade', predelay: 0, fadeInSpeed: 200, delay: 400, fadeOutSpeed: 200, position: 'top right', relative: true, offset: [10, 10], });<\/script><\/a><\/li>\n<li>Les <strong>liens \u00e9troits entre une grande partie des scientifiques impliqu\u00e9s dans les \u00e9tudes et l&rsquo;ICNIRP<\/strong>, la Commission internationale pour la protection contre les rayonnements non ionisants, ont \u00e9t\u00e9 particuli\u00e8rement critiqu\u00e9s. L&rsquo;ICNIRP est une association non gouvernementale bas\u00e9e en Allemagne et financ\u00e9e \u00e0 75&nbsp;% par l&rsquo;argent des contribuables allemands. Malgr\u00e9 des preuves accablantes<span class=\"footnote_referrer\"><a role=\"button\" tabindex=\"0\" onclick=\"footnote_moveToReference_41372_1('footnote_plugin_reference_41372_1_4');\" onkeypress=\"footnote_moveToReference_41372_1('footnote_plugin_reference_41372_1_4');\" ><sup id=\"footnote_plugin_tooltip_41372_1_4\" class=\"footnote_plugin_tooltip_text\">4)<\/sup><\/a><span id=\"footnote_plugin_tooltip_text_41372_1_4\" class=\"footnote_tooltip\">Vgl. z. B. <a href=\"https:\/\/www.emf-portal.org\/de\" target=\"_blank\" rel=\"noopener\">www.emf-portal.org<\/a>; <a href=\"https:\/\/bioinitiative.org\/\" target=\"_blank\" rel=\"noopener\">www.bioinitiative.org<\/a>; <a href=\"https:\/\/www.emfdata.org\/de\" target=\"_blank\" rel=\"noopener\">www.emfdata.org<\/a><\/span><\/span><script type=\"text\/javascript\"> jQuery('#footnote_plugin_tooltip_41372_1_4').tooltip({ tip: '#footnote_plugin_tooltip_text_41372_1_4', tipClass: 'footnote_tooltip', effect: 'fade', predelay: 0, fadeInSpeed: 200, delay: 400, fadeOutSpeed: 200, position: 'top right', relative: true, offset: [10, 10], });<\/script> la Commission nie l&rsquo;existence de tout effet non thermique des rayonnements micro-ondes et sert avant tout d&rsquo;organe de l\u00e9gitimation pour l&rsquo;industrie de la t\u00e9l\u00e9phonie mobile. En 2019, des journalistes d&rsquo;investigation de huit pays europ\u00e9ens ont r\u00e9v\u00e9l\u00e9 dans de grands m\u00e9dias d&rsquo;information les <strong>conflits d&rsquo;int\u00e9r\u00eats de ce&nbsp;\u00ab&nbsp;cartel de l&rsquo;ICNIRP<\/strong>&nbsp;\u00bb.<span class=\"footnote_referrer\"><a role=\"button\" tabindex=\"0\" onclick=\"footnote_moveToReference_41372_1('footnote_plugin_reference_41372_1_5');\" onkeypress=\"footnote_moveToReference_41372_1('footnote_plugin_reference_41372_1_5');\" ><sup id=\"footnote_plugin_tooltip_41372_1_5\" class=\"footnote_plugin_tooltip_text\">5)<\/sup><\/a><span id=\"footnote_plugin_tooltip_text_41372_1_5\" class=\"footnote_tooltip\">Electromagnetic Radiation Safety (2023): ICNIRP&rsquo;s wireless radiation exposure limits are based on smoke and mirrors. 25.07.2022 <a href=\"https:\/\/www.saferemr.com\/2018\/07\/icnirps-exposure-guidelines-for-radio.html\" target=\"_blank\" rel=\"noopener\"><span class=\"footnote_url_wrap\">https:\/\/www.saferemr.com\/2018\/07\/icnirps-exposure-guidelines-for-radio.html<\/span><\/a>&nbsp;Diagnose-funk (2019): Europa ignoriert m\u00f6gliches Krebsrisiko von 5G \u2013 Tagespiegel recherchiert zu 5G \/ Mobilfunkstudienlage. 14.01.2019 <a href=\"https:\/\/www.diagnose-funk.org\/aktuelles\/artikel-archiv\/detail?newsid=1335\" target=\"_blank\" rel=\"noopener\"><span class=\"footnote_url_wrap\">https:\/\/www.diagnose-funk.org\/aktuelles\/artikel-archiv\/detail?newsid=1335<\/span><\/a>Diagnose-funk (2024): Alter Wein in neuen Schl\u00e4uchen! Entschl\u00fcsselung der neuen ICNIRP-Krebsstudie \u2013 Spiel vorbei? Wahrscheinlich nicht! Louis Slesin, 12.09.2024. <a href=\"https:\/\/www.diagnose-funk.org\/aktuelles\/artikel-archiv\/detail&amp;newsid=2125\" target=\"_blank\" rel=\"noopener\"><span class=\"footnote_url_wrap\">https:\/\/www.diagnose-funk.org\/aktuelles\/artikel-archiv\/detail&amp;newsid=2125<\/span><\/a>Microwavenews (2024): Old Wine in New Bottles. Decoding New WHO\u2013ICNIRP Cancer Review \u2013 Game Over? Likely Not. 11.09.2024&nbsp;<a href=\"https:\/\/www.microwavenews.com\/news-center\/old-wine-new-bottles\" target=\"_blank\" rel=\"noopener\"><span class=\"footnote_url_wrap\">https:\/\/www.microwavenews.com\/news-center\/old-wine-new-bottles<\/span><\/a><\/span><\/span><script type=\"text\/javascript\"> jQuery('#footnote_plugin_tooltip_41372_1_5').tooltip({ tip: '#footnote_plugin_tooltip_text_41372_1_5', tipClass: 'footnote_tooltip', effect: 'fade', predelay: 0, fadeInSpeed: 200, delay: 400, fadeOutSpeed: 200, position: 'top right', relative: true, offset: [10, 10], });<\/script><strong> Onze des 21 experts nomm\u00e9s par l&rsquo;OMS dans les groupes d&rsquo;\u00e9tude sont actuellement membres de l&rsquo;ICNIRP ou l&rsquo;ont \u00e9t\u00e9 par le pass\u00e9.<\/strong> Chacune des dix \u00e9tudes a impliqu\u00e9 au moins un scientifique li\u00e9 \u00e0 l&rsquo;ICNIRP, plusieurs d&rsquo;entre eux ayant particip\u00e9 \u00e0 diff\u00e9rentes \u00e9tudes.<sup>3)<\/sup> <strong>En revanche, aucun des 250 scientifiques signataires de l&rsquo;Appel aux Nations unies pour la protection contre l&rsquo;exposition aux champs \u00e9lectromagn\u00e9tiques non ionisants&nbsp;<\/strong><span class=\"footnote_referrer\"><a role=\"button\" tabindex=\"0\" onclick=\"footnote_moveToReference_41372_1('footnote_plugin_reference_41372_1_6');\" onkeypress=\"footnote_moveToReference_41372_1('footnote_plugin_reference_41372_1_6');\" ><sup id=\"footnote_plugin_tooltip_41372_1_6\" class=\"footnote_plugin_tooltip_text\">6)<\/sup><\/a><span id=\"footnote_plugin_tooltip_text_41372_1_6\" class=\"footnote_tooltip\">International Appeal: Scientists call for protection from non-ionizing electromagnetic field exposure. Eur J Oncol. 2015 Dec. 20;20(3\/4):180-2. <a href=\"https:\/\/emfscientist.org\/index.php\/emf-scientist-appeal\" target=\"_blank\" rel=\"noopener\"><span class=\"footnote_url_wrap\">https:\/\/emfscientist.org\/index.php\/emf-scientist-appeal<\/span><\/a><\/span><\/span><script type=\"text\/javascript\"> jQuery('#footnote_plugin_tooltip_41372_1_6').tooltip({ tip: '#footnote_plugin_tooltip_text_41372_1_6', tipClass: 'footnote_tooltip', effect: 'fade', predelay: 0, fadeInSpeed: 200, delay: 400, fadeOutSpeed: 200, position: 'top right', relative: true, offset: [10, 10], });<\/script> <strong>n&rsquo;a \u00e9t\u00e9 s\u00e9lectionn\u00e9 par l&rsquo;OMS pour faire partie du groupe de travail.<\/strong> L&rsquo;\u00e9tude sur le cancer cit\u00e9e par les m\u00e9dias a \u00e9t\u00e9 r\u00e9alis\u00e9e par l&rsquo;Australien Ken Karipidis&nbsp;; il est le vice-pr\u00e9sident de l&rsquo;ICNIRP. Les co-auteurs sont, entre autres, le Suisse Martin R\u00f6\u00f6sli, qui a \u00e9t\u00e9 membre de l&rsquo;ICNIRP de 2016 \u00e0 2024, et l&rsquo;Allemand Dan Baaken, scientifique de l&rsquo;ICNIRP.<\/li>\n<li>Les articles publi\u00e9s dans le monde entier sugg\u00e8rent qu&rsquo;avec l&rsquo;\u00e9tude de Karipidis et al., l&rsquo;innocuit\u00e9 du rayonnement de la t\u00e9l\u00e9phonie mobile est d\u00e9sormais d\u00e9finitivement prouv\u00e9e. <strong>Il n&rsquo;est toutefois pas question d&rsquo;une preuve concluante, comme le montre clairement l&rsquo;\u00e9tude elle-m\u00eame.<\/strong> Ainsi, en ce qui concerne les risques li\u00e9s \u00e0 l&rsquo;utilisation du t\u00e9l\u00e9phone portable \u00e0 l&rsquo;oreille, il est dit qu&rsquo;il existe des&nbsp;\u00ab&nbsp;indications mod\u00e9r\u00e9es&nbsp;\u00bb selon lesquelles cela n&rsquo;augmente&nbsp;\u00ab&nbsp;probablement pas&nbsp;\u00bb le risque de tumeurs. En ce qui concerne le risque de cancer li\u00e9 \u00e0 l&rsquo;utilisation d&rsquo;un t\u00e9l\u00e9phone sans fil ou d&rsquo;un t\u00e9l\u00e9phone portable, il est question de&nbsp;\u00ab&nbsp;preuves peu probantes&nbsp;\u00bb. Il en va de m\u00eame pour les risques li\u00e9s \u00e0 l&rsquo;exposition dans le cadre professionnel. En ce qui concerne le risque de cancer chez les enfants expos\u00e9s aux rayonnements des stations \u00e9mettrices, l&rsquo;\u00e9tude indique qu&rsquo;il existe&nbsp;\u00ab&nbsp;des indications mod\u00e9r\u00e9ment s\u00fbres que cela n&rsquo;augmente probablement pas le risque de leuc\u00e9mie chez les enfants et des indications peu s\u00fbres que cela n&rsquo;augmente pas le risque de tumeurs c\u00e9r\u00e9brales p\u00e9diatriques&nbsp;\u00bb. En ce qui concerne les risques pour les adultes expos\u00e9s au rayonnement des antennes relais de t\u00e9l\u00e9phonie mobile, les auteurs \u00e9crivent m\u00eame qu&rsquo;il n&rsquo;existe aucune \u00e9tude probante&nbsp;!<span class=\"footnote_referrer\"><a role=\"button\" tabindex=\"0\" onclick=\"footnote_moveToReference_41372_1('footnote_plugin_reference_41372_1_7');\" onkeypress=\"footnote_moveToReference_41372_1('footnote_plugin_reference_41372_1_7');\" ><sup id=\"footnote_plugin_tooltip_41372_1_7\" class=\"footnote_plugin_tooltip_text\">7)<\/sup><\/a><span id=\"footnote_plugin_tooltip_text_41372_1_7\" class=\"footnote_tooltip\">Karipidis, K., Baaken, D., Loney, T., Blettner, M., Brzozek, C., Elwood, M., &#8230; &amp; Lagorio, S. (2024). The effect of exposure to radiofrequency fields on cancer risk in the general and working population: A systematic review of human observational studies\u2013Part I: Most researched outcomes. Environment International, 108983 Diagnose-funk (2024): Einseitige ICNIRP-Studie behauptet, Handynutzung erh\u00f6he Krebsrisiko nicht. Ist das so? 14.09.2024. <a href=\"https:\/\/www.diagnose-funk.org\/aktuelles\/artikel-archiv\/detail?newsid=2127\" target=\"_blank\" rel=\"noopener\"><span class=\"footnote_url_wrap\">https:\/\/www.diagnose-funk.org\/aktuelles\/artikel-archiv\/detail?newsid=2127<\/span><\/a><\/span><\/span><script type=\"text\/javascript\"> jQuery('#footnote_plugin_tooltip_41372_1_7').tooltip({ tip: '#footnote_plugin_tooltip_text_41372_1_7', tipClass: 'footnote_tooltip', effect: 'fade', predelay: 0, fadeInSpeed: 200, delay: 400, fadeOutSpeed: 200, position: 'top right', relative: true, offset: [10, 10], });<\/script><strong> Des d\u00e9clarations telles que&nbsp;\u00ab&nbsp;avec une certitude mod\u00e9r\u00e9e\/faible&nbsp;\u00bb,&nbsp;\u00ab&nbsp;probablement pas&nbsp;\u00bb ou m\u00eame&nbsp;\u00ab&nbsp;aucune \u00e9tude disponible&nbsp;\u00bb sont tout sauf des preuves \u00e9videntes de l&rsquo;innocuit\u00e9 du rayonnement des micro-ondes&nbsp;!<\/strong><\/li>\n<li>L&rsquo;\u00e9tude de Karipidis et al. affirme que les champs \u00e9lectromagn\u00e9tiques ne peuvent en principe pas provoquer de modifications cellulaires et donc pas de cancer en raison de leur faible \u00e9nergie. C&rsquo;est ce que l&rsquo;on appelle le&nbsp;\u00ab&nbsp;dogme thermique&nbsp;\u00bb.<strong> Cette approche n&rsquo;est pas scientifique et nie tous les dommages qui vont au-del\u00e0 de l&rsquo;\u00e9chauffement des tissus, comme par exemple les ruptures de brins d&rsquo;ADN, les aberrations chromosomiques, l&rsquo;alt\u00e9ration de la barri\u00e8re h\u00e9mato-enc\u00e9phalique<\/strong><span class=\"footnote_referrer\"><a role=\"button\" tabindex=\"0\" onclick=\"footnote_moveToReference_41372_1('footnote_plugin_reference_41372_1_8');\" onkeypress=\"footnote_moveToReference_41372_1('footnote_plugin_reference_41372_1_8');\" ><sup id=\"footnote_plugin_tooltip_41372_1_8\" class=\"footnote_plugin_tooltip_text\">8)<\/sup><\/a><span id=\"footnote_plugin_tooltip_text_41372_1_8\" class=\"footnote_tooltip\">Salford LG, Brun AE, Eberhardt JL, Malmgren L, Persson BR. Environ Health Perspect (2003): Nerve cell damage in mammalian brain after exposure to microwaves from GSM mobile phones. med.\/bio.<\/span><\/span><script type=\"text\/javascript\"> jQuery('#footnote_plugin_tooltip_41372_1_8').tooltip({ tip: '#footnote_plugin_tooltip_text_41372_1_8', tipClass: 'footnote_tooltip', effect: 'fade', predelay: 0, fadeInSpeed: 200, delay: 400, fadeOutSpeed: 200, position: 'top right', relative: true, offset: [10, 10], });<\/script><strong>,&nbsp;les d\u00e9gradations des spermatozo\u00efdes et de la fertilit\u00e9<\/strong><span class=\"footnote_referrer\"><a role=\"button\" tabindex=\"0\" onclick=\"footnote_moveToReference_41372_1('footnote_plugin_reference_41372_1_9');\" onkeypress=\"footnote_moveToReference_41372_1('footnote_plugin_reference_41372_1_9');\" ><sup id=\"footnote_plugin_tooltip_41372_1_9\" class=\"footnote_plugin_tooltip_text\">9)<\/sup><\/a><span id=\"footnote_plugin_tooltip_text_41372_1_9\" class=\"footnote_tooltip\">Cordelli E, Ardoino L, Benassi B, Consales C, Eleuteri P, Marino C, Sciortino M, Villani P, Brinkworth MH, Chen G, McNamee JP, Wood AW, Belackova L, Verbeek J, Pacchierotti F (2024): Effects of radiofrequency electromagnetic field (RF-EMF) exposure on male fertility: A systematic review of experimental studies on non-human mammals and human sperm in vitro. Environment International, 185, 108509<\/span><\/span><script type=\"text\/javascript\"> jQuery('#footnote_plugin_tooltip_41372_1_9').tooltip({ tip: '#footnote_plugin_tooltip_text_41372_1_9', tipClass: 'footnote_tooltip', effect: 'fade', predelay: 0, fadeInSpeed: 200, delay: 400, fadeOutSpeed: 200, position: 'top right', relative: true, offset: [10, 10], });<\/script><strong> et surtout le stress oxydatif des cellules<\/strong><span class=\"footnote_referrer\"><a role=\"button\" tabindex=\"0\" onclick=\"footnote_moveToReference_41372_1('footnote_plugin_reference_41372_1_10');\" onkeypress=\"footnote_moveToReference_41372_1('footnote_plugin_reference_41372_1_10');\" ><sup id=\"footnote_plugin_tooltip_41372_1_10\" class=\"footnote_plugin_tooltip_text\">10)<\/sup><\/a><span id=\"footnote_plugin_tooltip_text_41372_1_10\" class=\"footnote_tooltip\">Pall (2018): 5G: Great risk for EU, U.S. and International Health! Compelling Evidence for Eight Distinct Types of Great Harm Caused by Electromagnetic Field (EMF) Exposures and the Mechanism that Causes Them, Written and Compiled by Martin L. Pall, PhD Yakymenko, I., Tsybulin, O., Sidorik, E., Henshel, D., Kyrylenko, O., &amp; Kyrylenko, S. (2016). Oxidative mechanisms of biological activity of low-intensity radiofrequency radiation. Electromagnetic biology and medicine, 35(2), 186-202.<\/span><\/span><script type=\"text\/javascript\"> jQuery('#footnote_plugin_tooltip_41372_1_10').tooltip({ tip: '#footnote_plugin_tooltip_text_41372_1_10', tipClass: 'footnote_tooltip', effect: 'fade', predelay: 0, fadeInSpeed: 200, delay: 400, fadeOutSpeed: 200, position: 'top right', relative: true, offset: [10, 10], });<\/script>, bien que ces effets soient bien document\u00e9s.<span class=\"footnote_referrer\"><a role=\"button\" tabindex=\"0\" onclick=\"footnote_moveToReference_41372_1('footnote_plugin_reference_41372_1_11');\" onkeypress=\"footnote_moveToReference_41372_1('footnote_plugin_reference_41372_1_11');\" ><sup id=\"footnote_plugin_tooltip_41372_1_11\" class=\"footnote_plugin_tooltip_text\">11)<\/sup><\/a><span id=\"footnote_plugin_tooltip_text_41372_1_11\" class=\"footnote_tooltip\">An overview of non-thermal effects can be found here, for example: Diagnose-funk (2024): \u00dcBERBLICK f\u00fcr den Durchblick \u2013 Stand der Forschung Mobilfunkstrahlung. 29.08.2024 <a href=\"https:\/\/www.diagnose-funk.org\/aktuelles\/artikel-archiv\/detail&amp;newsid=2090\" target=\"_blank\" rel=\"noopener\"><span class=\"footnote_url_wrap\">https:\/\/www.diagnose-funk.org\/aktuelles\/artikel-archiv\/detail&amp;newsid=2090<\/span><\/a>Kompetenzinitiative (2024): ATHEM-3: Indikatoren f\u00fcr Gesundheitsrisiken in Bezug auf station\u00e4re Mobilfunk-Sender <a href=\"https:\/\/kompetenzinitiative.com\/athem-3-indikatoren-fuer-gesundheitsrisiken-in-bezug-auf-stationaere-mobilfunk-sender\/\" target=\"_blank\" rel=\"noopener\"><span class=\"footnote_url_wrap\">https:\/\/kompetenzinitiative.com\/athem-3-indikatoren-fuer-gesundheitsrisiken-in-bezug-auf-stationaere-mobilfunk-sender\/<\/span><\/a><\/span><\/span><script type=\"text\/javascript\"> jQuery('#footnote_plugin_tooltip_41372_1_11').tooltip({ tip: '#footnote_plugin_tooltip_text_41372_1_11', tipClass: 'footnote_tooltip', effect: 'fade', predelay: 0, fadeInSpeed: 200, delay: 400, fadeOutSpeed: 200, position: 'top right', relative: true, offset: [10, 10], });<\/script><\/li>\n<li>Karipidis et al. <strong>n&rsquo;ont \u00e9valu\u00e9 que des \u00e9tudes \u00e9pid\u00e9miologiques<\/strong> (par exemple des \u00e9tudes cas-t\u00e9moins, des enqu\u00eates, l&rsquo;analyse de dossiers m\u00e9dicaux et autres), et non des \u00e9tudes m\u00e9dico-biologiques. Il est bien connu dans le monde scientifique que les \u00e9tudes \u00e9pid\u00e9miologiques sont souvent biais\u00e9es. Pour une \u00e9valuation approfondie des risques, il faut donc prendre en compte les \u00e9tudes \u00e9pid\u00e9miologiques, les \u00e9tudes cellulaires en laboratoire (in vitro) et les \u00e9tudes sur les animaux et les humains (in vivo) et en combiner les r\u00e9sultats.<\/li>\n<li>Les auteurs de l&rsquo;\u00e9tude ont <strong>rejet\u00e9 ou omis de prendre en compte des \u00e9tudes novatrices et reconnues<\/strong> par les scientifiques sur le sujet, comme par exemple Balmori (2022)<span class=\"footnote_referrer\"><a role=\"button\" tabindex=\"0\" onclick=\"footnote_moveToReference_41372_1('footnote_plugin_reference_41372_1_12');\" onkeypress=\"footnote_moveToReference_41372_1('footnote_plugin_reference_41372_1_12');\" ><sup id=\"footnote_plugin_tooltip_41372_1_12\" class=\"footnote_plugin_tooltip_text\">12)<\/sup><\/a><span id=\"footnote_plugin_tooltip_text_41372_1_12\" class=\"footnote_tooltip\">Balmori, A. (2022). Evidence for a health risk by RF on humans living around mobile phone base stations: From radiofrequency sickness to cancer. Environmental Research, 214, 113851.<\/span><\/span><script type=\"text\/javascript\"> jQuery('#footnote_plugin_tooltip_41372_1_12').tooltip({ tip: '#footnote_plugin_tooltip_text_41372_1_12', tipClass: 'footnote_tooltip', effect: 'fade', predelay: 0, fadeInSpeed: 200, delay: 400, fadeOutSpeed: 200, position: 'top right', relative: true, offset: [10, 10], });<\/script>, Ramazzini (2018)<span class=\"footnote_referrer\"><a role=\"button\" tabindex=\"0\" onclick=\"footnote_moveToReference_41372_1('footnote_plugin_reference_41372_1_13');\" onkeypress=\"footnote_moveToReference_41372_1('footnote_plugin_reference_41372_1_13');\" ><sup id=\"footnote_plugin_tooltip_41372_1_13\" class=\"footnote_plugin_tooltip_text\">13)<\/sup><\/a><span id=\"footnote_plugin_tooltip_text_41372_1_13\" class=\"footnote_tooltip\">Falcioni, L., Bua, L., Tibaldi, E., Lauriola, M., De Angelis, L., Gnudi, F., &#8230; &amp; Belpoggi, F. (2018). Report of final results regarding brain and heart tumors in Sprague-Dawley rats exposed from prenatal life until natural death to mobile phone radiofrequency field representative of a 1.8 GHz GSM base station environmental emission. Environmental research, 165, 496-503. <\/span><\/span><script type=\"text\/javascript\"> jQuery('#footnote_plugin_tooltip_41372_1_13').tooltip({ tip: '#footnote_plugin_tooltip_text_41372_1_13', tipClass: 'footnote_tooltip', effect: 'fade', predelay: 0, fadeInSpeed: 200, delay: 400, fadeOutSpeed: 200, position: 'top right', relative: true, offset: [10, 10], });<\/script> ou l&rsquo;\u00e9tude am\u00e9ricaine NTP <span class=\"footnote_referrer\"><a role=\"button\" tabindex=\"0\" onclick=\"footnote_moveToReference_41372_1('footnote_plugin_reference_41372_1_14');\" onkeypress=\"footnote_moveToReference_41372_1('footnote_plugin_reference_41372_1_14');\" ><sup id=\"footnote_plugin_tooltip_41372_1_14\" class=\"footnote_plugin_tooltip_text\">14)<\/sup><\/a><span id=\"footnote_plugin_tooltip_text_41372_1_14\" class=\"footnote_tooltip\">National Toxicology Program (2024): Cell Phone Radio Frequency Radiation \u2013 Research Overview. US Department of Health and Human Services. <span style=\"font-size: 14.4px;\"><a href=\"https:\/\/ntp.niehs.nih.gov\/whatwestudy\/topics\/cellphones\" target=\"_blank\" rel=\"noopener\"><span class=\"footnote_url_wrap\">https:\/\/ntp.niehs.nih.gov\/whatwestudy\/topics\/cellphones<\/span><\/a><\/span><\/span><script type=\"text\/javascript\"> jQuery('#footnote_plugin_tooltip_41372_1_14').tooltip({ tip: '#footnote_plugin_tooltip_text_41372_1_14', tipClass: 'footnote_tooltip', effect: 'fade', predelay: 0, fadeInSpeed: 200, delay: 400, fadeOutSpeed: 200, position: 'top right', relative: true, offset: [10, 10], });<\/script>. En revanche, des \u00e9tudes vivement critiqu\u00e9es, comme l&rsquo;\u00e9tude COSMOS financ\u00e9e par l&rsquo;industrie, ou des \u00e9tudes dont les donn\u00e9es ont \u00e9t\u00e9 mal interpr\u00e9t\u00e9es, comme l&rsquo;\u00e9tude de cohorte danoise, \u00e0 laquelle m\u00eame l&rsquo;OMS a reproch\u00e9 une&nbsp;\u00ab&nbsp;mauvaise classification dans l&rsquo;\u00e9valuation&nbsp;\u00bb, ont \u00e9t\u00e9 hautement lou\u00e9es. <\/span><\/li>\n<li><img loading=\"lazy\" decoding=\"async\" class=\"size-medium wp-image-41200 alignright\" src=\"https:\/\/www.naturalscience.org\/wp-content\/uploads\/2024\/10\/AdobeStock_93534460-300x200.jpeg\" alt=\"\" width=\"300\" height=\"200\" srcset=\"https:\/\/www.naturalscience.org\/wp-content\/uploads\/2024\/10\/AdobeStock_93534460-300x200.jpeg 300w, https:\/\/www.naturalscience.org\/wp-content\/uploads\/2024\/10\/AdobeStock_93534460-1024x683.jpeg 1024w, https:\/\/www.naturalscience.org\/wp-content\/uploads\/2024\/10\/AdobeStock_93534460-768x512.jpeg 768w, https:\/\/www.naturalscience.org\/wp-content\/uploads\/2024\/10\/AdobeStock_93534460-1536x1024.jpeg 1536w, https:\/\/www.naturalscience.org\/wp-content\/uploads\/2024\/10\/AdobeStock_93534460-2048x1365.jpeg 2048w, https:\/\/www.naturalscience.org\/wp-content\/uploads\/2024\/10\/AdobeStock_93534460-164x109.jpeg 164w, https:\/\/www.naturalscience.org\/wp-content\/uploads\/2024\/10\/AdobeStock_93534460-400x267.jpeg 400w, https:\/\/www.naturalscience.org\/wp-content\/uploads\/2024\/10\/AdobeStock_93534460-500x333.jpeg 500w\" sizes=\"auto, (max-width: 300px) 100vw, 300px\" \/>Le Dr Joel M. Moskowitz de l&rsquo;Universit\u00e9 de Californie \u00e0 Berkley souligne d&rsquo;autres points faibles de l&rsquo;\u00e9tude de Karipidis et al.<span class=\"footnote_referrer\"><a role=\"button\" tabindex=\"0\" onclick=\"footnote_moveToReference_41372_1('footnote_plugin_reference_41372_1_15');\" onkeypress=\"footnote_moveToReference_41372_1('footnote_plugin_reference_41372_1_15');\" ><sup id=\"footnote_plugin_tooltip_41372_1_15\" class=\"footnote_plugin_tooltip_text\">15)<\/sup><\/a><span id=\"footnote_plugin_tooltip_text_41372_1_15\" class=\"footnote_tooltip\">Electromagnetic Radiation Safety (2024): Health Hazards of Wireless Technologies: What do we know now? A webinar by Dr. Joel Moskowitz, 25.09.2024. <span style=\"font-size: 14.4px;\"><a href=\"https:\/\/www.saferemr.com\/2024\/\" target=\"_blank\" rel=\"noopener\"><span class=\"footnote_url_wrap\">https:\/\/www.saferemr.com\/2024\/<\/span><\/a><\/span><\/span><script type=\"text\/javascript\"> jQuery('#footnote_plugin_tooltip_41372_1_15').tooltip({ tip: '#footnote_plugin_tooltip_text_41372_1_15', tipClass: 'footnote_tooltip', effect: 'fade', predelay: 0, fadeInSpeed: 200, delay: 400, fadeOutSpeed: 200, position: 'top right', relative: true, offset: [10, 10], });<\/script> <strong>Par exemple, la d\u00e9finition utilis\u00e9e pour&nbsp;\u00ab&nbsp;l&rsquo;utilisation r\u00e9guli\u00e8re du t\u00e9l\u00e9phone portable&nbsp;\u00bb<\/strong> <strong>est loin d&rsquo;\u00eatre r\u00e9aliste<\/strong>, puisqu&rsquo;elle fait r\u00e9f\u00e9rence \u00e0 au moins un appel hebdomadaire au cours des six derniers mois. Compte tenu du fait qu&rsquo;il y a d\u00e9j\u00e0 plus de t\u00e9l\u00e9phones portables que d&rsquo;\u00eatres humains sur la plan\u00e8te et que la plupart des gens ne les quittent presque jamais, une telle d\u00e9finition est tout simplement ridicule. La plupart des \u00e9tudes sur l&rsquo;homme se concentrent sur les t\u00e9l\u00e9phones portables ou les antennes relais de t\u00e9l\u00e9phonie mobile et excluent les autres sources d&rsquo;exposition (par exemple l&rsquo;utilisation de t\u00e9l\u00e9phones sans fil, de WiFi ou d&rsquo;autres appareils personnels sans fil), ce qui conduit \u00e0 une <strong>classification erron\u00e9e de l&rsquo;exposition totale<\/strong> des personnes. De plus, la collecte de donn\u00e9es de la plupart des \u00e9tudes de cas s&rsquo;arr\u00eate au d\u00e9but des ann\u00e9es 2000. <strong>Elles montrent donc les effets de la technologie 2G, mais pas des trois g\u00e9n\u00e9rations suivantes de technologie mobile et encore moins de la 5G, qui utilise des fr\u00e9quences porteuses et des fonctions diff\u00e9rentes.<\/strong> En outre, l&rsquo;introduction du smartphone en 2007 a consid\u00e9rablement modifi\u00e9 la technologie de la t\u00e9l\u00e9phonie mobile. L&rsquo;antenne ext\u00e9rieure de t\u00e9l\u00e9phonie mobile situ\u00e9e sur la partie sup\u00e9rieure du t\u00e9l\u00e9phone a \u00e9t\u00e9 remplac\u00e9e par plusieurs antennes diff\u00e9rentes int\u00e9gr\u00e9es \u00e0 l&rsquo;appareil,<strong> ce qui expose non seulement les lobes temporaux et frontaux du cerveau,<\/strong><span class=\"footnote_referrer\"><a role=\"button\" tabindex=\"0\" onclick=\"footnote_moveToReference_41372_1('footnote_plugin_reference_41372_1_16');\" onkeypress=\"footnote_moveToReference_41372_1('footnote_plugin_reference_41372_1_16');\" ><sup id=\"footnote_plugin_tooltip_41372_1_16\" class=\"footnote_plugin_tooltip_text\">16)<\/sup><\/a><span id=\"footnote_plugin_tooltip_text_41372_1_16\" class=\"footnote_tooltip\">Philips, A., Henshaw, D. L., Lamburn, G., &amp; O\u2019Carroll, M. J. (2018). Brain tumours: rise in glioblastoma multiforme incidence in England 1995\u20132015 suggests an adverse environmental or lifestyle factor. Journal of environmental and public health, 2018(1), 7910754<\/span><\/span><script type=\"text\/javascript\"> jQuery('#footnote_plugin_tooltip_41372_1_16').tooltip({ tip: '#footnote_plugin_tooltip_text_41372_1_16', tipClass: 'footnote_tooltip', effect: 'fade', predelay: 0, fadeInSpeed: 200, delay: 400, fadeOutSpeed: 200, position: 'top right', relative: true, offset: [10, 10], });<\/script> <strong>, mais aussi la partie inf\u00e9rieure de la t\u00eate et le cou \u00e0 un fort rayonnement.<\/strong> Cela peut en outre augmenter le risque de tumeurs de la thyro\u00efde et des glandes salivaires.<\/span><\/li>\n<li><img loading=\"lazy\" decoding=\"async\" class=\"size-medium wp-image-41210 alignleft\" src=\"https:\/\/www.naturalscience.org\/wp-content\/uploads\/2024\/10\/AdobeStock_797971263-1-300x300.jpeg\" alt=\"\" width=\"300\" height=\"300\" srcset=\"https:\/\/www.naturalscience.org\/wp-content\/uploads\/2024\/10\/AdobeStock_797971263-1-300x300.jpeg 300w, https:\/\/www.naturalscience.org\/wp-content\/uploads\/2024\/10\/AdobeStock_797971263-1-1024x1024.jpeg 1024w, https:\/\/www.naturalscience.org\/wp-content\/uploads\/2024\/10\/AdobeStock_797971263-1-164x164.jpeg 164w, https:\/\/www.naturalscience.org\/wp-content\/uploads\/2024\/10\/AdobeStock_797971263-1-768x768.jpeg 768w, https:\/\/www.naturalscience.org\/wp-content\/uploads\/2024\/10\/AdobeStock_797971263-1-1536x1536.jpeg 1536w, https:\/\/www.naturalscience.org\/wp-content\/uploads\/2024\/10\/AdobeStock_797971263-1-2048x2048.jpeg 2048w, https:\/\/www.naturalscience.org\/wp-content\/uploads\/2024\/10\/AdobeStock_797971263-1-400x400.jpeg 400w, https:\/\/www.naturalscience.org\/wp-content\/uploads\/2024\/10\/AdobeStock_797971263-1-500x500.jpeg 500w, https:\/\/www.naturalscience.org\/wp-content\/uploads\/2024\/10\/AdobeStock_797971263-1-120x120.jpeg 120w\" sizes=\"auto, (max-width: 300px) 100vw, 300px\" \/>Toute cette discussion fait totalement abstraction des <strong>graves effets des t\u00e9l\u00e9phones portables sur le cerveau humain, qui se r\u00e9percutent \u00e9galement sur notre comportement (social)<\/strong>. Les chercheurs en neurosciences avertissent que le fait de regarder constamment son t\u00e9l\u00e9phone portable <strong>r\u00e9duit entre autres la capacit\u00e9 de concentration, la vitesse de travail et les performances cognitives<\/strong>. Le multit\u00e2che incessant a pour cons\u00e9quence que nous faisons plus d&rsquo;erreurs et que nous avons une moins bonne m\u00e9moire. Les cons\u00e9quences sont particuli\u00e8rement graves pour les enfants et les adolescents. Comme l&rsquo;utilisation continue du t\u00e9l\u00e9phone portable modifie le cerveau,<strong> la capacit\u00e9 d&#8217;empathie et la capacit\u00e9 d&rsquo;acquisition du langage en p\u00e2tissent<\/strong>. Les jeunes ne perdent donc pas seulement la capacit\u00e9 de communiquer avec leurs semblables, mais ils ont \u00e9galement de plus en plus de mal \u00e0 se mettre \u00e0 leur place et \u00e0 les comprendre. De plus, il existe un certain <strong>potentiel de d\u00e9pendance<\/strong>&nbsp;; l&rsquo;utilisation du t\u00e9l\u00e9phone portable peut \u00e9galement entra\u00eener <strong>des d\u00e9pressions et des troubles anxieux.<\/strong><span class=\"footnote_referrer\"><a role=\"button\" tabindex=\"0\" onclick=\"footnote_moveToReference_41372_1('footnote_plugin_reference_41372_1_17');\" onkeypress=\"footnote_moveToReference_41372_1('footnote_plugin_reference_41372_1_17');\" ><sup id=\"footnote_plugin_tooltip_41372_1_17\" class=\"footnote_plugin_tooltip_text\">17)<\/sup><\/a><span id=\"footnote_plugin_tooltip_text_41372_1_17\" class=\"footnote_tooltip\"> GEO (2024): Welche gravierenden Auswirkungen Smartphones auf das menschliche Gehirn haben. 12.04.2024.<a href=\"https:\/\/www.geo.de\/wissen\/gesundheit\/gravierende-auswirkungen--so-veraendert-das-smartphone-unser-gehirn-34598530.html\" target=\"_blank\" rel=\"noopener\"><span class=\"footnote_url_wrap\">https:\/\/www.geo.de\/wissen\/gesundheit\/gravierende-auswirkungen&#8211;so-veraendert-das-smartphone-unser-gehirn-34598530.html<\/span><\/a><\/span><\/span><script type=\"text\/javascript\"> jQuery('#footnote_plugin_tooltip_41372_1_17').tooltip({ tip: '#footnote_plugin_tooltip_text_41372_1_17', tipClass: 'footnote_tooltip', effect: 'fade', predelay: 0, fadeInSpeed: 200, delay: 400, fadeOutSpeed: 200, position: 'top right', relative: true, offset: [10, 10], });<\/script><\/li>\n<\/ul>\n<p>Les derniers communiqu\u00e9s de presse, qui tentent de nous faire croire que notre technologie de t\u00e9l\u00e9phonie mobile et notre utilisation constante du t\u00e9l\u00e9phone portable sont inoffensives et sans danger, <strong>sont trompeurs, erron\u00e9s et ignorent des aspects importants du sujet<\/strong>. Il n&rsquo;est donc pas question de lever l&rsquo;alerte tant qu\u2019il n\u2019y a pas de donn\u00e9es claires, et nous ne pouvons pas non plus nous asseoir confortablement et sans souci sur notre canap\u00e9, le t\u00e9l\u00e9phone portable entre les mains, pour faire d\u00e9filer les derniers posts sur les m\u00e9dias sociaux&nbsp;!<\/p>\n<div class=\"speaker-mute footnotes_reference_container\"> <div class=\"footnote_container_prepare\"><p><span role=\"button\" tabindex=\"0\" class=\"footnote_reference_container_label pointer\" onclick=\"footnote_expand_collapse_reference_container_41372_1();\">References<\/span><span role=\"button\" tabindex=\"0\" class=\"footnote_reference_container_collapse_button\" style=\"display: none;\" onclick=\"footnote_expand_collapse_reference_container_41372_1();\">[<a id=\"footnote_reference_container_collapse_button_41372_1\">+<\/a>]<\/span><\/p><\/div> <div id=\"footnote_references_container_41372_1\" style=\"\"><table class=\"footnotes_table footnote-reference-container\"><caption class=\"accessibility\">References<\/caption> <tbody> \r\n\r\n<tr class=\"footnotes_plugin_reference_row\"> <th scope=\"row\" class=\"footnote_plugin_index_combi pointer\"  onclick=\"footnote_moveToAnchor_41372_1('footnote_plugin_tooltip_41372_1_1');\"><a id=\"footnote_plugin_reference_41372_1_1\" class=\"footnote_backlink\"><span class=\"footnote_index_arrow\">&#8593;<\/span>1<\/a><\/th> <td class=\"footnote_plugin_text\">Washington Post (2024): Do cellphones cause brain cancer? A WHO review of 63 studies finds no link.Rachel Pannett, 03.09.2024.\u2013<a href=\"https:\/\/www.washingtonpost.com\/wellness\/2024\/09\/03\/cellphones-cancer-risk-radiation\/\" target=\"_blank\" rel=\"noopener\"><span class=\"footnote_url_wrap\">https:\/\/www.washingtonpost.com\/wellness\/2024\/09\/03\/cellphones-cancer-risk-radiation\/<\/span><\/a><br \/>\nThe Guardian (2024): Mobile phones not linked to brain cancer, biggest study to date finds. Natasha May, 03.09.2024. <a href=\"https:\/\/www.theguardian.com\/science\/article\/2024\/sep\/04\/mobile-phones-not-linked-to-brain-cancer-biggest-study-to-date-finds\" target=\"_blank\" rel=\"noopener\"><span class=\"footnote_url_wrap\">https:\/\/www.theguardian.com\/science\/article\/2024\/sep\/04\/mobile-phones-not-linked-to-brain-cancer-biggest-study-to-date-finds<\/span><\/a><br \/>\nBlick (2024): Handys nicht schuld an Hirntumoren. Thomas Benk\u00f6, 04.09.2024. <a href=\"https:\/\/www.blick.ch\/digital\/who-studie-gibt-entwarnung-handys-nicht-schuld-an-hirntumoren-id20105194.html\" target=\"_blank\" rel=\"noopener\"><span class=\"footnote_url_wrap\">https:\/\/www.blick.ch\/digital\/who-studie-gibt-entwarnung-handys-nicht-schuld-an-hirntumoren-id20105194.html<\/span><\/a><br \/>\nS\u00fcddeutsche Zeitung (2024): Studie: Handynutzung erh\u00f6ht das Krebsrisiko nicht. Deutsche Presse Agentur, 06.09.2024.<a href=\"https:\/\/www.sueddeutsche.de\/wissen\/gesundheit-studie-handynutzung-erhoeht-das-krebsrisiko-nicht-dpa.urn-newsml-dpa-com-20090101-240905-930-224010\" target=\"_blank\" rel=\"noopener\"><span class=\"footnote_url_wrap\">https:\/\/www.sueddeutsche.de\/wissen\/gesundheit-studie-handynutzung-erhoeht-das-krebsrisiko-nicht-dpa.urn-newsml-dpa-com-20090101-240905-930-224010<\/span><\/a><\/td><\/tr>\r\n\r\n<tr class=\"footnotes_plugin_reference_row\"> <th scope=\"row\" class=\"footnote_plugin_index_combi pointer\"  onclick=\"footnote_moveToAnchor_41372_1('footnote_plugin_tooltip_41372_1_2');\"><a id=\"footnote_plugin_reference_41372_1_2\" class=\"footnote_backlink\"><span class=\"footnote_index_arrow\">&#8593;<\/span>2<\/a><\/th> <td class=\"footnote_plugin_text\">American Council on Science and Health (2024): More Evidence Cell Phones Don\u2019t Cause Cancer. Susan Goldhaber, 13.09.2024. <a href=\"https:\/\/www.acsh.org\/news\/2024\/09\/13\/more-evidence-cell-phones-dont-cause-cancer-48991\" target=\"_blank\" rel=\"noopener\"><span class=\"footnote_url_wrap\">https:\/\/www.acsh.org\/news\/2024\/09\/13\/more-evidence-cell-phones-dont-cause-cancer-48991<\/span><\/a><\/td><\/tr>\r\n\r\n<tr class=\"footnotes_plugin_reference_row\"> <th scope=\"row\" class=\"footnote_plugin_index_combi pointer\"  onclick=\"footnote_moveToAnchor_41372_1('footnote_plugin_tooltip_41372_1_3');\"><a id=\"footnote_plugin_reference_41372_1_3\" class=\"footnote_backlink\"><span class=\"footnote_index_arrow\">&#8593;<\/span>3<\/a><\/th> <td class=\"footnote_plugin_text\">Electromagnetic Radiation Safety (2024): ICBE-EMF finds serious problems with WHO-Commissioned review of human observational studies on the effects of exposure to radio-frequency EMFs. 15.07.2024. <a href=\"https:\/\/www.saferemr.com\/2021\/09\/who-radiofrequency-emf-health-risk.html\" target=\"_blank\" rel=\"noopener\"><span class=\"footnote_url_wrap\">https:\/\/www.saferemr.com\/2021\/09\/who-radiofrequency-emf-health-risk.html<\/span><\/td><\/tr>\r\n\r\n<tr class=\"footnotes_plugin_reference_row\"> <th scope=\"row\" class=\"footnote_plugin_index_combi pointer\"  onclick=\"footnote_moveToAnchor_41372_1('footnote_plugin_tooltip_41372_1_4');\"><a id=\"footnote_plugin_reference_41372_1_4\" class=\"footnote_backlink\"><span class=\"footnote_index_arrow\">&#8593;<\/span>4<\/a><\/th> <td class=\"footnote_plugin_text\">Vgl. z. B. <a href=\"https:\/\/www.emf-portal.org\/de\" target=\"_blank\" rel=\"noopener\">www.emf-portal.org<\/a>; <a href=\"https:\/\/bioinitiative.org\/\" target=\"_blank\" rel=\"noopener\">www.bioinitiative.org<\/a>; <a href=\"https:\/\/www.emfdata.org\/de\" target=\"_blank\" rel=\"noopener\">www.emfdata.org<\/a><\/td><\/tr>\r\n\r\n<tr class=\"footnotes_plugin_reference_row\"> <th scope=\"row\" class=\"footnote_plugin_index_combi pointer\"  onclick=\"footnote_moveToAnchor_41372_1('footnote_plugin_tooltip_41372_1_5');\"><a id=\"footnote_plugin_reference_41372_1_5\" class=\"footnote_backlink\"><span class=\"footnote_index_arrow\">&#8593;<\/span>5<\/a><\/th> <td class=\"footnote_plugin_text\">Electromagnetic Radiation Safety (2023): ICNIRP&rsquo;s wireless radiation exposure limits are based on smoke and mirrors. 25.07.2022 <a href=\"https:\/\/www.saferemr.com\/2018\/07\/icnirps-exposure-guidelines-for-radio.html\" target=\"_blank\" rel=\"noopener\"><span class=\"footnote_url_wrap\">https:\/\/www.saferemr.com\/2018\/07\/icnirps-exposure-guidelines-for-radio.html<\/span><\/a>&nbsp;Diagnose-funk (2019): Europa ignoriert m\u00f6gliches Krebsrisiko von 5G \u2013 Tagespiegel recherchiert zu 5G \/ Mobilfunkstudienlage. 14.01.2019 <a href=\"https:\/\/www.diagnose-funk.org\/aktuelles\/artikel-archiv\/detail?newsid=1335\" target=\"_blank\" rel=\"noopener\"><span class=\"footnote_url_wrap\">https:\/\/www.diagnose-funk.org\/aktuelles\/artikel-archiv\/detail?newsid=1335<\/span><\/a>Diagnose-funk (2024): Alter Wein in neuen Schl\u00e4uchen! Entschl\u00fcsselung der neuen ICNIRP-Krebsstudie \u2013 Spiel vorbei? Wahrscheinlich nicht! Louis Slesin, 12.09.2024. <a href=\"https:\/\/www.diagnose-funk.org\/aktuelles\/artikel-archiv\/detail&amp;newsid=2125\" target=\"_blank\" rel=\"noopener\"><span class=\"footnote_url_wrap\">https:\/\/www.diagnose-funk.org\/aktuelles\/artikel-archiv\/detail&amp;newsid=2125<\/span><\/a>Microwavenews (2024): Old Wine in New Bottles. Decoding New WHO\u2013ICNIRP Cancer Review \u2013 Game Over? Likely Not. 11.09.2024&nbsp;<a href=\"https:\/\/www.microwavenews.com\/news-center\/old-wine-new-bottles\" target=\"_blank\" rel=\"noopener\"><span class=\"footnote_url_wrap\">https:\/\/www.microwavenews.com\/news-center\/old-wine-new-bottles<\/span><\/a><\/td><\/tr>\r\n\r\n<tr class=\"footnotes_plugin_reference_row\"> <th scope=\"row\" class=\"footnote_plugin_index_combi pointer\"  onclick=\"footnote_moveToAnchor_41372_1('footnote_plugin_tooltip_41372_1_6');\"><a id=\"footnote_plugin_reference_41372_1_6\" class=\"footnote_backlink\"><span class=\"footnote_index_arrow\">&#8593;<\/span>6<\/a><\/th> <td class=\"footnote_plugin_text\">International Appeal: Scientists call for protection from non-ionizing electromagnetic field exposure. Eur J Oncol. 2015 Dec. 20;20(3\/4):180-2. <a href=\"https:\/\/emfscientist.org\/index.php\/emf-scientist-appeal\" target=\"_blank\" rel=\"noopener\"><span class=\"footnote_url_wrap\">https:\/\/emfscientist.org\/index.php\/emf-scientist-appeal<\/span><\/a><\/td><\/tr>\r\n\r\n<tr class=\"footnotes_plugin_reference_row\"> <th scope=\"row\" class=\"footnote_plugin_index_combi pointer\"  onclick=\"footnote_moveToAnchor_41372_1('footnote_plugin_tooltip_41372_1_7');\"><a id=\"footnote_plugin_reference_41372_1_7\" class=\"footnote_backlink\"><span class=\"footnote_index_arrow\">&#8593;<\/span>7<\/a><\/th> <td class=\"footnote_plugin_text\">Karipidis, K., Baaken, D., Loney, T., Blettner, M., Brzozek, C., Elwood, M., &#8230; &amp; Lagorio, S. (2024). The effect of exposure to radiofrequency fields on cancer risk in the general and working population: A systematic review of human observational studies\u2013Part I: Most researched outcomes. Environment International, 108983 Diagnose-funk (2024): Einseitige ICNIRP-Studie behauptet, Handynutzung erh\u00f6he Krebsrisiko nicht. Ist das so? 14.09.2024. <a href=\"https:\/\/www.diagnose-funk.org\/aktuelles\/artikel-archiv\/detail?newsid=2127\" target=\"_blank\" rel=\"noopener\"><span class=\"footnote_url_wrap\">https:\/\/www.diagnose-funk.org\/aktuelles\/artikel-archiv\/detail?newsid=2127<\/span><\/a><\/td><\/tr>\r\n\r\n<tr class=\"footnotes_plugin_reference_row\"> <th scope=\"row\" class=\"footnote_plugin_index_combi pointer\"  onclick=\"footnote_moveToAnchor_41372_1('footnote_plugin_tooltip_41372_1_8');\"><a id=\"footnote_plugin_reference_41372_1_8\" class=\"footnote_backlink\"><span class=\"footnote_index_arrow\">&#8593;<\/span>8<\/a><\/th> <td class=\"footnote_plugin_text\">Salford LG, Brun AE, Eberhardt JL, Malmgren L, Persson BR. Environ Health Perspect (2003): Nerve cell damage in mammalian brain after exposure to microwaves from GSM mobile phones. med.\/bio.<\/td><\/tr>\r\n\r\n<tr class=\"footnotes_plugin_reference_row\"> <th scope=\"row\" class=\"footnote_plugin_index_combi pointer\"  onclick=\"footnote_moveToAnchor_41372_1('footnote_plugin_tooltip_41372_1_9');\"><a id=\"footnote_plugin_reference_41372_1_9\" class=\"footnote_backlink\"><span class=\"footnote_index_arrow\">&#8593;<\/span>9<\/a><\/th> <td class=\"footnote_plugin_text\">Cordelli E, Ardoino L, Benassi B, Consales C, Eleuteri P, Marino C, Sciortino M, Villani P, Brinkworth MH, Chen G, McNamee JP, Wood AW, Belackova L, Verbeek J, Pacchierotti F (2024): Effects of radiofrequency electromagnetic field (RF-EMF) exposure on male fertility: A systematic review of experimental studies on non-human mammals and human sperm in vitro. Environment International, 185, 108509<\/td><\/tr>\r\n\r\n<tr class=\"footnotes_plugin_reference_row\"> <th scope=\"row\" class=\"footnote_plugin_index_combi pointer\"  onclick=\"footnote_moveToAnchor_41372_1('footnote_plugin_tooltip_41372_1_10');\"><a id=\"footnote_plugin_reference_41372_1_10\" class=\"footnote_backlink\"><span class=\"footnote_index_arrow\">&#8593;<\/span>10<\/a><\/th> <td class=\"footnote_plugin_text\">Pall (2018): 5G: Great risk for EU, U.S. and International Health! Compelling Evidence for Eight Distinct Types of Great Harm Caused by Electromagnetic Field (EMF) Exposures and the Mechanism that Causes Them, Written and Compiled by Martin L. Pall, PhD Yakymenko, I., Tsybulin, O., Sidorik, E., Henshel, D., Kyrylenko, O., &amp; Kyrylenko, S. (2016). Oxidative mechanisms of biological activity of low-intensity radiofrequency radiation. Electromagnetic biology and medicine, 35(2), 186-202.<\/td><\/tr>\r\n\r\n<tr class=\"footnotes_plugin_reference_row\"> <th scope=\"row\" class=\"footnote_plugin_index_combi pointer\"  onclick=\"footnote_moveToAnchor_41372_1('footnote_plugin_tooltip_41372_1_11');\"><a id=\"footnote_plugin_reference_41372_1_11\" class=\"footnote_backlink\"><span class=\"footnote_index_arrow\">&#8593;<\/span>11<\/a><\/th> <td class=\"footnote_plugin_text\">An overview of non-thermal effects can be found here, for example: Diagnose-funk (2024): \u00dcBERBLICK f\u00fcr den Durchblick \u2013 Stand der Forschung Mobilfunkstrahlung. 29.08.2024 <a href=\"https:\/\/www.diagnose-funk.org\/aktuelles\/artikel-archiv\/detail&amp;newsid=2090\" target=\"_blank\" rel=\"noopener\"><span class=\"footnote_url_wrap\">https:\/\/www.diagnose-funk.org\/aktuelles\/artikel-archiv\/detail&amp;newsid=2090<\/span><\/a>Kompetenzinitiative (2024): ATHEM-3: Indikatoren f\u00fcr Gesundheitsrisiken in Bezug auf station\u00e4re Mobilfunk-Sender <a href=\"https:\/\/kompetenzinitiative.com\/athem-3-indikatoren-fuer-gesundheitsrisiken-in-bezug-auf-stationaere-mobilfunk-sender\/\" target=\"_blank\" rel=\"noopener\"><span class=\"footnote_url_wrap\">https:\/\/kompetenzinitiative.com\/athem-3-indikatoren-fuer-gesundheitsrisiken-in-bezug-auf-stationaere-mobilfunk-sender\/<\/span><\/a><\/td><\/tr>\r\n\r\n<tr class=\"footnotes_plugin_reference_row\"> <th scope=\"row\" class=\"footnote_plugin_index_combi pointer\"  onclick=\"footnote_moveToAnchor_41372_1('footnote_plugin_tooltip_41372_1_12');\"><a id=\"footnote_plugin_reference_41372_1_12\" class=\"footnote_backlink\"><span class=\"footnote_index_arrow\">&#8593;<\/span>12<\/a><\/th> <td class=\"footnote_plugin_text\">Balmori, A. (2022). Evidence for a health risk by RF on humans living around mobile phone base stations: From radiofrequency sickness to cancer. Environmental Research, 214, 113851.<\/td><\/tr>\r\n\r\n<tr class=\"footnotes_plugin_reference_row\"> <th scope=\"row\" class=\"footnote_plugin_index_combi pointer\"  onclick=\"footnote_moveToAnchor_41372_1('footnote_plugin_tooltip_41372_1_13');\"><a id=\"footnote_plugin_reference_41372_1_13\" class=\"footnote_backlink\"><span class=\"footnote_index_arrow\">&#8593;<\/span>13<\/a><\/th> <td class=\"footnote_plugin_text\">Falcioni, L., Bua, L., Tibaldi, E., Lauriola, M., De Angelis, L., Gnudi, F., &#8230; &amp; Belpoggi, F. (2018). Report of final results regarding brain and heart tumors in Sprague-Dawley rats exposed from prenatal life until natural death to mobile phone radiofrequency field representative of a 1.8 GHz GSM base station environmental emission. Environmental research, 165, 496-503. <\/td><\/tr>\r\n\r\n<tr class=\"footnotes_plugin_reference_row\"> <th scope=\"row\" class=\"footnote_plugin_index_combi pointer\"  onclick=\"footnote_moveToAnchor_41372_1('footnote_plugin_tooltip_41372_1_14');\"><a id=\"footnote_plugin_reference_41372_1_14\" class=\"footnote_backlink\"><span class=\"footnote_index_arrow\">&#8593;<\/span>14<\/a><\/th> <td class=\"footnote_plugin_text\">National Toxicology Program (2024): Cell Phone Radio Frequency Radiation \u2013 Research Overview. US Department of Health and Human Services. <span style=\"font-size: 14.4px;\"><a href=\"https:\/\/ntp.niehs.nih.gov\/whatwestudy\/topics\/cellphones\" target=\"_blank\" rel=\"noopener\"><span class=\"footnote_url_wrap\">https:\/\/ntp.niehs.nih.gov\/whatwestudy\/topics\/cellphones<\/span><\/a><\/td><\/tr>\r\n\r\n<tr class=\"footnotes_plugin_reference_row\"> <th scope=\"row\" class=\"footnote_plugin_index_combi pointer\"  onclick=\"footnote_moveToAnchor_41372_1('footnote_plugin_tooltip_41372_1_15');\"><a id=\"footnote_plugin_reference_41372_1_15\" class=\"footnote_backlink\"><span class=\"footnote_index_arrow\">&#8593;<\/span>15<\/a><\/th> <td class=\"footnote_plugin_text\">Electromagnetic Radiation Safety (2024): Health Hazards of Wireless Technologies: What do we know now? A webinar by Dr. Joel Moskowitz, 25.09.2024. <span style=\"font-size: 14.4px;\"><a href=\"https:\/\/www.saferemr.com\/2024\/\" target=\"_blank\" rel=\"noopener\"><span class=\"footnote_url_wrap\">https:\/\/www.saferemr.com\/2024\/<\/span><\/a><\/td><\/tr>\r\n\r\n<tr class=\"footnotes_plugin_reference_row\"> <th scope=\"row\" class=\"footnote_plugin_index_combi pointer\"  onclick=\"footnote_moveToAnchor_41372_1('footnote_plugin_tooltip_41372_1_16');\"><a id=\"footnote_plugin_reference_41372_1_16\" class=\"footnote_backlink\"><span class=\"footnote_index_arrow\">&#8593;<\/span>16<\/a><\/th> <td class=\"footnote_plugin_text\">Philips, A., Henshaw, D. L., Lamburn, G., &amp; O\u2019Carroll, M. J. (2018). Brain tumours: rise in glioblastoma multiforme incidence in England 1995\u20132015 suggests an adverse environmental or lifestyle factor. Journal of environmental and public health, 2018(1), 7910754<\/td><\/tr>\r\n\r\n<tr class=\"footnotes_plugin_reference_row\"> <th scope=\"row\" class=\"footnote_plugin_index_combi pointer\"  onclick=\"footnote_moveToAnchor_41372_1('footnote_plugin_tooltip_41372_1_17');\"><a id=\"footnote_plugin_reference_41372_1_17\" class=\"footnote_backlink\"><span class=\"footnote_index_arrow\">&#8593;<\/span>17<\/a><\/th> <td class=\"footnote_plugin_text\"> GEO (2024): Welche gravierenden Auswirkungen Smartphones auf das menschliche Gehirn haben. 12.04.2024.<a href=\"https:\/\/www.geo.de\/wissen\/gesundheit\/gravierende-auswirkungen--so-veraendert-das-smartphone-unser-gehirn-34598530.html\" target=\"_blank\" rel=\"noopener\"><span class=\"footnote_url_wrap\">https:\/\/www.geo.de\/wissen\/gesundheit\/gravierende-auswirkungen&#8211;so-veraendert-das-smartphone-unser-gehirn-34598530.html<\/span><\/a><\/td><\/tr>\r\n\r\n <\/tbody> <\/table> <\/div><\/div><script type=\"text\/javascript\"> function footnote_expand_reference_container_41372_1() { jQuery('#footnote_references_container_41372_1').show(); jQuery('#footnote_reference_container_collapse_button_41372_1').text('\u2212'); } function footnote_collapse_reference_container_41372_1() { jQuery('#footnote_references_container_41372_1').hide(); jQuery('#footnote_reference_container_collapse_button_41372_1').text('+'); } function footnote_expand_collapse_reference_container_41372_1() { if (jQuery('#footnote_references_container_41372_1').is(':hidden')) { footnote_expand_reference_container_41372_1(); } else { footnote_collapse_reference_container_41372_1(); } } function footnote_moveToReference_41372_1(p_str_TargetID) { footnote_expand_reference_container_41372_1(); var l_obj_Target = jQuery('#' + p_str_TargetID); if (l_obj_Target.length) { jQuery( 'html, body' ).delay( 0 ); jQuery('html, body').animate({ scrollTop: l_obj_Target.offset().top - window.innerHeight * 0.2 }, 380); } } function footnote_moveToAnchor_41372_1(p_str_TargetID) { footnote_expand_reference_container_41372_1(); var l_obj_Target = jQuery('#' + p_str_TargetID); if (l_obj_Target.length) { jQuery( 'html, body' ).delay( 0 ); jQuery('html, body').animate({ scrollTop: l_obj_Target.offset().top - window.innerHeight * 0.2 }, 380); } }<\/script>","protected":false},"excerpt":{"rendered":"En 2011, le Centre international de recherche sur le cancer (CIRC), une agence de l&rsquo;Organisation mondiale de la sant\u00e9 (OMS), a class\u00e9 les rayonnements de la t\u00e9l\u00e9phonie mobile comme&nbsp;\u00ab&nbsp;potentiellement canc\u00e9rig\u00e8nes&nbsp;\u00bb (niveau 2B). Cette classification est depuis lors une \u00e9pine dans le pied de l&rsquo;industrie de la t\u00e9l\u00e9phonie mobile, qui cherche \u00e0 l&rsquo;\u00e9liminer. Une d\u00e9claration faite [&hellip;]","protected":false},"author":11,"featured_media":0,"comment_status":"closed","ping_status":"closed","sticky":false,"template":"","format":"standard","meta":{"_acf_changed":false,"ngg_post_thumbnail":0,"footnotes":""},"categories":[206],"tags":[],"class_list":["post-41372","post","type-post","status-publish","format-standard","hentry","category-micro-ondes-communications-mobiles","wpautop"],"acf":[],"yoast_head":"<!-- This site is optimized with the Yoast SEO plugin v27.5 - https:\/\/yoast.com\/product\/yoast-seo-wordpress\/ -->\n<title>Le rayonnement de la t\u00e9l\u00e9phonie mobile est-il inoffensif\u00a0? - The World Foundation for Natural Science<\/title>\n<meta name=\"robots\" content=\"index, follow, max-snippet:-1, max-image-preview:large, max-video-preview:-1\" \/>\n<link rel=\"canonical\" href=\"https:\/\/www.naturalscience.org\/fr\/news\/2024\/11\/le-rayonnement-de-la-telephonie-mobile-est-il-inoffensif\/\" \/>\n<meta name=\"twitter:label1\" content=\"\u00c9crit par\" \/>\n\t<meta name=\"twitter:data1\" content=\"Monika Waldmann\" \/>\n\t<meta name=\"twitter:label2\" content=\"Dur\u00e9e de lecture estim\u00e9e\" \/>\n\t<meta name=\"twitter:data2\" content=\"11 minutes\" \/>\n<script type=\"application\/ld+json\" class=\"yoast-schema-graph\">{\"@context\":\"https:\\\/\\\/schema.org\",\"@graph\":[{\"@type\":\"Article\",\"@id\":\"https:\\\/\\\/www.naturalscience.org\\\/fr\\\/news\\\/2024\\\/11\\\/le-rayonnement-de-la-telephonie-mobile-est-il-inoffensif\\\/#article\",\"isPartOf\":{\"@id\":\"https:\\\/\\\/www.naturalscience.org\\\/fr\\\/news\\\/2024\\\/11\\\/le-rayonnement-de-la-telephonie-mobile-est-il-inoffensif\\\/\"},\"author\":{\"name\":\"Monika Waldmann\",\"@id\":\"https:\\\/\\\/www.naturalscience.org\\\/#\\\/schema\\\/person\\\/f3e16bb7057b29f8593016bf70a42022\"},\"headline\":\"Le rayonnement de la t\u00e9l\u00e9phonie mobile est-il inoffensif\u00a0?\",\"datePublished\":\"2024-11-04T17:06:01+00:00\",\"dateModified\":\"2024-11-04T17:11:18+00:00\",\"mainEntityOfPage\":{\"@id\":\"https:\\\/\\\/www.naturalscience.org\\\/fr\\\/news\\\/2024\\\/11\\\/le-rayonnement-de-la-telephonie-mobile-est-il-inoffensif\\\/\"},\"wordCount\":2596,\"image\":{\"@id\":\"https:\\\/\\\/www.naturalscience.org\\\/fr\\\/news\\\/2024\\\/11\\\/le-rayonnement-de-la-telephonie-mobile-est-il-inoffensif\\\/#primaryimage\"},\"thumbnailUrl\":\"https:\\\/\\\/www.naturalscience.org\\\/wp-content\\\/uploads\\\/2024\\\/10\\\/AdobeStock_288322225-SMALL-300x200.jpeg\",\"articleSection\":[\"Micro-ondes &amp; communications mobiles\"],\"inLanguage\":\"fr-FR\"},{\"@type\":\"WebPage\",\"@id\":\"https:\\\/\\\/www.naturalscience.org\\\/fr\\\/news\\\/2024\\\/11\\\/le-rayonnement-de-la-telephonie-mobile-est-il-inoffensif\\\/\",\"url\":\"https:\\\/\\\/www.naturalscience.org\\\/fr\\\/news\\\/2024\\\/11\\\/le-rayonnement-de-la-telephonie-mobile-est-il-inoffensif\\\/\",\"name\":\"Le rayonnement de la t\u00e9l\u00e9phonie mobile est-il inoffensif\u00a0? - The World Foundation for Natural Science\",\"isPartOf\":{\"@id\":\"https:\\\/\\\/www.naturalscience.org\\\/#website\"},\"primaryImageOfPage\":{\"@id\":\"https:\\\/\\\/www.naturalscience.org\\\/fr\\\/news\\\/2024\\\/11\\\/le-rayonnement-de-la-telephonie-mobile-est-il-inoffensif\\\/#primaryimage\"},\"image\":{\"@id\":\"https:\\\/\\\/www.naturalscience.org\\\/fr\\\/news\\\/2024\\\/11\\\/le-rayonnement-de-la-telephonie-mobile-est-il-inoffensif\\\/#primaryimage\"},\"thumbnailUrl\":\"https:\\\/\\\/www.naturalscience.org\\\/wp-content\\\/uploads\\\/2024\\\/10\\\/AdobeStock_288322225-SMALL-300x200.jpeg\",\"datePublished\":\"2024-11-04T17:06:01+00:00\",\"dateModified\":\"2024-11-04T17:11:18+00:00\",\"author\":{\"@id\":\"https:\\\/\\\/www.naturalscience.org\\\/#\\\/schema\\\/person\\\/f3e16bb7057b29f8593016bf70a42022\"},\"breadcrumb\":{\"@id\":\"https:\\\/\\\/www.naturalscience.org\\\/fr\\\/news\\\/2024\\\/11\\\/le-rayonnement-de-la-telephonie-mobile-est-il-inoffensif\\\/#breadcrumb\"},\"inLanguage\":\"fr-FR\",\"potentialAction\":[{\"@type\":\"ReadAction\",\"target\":[\"https:\\\/\\\/www.naturalscience.org\\\/fr\\\/news\\\/2024\\\/11\\\/le-rayonnement-de-la-telephonie-mobile-est-il-inoffensif\\\/\"]}]},{\"@type\":\"ImageObject\",\"inLanguage\":\"fr-FR\",\"@id\":\"https:\\\/\\\/www.naturalscience.org\\\/fr\\\/news\\\/2024\\\/11\\\/le-rayonnement-de-la-telephonie-mobile-est-il-inoffensif\\\/#primaryimage\",\"url\":\"https:\\\/\\\/www.naturalscience.org\\\/wp-content\\\/uploads\\\/2024\\\/10\\\/AdobeStock_288322225-SMALL-300x200.jpeg\",\"contentUrl\":\"https:\\\/\\\/www.naturalscience.org\\\/wp-content\\\/uploads\\\/2024\\\/10\\\/AdobeStock_288322225-SMALL-300x200.jpeg\"},{\"@type\":\"BreadcrumbList\",\"@id\":\"https:\\\/\\\/www.naturalscience.org\\\/fr\\\/news\\\/2024\\\/11\\\/le-rayonnement-de-la-telephonie-mobile-est-il-inoffensif\\\/#breadcrumb\",\"itemListElement\":[{\"@type\":\"ListItem\",\"position\":1,\"name\":\"Home\",\"item\":\"https:\\\/\\\/www.naturalscience.org\\\/fr\\\/\"},{\"@type\":\"ListItem\",\"position\":2,\"name\":\"Le rayonnement de la t\u00e9l\u00e9phonie mobile est-il inoffensif\u00a0?\"}]},{\"@type\":\"WebSite\",\"@id\":\"https:\\\/\\\/www.naturalscience.org\\\/#website\",\"url\":\"https:\\\/\\\/www.naturalscience.org\\\/\",\"name\":\"The World Foundation for Natural Science\",\"description\":\"Restoring and Healing the World through Responsibility and Commitment in accord with Natural and Divine Law!\",\"potentialAction\":[{\"@type\":\"SearchAction\",\"target\":{\"@type\":\"EntryPoint\",\"urlTemplate\":\"https:\\\/\\\/www.naturalscience.org\\\/?s={search_term_string}\"},\"query-input\":{\"@type\":\"PropertyValueSpecification\",\"valueRequired\":true,\"valueName\":\"search_term_string\"}}],\"inLanguage\":\"fr-FR\"},{\"@type\":\"Person\",\"@id\":\"https:\\\/\\\/www.naturalscience.org\\\/#\\\/schema\\\/person\\\/f3e16bb7057b29f8593016bf70a42022\",\"name\":\"Monika Waldmann\",\"image\":{\"@type\":\"ImageObject\",\"inLanguage\":\"fr-FR\",\"@id\":\"https:\\\/\\\/secure.gravatar.com\\\/avatar\\\/54dfb6ad0fbcf54c252c37d8d2c1a44e41b462185db44d9c8124801f3b41b6ec?s=96&d=mm&r=g\",\"url\":\"https:\\\/\\\/secure.gravatar.com\\\/avatar\\\/54dfb6ad0fbcf54c252c37d8d2c1a44e41b462185db44d9c8124801f3b41b6ec?s=96&d=mm&r=g\",\"contentUrl\":\"https:\\\/\\\/secure.gravatar.com\\\/avatar\\\/54dfb6ad0fbcf54c252c37d8d2c1a44e41b462185db44d9c8124801f3b41b6ec?s=96&d=mm&r=g\",\"caption\":\"Monika Waldmann\"}}]}<\/script>\n<!-- \/ Yoast SEO plugin. -->","yoast_head_json":{"title":"Le rayonnement de la t\u00e9l\u00e9phonie mobile est-il inoffensif\u00a0? - The World Foundation for Natural Science","robots":{"index":"index","follow":"follow","max-snippet":"max-snippet:-1","max-image-preview":"max-image-preview:large","max-video-preview":"max-video-preview:-1"},"canonical":"https:\/\/www.naturalscience.org\/fr\/news\/2024\/11\/le-rayonnement-de-la-telephonie-mobile-est-il-inoffensif\/","twitter_misc":{"\u00c9crit par":"Monika Waldmann","Dur\u00e9e de lecture estim\u00e9e":"11 minutes"},"schema":{"@context":"https:\/\/schema.org","@graph":[{"@type":"Article","@id":"https:\/\/www.naturalscience.org\/fr\/news\/2024\/11\/le-rayonnement-de-la-telephonie-mobile-est-il-inoffensif\/#article","isPartOf":{"@id":"https:\/\/www.naturalscience.org\/fr\/news\/2024\/11\/le-rayonnement-de-la-telephonie-mobile-est-il-inoffensif\/"},"author":{"name":"Monika Waldmann","@id":"https:\/\/www.naturalscience.org\/#\/schema\/person\/f3e16bb7057b29f8593016bf70a42022"},"headline":"Le rayonnement de la t\u00e9l\u00e9phonie mobile est-il inoffensif\u00a0?","datePublished":"2024-11-04T17:06:01+00:00","dateModified":"2024-11-04T17:11:18+00:00","mainEntityOfPage":{"@id":"https:\/\/www.naturalscience.org\/fr\/news\/2024\/11\/le-rayonnement-de-la-telephonie-mobile-est-il-inoffensif\/"},"wordCount":2596,"image":{"@id":"https:\/\/www.naturalscience.org\/fr\/news\/2024\/11\/le-rayonnement-de-la-telephonie-mobile-est-il-inoffensif\/#primaryimage"},"thumbnailUrl":"https:\/\/www.naturalscience.org\/wp-content\/uploads\/2024\/10\/AdobeStock_288322225-SMALL-300x200.jpeg","articleSection":["Micro-ondes &amp; communications mobiles"],"inLanguage":"fr-FR"},{"@type":"WebPage","@id":"https:\/\/www.naturalscience.org\/fr\/news\/2024\/11\/le-rayonnement-de-la-telephonie-mobile-est-il-inoffensif\/","url":"https:\/\/www.naturalscience.org\/fr\/news\/2024\/11\/le-rayonnement-de-la-telephonie-mobile-est-il-inoffensif\/","name":"Le rayonnement de la t\u00e9l\u00e9phonie mobile est-il inoffensif\u00a0? - The World Foundation for Natural Science","isPartOf":{"@id":"https:\/\/www.naturalscience.org\/#website"},"primaryImageOfPage":{"@id":"https:\/\/www.naturalscience.org\/fr\/news\/2024\/11\/le-rayonnement-de-la-telephonie-mobile-est-il-inoffensif\/#primaryimage"},"image":{"@id":"https:\/\/www.naturalscience.org\/fr\/news\/2024\/11\/le-rayonnement-de-la-telephonie-mobile-est-il-inoffensif\/#primaryimage"},"thumbnailUrl":"https:\/\/www.naturalscience.org\/wp-content\/uploads\/2024\/10\/AdobeStock_288322225-SMALL-300x200.jpeg","datePublished":"2024-11-04T17:06:01+00:00","dateModified":"2024-11-04T17:11:18+00:00","author":{"@id":"https:\/\/www.naturalscience.org\/#\/schema\/person\/f3e16bb7057b29f8593016bf70a42022"},"breadcrumb":{"@id":"https:\/\/www.naturalscience.org\/fr\/news\/2024\/11\/le-rayonnement-de-la-telephonie-mobile-est-il-inoffensif\/#breadcrumb"},"inLanguage":"fr-FR","potentialAction":[{"@type":"ReadAction","target":["https:\/\/www.naturalscience.org\/fr\/news\/2024\/11\/le-rayonnement-de-la-telephonie-mobile-est-il-inoffensif\/"]}]},{"@type":"ImageObject","inLanguage":"fr-FR","@id":"https:\/\/www.naturalscience.org\/fr\/news\/2024\/11\/le-rayonnement-de-la-telephonie-mobile-est-il-inoffensif\/#primaryimage","url":"https:\/\/www.naturalscience.org\/wp-content\/uploads\/2024\/10\/AdobeStock_288322225-SMALL-300x200.jpeg","contentUrl":"https:\/\/www.naturalscience.org\/wp-content\/uploads\/2024\/10\/AdobeStock_288322225-SMALL-300x200.jpeg"},{"@type":"BreadcrumbList","@id":"https:\/\/www.naturalscience.org\/fr\/news\/2024\/11\/le-rayonnement-de-la-telephonie-mobile-est-il-inoffensif\/#breadcrumb","itemListElement":[{"@type":"ListItem","position":1,"name":"Home","item":"https:\/\/www.naturalscience.org\/fr\/"},{"@type":"ListItem","position":2,"name":"Le rayonnement de la t\u00e9l\u00e9phonie mobile est-il inoffensif\u00a0?"}]},{"@type":"WebSite","@id":"https:\/\/www.naturalscience.org\/#website","url":"https:\/\/www.naturalscience.org\/","name":"The World Foundation for Natural Science","description":"Restoring and Healing the World through Responsibility and Commitment in accord with Natural and Divine Law!","potentialAction":[{"@type":"SearchAction","target":{"@type":"EntryPoint","urlTemplate":"https:\/\/www.naturalscience.org\/?s={search_term_string}"},"query-input":{"@type":"PropertyValueSpecification","valueRequired":true,"valueName":"search_term_string"}}],"inLanguage":"fr-FR"},{"@type":"Person","@id":"https:\/\/www.naturalscience.org\/#\/schema\/person\/f3e16bb7057b29f8593016bf70a42022","name":"Monika Waldmann","image":{"@type":"ImageObject","inLanguage":"fr-FR","@id":"https:\/\/secure.gravatar.com\/avatar\/54dfb6ad0fbcf54c252c37d8d2c1a44e41b462185db44d9c8124801f3b41b6ec?s=96&d=mm&r=g","url":"https:\/\/secure.gravatar.com\/avatar\/54dfb6ad0fbcf54c252c37d8d2c1a44e41b462185db44d9c8124801f3b41b6ec?s=96&d=mm&r=g","contentUrl":"https:\/\/secure.gravatar.com\/avatar\/54dfb6ad0fbcf54c252c37d8d2c1a44e41b462185db44d9c8124801f3b41b6ec?s=96&d=mm&r=g","caption":"Monika Waldmann"}}]}},"_links":{"self":[{"href":"https:\/\/www.naturalscience.org\/fr\/wp-json\/wp\/v2\/posts\/41372","targetHints":{"allow":["GET"]}}],"collection":[{"href":"https:\/\/www.naturalscience.org\/fr\/wp-json\/wp\/v2\/posts"}],"about":[{"href":"https:\/\/www.naturalscience.org\/fr\/wp-json\/wp\/v2\/types\/post"}],"author":[{"embeddable":true,"href":"https:\/\/www.naturalscience.org\/fr\/wp-json\/wp\/v2\/users\/11"}],"replies":[{"embeddable":true,"href":"https:\/\/www.naturalscience.org\/fr\/wp-json\/wp\/v2\/comments?post=41372"}],"version-history":[{"count":4,"href":"https:\/\/www.naturalscience.org\/fr\/wp-json\/wp\/v2\/posts\/41372\/revisions"}],"predecessor-version":[{"id":41377,"href":"https:\/\/www.naturalscience.org\/fr\/wp-json\/wp\/v2\/posts\/41372\/revisions\/41377"}],"wp:attachment":[{"href":"https:\/\/www.naturalscience.org\/fr\/wp-json\/wp\/v2\/media?parent=41372"}],"wp:term":[{"taxonomy":"category","embeddable":true,"href":"https:\/\/www.naturalscience.org\/fr\/wp-json\/wp\/v2\/categories?post=41372"},{"taxonomy":"post_tag","embeddable":true,"href":"https:\/\/www.naturalscience.org\/fr\/wp-json\/wp\/v2\/tags?post=41372"}],"curies":[{"name":"wp","href":"https:\/\/api.w.org\/{rel}","templated":true}]}}