{"id":39008,"date":"2023-02-16T09:20:15","date_gmt":"2023-02-16T08:20:15","guid":{"rendered":"https:\/\/www.naturalscience.org\/?p=39008"},"modified":"2023-02-16T09:20:15","modified_gmt":"2023-02-16T08:20:15","slug":"prouve-de-nouveau-le-rayonnement-de-la-telephonie-mobile-a-des-effets-biologiques-negatifs-chez-letre-humain","status":"publish","type":"post","link":"https:\/\/www.naturalscience.org\/fr\/news\/2023\/02\/prouve-de-nouveau-le-rayonnement-de-la-telephonie-mobile-a-des-effets-biologiques-negatifs-chez-letre-humain\/","title":{"rendered":"Prouv\u00e9 de nouveau\u00a0: le rayonnement de la t\u00e9l\u00e9phonie mobile a des effets biologiques n\u00e9gatifs chez l\u2019\u00eatre humain"},"content":{"rendered":"<p>Les preuves deviennent de plus en plus \u00e9videntes et fr\u00e9quentes&nbsp;:<br \/>\nles rayonnements des t\u00e9l\u00e9phones mobiles, et en particulier avec la technologie 5G, sont loin d\u2019\u00eatre inoffensifs pour les humains et les limites en vigueur ne sont pas suffisantes pour prot\u00e9ger la sant\u00e9.<\/p>\n<p><img loading=\"lazy\" decoding=\"async\" class=\"size-medium wp-image-38868 alignright\" src=\"https:\/\/www.naturalscience.org\/wp-content\/uploads\/2023\/01\/AdobeStock_361337228-300x200.jpeg\" alt=\"\" width=\"300\" height=\"200\" srcset=\"https:\/\/www.naturalscience.org\/wp-content\/uploads\/2023\/01\/AdobeStock_361337228-300x200.jpeg 300w, https:\/\/www.naturalscience.org\/wp-content\/uploads\/2023\/01\/AdobeStock_361337228-1024x683.jpeg 1024w, https:\/\/www.naturalscience.org\/wp-content\/uploads\/2023\/01\/AdobeStock_361337228-768x512.jpeg 768w, https:\/\/www.naturalscience.org\/wp-content\/uploads\/2023\/01\/AdobeStock_361337228-1536x1024.jpeg 1536w, https:\/\/www.naturalscience.org\/wp-content\/uploads\/2023\/01\/AdobeStock_361337228-2048x1365.jpeg 2048w, https:\/\/www.naturalscience.org\/wp-content\/uploads\/2023\/01\/AdobeStock_361337228-164x109.jpeg 164w, https:\/\/www.naturalscience.org\/wp-content\/uploads\/2023\/01\/AdobeStock_361337228-400x267.jpeg 400w, https:\/\/www.naturalscience.org\/wp-content\/uploads\/2023\/01\/AdobeStock_361337228-500x333.jpeg 500w\" sizes=\"auto, (max-width: 300px) 100vw, 300px\" \/>Par exemple, le 10 janvier 2023, une \u00e9tude de cas su\u00e9doise<span class=\"footnote_referrer\"><a role=\"button\" tabindex=\"0\" onclick=\"footnote_moveToReference_39008_1('footnote_plugin_reference_39008_1_1');\" onkeypress=\"footnote_moveToReference_39008_1('footnote_plugin_reference_39008_1_1');\" ><sup id=\"footnote_plugin_tooltip_39008_1_1\" class=\"footnote_plugin_tooltip_text\">1)<\/sup><\/a><span id=\"footnote_plugin_tooltip_text_39008_1_1\" class=\"footnote_tooltip\">Lennart Hardell, Mona Nilsson (2023). Case Report: The Microwave Syndrome after Installation of 5G Emphasizes the Need for Protection from Radiofrequency Radiation. Ann Case Rep: 8: 1112. <a href=\"https:\/\/www.gavinpublishers.com\/assets\/articles_pdf\/Case-Report-The-Microwave-Syndrome-after--Installation-of-5G-Emphasizes-the-Need-for--Protection-from-Radiofrequency-Radiation.pdf\" target=\"_blank\" rel=\"noopener\"><span class=\"footnote_url_wrap\">https:\/\/www.gavinpublishers.com\/assets\/articles_pdf\/Case-Report-The-Microwave-Syndrome-after&#8211;Installation-of-5G-Emphasizes-the-Need-for&#8211;Protection-from-Radiofrequency-Radiation.pdf<\/span><\/a><\/span><\/span><script type=\"text\/javascript\"> jQuery('#footnote_plugin_tooltip_39008_1_1').tooltip({ tip: '#footnote_plugin_tooltip_text_39008_1_1', tipClass: 'footnote_tooltip', effect: 'fade', predelay: 0, fadeInSpeed: 200, delay: 400, fadeOutSpeed: 200, position: 'top right', relative: true, offset: [10, 10], });<\/script> a \u00e9t\u00e9 publi\u00e9e dans les&nbsp;\u00ab&nbsp;Annals of Case Reports&nbsp;\u00bb, un magazine scientifique international \u00e9valu\u00e9 par des experts, qui a d\u00e9montr\u00e9<strong> que le rayonnement 5G provoquait des sympt\u00f4mes typiques du soit-disant syndrome des micro-ondes<\/strong><span class=\"footnote_referrer\"><a role=\"button\" tabindex=\"0\" onclick=\"footnote_moveToReference_39008_1('footnote_plugin_reference_39008_1_2');\" onkeypress=\"footnote_moveToReference_39008_1('footnote_plugin_reference_39008_1_2');\" ><sup id=\"footnote_plugin_tooltip_39008_1_2\" class=\"footnote_plugin_tooltip_text\">2)<\/sup><\/a><span id=\"footnote_plugin_tooltip_text_39008_1_2\" class=\"footnote_tooltip\">Yael Stein, Iris G Udasin (2020): Electromagnetic hypersensitivity (EHS, microwave syndrome) &#8211; Review of mechanisms. Environ Res. 2020 Jul;186:109445. doi: 10.1016\/j.envres.2020.109445. <a href=\"https:\/\/pubmed.ncbi.nlm.nih.gov\/32289567\/\" target=\"_blank\" rel=\"noopener\"><span class=\"footnote_url_wrap\">https:\/\/pubmed.ncbi.nlm.nih.gov\/32289567\/<\/span><\/a><\/span><\/span><script type=\"text\/javascript\"> jQuery('#footnote_plugin_tooltip_39008_1_2').tooltip({ tip: '#footnote_plugin_tooltip_text_39008_1_2', tipClass: 'footnote_tooltip', effect: 'fade', predelay: 0, fadeInSpeed: 200, delay: 400, fadeOutSpeed: 200, position: 'top right', relative: true, offset: [10, 10], });<\/script> Le couple \u00e9tudi\u00e9 dans l\u2019\u00e9tude de cas, un homme de 63&nbsp;ans et une femme de 62&nbsp;ans, a connu, quelques jours apr\u00e8s la mise en service d\u2019une station de base 5G sur le toit au-dessus de leur domicile, des probl\u00e8mes de sant\u00e9 tels que de l<strong>a fatigue permanente, des troubles du sommeil, des vertiges, des effets \u00e9motionnels tels que l\u2019irritabilit\u00e9 et la d\u00e9pression, des saignements de nez, des acouph\u00e8nes, des sympt\u00f4mes cardiaques, des probl\u00e8mes de m\u00e9moire et des troubles cutan\u00e9s<\/strong>. Tous les sympt\u00f4mes ont disparu dans les 24&nbsp;heures pour l\u2019homme ou 1 \u00e0 3&nbsp;jours pour la femme apr\u00e8s le d\u00e9m\u00e9nagement du couple dans un autre logement moins irradi\u00e9.<\/p>\n<p>L\u2019\u00e9tude de cas a \u00e9galement montr\u00e9 que le passage \u00e0 la 5G, contrairement \u00e0 ce que pr\u00e9tendent la politique et l\u2019industrie, augmente consid\u00e9rablement l\u2019exposition aux rayonnements. M\u00eame avant la mise en service de l\u2019antenne 5G, des stations de base 3G et 4G \u00e9taient install\u00e9es sur le toit, <strong>mais avec l\u2019activation de la 5G, l\u2019exposition aux rayonnements a \u00e9t\u00e9 multipli\u00e9e par 188<\/strong> (de 9&nbsp;Milliwatt\/m2 \u00e0 un maximum de 1&nbsp;690&nbsp;Milliwatt\/m2)&nbsp;! Mona Nilsson, directrice g\u00e9n\u00e9rale de la&nbsp;\u00ab&nbsp;Swedish Radiation Protection Foundation&nbsp;\u00bb et co-auteure de l\u2019\u00e9tude, a d\u00e9clar\u00e9 au D\u00e9fenseur (\u00ab&nbsp;The Defender&nbsp;\u00bb, plate-forme internet am\u00e9ricaine)&nbsp;:&nbsp;\u00ab&nbsp;Aucune \u00e9tude ne montre que cette technologie et l\u2019exposition courante et croissante aux stations de base 5G et 4G, dans les limites autoris\u00e9es par le gouvernement, sont s\u00fbres. Au contraire, <strong>des \u00e9tudes ont montr\u00e9, \u00e0 plusieurs reprises et de mani\u00e8re convaincante, un risque accru de syndrome des micro-ondes et de cancer, \u00e0 des niveaux bien inf\u00e9rieurs \u00e0 ceux que le gouvernement et les entreprises de t\u00e9l\u00e9communication consid\u00e8rent, \u00e0 tort, comme s\u00fbrs<\/strong>.&nbsp;\u00bb <span class=\"footnote_referrer\"><a role=\"button\" tabindex=\"0\" onclick=\"footnote_moveToReference_39008_1('footnote_plugin_reference_39008_1_3');\" onkeypress=\"footnote_moveToReference_39008_1('footnote_plugin_reference_39008_1_3');\" ><sup id=\"footnote_plugin_tooltip_39008_1_3\" class=\"footnote_plugin_tooltip_text\">3)<\/sup><\/a><span id=\"footnote_plugin_tooltip_text_39008_1_3\" class=\"footnote_tooltip\"><a href=\"https:\/\/childrenshealthdefense.org\/defender\/selon-une-etude-les-rayonnements-de-la-5g-provoquent-des-symptomes-du-syndrome-des-micro-ondes\/?lang=fr\" target=\"_blank\" rel=\"noopener\"><span class=\"footnote_url_wrap\">https:\/\/childrenshealthdefense.org\/defender\/selon-une-etude-les-rayonnements-de-la-5g-provoquent-des-symptomes-du-syndrome-des-micro-ondes\/?lang=fr<\/span><\/a><\/span><\/span><script type=\"text\/javascript\"> jQuery('#footnote_plugin_tooltip_39008_1_3').tooltip({ tip: '#footnote_plugin_tooltip_text_39008_1_3', tipClass: 'footnote_tooltip', effect: 'fade', predelay: 0, fadeInSpeed: 200, delay: 400, fadeOutSpeed: 200, position: 'top right', relative: true, offset: [10, 10], });<\/script><\/p>\n<p>De fa\u00e7on choquante, l\u2019industrie des t\u00e9l\u00e9communications a tent\u00e9 de censurer l\u2019article sur cette \u00e9tude de cas lorsqu\u2019il a \u00e9t\u00e9 publi\u00e9 pour la premi\u00e8re fois dans la revue m\u00e9dicale&nbsp;\u00ab&nbsp;Medicinsk Accessin&nbsp;\u00bb au printemps 2022.&nbsp;\u00ab&nbsp;Un repr\u00e9sentant de la soci\u00e9t\u00e9 Ericsson, premier fournisseur mondial d\u2019infrastructures 5G, et la f\u00e9d\u00e9ration de 1 200 entreprises technologiques, c\u2019est-\u00e0-dire de toutes les grandes entreprises de t\u00e9l\u00e9communications en Su\u00e8de, ont \u00e9crit \u00e0 l\u2019\u00e9diteur du magazine su\u00e9dois et lui ont demand\u00e9 de retirer l\u2019article&nbsp;\u00bb, ont expliqu\u00e9 les auteurs de l\u2019\u00e9tude de cas. De nombreux Su\u00e9dois ont contact\u00e9 la Fondation su\u00e9doise pour la protection contre les radiations et ont signal\u00e9 des probl\u00e8mes de sant\u00e9 apr\u00e8s l\u2019installation d\u2019une antenne 5G dans leur voisinage.&nbsp;\u00ab&nbsp;D\u2019apr\u00e8s les mesures du rayonnement massivement accru de la 5G et des connaissances actuelles, nous pouvons conclure <strong>que la 5G est tr\u00e8s dangereuse et doit \u00eatre arr\u00eat\u00e9e<\/strong>&nbsp;\u00bb, a d\u00e9clar\u00e9 Nilsson.<span class=\"footnote_referrer\"><a role=\"button\" tabindex=\"0\" onclick=\"footnote_moveToReference_39008_1('footnote_plugin_reference_39008_1_4');\" onkeypress=\"footnote_moveToReference_39008_1('footnote_plugin_reference_39008_1_4');\" ><sup id=\"footnote_plugin_tooltip_39008_1_4\" class=\"footnote_plugin_tooltip_text\">4)<\/sup><\/a><span id=\"footnote_plugin_tooltip_text_39008_1_4\" class=\"footnote_tooltip\"><a href=\"https:\/\/childrenshealthdefense.org\/defender\/4-etudes-viennent-renforcer-les-preuves-de-lexistence-de-rayonnements-electromagnetiques-lies-aux-technologies-sans-fil-chez-lhomme\/?lang=fr\" target=\"_blank\" rel=\"noopener\"><span class=\"footnote_url_wrap\">https:\/\/childrenshealthdefense.org\/defender\/4-etudes-viennent-renforcer-les-preuves-de-lexistence-de-rayonnements-electromagnetiques-lies-aux-technologies-sans-fil-chez-lhomme\/?lang=fr<\/span><\/a><\/span><\/span><script type=\"text\/javascript\"> jQuery('#footnote_plugin_tooltip_39008_1_4').tooltip({ tip: '#footnote_plugin_tooltip_text_39008_1_4', tipClass: 'footnote_tooltip', effect: 'fade', predelay: 0, fadeInSpeed: 200, delay: 400, fadeOutSpeed: 200, position: 'top right', relative: true, offset: [10, 10], });<\/script><\/p>\n<h3>Les syst\u00e8mes biologiques sont fortement sollicit\u00e9s par la communication sans fil<\/h3>\n<p>Une \u00e9tude \u00e9valu\u00e9e par des experts, publi\u00e9e en d\u00e9cembre 2022 dans&nbsp;\u00ab&nbsp;Frontiers in Public Health&nbsp;\u00bb<span class=\"footnote_referrer\"><a role=\"button\" tabindex=\"0\" onclick=\"footnote_moveToReference_39008_1('footnote_plugin_reference_39008_1_5');\" onkeypress=\"footnote_moveToReference_39008_1('footnote_plugin_reference_39008_1_5');\" ><sup id=\"footnote_plugin_tooltip_39008_1_5\" class=\"footnote_plugin_tooltip_text\">5)<\/sup><\/a><span id=\"footnote_plugin_tooltip_text_39008_1_5\" class=\"footnote_tooltip\">Julie E. McCredden, Naomi Cook, Steven Weller and Victor Leach (2022). Wireless technology is an environmental stressor requiring new understanding and approaches in health care. Front. Public Health, 20 December 2022. Sec. Radiation and Health. Volume 10 &#8211; 2022. <a href=\"https:\/\/www.frontiersin.org\/articles\/10.3389\/fpubh.2022.986315\/full\" target=\"_blank\" rel=\"noopener\"><span class=\"footnote_url_wrap\">https:\/\/www.frontiersin.org\/articles\/10.3389\/fpubh.2022.986315\/full<\/span><\/a><\/span><\/span><script type=\"text\/javascript\"> jQuery('#footnote_plugin_tooltip_39008_1_5').tooltip({ tip: '#footnote_plugin_tooltip_text_39008_1_5', tipClass: 'footnote_tooltip', effect: 'fade', predelay: 0, fadeInSpeed: 200, delay: 400, fadeOutSpeed: 200, position: 'top right', relative: true, offset: [10, 10], });<\/script> , a conclu qu\u2019il existait de nombreuses preuves <strong>\u00ab&nbsp;que les syst\u00e8mes biologiques humains sont fortement affect\u00e9s par l\u2019exposition aux appareils courants de communication sans fil et l\u2019infrastructure correspondante&nbsp;\u00bb<\/strong>. Les chercheurs de&nbsp;\u00ab&nbsp;Oceania Radiofrequency Scientific Advisory Association&nbsp;\u00bb (ORSAA) et du&nbsp;\u00ab&nbsp;Centre for Environment and Population Health&nbsp;\u00bb (Centre pour l\u2019environnement et la sant\u00e9 de la population) \u00e0 l\u2019\u00c9cole de m\u00e9decine et de dentisterie de l\u2019universit\u00e9 Griffith \u00e0 Brisbane, en Australie, ont r\u00e9sum\u00e9 les r\u00e9sultats de 1&nbsp;106 \u00e9tudes exp\u00e9rimentales et \u00e9pid\u00e9miologiques portant sur les effets biologiques et sanitaires des champs \u00e9lectromagn\u00e9tiques et des rayonnements. <strong>Deux tiers de ces \u00e9tudes scientifiques ont r\u00e9v\u00e9l\u00e9 des effets biologiques significatifs sur la sant\u00e9.<\/strong> Les chercheurs australiens ont \u00e9crit que des centaines de travaux ont r\u00e9v\u00e9l\u00e9 l\u2019impact des t\u00e9l\u00e9phones mobiles et des infrastructures de t\u00e9l\u00e9phonie mobile sur les processus biologiques fondamentaux du corps humain, y compris <strong>les dommages aux prot\u00e9ines, les changements biochimiques et le stress oxydatif<\/strong>.<\/p>\n<p>Une autre \u00e9tude<span class=\"footnote_referrer\"><a role=\"button\" tabindex=\"0\" onclick=\"footnote_moveToReference_39008_1('footnote_plugin_reference_39008_1_6');\" onkeypress=\"footnote_moveToReference_39008_1('footnote_plugin_reference_39008_1_6');\" ><sup id=\"footnote_plugin_tooltip_39008_1_6\" class=\"footnote_plugin_tooltip_text\">6)<\/sup><\/a><span id=\"footnote_plugin_tooltip_text_39008_1_6\" class=\"footnote_tooltip\">Junjie Huang, Sze Chai Chan, Veeleah Lok, Lin Zhang, Xu Lin, Don Eliseo Lucero-Prisno, Wanghong Xu, Zhi-Jie Zheng, Edmar Elcarte, Mellissa Withers, Martin C S Wong, NCD Global Health Research Group, Association of Pacific Rim Universities (APRU) (2022). Disease burden, risk factors, and trends of primary central nervous system (CNS) cancer: a global study of registries data. Neuro-Oncology, noac213, <a href=\"https:\/\/doi.org\/10.1093\/neuonc\/noac213\" target=\"_blank\" rel=\"noopener\"><span class=\"footnote_url_wrap\">https:\/\/doi.org\/10.1093\/neuonc\/noac213<\/span><\/a> <a href=\"https:\/\/academic.oup.com\/neuro-oncology\/advance-article-abstract\/doi\/10.1093\/neuonc\/noac213\/6681116\" target=\"_blank\" rel=\"noopener\"><span class=\"footnote_url_wrap\">https:\/\/academic.oup.com\/neuro-oncology\/advance-article-abstract\/doi\/10.1093\/neuonc\/noac213\/6681116<\/span><\/a><\/span><\/span><script type=\"text\/javascript\"> jQuery('#footnote_plugin_tooltip_39008_1_6').tooltip({ tip: '#footnote_plugin_tooltip_text_39008_1_6', tipClass: 'footnote_tooltip', effect: 'fade', predelay: 0, fadeInSpeed: 200, delay: 400, fadeOutSpeed: 200, position: 'top right', relative: true, offset: [10, 10], });<\/script> , \u00e9galement \u00e9valu\u00e9e par des experts et publi\u00e9e en septembre&nbsp;2022 dans la revue sp\u00e9cialis\u00e9e&nbsp;\u00ab&nbsp;Neuro-Oncology&nbsp;\u00bb, de la facult\u00e9 de m\u00e9decine de l\u2019universit\u00e9 chinoise de Hong Kong, en collaboration avec l\u2019Association des universit\u00e9s du Pacifique (Association of Pacific Rim Universities), a \u00e9galement conclu que <strong>l\u2019utilisation des t\u00e9l\u00e9phones portables, entre autres facteurs,<\/strong> <strong>doit \u00eatre clairement associ\u00e9e au d\u00e9veloppement de tumeurs c\u00e9r\u00e9brales primaires<\/strong>.<\/p>\n<h3>Les effets biologiques sont encore souvent ignor\u00e9s<\/h3>\n<p><img loading=\"lazy\" decoding=\"async\" class=\"size-medium wp-image-38869 alignleft\" src=\"https:\/\/www.naturalscience.org\/wp-content\/uploads\/2023\/01\/AdobeStock_209883822-300x243.jpeg\" alt=\"\" width=\"300\" height=\"243\" srcset=\"https:\/\/www.naturalscience.org\/wp-content\/uploads\/2023\/01\/AdobeStock_209883822-300x243.jpeg 300w, https:\/\/www.naturalscience.org\/wp-content\/uploads\/2023\/01\/AdobeStock_209883822-1024x828.jpeg 1024w, https:\/\/www.naturalscience.org\/wp-content\/uploads\/2023\/01\/AdobeStock_209883822-768x621.jpeg 768w, https:\/\/www.naturalscience.org\/wp-content\/uploads\/2023\/01\/AdobeStock_209883822-1536x1242.jpeg 1536w, https:\/\/www.naturalscience.org\/wp-content\/uploads\/2023\/01\/AdobeStock_209883822-2048x1656.jpeg 2048w, https:\/\/www.naturalscience.org\/wp-content\/uploads\/2023\/01\/AdobeStock_209883822-164x133.jpeg 164w, https:\/\/www.naturalscience.org\/wp-content\/uploads\/2023\/01\/AdobeStock_209883822-400x323.jpeg 400w, https:\/\/www.naturalscience.org\/wp-content\/uploads\/2023\/01\/AdobeStock_209883822-500x404.jpeg 500w\" sizes=\"auto, (max-width: 300px) 100vw, 300px\" \/>Dans ce contexte, il convient de mentionner une \u00e9tude longitudinale<span class=\"footnote_referrer\"><a role=\"button\" tabindex=\"0\" onclick=\"footnote_moveToReference_39008_1('footnote_plugin_reference_39008_1_7');\" onkeypress=\"footnote_moveToReference_39008_1('footnote_plugin_reference_39008_1_7');\" ><sup id=\"footnote_plugin_tooltip_39008_1_7\" class=\"footnote_plugin_tooltip_text\">7)<\/sup><\/a><span id=\"footnote_plugin_tooltip_text_39008_1_7\" class=\"footnote_tooltip\">Marloes Eeftens, Chen Shen, Jana S\u00f6nksen, Claudia Schmutz, Luuk van Wel, Ilaria Liorni, Roel Vermeulen, Elisabeth Cardis, Joe Wiart, Mireille Toledano, Martin R\u00f6\u00f6sli (2023). Modelling of daily radiofrequency electromagnetic field dose for a prospective adolescent cohort. Environment International. 4 Januar 2023. <a href=\"https:\/\/www.sciencedirect.com\/science\/article\/pii\/S0160412023000107\" target=\"_blank\" rel=\"noopener\"><span class=\"footnote_url_wrap\">https:\/\/www.sciencedirect.com\/science\/article\/pii\/S0160412023000107<\/span><\/a><\/span><\/span><script type=\"text\/javascript\"> jQuery('#footnote_plugin_tooltip_39008_1_7').tooltip({ tip: '#footnote_plugin_tooltip_text_39008_1_7', tipClass: 'footnote_tooltip', effect: 'fade', predelay: 0, fadeInSpeed: 200, delay: 400, fadeOutSpeed: 200, position: 'top right', relative: true, offset: [10, 10], });<\/script> , publi\u00e9e le&nbsp;5&nbsp;janvier 2023 dans la revue sp\u00e9cialis\u00e9e&nbsp;\u00ab&nbsp;Environment International&nbsp;\u00bb, qui a examin\u00e9 la dose quotidienne de champs \u00e9lectromagn\u00e9tiques \u00e0 haute fr\u00e9quence dans le corps de plus de 6&nbsp;000 adolescents britanniques sur une p\u00e9riode de deux ans (2014 \u00e0 2016). Alors que la valeur restait \u00e0 peu pr\u00e8s la m\u00eame dans tout le corps au moment de la mesure, <strong>les chercheurs ont constat\u00e9 une augmentation notable de 32&nbsp;%<\/strong> <strong>dans le cerveau des adolescents apr\u00e8s deux ans<\/strong>, en particulier dans le lobe temporal. (La plupart des tumeurs du glioblastome se d\u00e9veloppent dans les lobes temporaux et frontaux.) La raison principale de cette augmentation \u00e9tait l\u2019utilisation du t\u00e9l\u00e9phone portable par les jeunes, les r\u00e9seaux&nbsp;2G \u00e9tant encore en service au moment de la mesure.<\/p>\n<p>Cependant, les critiques soulignent que cette \u00e9tude pr\u00e9sente des lacunes \u00e9videntes, notamment parce que les auteurs ont renonc\u00e9 \u00e0 \u00e9tudier les effets biologiques et sanitaires potentiels. Ceci est sans doute d\u00fb au fait que plusieurs auteurs de l&rsquo;\u00e9tude ont des liens avec l\u2019industrie de la t\u00e9l\u00e9phonie mobile. Eileen O\u2019Connor, cofondatrice et directrice de l\u2019EM Radiation Research Trust au Royaume-Uni et membre du conseil d\u2019administration de l\u2019Alliance Internationale EMF a qualifi\u00e9 l\u2019\u00e9tude de&nbsp;\u00ab&nbsp;favorable \u00e0 l\u2019industrie&nbsp;\u00bb.&nbsp;\u00ab&nbsp;Les mots-cl\u00e9s du document sont&nbsp;\u00ab&nbsp;estimation et hypoth\u00e8se&nbsp;\u00bb, l\u2019accent \u00e9tant mis sur le taux d\u2019absorption sp\u00e9cifique (TAS), ne concernant que les \u00e9missions des t\u00e9l\u00e9phones mobiles capables de chauffer les tissus biologiques&nbsp;\u00bb, a-t-elle d\u00e9clar\u00e9. De nombreux experts confirment que le TAS n\u2019est pas une m\u00e9thode de mesure de l\u2019impact de la t\u00e9l\u00e9phonie mobile sur les \u00eatres humains. En&nbsp;2013, une \u00e9quipe de chercheurs a \u00e9valu\u00e9 le TAS comme m\u00e9thode de quantification des effets biologiques potentiels des champs \u00e9lectromagn\u00e9tiques et a conclu que&nbsp;\u00ab&nbsp;le TAS se r\u00e9f\u00e8re en fait aux effets thermiques, <strong>alors que la grande majorit\u00e9 des effets biologiques enregistr\u00e9s des rayonnements environnementaux artificiels non ionisants sont non thermiques<\/strong>.&nbsp;\u00bb<span class=\"footnote_referrer\"><a role=\"button\" tabindex=\"0\" onclick=\"footnote_moveToReference_39008_1('footnote_plugin_reference_39008_1_8');\" onkeypress=\"footnote_moveToReference_39008_1('footnote_plugin_reference_39008_1_8');\" ><sup id=\"footnote_plugin_tooltip_39008_1_8\" class=\"footnote_plugin_tooltip_text\">8)<\/sup><\/a><span id=\"footnote_plugin_tooltip_text_39008_1_8\" class=\"footnote_tooltip\">Dimitris J. Panagopoulos, Olle Johansson, George L. Carlo (2013). Evaluation of Specific Absorption Rate as a Dosimetric Quantity for Electromagnetic Fields Bioeffects. PLOS ONE. June 2013, Volume 8, Issue 6.<a href=\"https:\/\/journals.plos.org\/plosone\/article\/file?id=10.1371\/journal.pone.0062663&amp;type=printable\" target=\"_blank\" rel=\"noopener\"> <span class=\"footnote_url_wrap\">https:\/\/journals.plos.org\/plosone\/article\/file?id=10.1371\/journal.pone.0062663&amp;type=printable<\/span><\/a><\/span><\/span><script type=\"text\/javascript\"> jQuery('#footnote_plugin_tooltip_39008_1_8').tooltip({ tip: '#footnote_plugin_tooltip_text_39008_1_8', tipClass: 'footnote_tooltip', effect: 'fade', predelay: 0, fadeInSpeed: 200, delay: 400, fadeOutSpeed: 200, position: 'top right', relative: true, offset: [10, 10], });<\/script><\/p>\n<div class=\"speaker-mute footnotes_reference_container\"> <div class=\"footnote_container_prepare\"><p><span role=\"button\" tabindex=\"0\" class=\"footnote_reference_container_label pointer\" onclick=\"footnote_expand_collapse_reference_container_39008_1();\">References<\/span><span role=\"button\" tabindex=\"0\" class=\"footnote_reference_container_collapse_button\" style=\"display: none;\" onclick=\"footnote_expand_collapse_reference_container_39008_1();\">[<a id=\"footnote_reference_container_collapse_button_39008_1\">+<\/a>]<\/span><\/p><\/div> <div id=\"footnote_references_container_39008_1\" style=\"\"><table class=\"footnotes_table footnote-reference-container\"><caption class=\"accessibility\">References<\/caption> <tbody> \r\n\r\n<tr class=\"footnotes_plugin_reference_row\"> <th scope=\"row\" class=\"footnote_plugin_index_combi pointer\"  onclick=\"footnote_moveToAnchor_39008_1('footnote_plugin_tooltip_39008_1_1');\"><a id=\"footnote_plugin_reference_39008_1_1\" class=\"footnote_backlink\"><span class=\"footnote_index_arrow\">&#8593;<\/span>1<\/a><\/th> <td class=\"footnote_plugin_text\">Lennart Hardell, Mona Nilsson (2023). Case Report: The Microwave Syndrome after Installation of 5G Emphasizes the Need for Protection from Radiofrequency Radiation. Ann Case Rep: 8: 1112. <a href=\"https:\/\/www.gavinpublishers.com\/assets\/articles_pdf\/Case-Report-The-Microwave-Syndrome-after--Installation-of-5G-Emphasizes-the-Need-for--Protection-from-Radiofrequency-Radiation.pdf\" target=\"_blank\" rel=\"noopener\"><span class=\"footnote_url_wrap\">https:\/\/www.gavinpublishers.com\/assets\/articles_pdf\/Case-Report-The-Microwave-Syndrome-after&#8211;Installation-of-5G-Emphasizes-the-Need-for&#8211;Protection-from-Radiofrequency-Radiation.pdf<\/span><\/a><\/td><\/tr>\r\n\r\n<tr class=\"footnotes_plugin_reference_row\"> <th scope=\"row\" class=\"footnote_plugin_index_combi pointer\"  onclick=\"footnote_moveToAnchor_39008_1('footnote_plugin_tooltip_39008_1_2');\"><a id=\"footnote_plugin_reference_39008_1_2\" class=\"footnote_backlink\"><span class=\"footnote_index_arrow\">&#8593;<\/span>2<\/a><\/th> <td class=\"footnote_plugin_text\">Yael Stein, Iris G Udasin (2020): Electromagnetic hypersensitivity (EHS, microwave syndrome) &#8211; Review of mechanisms. Environ Res. 2020 Jul;186:109445. doi: 10.1016\/j.envres.2020.109445. <a href=\"https:\/\/pubmed.ncbi.nlm.nih.gov\/32289567\/\" target=\"_blank\" rel=\"noopener\"><span class=\"footnote_url_wrap\">https:\/\/pubmed.ncbi.nlm.nih.gov\/32289567\/<\/span><\/a><\/td><\/tr>\r\n\r\n<tr class=\"footnotes_plugin_reference_row\"> <th scope=\"row\" class=\"footnote_plugin_index_combi pointer\"  onclick=\"footnote_moveToAnchor_39008_1('footnote_plugin_tooltip_39008_1_3');\"><a id=\"footnote_plugin_reference_39008_1_3\" class=\"footnote_backlink\"><span class=\"footnote_index_arrow\">&#8593;<\/span>3<\/a><\/th> <td class=\"footnote_plugin_text\"><a href=\"https:\/\/childrenshealthdefense.org\/defender\/selon-une-etude-les-rayonnements-de-la-5g-provoquent-des-symptomes-du-syndrome-des-micro-ondes\/?lang=fr\" target=\"_blank\" rel=\"noopener\"><span class=\"footnote_url_wrap\">https:\/\/childrenshealthdefense.org\/defender\/selon-une-etude-les-rayonnements-de-la-5g-provoquent-des-symptomes-du-syndrome-des-micro-ondes\/?lang=fr<\/span><\/a><\/td><\/tr>\r\n\r\n<tr class=\"footnotes_plugin_reference_row\"> <th scope=\"row\" class=\"footnote_plugin_index_combi pointer\"  onclick=\"footnote_moveToAnchor_39008_1('footnote_plugin_tooltip_39008_1_4');\"><a id=\"footnote_plugin_reference_39008_1_4\" class=\"footnote_backlink\"><span class=\"footnote_index_arrow\">&#8593;<\/span>4<\/a><\/th> <td class=\"footnote_plugin_text\"><a href=\"https:\/\/childrenshealthdefense.org\/defender\/4-etudes-viennent-renforcer-les-preuves-de-lexistence-de-rayonnements-electromagnetiques-lies-aux-technologies-sans-fil-chez-lhomme\/?lang=fr\" target=\"_blank\" rel=\"noopener\"><span class=\"footnote_url_wrap\">https:\/\/childrenshealthdefense.org\/defender\/4-etudes-viennent-renforcer-les-preuves-de-lexistence-de-rayonnements-electromagnetiques-lies-aux-technologies-sans-fil-chez-lhomme\/?lang=fr<\/span><\/a><\/td><\/tr>\r\n\r\n<tr class=\"footnotes_plugin_reference_row\"> <th scope=\"row\" class=\"footnote_plugin_index_combi pointer\"  onclick=\"footnote_moveToAnchor_39008_1('footnote_plugin_tooltip_39008_1_5');\"><a id=\"footnote_plugin_reference_39008_1_5\" class=\"footnote_backlink\"><span class=\"footnote_index_arrow\">&#8593;<\/span>5<\/a><\/th> <td class=\"footnote_plugin_text\">Julie E. McCredden, Naomi Cook, Steven Weller and Victor Leach (2022). Wireless technology is an environmental stressor requiring new understanding and approaches in health care. Front. Public Health, 20 December 2022. Sec. Radiation and Health. Volume 10 &#8211; 2022. <a href=\"https:\/\/www.frontiersin.org\/articles\/10.3389\/fpubh.2022.986315\/full\" target=\"_blank\" rel=\"noopener\"><span class=\"footnote_url_wrap\">https:\/\/www.frontiersin.org\/articles\/10.3389\/fpubh.2022.986315\/full<\/span><\/a><\/td><\/tr>\r\n\r\n<tr class=\"footnotes_plugin_reference_row\"> <th scope=\"row\" class=\"footnote_plugin_index_combi pointer\"  onclick=\"footnote_moveToAnchor_39008_1('footnote_plugin_tooltip_39008_1_6');\"><a id=\"footnote_plugin_reference_39008_1_6\" class=\"footnote_backlink\"><span class=\"footnote_index_arrow\">&#8593;<\/span>6<\/a><\/th> <td class=\"footnote_plugin_text\">Junjie Huang, Sze Chai Chan, Veeleah Lok, Lin Zhang, Xu Lin, Don Eliseo Lucero-Prisno, Wanghong Xu, Zhi-Jie Zheng, Edmar Elcarte, Mellissa Withers, Martin C S Wong, NCD Global Health Research Group, Association of Pacific Rim Universities (APRU) (2022). Disease burden, risk factors, and trends of primary central nervous system (CNS) cancer: a global study of registries data. Neuro-Oncology, noac213, <a href=\"https:\/\/doi.org\/10.1093\/neuonc\/noac213\" target=\"_blank\" rel=\"noopener\"><span class=\"footnote_url_wrap\">https:\/\/doi.org\/10.1093\/neuonc\/noac213<\/span><\/a> <a href=\"https:\/\/academic.oup.com\/neuro-oncology\/advance-article-abstract\/doi\/10.1093\/neuonc\/noac213\/6681116\" target=\"_blank\" rel=\"noopener\"><span class=\"footnote_url_wrap\">https:\/\/academic.oup.com\/neuro-oncology\/advance-article-abstract\/doi\/10.1093\/neuonc\/noac213\/6681116<\/span><\/a><\/td><\/tr>\r\n\r\n<tr class=\"footnotes_plugin_reference_row\"> <th scope=\"row\" class=\"footnote_plugin_index_combi pointer\"  onclick=\"footnote_moveToAnchor_39008_1('footnote_plugin_tooltip_39008_1_7');\"><a id=\"footnote_plugin_reference_39008_1_7\" class=\"footnote_backlink\"><span class=\"footnote_index_arrow\">&#8593;<\/span>7<\/a><\/th> <td class=\"footnote_plugin_text\">Marloes Eeftens, Chen Shen, Jana S\u00f6nksen, Claudia Schmutz, Luuk van Wel, Ilaria Liorni, Roel Vermeulen, Elisabeth Cardis, Joe Wiart, Mireille Toledano, Martin R\u00f6\u00f6sli (2023). Modelling of daily radiofrequency electromagnetic field dose for a prospective adolescent cohort. Environment International. 4 Januar 2023. <a href=\"https:\/\/www.sciencedirect.com\/science\/article\/pii\/S0160412023000107\" target=\"_blank\" rel=\"noopener\"><span class=\"footnote_url_wrap\">https:\/\/www.sciencedirect.com\/science\/article\/pii\/S0160412023000107<\/span><\/a><\/td><\/tr>\r\n\r\n<tr class=\"footnotes_plugin_reference_row\"> <th scope=\"row\" class=\"footnote_plugin_index_combi pointer\"  onclick=\"footnote_moveToAnchor_39008_1('footnote_plugin_tooltip_39008_1_8');\"><a id=\"footnote_plugin_reference_39008_1_8\" class=\"footnote_backlink\"><span class=\"footnote_index_arrow\">&#8593;<\/span>8<\/a><\/th> <td class=\"footnote_plugin_text\">Dimitris J. Panagopoulos, Olle Johansson, George L. Carlo (2013). Evaluation of Specific Absorption Rate as a Dosimetric Quantity for Electromagnetic Fields Bioeffects. PLOS ONE. June 2013, Volume 8, Issue 6.<a href=\"https:\/\/journals.plos.org\/plosone\/article\/file?id=10.1371\/journal.pone.0062663&amp;type=printable\" target=\"_blank\" rel=\"noopener\"> <span class=\"footnote_url_wrap\">https:\/\/journals.plos.org\/plosone\/article\/file?id=10.1371\/journal.pone.0062663&amp;type=printable<\/span><\/a><\/td><\/tr>\r\n\r\n <\/tbody> <\/table> <\/div><\/div><script type=\"text\/javascript\"> function footnote_expand_reference_container_39008_1() { jQuery('#footnote_references_container_39008_1').show(); jQuery('#footnote_reference_container_collapse_button_39008_1').text('\u2212'); } function footnote_collapse_reference_container_39008_1() { jQuery('#footnote_references_container_39008_1').hide(); jQuery('#footnote_reference_container_collapse_button_39008_1').text('+'); } function footnote_expand_collapse_reference_container_39008_1() { if (jQuery('#footnote_references_container_39008_1').is(':hidden')) { footnote_expand_reference_container_39008_1(); } else { footnote_collapse_reference_container_39008_1(); } } function footnote_moveToReference_39008_1(p_str_TargetID) { footnote_expand_reference_container_39008_1(); var l_obj_Target = jQuery('#' + p_str_TargetID); if (l_obj_Target.length) { jQuery( 'html, body' ).delay( 0 ); jQuery('html, body').animate({ scrollTop: l_obj_Target.offset().top - window.innerHeight * 0.2 }, 380); } } function footnote_moveToAnchor_39008_1(p_str_TargetID) { footnote_expand_reference_container_39008_1(); var l_obj_Target = jQuery('#' + p_str_TargetID); if (l_obj_Target.length) { jQuery( 'html, body' ).delay( 0 ); jQuery('html, body').animate({ scrollTop: l_obj_Target.offset().top - window.innerHeight * 0.2 }, 380); } }<\/script>","protected":false},"excerpt":{"rendered":"Les preuves deviennent de plus en plus \u00e9videntes et fr\u00e9quentes&nbsp;: les rayonnements des t\u00e9l\u00e9phones mobiles, et en particulier avec la technologie 5G, sont loin d\u2019\u00eatre inoffensifs pour les humains et les limites en vigueur ne sont pas suffisantes pour prot\u00e9ger la sant\u00e9. Par exemple, le 10 janvier 2023, une \u00e9tude de cas su\u00e9doise a \u00e9t\u00e9 [&hellip;]","protected":false},"author":11,"featured_media":0,"comment_status":"closed","ping_status":"closed","sticky":false,"template":"","format":"standard","meta":{"_acf_changed":false,"ngg_post_thumbnail":0,"footnotes":""},"categories":[488,206],"tags":[],"class_list":["post-39008","post","type-post","status-publish","format-standard","hentry","category-5g","category-micro-ondes-communications-mobiles","wpautop"],"acf":[],"yoast_head":"<!-- This site is optimized with the Yoast SEO plugin v27.4 - https:\/\/yoast.com\/product\/yoast-seo-wordpress\/ -->\n<title>Prouv\u00e9 de nouveau\u00a0: le rayonnement de la t\u00e9l\u00e9phonie mobile a des effets biologiques n\u00e9gatifs chez l\u2019\u00eatre humain - The World Foundation for Natural Science<\/title>\n<meta name=\"robots\" content=\"index, follow, max-snippet:-1, max-image-preview:large, max-video-preview:-1\" \/>\n<link rel=\"canonical\" href=\"https:\/\/www.naturalscience.org\/fr\/news\/2023\/02\/prouve-de-nouveau-le-rayonnement-de-la-telephonie-mobile-a-des-effets-biologiques-negatifs-chez-letre-humain\/\" \/>\n<meta name=\"twitter:label1\" content=\"\u00c9crit par\" \/>\n\t<meta name=\"twitter:data1\" content=\"Monika Waldmann\" \/>\n\t<meta name=\"twitter:label2\" content=\"Dur\u00e9e de lecture estim\u00e9e\" \/>\n\t<meta name=\"twitter:data2\" content=\"7 minutes\" \/>\n<script type=\"application\/ld+json\" class=\"yoast-schema-graph\">{\"@context\":\"https:\\\/\\\/schema.org\",\"@graph\":[{\"@type\":\"Article\",\"@id\":\"https:\\\/\\\/www.naturalscience.org\\\/fr\\\/news\\\/2023\\\/02\\\/prouve-de-nouveau-le-rayonnement-de-la-telephonie-mobile-a-des-effets-biologiques-negatifs-chez-letre-humain\\\/#article\",\"isPartOf\":{\"@id\":\"https:\\\/\\\/www.naturalscience.org\\\/fr\\\/news\\\/2023\\\/02\\\/prouve-de-nouveau-le-rayonnement-de-la-telephonie-mobile-a-des-effets-biologiques-negatifs-chez-letre-humain\\\/\"},\"author\":{\"name\":\"Monika Waldmann\",\"@id\":\"https:\\\/\\\/www.naturalscience.org\\\/#\\\/schema\\\/person\\\/f3e16bb7057b29f8593016bf70a42022\"},\"headline\":\"Prouv\u00e9 de nouveau\u00a0: le rayonnement de la t\u00e9l\u00e9phonie mobile a des effets biologiques n\u00e9gatifs chez l\u2019\u00eatre humain\",\"datePublished\":\"2023-02-16T08:20:15+00:00\",\"mainEntityOfPage\":{\"@id\":\"https:\\\/\\\/www.naturalscience.org\\\/fr\\\/news\\\/2023\\\/02\\\/prouve-de-nouveau-le-rayonnement-de-la-telephonie-mobile-a-des-effets-biologiques-negatifs-chez-letre-humain\\\/\"},\"wordCount\":1540,\"image\":{\"@id\":\"https:\\\/\\\/www.naturalscience.org\\\/fr\\\/news\\\/2023\\\/02\\\/prouve-de-nouveau-le-rayonnement-de-la-telephonie-mobile-a-des-effets-biologiques-negatifs-chez-letre-humain\\\/#primaryimage\"},\"thumbnailUrl\":\"https:\\\/\\\/www.naturalscience.org\\\/wp-content\\\/uploads\\\/2023\\\/01\\\/AdobeStock_361337228-300x200.jpeg\",\"articleSection\":[\"5G\",\"Micro-ondes &amp; communications mobiles\"],\"inLanguage\":\"fr-FR\"},{\"@type\":\"WebPage\",\"@id\":\"https:\\\/\\\/www.naturalscience.org\\\/fr\\\/news\\\/2023\\\/02\\\/prouve-de-nouveau-le-rayonnement-de-la-telephonie-mobile-a-des-effets-biologiques-negatifs-chez-letre-humain\\\/\",\"url\":\"https:\\\/\\\/www.naturalscience.org\\\/fr\\\/news\\\/2023\\\/02\\\/prouve-de-nouveau-le-rayonnement-de-la-telephonie-mobile-a-des-effets-biologiques-negatifs-chez-letre-humain\\\/\",\"name\":\"Prouv\u00e9 de nouveau\u00a0: le rayonnement de la t\u00e9l\u00e9phonie mobile a des effets biologiques n\u00e9gatifs chez l\u2019\u00eatre humain - The World Foundation for Natural Science\",\"isPartOf\":{\"@id\":\"https:\\\/\\\/www.naturalscience.org\\\/#website\"},\"primaryImageOfPage\":{\"@id\":\"https:\\\/\\\/www.naturalscience.org\\\/fr\\\/news\\\/2023\\\/02\\\/prouve-de-nouveau-le-rayonnement-de-la-telephonie-mobile-a-des-effets-biologiques-negatifs-chez-letre-humain\\\/#primaryimage\"},\"image\":{\"@id\":\"https:\\\/\\\/www.naturalscience.org\\\/fr\\\/news\\\/2023\\\/02\\\/prouve-de-nouveau-le-rayonnement-de-la-telephonie-mobile-a-des-effets-biologiques-negatifs-chez-letre-humain\\\/#primaryimage\"},\"thumbnailUrl\":\"https:\\\/\\\/www.naturalscience.org\\\/wp-content\\\/uploads\\\/2023\\\/01\\\/AdobeStock_361337228-300x200.jpeg\",\"datePublished\":\"2023-02-16T08:20:15+00:00\",\"author\":{\"@id\":\"https:\\\/\\\/www.naturalscience.org\\\/#\\\/schema\\\/person\\\/f3e16bb7057b29f8593016bf70a42022\"},\"breadcrumb\":{\"@id\":\"https:\\\/\\\/www.naturalscience.org\\\/fr\\\/news\\\/2023\\\/02\\\/prouve-de-nouveau-le-rayonnement-de-la-telephonie-mobile-a-des-effets-biologiques-negatifs-chez-letre-humain\\\/#breadcrumb\"},\"inLanguage\":\"fr-FR\",\"potentialAction\":[{\"@type\":\"ReadAction\",\"target\":[\"https:\\\/\\\/www.naturalscience.org\\\/fr\\\/news\\\/2023\\\/02\\\/prouve-de-nouveau-le-rayonnement-de-la-telephonie-mobile-a-des-effets-biologiques-negatifs-chez-letre-humain\\\/\"]}]},{\"@type\":\"ImageObject\",\"inLanguage\":\"fr-FR\",\"@id\":\"https:\\\/\\\/www.naturalscience.org\\\/fr\\\/news\\\/2023\\\/02\\\/prouve-de-nouveau-le-rayonnement-de-la-telephonie-mobile-a-des-effets-biologiques-negatifs-chez-letre-humain\\\/#primaryimage\",\"url\":\"https:\\\/\\\/www.naturalscience.org\\\/wp-content\\\/uploads\\\/2023\\\/01\\\/AdobeStock_361337228-300x200.jpeg\",\"contentUrl\":\"https:\\\/\\\/www.naturalscience.org\\\/wp-content\\\/uploads\\\/2023\\\/01\\\/AdobeStock_361337228-300x200.jpeg\"},{\"@type\":\"BreadcrumbList\",\"@id\":\"https:\\\/\\\/www.naturalscience.org\\\/fr\\\/news\\\/2023\\\/02\\\/prouve-de-nouveau-le-rayonnement-de-la-telephonie-mobile-a-des-effets-biologiques-negatifs-chez-letre-humain\\\/#breadcrumb\",\"itemListElement\":[{\"@type\":\"ListItem\",\"position\":1,\"name\":\"Home\",\"item\":\"https:\\\/\\\/www.naturalscience.org\\\/fr\\\/\"},{\"@type\":\"ListItem\",\"position\":2,\"name\":\"Prouv\u00e9 de nouveau\u00a0: le rayonnement de la t\u00e9l\u00e9phonie mobile a des effets biologiques n\u00e9gatifs chez l\u2019\u00eatre humain\"}]},{\"@type\":\"WebSite\",\"@id\":\"https:\\\/\\\/www.naturalscience.org\\\/#website\",\"url\":\"https:\\\/\\\/www.naturalscience.org\\\/\",\"name\":\"The World Foundation for Natural Science\",\"description\":\"Restoring and Healing the World through Responsibility and Commitment in accord with Natural and Divine Law!\",\"potentialAction\":[{\"@type\":\"SearchAction\",\"target\":{\"@type\":\"EntryPoint\",\"urlTemplate\":\"https:\\\/\\\/www.naturalscience.org\\\/?s={search_term_string}\"},\"query-input\":{\"@type\":\"PropertyValueSpecification\",\"valueRequired\":true,\"valueName\":\"search_term_string\"}}],\"inLanguage\":\"fr-FR\"},{\"@type\":\"Person\",\"@id\":\"https:\\\/\\\/www.naturalscience.org\\\/#\\\/schema\\\/person\\\/f3e16bb7057b29f8593016bf70a42022\",\"name\":\"Monika Waldmann\",\"image\":{\"@type\":\"ImageObject\",\"inLanguage\":\"fr-FR\",\"@id\":\"https:\\\/\\\/secure.gravatar.com\\\/avatar\\\/54dfb6ad0fbcf54c252c37d8d2c1a44e41b462185db44d9c8124801f3b41b6ec?s=96&d=mm&r=g\",\"url\":\"https:\\\/\\\/secure.gravatar.com\\\/avatar\\\/54dfb6ad0fbcf54c252c37d8d2c1a44e41b462185db44d9c8124801f3b41b6ec?s=96&d=mm&r=g\",\"contentUrl\":\"https:\\\/\\\/secure.gravatar.com\\\/avatar\\\/54dfb6ad0fbcf54c252c37d8d2c1a44e41b462185db44d9c8124801f3b41b6ec?s=96&d=mm&r=g\",\"caption\":\"Monika Waldmann\"}}]}<\/script>\n<!-- \/ Yoast SEO plugin. -->","yoast_head_json":{"title":"Prouv\u00e9 de nouveau\u00a0: le rayonnement de la t\u00e9l\u00e9phonie mobile a des effets biologiques n\u00e9gatifs chez l\u2019\u00eatre humain - The World Foundation for Natural Science","robots":{"index":"index","follow":"follow","max-snippet":"max-snippet:-1","max-image-preview":"max-image-preview:large","max-video-preview":"max-video-preview:-1"},"canonical":"https:\/\/www.naturalscience.org\/fr\/news\/2023\/02\/prouve-de-nouveau-le-rayonnement-de-la-telephonie-mobile-a-des-effets-biologiques-negatifs-chez-letre-humain\/","twitter_misc":{"\u00c9crit par":"Monika Waldmann","Dur\u00e9e de lecture estim\u00e9e":"7 minutes"},"schema":{"@context":"https:\/\/schema.org","@graph":[{"@type":"Article","@id":"https:\/\/www.naturalscience.org\/fr\/news\/2023\/02\/prouve-de-nouveau-le-rayonnement-de-la-telephonie-mobile-a-des-effets-biologiques-negatifs-chez-letre-humain\/#article","isPartOf":{"@id":"https:\/\/www.naturalscience.org\/fr\/news\/2023\/02\/prouve-de-nouveau-le-rayonnement-de-la-telephonie-mobile-a-des-effets-biologiques-negatifs-chez-letre-humain\/"},"author":{"name":"Monika Waldmann","@id":"https:\/\/www.naturalscience.org\/#\/schema\/person\/f3e16bb7057b29f8593016bf70a42022"},"headline":"Prouv\u00e9 de nouveau\u00a0: le rayonnement de la t\u00e9l\u00e9phonie mobile a des effets biologiques n\u00e9gatifs chez l\u2019\u00eatre humain","datePublished":"2023-02-16T08:20:15+00:00","mainEntityOfPage":{"@id":"https:\/\/www.naturalscience.org\/fr\/news\/2023\/02\/prouve-de-nouveau-le-rayonnement-de-la-telephonie-mobile-a-des-effets-biologiques-negatifs-chez-letre-humain\/"},"wordCount":1540,"image":{"@id":"https:\/\/www.naturalscience.org\/fr\/news\/2023\/02\/prouve-de-nouveau-le-rayonnement-de-la-telephonie-mobile-a-des-effets-biologiques-negatifs-chez-letre-humain\/#primaryimage"},"thumbnailUrl":"https:\/\/www.naturalscience.org\/wp-content\/uploads\/2023\/01\/AdobeStock_361337228-300x200.jpeg","articleSection":["5G","Micro-ondes &amp; communications mobiles"],"inLanguage":"fr-FR"},{"@type":"WebPage","@id":"https:\/\/www.naturalscience.org\/fr\/news\/2023\/02\/prouve-de-nouveau-le-rayonnement-de-la-telephonie-mobile-a-des-effets-biologiques-negatifs-chez-letre-humain\/","url":"https:\/\/www.naturalscience.org\/fr\/news\/2023\/02\/prouve-de-nouveau-le-rayonnement-de-la-telephonie-mobile-a-des-effets-biologiques-negatifs-chez-letre-humain\/","name":"Prouv\u00e9 de nouveau\u00a0: le rayonnement de la t\u00e9l\u00e9phonie mobile a des effets biologiques n\u00e9gatifs chez l\u2019\u00eatre humain - The World Foundation for Natural Science","isPartOf":{"@id":"https:\/\/www.naturalscience.org\/#website"},"primaryImageOfPage":{"@id":"https:\/\/www.naturalscience.org\/fr\/news\/2023\/02\/prouve-de-nouveau-le-rayonnement-de-la-telephonie-mobile-a-des-effets-biologiques-negatifs-chez-letre-humain\/#primaryimage"},"image":{"@id":"https:\/\/www.naturalscience.org\/fr\/news\/2023\/02\/prouve-de-nouveau-le-rayonnement-de-la-telephonie-mobile-a-des-effets-biologiques-negatifs-chez-letre-humain\/#primaryimage"},"thumbnailUrl":"https:\/\/www.naturalscience.org\/wp-content\/uploads\/2023\/01\/AdobeStock_361337228-300x200.jpeg","datePublished":"2023-02-16T08:20:15+00:00","author":{"@id":"https:\/\/www.naturalscience.org\/#\/schema\/person\/f3e16bb7057b29f8593016bf70a42022"},"breadcrumb":{"@id":"https:\/\/www.naturalscience.org\/fr\/news\/2023\/02\/prouve-de-nouveau-le-rayonnement-de-la-telephonie-mobile-a-des-effets-biologiques-negatifs-chez-letre-humain\/#breadcrumb"},"inLanguage":"fr-FR","potentialAction":[{"@type":"ReadAction","target":["https:\/\/www.naturalscience.org\/fr\/news\/2023\/02\/prouve-de-nouveau-le-rayonnement-de-la-telephonie-mobile-a-des-effets-biologiques-negatifs-chez-letre-humain\/"]}]},{"@type":"ImageObject","inLanguage":"fr-FR","@id":"https:\/\/www.naturalscience.org\/fr\/news\/2023\/02\/prouve-de-nouveau-le-rayonnement-de-la-telephonie-mobile-a-des-effets-biologiques-negatifs-chez-letre-humain\/#primaryimage","url":"https:\/\/www.naturalscience.org\/wp-content\/uploads\/2023\/01\/AdobeStock_361337228-300x200.jpeg","contentUrl":"https:\/\/www.naturalscience.org\/wp-content\/uploads\/2023\/01\/AdobeStock_361337228-300x200.jpeg"},{"@type":"BreadcrumbList","@id":"https:\/\/www.naturalscience.org\/fr\/news\/2023\/02\/prouve-de-nouveau-le-rayonnement-de-la-telephonie-mobile-a-des-effets-biologiques-negatifs-chez-letre-humain\/#breadcrumb","itemListElement":[{"@type":"ListItem","position":1,"name":"Home","item":"https:\/\/www.naturalscience.org\/fr\/"},{"@type":"ListItem","position":2,"name":"Prouv\u00e9 de nouveau\u00a0: le rayonnement de la t\u00e9l\u00e9phonie mobile a des effets biologiques n\u00e9gatifs chez l\u2019\u00eatre humain"}]},{"@type":"WebSite","@id":"https:\/\/www.naturalscience.org\/#website","url":"https:\/\/www.naturalscience.org\/","name":"The World Foundation for Natural Science","description":"Restoring and Healing the World through Responsibility and Commitment in accord with Natural and Divine Law!","potentialAction":[{"@type":"SearchAction","target":{"@type":"EntryPoint","urlTemplate":"https:\/\/www.naturalscience.org\/?s={search_term_string}"},"query-input":{"@type":"PropertyValueSpecification","valueRequired":true,"valueName":"search_term_string"}}],"inLanguage":"fr-FR"},{"@type":"Person","@id":"https:\/\/www.naturalscience.org\/#\/schema\/person\/f3e16bb7057b29f8593016bf70a42022","name":"Monika Waldmann","image":{"@type":"ImageObject","inLanguage":"fr-FR","@id":"https:\/\/secure.gravatar.com\/avatar\/54dfb6ad0fbcf54c252c37d8d2c1a44e41b462185db44d9c8124801f3b41b6ec?s=96&d=mm&r=g","url":"https:\/\/secure.gravatar.com\/avatar\/54dfb6ad0fbcf54c252c37d8d2c1a44e41b462185db44d9c8124801f3b41b6ec?s=96&d=mm&r=g","contentUrl":"https:\/\/secure.gravatar.com\/avatar\/54dfb6ad0fbcf54c252c37d8d2c1a44e41b462185db44d9c8124801f3b41b6ec?s=96&d=mm&r=g","caption":"Monika Waldmann"}}]}},"_links":{"self":[{"href":"https:\/\/www.naturalscience.org\/fr\/wp-json\/wp\/v2\/posts\/39008","targetHints":{"allow":["GET"]}}],"collection":[{"href":"https:\/\/www.naturalscience.org\/fr\/wp-json\/wp\/v2\/posts"}],"about":[{"href":"https:\/\/www.naturalscience.org\/fr\/wp-json\/wp\/v2\/types\/post"}],"author":[{"embeddable":true,"href":"https:\/\/www.naturalscience.org\/fr\/wp-json\/wp\/v2\/users\/11"}],"replies":[{"embeddable":true,"href":"https:\/\/www.naturalscience.org\/fr\/wp-json\/wp\/v2\/comments?post=39008"}],"version-history":[{"count":1,"href":"https:\/\/www.naturalscience.org\/fr\/wp-json\/wp\/v2\/posts\/39008\/revisions"}],"predecessor-version":[{"id":39009,"href":"https:\/\/www.naturalscience.org\/fr\/wp-json\/wp\/v2\/posts\/39008\/revisions\/39009"}],"wp:attachment":[{"href":"https:\/\/www.naturalscience.org\/fr\/wp-json\/wp\/v2\/media?parent=39008"}],"wp:term":[{"taxonomy":"category","embeddable":true,"href":"https:\/\/www.naturalscience.org\/fr\/wp-json\/wp\/v2\/categories?post=39008"},{"taxonomy":"post_tag","embeddable":true,"href":"https:\/\/www.naturalscience.org\/fr\/wp-json\/wp\/v2\/tags?post=39008"}],"curies":[{"name":"wp","href":"https:\/\/api.w.org\/{rel}","templated":true}]}}