{"id":31640,"date":"2019-12-02T18:13:32","date_gmt":"2019-12-02T17:13:32","guid":{"rendered":"https:\/\/www.naturalscience.org\/?p=31640"},"modified":"2026-04-30T20:06:01","modified_gmt":"2026-04-30T18:06:01","slug":"congres-2019-retrospective","status":"publish","type":"post","link":"https:\/\/www.naturalscience.org\/fr\/news\/2019\/12\/congres-2019-retrospective\/","title":{"rendered":"Congr\u00e8s 2019 &#8211; R\u00e9trospective"},"content":{"rendered":"<div class=\"landingpage-header text-center\">\n<div style=\"font-size: 18px;\">R\u00e9trospective du<\/div>\n<h1 style=\"font-size: 30px;\">24<sup>\u00e8me<\/sup> Congr\u00e8s Mondial International<br \/>&nbsp;\u00ab&nbsp;Nouvelles Perspectives Scientifiques&nbsp;\u00bb<\/h1>\n<div style=\"font-size: 18px; margin-top: 10px;\">Jeudi 31 octobre au dimanche 3 novembre 2019<\/div>\n<\/div>\n<p>&nbsp;<\/p>\n<h2>Le fardeau de la solitude<\/h2>\n<p><strong>Pourquoi la convivialit\u00e9 et l\u2019entraide sont essentielles pour nous<\/strong><\/p>\n<p><em>The Very Reverend Dean em. Paul PROBST, SF, Pr\u00e9sident Europ\u00e9en de The World Foundation for Natural Science, Lucerne, Suisse<\/em><\/p>\n<p><img loading=\"lazy\" decoding=\"async\" class=\"size-medium wp-image-31537 alignleft\" src=\"https:\/\/www.naturalscience.org\/wp-content\/uploads\/2019\/11\/congress-2019-review-probst-230x300.jpg\" alt=\"\" width=\"230\" height=\"300\" srcset=\"https:\/\/www.naturalscience.org\/wp-content\/uploads\/2019\/11\/congress-2019-review-probst-230x300.jpg 230w, https:\/\/www.naturalscience.org\/wp-content\/uploads\/2019\/11\/congress-2019-review-probst-126x164.jpg 126w, https:\/\/www.naturalscience.org\/wp-content\/uploads\/2019\/11\/congress-2019-review-probst-307x400.jpg 307w, https:\/\/www.naturalscience.org\/wp-content\/uploads\/2019\/11\/congress-2019-review-probst-383x500.jpg 383w, https:\/\/www.naturalscience.org\/wp-content\/uploads\/2019\/11\/congress-2019-review-probst.jpg 500w\" sizes=\"auto, (max-width: 230px) 100vw, 230px\" \/>La cause de d\u00e9c\u00e8s la plus fr\u00e9quente n\u2019est ni le cancer ni les maladies cardio-vasculaires. <strong>La plupart des gens meurent de solitude.<\/strong> Le psychiatre allemand renomm\u00e9, Dr Manfred Spitzer, d\u00e9crit cette affection souvent m\u00e9connue comme&nbsp;\u00ab&nbsp;douloureuse, contagieuse et mortelle.&nbsp;\u00bb C\u2019est pourquoi il a m\u00eame consacr\u00e9 un livre entier aux effets de la solitude. En tant que naturopathe avec plus de trente ans d\u2019exp\u00e9rience, Paul Probst peut confirmer par sa propre pratique que presque toutes les personnes malades se sentent \u00e9galement seules. La solitude cause du stress parce qu\u2019elle est contre nature. <strong>Les \u00eatres humains sont des \u00eatres sociaux ne pouvant s\u2019\u00e9panouir correctement seulement qu\u2019en communaut\u00e9.<\/strong> Cela peut \u00eatre vu dans la structure cellulaire incroyablement grande de notre corps ainsi que dans les liens forts du clan et de la famille, qui comptent l\u00e9gitimement comme la cellule germinale d\u2019une soci\u00e9t\u00e9 saine. Mais aujourd\u2019hui cette structure sociale s\u2019effrite et les gens de tous les niveaux se condamnent de plus en plus \u00e0 une existence solitaire.<\/p>\n<p>En tant que Pr\u00e9sident Europ\u00e9en de The World Foundation for Natural Science, Paul Probst a choisi son discours d\u2019ouverture parce que le congr\u00e8s de cette ann\u00e9e a \u00e9galement \u00e9t\u00e9 con\u00e7u pour permettre en particulier aux gens du monde entier de se connecter \/faire du r\u00e9seau (des participants de dix-sept pays \u00e9taient pr\u00e9sents), d\u2019\u00e9changer des id\u00e9es et se faire des amis \u00e0 travers les continents. Pour citer librement Henry Ford&nbsp;:&nbsp;\u00ab&nbsp;Se r\u00e9unir est un d\u00e9but, rester ensemble est un progr\u00e8s, travailler ensemble est un succ\u00e8s.&nbsp;\u00bb Dans sa conf\u00e9rence, Paul Probst a utilis\u00e9 de nombreux anecdotes et faits pour expliquer \u00e0 quel point notre \u00e9tat d\u2019esprit \u2013 et finalement notre Esprit \u2013 influence notre sant\u00e9. Cette solitude qui rend les gens malades a \u00e9t\u00e9 illustr\u00e9e par l\u2019orateur en utilisant l\u2019exemple de la colonie d\u2019\u00e9migrants italiens de Roseto aux \u00c9tats-Unis. L\u00e0, les gens \u00e9taient extraordinairement en bonne sant\u00e9 malgr\u00e9 une mauvaise nutrition, tant qu\u2019ils restaient bien int\u00e9gr\u00e9s dans la communaut\u00e9 sociale de leur ville. Lorsque cet esprit communautaire a disparu en raison de la prosp\u00e9rit\u00e9 croissante, les maladies chroniques ont aussi commenc\u00e9 \u00e0 appara\u00eetre. Paul Probst a expliqu\u00e9 de fa\u00e7on impressionnante <strong>qu\u2019avec notre comportement, nous influen\u00e7ons nos g\u00e8nes beaucoup plus qu\u2019ils ne nous influencent.<\/strong> C\u2019est pourquoi de nombreux m\u00e9decins ont d\u00e9couvert ind\u00e9pendamment <strong>ce qui rend les gens heureux et en bonne sant\u00e9&nbsp;: unir nos forces pour le bien&nbsp;!<\/strong><\/p>\n<h2>5G, totaltement num\u00e9rique&nbsp;?<\/h2>\n<p><strong>Pourquoi la 5G est plus qu\u2019un nouveau standard de communication mobile<\/strong><\/p>\n<p><img loading=\"lazy\" decoding=\"async\" class=\"size-medium wp-image-31419 alignright\" src=\"https:\/\/www.naturalscience.org\/wp-content\/uploads\/2019\/11\/congress-2019-review-ulrich-f-234x300.jpg\" alt=\"\" width=\"234\" height=\"300\" srcset=\"https:\/\/www.naturalscience.org\/wp-content\/uploads\/2019\/11\/congress-2019-review-ulrich-f-234x300.jpg 234w, https:\/\/www.naturalscience.org\/wp-content\/uploads\/2019\/11\/congress-2019-review-ulrich-f-128x164.jpg 128w, https:\/\/www.naturalscience.org\/wp-content\/uploads\/2019\/11\/congress-2019-review-ulrich-f-312x400.jpg 312w, https:\/\/www.naturalscience.org\/wp-content\/uploads\/2019\/11\/congress-2019-review-ulrich-f-390x500.jpg 390w, https:\/\/www.naturalscience.org\/wp-content\/uploads\/2019\/11\/congress-2019-review-ulrich-f.jpg 501w\" sizes=\"auto, (max-width: 234px) 100vw, 234px\" \/><em>Franz ULRICH, Ing\u00e9nieur en \u00c9lectricit\u00e9 EPF, Hohenrain, Suisse<\/em><\/p>\n<p>Sans diaboliser cette technologie sans doute commode, Franz Ulrich a montr\u00e9 comment le rayonnement micro-ondes \u00e0 haute fr\u00e9quence affecte les syst\u00e8mes naturels et comment les humains, les animaux et les plantes en sont affect\u00e9s. 5G est le pionnier d\u2019une num\u00e9risation omnipr\u00e9sente&nbsp;: Smart Homes, Smart Cities, Smart Security. <strong>Un jour, il sera possible d\u2019exploiter et d\u2019interconnecter jusqu\u2019\u00e0 un million d\u2019appareils par kilom\u00e8tre carr\u00e9<\/strong>&nbsp;: l\u2019Internet des objets.<\/p>\n<p>Parall\u00e8lement, de plus en plus de donn\u00e9es sont recueillies. Comment? Par qui? Pourquoi? En plus de l\u2019aspect de sant\u00e9, il y a aussi ces questions \u00e0 prendre en compte lors de la discussion sur le 5G. Nous deviendrons tous des citoyens et des clients plus pr\u00e9visibles pour la politique et les affaires. <strong>La crainte d\u2019une&nbsp;\u00ab&nbsp;surveillance totale&nbsp;\u00bb est-elle r\u00e9elle et justifi\u00e9e? Est-ce ce que nous voulons? Qui en b\u00e9n\u00e9ficiera?<\/strong><\/p>\n<p><strong>Saviez-vous que nous aurons besoin d\u2019environ d\u2019un millier de fois plus d\u2019antennes pour pouvoir vraiment faire fonctionner la 5G partout&nbsp;?<\/strong> Que se passera-t-il lorsque des dizaines de milliers de satellites 5G orbiteront dans l\u2019ionosph\u00e8re, le&nbsp;\u00ab&nbsp;bouclier protecteur&nbsp;\u00bb de la Terre, comme il est pr\u00e9vu? Franz Ulrich a d\u00e9couvert les mensonges de propagande de l\u2019industrie de la t\u00e9l\u00e9phonie mobile, a donn\u00e9 une perspective des risques pour la sant\u00e9 caus\u00e9s par cette irradiation de 24 heures sur 24 et a souhait\u00e9 ce qui suit&nbsp;: <strong>\u00ab&nbsp;Imaginez que la 5G arrive mais personne ne participe.&nbsp;\u00bb<\/strong><\/p>\n<h2>La communication mobile est-elle malsaine&nbsp;?<\/h2>\n<p><strong>Les effets visibles du rayonnement \u00e9lectromagn\u00e9tique<\/strong><\/p>\n<p><em>Denise ULRICH, Dipl\u00f4m\u00e9e en G\u00e9ographie (Msc) et en enseignement secondaire (DAES), Hohenrain, Suisse<br \/>\n<\/em><\/p>\n<p><img loading=\"lazy\" decoding=\"async\" class=\"size-medium wp-image-31418 alignleft\" src=\"https:\/\/www.naturalscience.org\/wp-content\/uploads\/2019\/11\/congress-2019-review-ulrich-d-291x300.jpg\" alt=\"\" width=\"291\" height=\"300\" srcset=\"https:\/\/www.naturalscience.org\/wp-content\/uploads\/2019\/11\/congress-2019-review-ulrich-d-291x300.jpg 291w, https:\/\/www.naturalscience.org\/wp-content\/uploads\/2019\/11\/congress-2019-review-ulrich-d-159x164.jpg 159w, https:\/\/www.naturalscience.org\/wp-content\/uploads\/2019\/11\/congress-2019-review-ulrich-d-388x400.jpg 388w, https:\/\/www.naturalscience.org\/wp-content\/uploads\/2019\/11\/congress-2019-review-ulrich-d-485x500.jpg 485w, https:\/\/www.naturalscience.org\/wp-content\/uploads\/2019\/11\/congress-2019-review-ulrich-d.jpg 501w\" sizes=\"auto, (max-width: 291px) 100vw, 291px\" \/>Les communications mobiles sont-elles malsaines? L\u2019intervenante a r\u00e9pondu \u00e0 cette question d\u00e8s le d\u00e9but et a confirm\u00e9 qu\u2019il y a maintenant d\u2019innombrables \u00e9tudes qui prouvent les dangers des communications mobiles. Mais Denise Ulrich voulait aller au fond des choses elle-m\u00eame et d\u00e9couvrir exactement pourquoi les communications mobiles sont si nuisibles. Elle a exp\u00e9riment\u00e9 dans son propre laboratoire avec de l\u2019eau, l\u2019\u00e9l\u00e9ment sur lequel toute vie est bas\u00e9e, et a test\u00e9 diff\u00e9rents \u00e9chantillons d\u2019eau. \u00c0 l\u2019aide d\u2019un microscope \u00e0 champ sombre, elle a observ\u00e9 comment la structure de l\u2019eau change lorsqu\u2019elle est expos\u00e9e au rayonnement d\u2019un four \u00e0 micro-ondes, d\u2019un t\u00e9l\u00e9phone mobile ou d\u2019un routeur Wi-Fi.<\/p>\n<p>Les images parlaient d\u2019elles-m\u00eames&nbsp;: <strong>sous le rayonnement \u00e0 haute fr\u00e9quence, l\u2019eau semblait chaotique; les belles structures naturelles ont \u00e9t\u00e9 d\u00e9truites.<\/strong> Les \u00e9chantillons de sang et de salive ont \u00e9galement r\u00e9v\u00e9l\u00e9 une image similaire&nbsp;: <strong>Le sang qui a \u00e9t\u00e9 expos\u00e9 \u00e0 un t\u00e9l\u00e9phone mobile et un routeur Wi-Fi pendant 30 minutes a montr\u00e9 une agr\u00e9gation des globules rouges en forme de rouleaux, c.-\u00e0-d. une tendance du sang \u00e0 s\u2019agglutiner et donc un pr\u00e9curseur de tumeur.<\/strong> Les bonnes nouvelles&nbsp;: si les sujets de test s\u2019\u00e9loignent de la source de rayonnement et sortent dans la nature pendant seulement 30 minutes, alors le corps semble r\u00e9cup\u00e9rer et montre \u00e0 nouveau des images de sang sain. Cependant, les chercheurs ont d\u00e9couvert que non seulement les humains, mais aussi la nature et en particulier les arbres, pr\u00e9sentent des dommages caus\u00e9s par les communications mobiles. Ici aussi, les photos de Denise Ulrich parlent d\u2019elles-m\u00eames. Conclusion&nbsp;: Le rayonnement technique superpose le d\u00e9licat rayonnement \u00e9lectromagn\u00e9tique de la nature et de notre corps, ce qui conduit \u00e0 une perte de l\u2019ordre. <strong>Il est donc important que nous pr\u00e9servions suffisamment de lieux dans ce monde et que nous les prot\u00e9gions de l\u2019influence des rayonnements des communications mobiles pour donner \u00e0 notre corps et \u00e0 la nature la possibilit\u00e9 de se r\u00e9g\u00e9n\u00e9rer.<\/strong><\/p>\n<h2>\u00ab&nbsp;Pierre qui roule n\u2019amasse pas mousse&nbsp;\u00bb<\/h2>\n<p><strong>Des instructions pratiques pour davantage de mouvements au quotidien<\/strong><\/p>\n<p><img loading=\"lazy\" decoding=\"async\" class=\"alignright wp-image-31426 size-medium\" src=\"https:\/\/www.naturalscience.org\/wp-content\/uploads\/2019\/11\/congress-2019-review-baumann-201x300.jpg\" alt=\"\" width=\"201\" height=\"300\" srcset=\"https:\/\/www.naturalscience.org\/wp-content\/uploads\/2019\/11\/congress-2019-review-baumann-201x300.jpg 201w, https:\/\/www.naturalscience.org\/wp-content\/uploads\/2019\/11\/congress-2019-review-baumann-110x164.jpg 110w, https:\/\/www.naturalscience.org\/wp-content\/uploads\/2019\/11\/congress-2019-review-baumann-268x400.jpg 268w, https:\/\/www.naturalscience.org\/wp-content\/uploads\/2019\/11\/congress-2019-review-baumann-335x500.jpg 335w, https:\/\/www.naturalscience.org\/wp-content\/uploads\/2019\/11\/congress-2019-review-baumann.jpg 500w\" sizes=\"auto, (max-width: 201px) 100vw, 201px\" \/><em>Gabriela BAUMANN, Dipl\u00f4m\u00e9e en th\u00e9rapie selon Dorn, Horgen, Suisse<\/em><\/p>\n<p><strong>La vie est mouvement. Quiconque bouge peut aussi bouger quelque chose.<\/strong> Cela s\u2019applique \u00e0 tous les domaines, \u00e0 nos sentiments et \u00e0 nos pens\u00e9es ainsi qu\u2019\u00e0 notre corps physique. Gabriela Baumann a pr\u00e9sent\u00e9 au public avec beaucoup d\u2019humour&nbsp;\u00ab&nbsp;l&rsquo;arbre de la vie&nbsp;\u00bb chez les humains et a montr\u00e9 comment la respiration et la posture affectent nos sentiments et la sant\u00e9 en g\u00e9n\u00e9ral.<\/p>\n<p>Gabriela Baumann, qui travaille dans le domaine de la th\u00e9rapie holistique du corps depuis plus de dix ans, utilise des m\u00e9thodes douces et alternatives comme la th\u00e9rapie selon Dorn pour redonner au corps sa posture naturelle. Cela signifie moins respectivement aucune douleur et un plus grand bien-\u00eatre. <strong>Les mauvaises positions sont souvent la cause de divers blocages et donc d\u2019affections<\/strong>, p.ex. au niveau des nerfs, de la circulation sanguine, du m\u00e9tabolisme et \u00e9galement au niveau des m\u00e9ridiens.<\/p>\n<p>Vous n\u2019avez aucune id\u00e9e de ce que cela signifie de faire quelques exercices simples r\u00e9guli\u00e8rement! <strong>Juste \u00eatre assis correctement et consciemment fait du bien \u00e0 votre corps.<\/strong> C\u2019est sa fa\u00e7on de vous parler, soit par le bien-\u00eatre, soit par la douleur. \u00c9coutez attentivement! Qu\u2019est-ce que votre corps veut vous dire?<\/p>\n<h2>R\u00e9volution apicole \u2013 Protection des abeilles mellif\u00e8res<\/h2>\n<p><strong>Ce dont les abeilles ont vraiment besoin<\/strong><\/p>\n<p><em>Torben SCHIFFER, Professeur, Neu Wumstorf, Allemagne<\/em><\/p>\n<p><img loading=\"lazy\" decoding=\"async\" class=\" wp-image-31416 alignleft\" src=\"https:\/\/www.naturalscience.org\/wp-content\/uploads\/2019\/11\/congress-2019-review-schiffer-274x300.jpg\" alt=\"\" width=\"262\" height=\"287\" srcset=\"https:\/\/www.naturalscience.org\/wp-content\/uploads\/2019\/11\/congress-2019-review-schiffer-274x300.jpg 274w, https:\/\/www.naturalscience.org\/wp-content\/uploads\/2019\/11\/congress-2019-review-schiffer-150x164.jpg 150w, https:\/\/www.naturalscience.org\/wp-content\/uploads\/2019\/11\/congress-2019-review-schiffer-365x400.jpg 365w, https:\/\/www.naturalscience.org\/wp-content\/uploads\/2019\/11\/congress-2019-review-schiffer-456x500.jpg 456w, https:\/\/www.naturalscience.org\/wp-content\/uploads\/2019\/11\/congress-2019-review-schiffer.jpg 501w\" sizes=\"auto, (max-width: 262px) 100vw, 262px\" \/>La bonne nouvelle, que le conf\u00e9rencier a donn\u00e9 au d\u00e9but de sa conf\u00e9rence, est qu\u2019il y a encore des abeilles sauvages qui vivent dans les creux des arbres, comme elles le font depuis des milliers d\u2019ann\u00e9es sans intervention humaine, s\u2019\u00e9tant adapt\u00e9es \u00e0 l\u2019\u00e9volution gr\u00e2ce \u00e0 la s\u00e9lection naturelle \u2013 elles n\u2019ont pas disparu&nbsp;! (Et elles vivent toujours sans contr\u00f4le de Varroa par l\u2019acide formique&nbsp;!)<\/p>\n<p>Torben Schiffer a \u00e9t\u00e9 charg\u00e9 par l\u2019Universit\u00e9 de W\u00fcrzburg d\u2019\u00e9tudier les conditions dans lesquelles les abeilles vivent \u00e0 l\u2019\u00e9tat sauvage et de les comparer avec les conditions des abeilles domestiques que l\u2019on garde dans des ruches. Et il a obtenu des r\u00e9sultats \u00e9tonnants. <strong>Par exemple, il a red\u00e9couvert le pseudoscorpion, qui dans des conditions naturelles, vit en symbiose avec les abeilles, se nourrit de leurs d\u00e9chets et qui a pour nourriture pr\u00e9f\u00e9r\u00e9e la mite varroa.<\/strong><\/p>\n<p><strong>L\u2019apiculture conventionnelle est essentiellement un \u00e9levage de masse<\/strong>, qui repousse le comportement originel des abeilles, qui a assur\u00e9 la survie des animaux en \u00e9volution naturelle (essaimage, piq\u00fbres, etc.), afin d\u2019obtenir le rendement de miel le plus \u00e9lev\u00e9 possible, affaiblissant ainsi de plus en plus les abeilles. <strong>Aujourd\u2019hui, les abeilles vivent en permanence dans des conditions o\u00f9 elles survivent \u00e0 peine.<\/strong><\/p>\n<p>Il est impressionnant de voir que les abeilles dans une ruche conventionnelle doivent travailler des millions d\u2019heures, juste pour maintenir le bon climat dans la ruche (en raison des espaces beaucoup trop grands et angulaires dans les coins dans lesquels la moisissure se forme rapidement), au d\u00e9triment d\u2019activit\u00e9s significatives telles que le toilettage, le nettoyage, la propolisation des parois, l\u2019\u00e9limination des acariens, etc. En outre, une colonie d\u2019abeilles a besoin seulement d\u2019environ 2 kg de miel dans le creux d\u2019un tronc d\u2019arbre cylindrique, de forme ovale, alors qu\u2019une colonie dans une ruche conventionnelle a besoin de beaucoup plus d\u2019\u00e9nergie (20 kg) pour survivre.<\/p>\n<p>Torben Schiffer a dit clairement \u00e0 l\u2019auditoire que <strong>nous ne pouvons pas pr\u00e9server les abeilles avec le syst\u00e8me actuel d\u2019apiculture<\/strong>, m\u00eame si nous voulons les aider. Pas plus d\u2019apiculteurs, mais plus de protecteurs de l\u2019environnement sont n\u00e9cessaires! Torben Schiffer est le fondateur du projet Beenature, qui vise \u00e0 augmenter et \u00e0 pr\u00e9server le patrimoine g\u00e9n\u00e9tique des abeilles sauvages d\u2019origine. Dans le cadre de ce projet, le &laquo;&nbsp;Schiffer-Tree&nbsp;&raquo; a \u00e9t\u00e9 d\u00e9velopp\u00e9, ce qui repr\u00e9sente la premi\u00e8re habitation appropri\u00e9e \u00e0 l\u2019esp\u00e8ce des abeilles. Ce que Torben Schiffer a transmis dans sa conf\u00e9rence est <strong>le d\u00e9but d\u2019une nouvelle et urgente fa\u00e7on de d\u00e9fendre la vie des abeilles sur notre plan\u00e8te et de les pr\u00e9server.<\/strong><\/p>\n<h2>Se lib\u00e9rer des substances toxiques<\/h2>\n<p><img loading=\"lazy\" decoding=\"async\" class=\" wp-image-31420 alignright\" src=\"https:\/\/www.naturalscience.org\/wp-content\/uploads\/2019\/11\/congress-2019-review-waldmann-254x300.jpg\" alt=\"\" width=\"247\" height=\"292\" srcset=\"https:\/\/www.naturalscience.org\/wp-content\/uploads\/2019\/11\/congress-2019-review-waldmann-254x300.jpg 254w, https:\/\/www.naturalscience.org\/wp-content\/uploads\/2019\/11\/congress-2019-review-waldmann-139x164.jpg 139w, https:\/\/www.naturalscience.org\/wp-content\/uploads\/2019\/11\/congress-2019-review-waldmann-339x400.jpg 339w, https:\/\/www.naturalscience.org\/wp-content\/uploads\/2019\/11\/congress-2019-review-waldmann-423x500.jpg 423w, https:\/\/www.naturalscience.org\/wp-content\/uploads\/2019\/11\/congress-2019-review-waldmann.jpg 501w\" sizes=\"auto, (max-width: 247px) 100vw, 247px\" \/><strong>Comment aider notre corps \u00e0 se d\u00e9barrasser des toxines de fa\u00e7on s\u00fbre<\/strong><\/p>\n<p><em>Lukas WALDMANN, Naturopathe Certifi\u00e9 Suisse NTE (Naturopathie Traditionnelle Europ\u00e9enne), Rotkreuz, Suisse<\/em><\/p>\n<p>Dans sa conf\u00e9rence, Lukas Waldmann a expliqu\u00e9 la n\u00e9cessit\u00e9 d\u2019\u00e9liminer les toxines absorb\u00e9es par les influences environnementales de notre corps tout en favorisant ce processus de d\u00e9sintoxication gr\u00e2ce \u00e0 une nutrition consciente et vari\u00e9e. <strong>Selon l\u2019OMS, 80&nbsp;% de toutes les maladies sont li\u00e9es \u00e0 un empoisonnement chronique<\/strong> caus\u00e9 par l\u2019absorption de toxines par nos aliments, l\u2019air et la peau. La multitude de toxines fournies sous la forme de divers produits chimiques tels que les pesticides, les mat\u00e9riaux de construction toxiques et les composants plastiques, les substances toxiques dans les cosm\u00e9tiques, les additifs alimentaires, les m\u00e9dicaments ou les mat\u00e9riaux dentaires sont d\u00e9pos\u00e9s dans l\u2019organisme.<\/p>\n<p>Une d\u00e9sintoxication cibl\u00e9e peut avoir lieu dans le foie par ses sucs digestifs, dans l\u2019intestin gr\u00eale, puis dans le c\u00f4lon, mais cela sans surmener nos organes digestifs. <strong>L\u2019ajout de substances am\u00e8res, d\u2019algues, de z\u00e9olite, d\u2019une consommation suffisante d\u2019eau, de bon sel et de bains alcalins avec ajout de chlorure de magn\u00e9sium<\/strong> sont des facteurs de soutien. Un r\u00e9gime riche en min\u00e9raux, substances fibreuses ainsi que des jus de l\u00e9gumes et d\u2019herbes sauvages sont des composants tout aussi importants de l\u2019\u00e9limination des toxines.<\/p>\n<h2>Adieu plastique!<\/h2>\n<p><strong>Une vie sans plastique est possible<\/strong><\/p>\n<p><em>Anneliese BUNK, Auteure best-seller du SPIEGEL, Munich, Allemagne<\/em><\/p>\n<p><img loading=\"lazy\" decoding=\"async\" class=\"size-medium wp-image-31415 alignleft\" src=\"https:\/\/www.naturalscience.org\/wp-content\/uploads\/2019\/11\/congress-2019-review-bunk-289x300.jpg\" alt=\"\" width=\"289\" height=\"300\" srcset=\"https:\/\/www.naturalscience.org\/wp-content\/uploads\/2019\/11\/congress-2019-review-bunk-289x300.jpg 289w, https:\/\/www.naturalscience.org\/wp-content\/uploads\/2019\/11\/congress-2019-review-bunk-158x164.jpg 158w, https:\/\/www.naturalscience.org\/wp-content\/uploads\/2019\/11\/congress-2019-review-bunk-385x400.jpg 385w, https:\/\/www.naturalscience.org\/wp-content\/uploads\/2019\/11\/congress-2019-review-bunk-482x500.jpg 482w, https:\/\/www.naturalscience.org\/wp-content\/uploads\/2019\/11\/congress-2019-review-bunk.jpg 501w\" sizes=\"auto, (max-width: 289px) 100vw, 289px\" \/>La co-auteure du best-seller du Spiegel&nbsp;\u00ab&nbsp;Besser leben ohne Plastik&nbsp;\u00bb (Vivre mieux sans plastique) a partag\u00e9 ses nombreuses ann\u00e9es d\u2019exp\u00e9rience prouv\u00e9e dans l\u2019\u00e9vitement du plastique dans la vie quotidienne. En commen\u00e7ant par la salle de bain, elle a fourni des recettes simples et des conseils sp\u00e9cifiques sur les soins corporels, le nettoyage m\u00e9nager et les achats sans d\u00e9chets d\u2019emballage. <strong>En particulier, elle a soulign\u00e9 l\u2019importance de l\u2019origine locale et de la durabilit\u00e9 dans la s\u00e9lection des produits.<\/strong> En outre, il ne faut \u00e9viter de jeter les r\u00e9cipients en plastique d\u00e9j\u00e0 existants dans un exc\u00e8s de z\u00e8le, mais les utiliser d\u2019une mani\u00e8re diff\u00e9rente pendant le plus longtemps possible afin qu\u2019ils ne viennent plus en contact avec les aliments (p. ex., bo\u00eetes \u00e0 sandwich pour y ranger les savons de voyage).<\/p>\n<p>Anneliese Bunk a pu clairement montrer <strong>qu\u2019en \u00e9vitant le plastique, on vit non seulement mieux pour soi-m\u00eame, mais aussi qu\u2019en fabriquant de nombreux produits soi-m\u00eame on peut r\u00e9duire consid\u00e9rablement le nombre de sorties pour faire les courses, ce qui permet d\u2019\u00e9conomiser temps, argent et de pr\u00e9server l\u2019environnement.<\/strong> Anneliese Bunk, par exemple, n\u2019a besoin que de 1,5 kg de savon d\u2019olive pour faire toute la lessive de sa famille de 4 personnes pendant toute une ann\u00e9e. En outre, ce d\u00e9tergent se produit en ajoutant de la soude m\u00e9nag\u00e8re et de l\u2019eau en un clin d\u2019 \u0153il.<\/p>\n<p>Son exemple convaincant prouve que la vie sans plastique est non seulement possible, mais aussi un gain \u00e0 tous les \u00e9gards. Imitation fortement recommand\u00e9e!<\/p>\n<h2>Construire avec le bois<\/h2>\n<p><img loading=\"lazy\" decoding=\"async\" class=\"wp-image-31417 alignright\" src=\"https:\/\/www.naturalscience.org\/wp-content\/uploads\/2019\/11\/congress-2019-review-thoma-289x500.jpg\" alt=\"\" width=\"275\" height=\"476\" srcset=\"https:\/\/www.naturalscience.org\/wp-content\/uploads\/2019\/11\/congress-2019-review-thoma-289x500.jpg 289w, https:\/\/www.naturalscience.org\/wp-content\/uploads\/2019\/11\/congress-2019-review-thoma-173x300.jpg 173w, https:\/\/www.naturalscience.org\/wp-content\/uploads\/2019\/11\/congress-2019-review-thoma-95x164.jpg 95w, https:\/\/www.naturalscience.org\/wp-content\/uploads\/2019\/11\/congress-2019-review-thoma-231x400.jpg 231w, https:\/\/www.naturalscience.org\/wp-content\/uploads\/2019\/11\/congress-2019-review-thoma.jpg 501w\" sizes=\"auto, (max-width: 275px) 100vw, 275px\" \/><strong>Sans compromis, sain, ind\u00e9pendant et dans le cycle<\/strong><\/p>\n<p><em>Florian THOMA, Ing\u00e9nieur Dipl\u00f4m\u00e9, St. Johann im Pongau, Autriche<\/em><\/p>\n<p>Florian Thoma a montr\u00e9 dans sa conf\u00e9rence que la m\u00e9thode de construction de bois d\u00e9velopp\u00e9e par son p\u00e8re et lui-m\u00eame cr\u00e9e un espace de vie non toxique, qui offre les conditions pr\u00e9alables pour gu\u00e9rir et avoir une vie saine en raison de l\u2019utilisation exclusive de mat\u00e9riaux naturels. Une maladie asthmatique dans son enfance, caus\u00e9e par un espace de vie contamin\u00e9 au formald\u00e9hyde, et le mode de vie de Fran\u00e7ois d\u2019Assise comme source d\u2019inspiration forte l\u2019ont amen\u00e9 \u00e0 prendre la d\u00e9cision d\u2019aligner sa philosophie sur le principe que <strong>son travail doive servir l\u2019environnement, la paix et le peuple.<\/strong> Contrairement aux mat\u00e9riaux utilis\u00e9s aujourd\u2019hui, aux toxines environnementales inh\u00e9rentes et l\u2019absence d\u2019une option de recyclage acceptable, l\u2019\u00e9limination et le retour au cycle naturel sont une exigence irr\u00e9vocable pour Florian Thoma .<\/p>\n<p>Sa connaissance dans la fa\u00e7on dont les maisons en bois r\u00e9sistent aux conditions climatiques, aux attaques fongiques et aux attaques d\u2019insectes, ainsi que sa compr\u00e9hension du moment o\u00f9 un arbre produit quelles propri\u00e9t\u00e9s permettent \u00e0 Thoma de construire des maisons \u00e0 plusieurs \u00e9tages qui r\u00e9pondent au maximum aux exigences de la loi ainsi qu\u2019aux r\u00e8glements sur la protection contre l\u2019incendie. Dans sa m\u00e9thode de construction, on n\u2019utilise ni rubans adh\u00e9sifs ni vis, ni panneaux en contreplaqu\u00e9, ni isolants thermiques ou pare-vapeur, mais des chevilles en bois et la connaissance de l<strong>a capacit\u00e9 de charge maximale, m\u00eame en cas de maisons \u00e0 plusieurs \u00e9tages<\/strong> par une certaine disposition du bois. Proc\u00e9d\u00e9 par lequel, <strong>m\u00eame sans aucune alimentation en \u00e9nergie, il existe \u00e0 peine de fluctuations de temp\u00e9rature dans la zone d\u2019habitation, que ce soit \u00e0 basse ou \u00e0 haute temp\u00e9rature ext\u00e9rieure.<\/strong> En outre, ses constructions sont r\u00e9sistantes aux s\u00e9ismes et ne subissent pas de dommages cons\u00e9cutifs, m\u00eame apr\u00e8s les inondations.<\/p>\n<p>Florian Thoma en a fait l\u2019exp\u00e9rience&nbsp;: <strong>ceux qui donnent et partagent sont r\u00e9compens\u00e9s.<\/strong> C\u2019est pourquoi lui et son p\u00e8re transmettent leurs connaissances et leurs exp\u00e9riences \u00e0 travers des livres et des conf\u00e9rences \u00e0 leurs semblables.<\/p>\n<p>&nbsp;<\/p>\n<h2>Impressions<\/h2>\nngg_shortcode_0_placeholder\n","protected":false},"excerpt":{"rendered":"R\u00e9trospective du 24\u00e8me Congr\u00e8s Mondial International&nbsp;\u00ab&nbsp;Nouvelles Perspectives Scientifiques&nbsp;\u00bb Jeudi 31 octobre au dimanche 3 novembre 2019 &nbsp; Le fardeau de la solitude Pourquoi la convivialit\u00e9 et l\u2019entraide sont essentielles pour nous The Very Reverend Dean em. Paul PROBST, SF, Pr\u00e9sident Europ\u00e9en de The World Foundation for Natural Science, Lucerne, Suisse La cause de d\u00e9c\u00e8s la [&hellip;]","protected":false},"author":9,"featured_media":0,"comment_status":"closed","ping_status":"closed","sticky":false,"template":"single-full.php","format":"standard","meta":{"_acf_changed":false,"ngg_post_thumbnail":0,"footnotes":""},"categories":[488,204,221,206,214,215,209,210,222],"tags":[],"class_list":["post-31640","post","type-post","status-publish","format-standard","hentry","category-5g","category-sante","category-plastique","category-micro-ondes-communications-mobiles","category-forets","category-abeilles","category-micro-ondes-eau","category-appareils-de-communication-mobile","category-evenements","wpautop"],"acf":[],"yoast_head":"<!-- This site is optimized with the Yoast SEO plugin v27.5 - https:\/\/yoast.com\/product\/yoast-seo-wordpress\/ -->\n<title>Congr\u00e8s 2019 - R\u00e9trospective - The World Foundation for Natural Science<\/title>\n<meta name=\"robots\" content=\"index, follow, max-snippet:-1, max-image-preview:large, max-video-preview:-1\" \/>\n<link rel=\"canonical\" href=\"https:\/\/www.naturalscience.org\/fr\/news\/2019\/12\/congres-2019-retrospective\/\" \/>\n<meta name=\"twitter:label1\" content=\"\u00c9crit par\" \/>\n\t<meta name=\"twitter:data1\" content=\"Jonas Zumkehr\" \/>\n\t<meta name=\"twitter:label2\" content=\"Dur\u00e9e de lecture estim\u00e9e\" \/>\n\t<meta name=\"twitter:data2\" content=\"13 minutes\" \/>\n<script type=\"application\/ld+json\" class=\"yoast-schema-graph\">{\"@context\":\"https:\\\/\\\/schema.org\",\"@graph\":[{\"@type\":\"Article\",\"@id\":\"https:\\\/\\\/www.naturalscience.org\\\/fr\\\/news\\\/2019\\\/12\\\/congres-2019-retrospective\\\/#article\",\"isPartOf\":{\"@id\":\"https:\\\/\\\/www.naturalscience.org\\\/fr\\\/news\\\/2019\\\/12\\\/congres-2019-retrospective\\\/\"},\"author\":{\"name\":\"Jonas Zumkehr\",\"@id\":\"https:\\\/\\\/www.naturalscience.org\\\/#\\\/schema\\\/person\\\/0be5d48465708d48c68f324f12edf220\"},\"headline\":\"Congr\u00e8s 2019 &#8211; R\u00e9trospective\",\"datePublished\":\"2019-12-02T17:13:32+00:00\",\"dateModified\":\"2026-04-30T18:06:01+00:00\",\"mainEntityOfPage\":{\"@id\":\"https:\\\/\\\/www.naturalscience.org\\\/fr\\\/news\\\/2019\\\/12\\\/congres-2019-retrospective\\\/\"},\"wordCount\":2837,\"image\":{\"@id\":\"https:\\\/\\\/www.naturalscience.org\\\/fr\\\/news\\\/2019\\\/12\\\/congres-2019-retrospective\\\/#primaryimage\"},\"thumbnailUrl\":\"https:\\\/\\\/www.naturalscience.org\\\/wp-content\\\/uploads\\\/2019\\\/11\\\/congress-2019-review-probst-230x300.jpg\",\"articleSection\":[\"5G\",\"Sant\u00e9\",\"Plastique\",\"Micro-ondes &amp; communications mobiles\",\"For\u00eats\",\"Abeilles\",\"Micro-ondes &amp; Eau\",\"Appareils de communication mobile\",\"Ev\u00e8nements\"],\"inLanguage\":\"fr-FR\"},{\"@type\":\"WebPage\",\"@id\":\"https:\\\/\\\/www.naturalscience.org\\\/fr\\\/news\\\/2019\\\/12\\\/congres-2019-retrospective\\\/\",\"url\":\"https:\\\/\\\/www.naturalscience.org\\\/fr\\\/news\\\/2019\\\/12\\\/congres-2019-retrospective\\\/\",\"name\":\"Congr\u00e8s 2019 - R\u00e9trospective - The World Foundation for Natural Science\",\"isPartOf\":{\"@id\":\"https:\\\/\\\/www.naturalscience.org\\\/#website\"},\"primaryImageOfPage\":{\"@id\":\"https:\\\/\\\/www.naturalscience.org\\\/fr\\\/news\\\/2019\\\/12\\\/congres-2019-retrospective\\\/#primaryimage\"},\"image\":{\"@id\":\"https:\\\/\\\/www.naturalscience.org\\\/fr\\\/news\\\/2019\\\/12\\\/congres-2019-retrospective\\\/#primaryimage\"},\"thumbnailUrl\":\"https:\\\/\\\/www.naturalscience.org\\\/wp-content\\\/uploads\\\/2019\\\/11\\\/congress-2019-review-probst-230x300.jpg\",\"datePublished\":\"2019-12-02T17:13:32+00:00\",\"dateModified\":\"2026-04-30T18:06:01+00:00\",\"author\":{\"@id\":\"https:\\\/\\\/www.naturalscience.org\\\/#\\\/schema\\\/person\\\/0be5d48465708d48c68f324f12edf220\"},\"breadcrumb\":{\"@id\":\"https:\\\/\\\/www.naturalscience.org\\\/fr\\\/news\\\/2019\\\/12\\\/congres-2019-retrospective\\\/#breadcrumb\"},\"inLanguage\":\"fr-FR\",\"potentialAction\":[{\"@type\":\"ReadAction\",\"target\":[\"https:\\\/\\\/www.naturalscience.org\\\/fr\\\/news\\\/2019\\\/12\\\/congres-2019-retrospective\\\/\"]}]},{\"@type\":\"ImageObject\",\"inLanguage\":\"fr-FR\",\"@id\":\"https:\\\/\\\/www.naturalscience.org\\\/fr\\\/news\\\/2019\\\/12\\\/congres-2019-retrospective\\\/#primaryimage\",\"url\":\"https:\\\/\\\/www.naturalscience.org\\\/wp-content\\\/uploads\\\/2019\\\/11\\\/congress-2019-review-probst-230x300.jpg\",\"contentUrl\":\"https:\\\/\\\/www.naturalscience.org\\\/wp-content\\\/uploads\\\/2019\\\/11\\\/congress-2019-review-probst-230x300.jpg\"},{\"@type\":\"BreadcrumbList\",\"@id\":\"https:\\\/\\\/www.naturalscience.org\\\/fr\\\/news\\\/2019\\\/12\\\/congres-2019-retrospective\\\/#breadcrumb\",\"itemListElement\":[{\"@type\":\"ListItem\",\"position\":1,\"name\":\"Home\",\"item\":\"https:\\\/\\\/www.naturalscience.org\\\/fr\\\/\"},{\"@type\":\"ListItem\",\"position\":2,\"name\":\"Congr\u00e8s 2019 &#8211; R\u00e9trospective\"}]},{\"@type\":\"WebSite\",\"@id\":\"https:\\\/\\\/www.naturalscience.org\\\/#website\",\"url\":\"https:\\\/\\\/www.naturalscience.org\\\/\",\"name\":\"The World Foundation for Natural Science\",\"description\":\"Restoring and Healing the World through Responsibility and Commitment in accord with Natural and Divine Law!\",\"potentialAction\":[{\"@type\":\"SearchAction\",\"target\":{\"@type\":\"EntryPoint\",\"urlTemplate\":\"https:\\\/\\\/www.naturalscience.org\\\/?s={search_term_string}\"},\"query-input\":{\"@type\":\"PropertyValueSpecification\",\"valueRequired\":true,\"valueName\":\"search_term_string\"}}],\"inLanguage\":\"fr-FR\"},{\"@type\":\"Person\",\"@id\":\"https:\\\/\\\/www.naturalscience.org\\\/#\\\/schema\\\/person\\\/0be5d48465708d48c68f324f12edf220\",\"name\":\"Jonas Zumkehr\",\"image\":{\"@type\":\"ImageObject\",\"inLanguage\":\"fr-FR\",\"@id\":\"https:\\\/\\\/secure.gravatar.com\\\/avatar\\\/71cc080bd24f881147526d81de96e83defdea268b2022f6873ed28b913bc22fa?s=96&d=mm&r=g\",\"url\":\"https:\\\/\\\/secure.gravatar.com\\\/avatar\\\/71cc080bd24f881147526d81de96e83defdea268b2022f6873ed28b913bc22fa?s=96&d=mm&r=g\",\"contentUrl\":\"https:\\\/\\\/secure.gravatar.com\\\/avatar\\\/71cc080bd24f881147526d81de96e83defdea268b2022f6873ed28b913bc22fa?s=96&d=mm&r=g\",\"caption\":\"Jonas Zumkehr\"}}]}<\/script>\n<!-- \/ Yoast SEO plugin. -->","yoast_head_json":{"title":"Congr\u00e8s 2019 - R\u00e9trospective - The World Foundation for Natural Science","robots":{"index":"index","follow":"follow","max-snippet":"max-snippet:-1","max-image-preview":"max-image-preview:large","max-video-preview":"max-video-preview:-1"},"canonical":"https:\/\/www.naturalscience.org\/fr\/news\/2019\/12\/congres-2019-retrospective\/","twitter_misc":{"\u00c9crit par":"Jonas Zumkehr","Dur\u00e9e de lecture estim\u00e9e":"13 minutes"},"schema":{"@context":"https:\/\/schema.org","@graph":[{"@type":"Article","@id":"https:\/\/www.naturalscience.org\/fr\/news\/2019\/12\/congres-2019-retrospective\/#article","isPartOf":{"@id":"https:\/\/www.naturalscience.org\/fr\/news\/2019\/12\/congres-2019-retrospective\/"},"author":{"name":"Jonas Zumkehr","@id":"https:\/\/www.naturalscience.org\/#\/schema\/person\/0be5d48465708d48c68f324f12edf220"},"headline":"Congr\u00e8s 2019 &#8211; R\u00e9trospective","datePublished":"2019-12-02T17:13:32+00:00","dateModified":"2026-04-30T18:06:01+00:00","mainEntityOfPage":{"@id":"https:\/\/www.naturalscience.org\/fr\/news\/2019\/12\/congres-2019-retrospective\/"},"wordCount":2837,"image":{"@id":"https:\/\/www.naturalscience.org\/fr\/news\/2019\/12\/congres-2019-retrospective\/#primaryimage"},"thumbnailUrl":"https:\/\/www.naturalscience.org\/wp-content\/uploads\/2019\/11\/congress-2019-review-probst-230x300.jpg","articleSection":["5G","Sant\u00e9","Plastique","Micro-ondes &amp; communications mobiles","For\u00eats","Abeilles","Micro-ondes &amp; Eau","Appareils de communication mobile","Ev\u00e8nements"],"inLanguage":"fr-FR"},{"@type":"WebPage","@id":"https:\/\/www.naturalscience.org\/fr\/news\/2019\/12\/congres-2019-retrospective\/","url":"https:\/\/www.naturalscience.org\/fr\/news\/2019\/12\/congres-2019-retrospective\/","name":"Congr\u00e8s 2019 - R\u00e9trospective - The World Foundation for Natural Science","isPartOf":{"@id":"https:\/\/www.naturalscience.org\/#website"},"primaryImageOfPage":{"@id":"https:\/\/www.naturalscience.org\/fr\/news\/2019\/12\/congres-2019-retrospective\/#primaryimage"},"image":{"@id":"https:\/\/www.naturalscience.org\/fr\/news\/2019\/12\/congres-2019-retrospective\/#primaryimage"},"thumbnailUrl":"https:\/\/www.naturalscience.org\/wp-content\/uploads\/2019\/11\/congress-2019-review-probst-230x300.jpg","datePublished":"2019-12-02T17:13:32+00:00","dateModified":"2026-04-30T18:06:01+00:00","author":{"@id":"https:\/\/www.naturalscience.org\/#\/schema\/person\/0be5d48465708d48c68f324f12edf220"},"breadcrumb":{"@id":"https:\/\/www.naturalscience.org\/fr\/news\/2019\/12\/congres-2019-retrospective\/#breadcrumb"},"inLanguage":"fr-FR","potentialAction":[{"@type":"ReadAction","target":["https:\/\/www.naturalscience.org\/fr\/news\/2019\/12\/congres-2019-retrospective\/"]}]},{"@type":"ImageObject","inLanguage":"fr-FR","@id":"https:\/\/www.naturalscience.org\/fr\/news\/2019\/12\/congres-2019-retrospective\/#primaryimage","url":"https:\/\/www.naturalscience.org\/wp-content\/uploads\/2019\/11\/congress-2019-review-probst-230x300.jpg","contentUrl":"https:\/\/www.naturalscience.org\/wp-content\/uploads\/2019\/11\/congress-2019-review-probst-230x300.jpg"},{"@type":"BreadcrumbList","@id":"https:\/\/www.naturalscience.org\/fr\/news\/2019\/12\/congres-2019-retrospective\/#breadcrumb","itemListElement":[{"@type":"ListItem","position":1,"name":"Home","item":"https:\/\/www.naturalscience.org\/fr\/"},{"@type":"ListItem","position":2,"name":"Congr\u00e8s 2019 &#8211; R\u00e9trospective"}]},{"@type":"WebSite","@id":"https:\/\/www.naturalscience.org\/#website","url":"https:\/\/www.naturalscience.org\/","name":"The World Foundation for Natural Science","description":"Restoring and Healing the World through Responsibility and Commitment in accord with Natural and Divine Law!","potentialAction":[{"@type":"SearchAction","target":{"@type":"EntryPoint","urlTemplate":"https:\/\/www.naturalscience.org\/?s={search_term_string}"},"query-input":{"@type":"PropertyValueSpecification","valueRequired":true,"valueName":"search_term_string"}}],"inLanguage":"fr-FR"},{"@type":"Person","@id":"https:\/\/www.naturalscience.org\/#\/schema\/person\/0be5d48465708d48c68f324f12edf220","name":"Jonas Zumkehr","image":{"@type":"ImageObject","inLanguage":"fr-FR","@id":"https:\/\/secure.gravatar.com\/avatar\/71cc080bd24f881147526d81de96e83defdea268b2022f6873ed28b913bc22fa?s=96&d=mm&r=g","url":"https:\/\/secure.gravatar.com\/avatar\/71cc080bd24f881147526d81de96e83defdea268b2022f6873ed28b913bc22fa?s=96&d=mm&r=g","contentUrl":"https:\/\/secure.gravatar.com\/avatar\/71cc080bd24f881147526d81de96e83defdea268b2022f6873ed28b913bc22fa?s=96&d=mm&r=g","caption":"Jonas Zumkehr"}}]}},"_links":{"self":[{"href":"https:\/\/www.naturalscience.org\/fr\/wp-json\/wp\/v2\/posts\/31640","targetHints":{"allow":["GET"]}}],"collection":[{"href":"https:\/\/www.naturalscience.org\/fr\/wp-json\/wp\/v2\/posts"}],"about":[{"href":"https:\/\/www.naturalscience.org\/fr\/wp-json\/wp\/v2\/types\/post"}],"author":[{"embeddable":true,"href":"https:\/\/www.naturalscience.org\/fr\/wp-json\/wp\/v2\/users\/9"}],"replies":[{"embeddable":true,"href":"https:\/\/www.naturalscience.org\/fr\/wp-json\/wp\/v2\/comments?post=31640"}],"version-history":[{"count":4,"href":"https:\/\/www.naturalscience.org\/fr\/wp-json\/wp\/v2\/posts\/31640\/revisions"}],"predecessor-version":[{"id":43963,"href":"https:\/\/www.naturalscience.org\/fr\/wp-json\/wp\/v2\/posts\/31640\/revisions\/43963"}],"wp:attachment":[{"href":"https:\/\/www.naturalscience.org\/fr\/wp-json\/wp\/v2\/media?parent=31640"}],"wp:term":[{"taxonomy":"category","embeddable":true,"href":"https:\/\/www.naturalscience.org\/fr\/wp-json\/wp\/v2\/categories?post=31640"},{"taxonomy":"post_tag","embeddable":true,"href":"https:\/\/www.naturalscience.org\/fr\/wp-json\/wp\/v2\/tags?post=31640"}],"curies":[{"name":"wp","href":"https:\/\/api.w.org\/{rel}","templated":true}]}}