{"id":41229,"date":"2024-10-22T11:16:23","date_gmt":"2024-10-22T09:16:23","guid":{"rendered":"https:\/\/www.naturalscience.org\/?p=41229"},"modified":"2024-10-22T15:00:03","modified_gmt":"2024-10-22T13:00:03","slug":"la-radiacion-de-la-telefonia-movil-es-danina-despues-de-todo","status":"publish","type":"post","link":"https:\/\/www.naturalscience.org\/es\/news\/2024\/10\/la-radiacion-de-la-telefonia-movil-es-danina-despues-de-todo\/","title":{"rendered":"La radiaci\u00f3n de la telefon\u00eda m\u00f3vil:&nbsp;\u00a1Es da\u00f1ina despu\u00e9s de todo!"},"content":{"rendered":"<p><strong>En el 2011 la radiaci\u00f3n de la telefon\u00eda m\u00f3vil fue clasificada como \u2018posiblemente carcin\u00f3gena\u2019 (nivel 2B) por la Agencia Internacional para la Investigaci\u00f3n del C\u00e1ncer (IARC), que forma parte de la Organizaci\u00f3n Mundial de la Salud (OMS).<\/strong> Esta clasificaci\u00f3n desde entonces ha sido una espina para la industria de la telefon\u00eda m\u00f3vil, que est\u00e1 tratando de eliminarla.<\/p>\n<p>Por eso cuando a principios de septiembre del 2024 el informe se difundi\u00f3 como un reguero de p\u00f3lvora por todo el mundo<span class=\"footnote_referrer\"><a role=\"button\" tabindex=\"0\" onclick=\"footnote_moveToReference_41229_1('footnote_plugin_reference_41229_1_1');\" onkeypress=\"footnote_moveToReference_41229_1('footnote_plugin_reference_41229_1_1');\" ><sup id=\"footnote_plugin_tooltip_41229_1_1\" class=\"footnote_plugin_tooltip_text\">1)<\/sup><\/a><span id=\"footnote_plugin_tooltip_text_41229_1_1\" class=\"footnote_tooltip\">Washington Post (2024): Do cellphones cause brain cancer? A WHO review of 63 studies finds no link.Rachel Pannett, 03.09.2024.\u2013<a href=\"https:\/\/www.washingtonpost.com\/wellness\/2024\/09\/03\/cellphones-cancer-risk-radiation\/\" target=\"_blank\" rel=\"noopener\"><span class=\"footnote_url_wrap\">https:\/\/www.washingtonpost.com\/wellness\/2024\/09\/03\/cellphones-cancer-risk-radiation\/<\/span><\/a><br \/>\nThe Guardian (2024): Mobile phones not linked to brain cancer, biggest study to date finds. Natasha May, 03.09.2024. <a href=\"https:\/\/www.theguardian.com\/science\/article\/2024\/sep\/04\/mobile-phones-not-linked-to-brain-cancer-biggest-study-to-date-finds\" target=\"_blank\" rel=\"noopener\"><span class=\"footnote_url_wrap\">https:\/\/www.theguardian.com\/science\/article\/2024\/sep\/04\/mobile-phones-not-linked-to-brain-cancer-biggest-study-to-date-finds<\/span><\/a><br \/>\nBlick (2024): Handys nicht schuld an Hirntumoren. Thomas Benk\u00f6, 04.09.2024. <a href=\"https:\/\/www.blick.ch\/digital\/who-studie-gibt-entwarnung-handys-nicht-schuld-an-hirntumoren-id20105194.html\" target=\"_blank\" rel=\"noopener\"><span class=\"footnote_url_wrap\">https:\/\/www.blick.ch\/digital\/who-studie-gibt-entwarnung-handys-nicht-schuld-an-hirntumoren-id20105194.html<\/span><\/a><br \/>\nS\u00fcddeutsche Zeitung (2024): Studie: Handynutzung erh\u00f6ht das Krebsrisiko nicht. Deutsche Presse Agentur, 06.09.2024.<a href=\"https:\/\/www.sueddeutsche.de\/wissen\/gesundheit-studie-handynutzung-erhoeht-das-krebsrisiko-nicht-dpa.urn-newsml-dpa-com-20090101-240905-930-224010\" target=\"_blank\" rel=\"noopener\"><span class=\"footnote_url_wrap\">https:\/\/www.sueddeutsche.de\/wissen\/gesundheit-studie-handynutzung-erhoeht-das-krebsrisiko-nicht-dpa.urn-newsml-dpa-com-20090101-240905-930-224010<\/span><\/a><\/span><\/span><script type=\"text\/javascript\"> jQuery('#footnote_plugin_tooltip_41229_1_1').tooltip({ tip: '#footnote_plugin_tooltip_text_41229_1_1', tipClass: 'footnote_tooltip', effect: 'fade', predelay: 0, fadeInSpeed: 200, delay: 400, fadeOutSpeed: 200, position: 'top right', relative: true, offset: [10, 10], });<\/script>debi\u00f3 haber sido como un gran alivio para la industria. En \u00e9l se afirmaba que el mayor meta-estudio jam\u00e1s realizado hab\u00eda demostrado claramente que no exist\u00eda ning\u00fan v\u00ednculo entre la radiaci\u00f3n de la telefon\u00eda m\u00f3vil y el desarrollo del c\u00e1ncer. En respuesta, el Consejo Americano de Ciencia y Salud, por ejemplo escribi\u00f3: \u201cAs\u00ed que si\u00e9ntanse libres de llamar, enviar mensajes de texto o navegar en internet \u2014 su cerebro no se ir\u00e1 a ninguna parte. [&#8230;] A medida que aumentan las evidencias, queda claro que podemos disfrutar de la comodidad de nuestros dispositivos sin temor a sufrir da\u00f1os, dejando a un lado las preocupaciones obsoletas acerca del impacto sobre nuestra salud f\u00edsica.\u201d<span class=\"footnote_referrer\"><a role=\"button\" tabindex=\"0\" onclick=\"footnote_moveToReference_41229_1('footnote_plugin_reference_41229_1_2');\" onkeypress=\"footnote_moveToReference_41229_1('footnote_plugin_reference_41229_1_2');\" ><sup id=\"footnote_plugin_tooltip_41229_1_2\" class=\"footnote_plugin_tooltip_text\">2)<\/sup><\/a><span id=\"footnote_plugin_tooltip_text_41229_1_2\" class=\"footnote_tooltip\">American Council on Science and Health (2024): More Evidence Cell Phones Don\u2019t Cause Cancer. Susan Goldhaber, 13.09.2024. <a href=\"https:\/\/www.acsh.org\/news\/2024\/09\/13\/more-evidence-cell-phones-dont-cause-cancer-48991\" target=\"_blank\" rel=\"noopener\"><span class=\"footnote_url_wrap\">https:\/\/www.acsh.org\/news\/2024\/09\/13\/more-evidence-cell-phones-dont-cause-cancer-48991<\/span><\/a><\/span><\/span><script type=\"text\/javascript\"> jQuery('#footnote_plugin_tooltip_41229_1_2').tooltip({ tip: '#footnote_plugin_tooltip_text_41229_1_2', tipClass: 'footnote_tooltip', effect: 'fade', predelay: 0, fadeInSpeed: 200, delay: 400, fadeOutSpeed: 200, position: 'top right', relative: true, offset: [10, 10], });<\/script><\/p>\n<p>\u00bfEs \u00e9sta la buena noticia que todos hemos estado esperando durante tanto tiempo?&nbsp;\u00bfPodemos usar todos nuestros dispositivos inal\u00e1mbricos y tecnolog\u00edas basadas en la tecnolog\u00eda de microondas, como los tel\u00e9fonos inteligentes, tabletas, Bluetooth, Wi-Fi, monitores para beb\u00e9s, etc., sin preocupaci\u00f3n y temor a las consecuencias para la salud, y tambi\u00e9n podemos confiarlos completamente a nuestros hijos y a los j\u00f3venes sin preocupaciones?&nbsp;\u00bfSignifica esto que el asunto est\u00e1 finalmente zanjado y que no es necesario hacer m\u00e1s investigaciones?&nbsp;\u00bfSignifica esto que la clasificaci\u00f3n de la IARC est\u00e1 obsoleta y debe revisarse?<\/p>\n<p><img loading=\"lazy\" decoding=\"async\" class=\"size-medium wp-image-41199 aligncenter\" src=\"https:\/\/www.naturalscience.org\/wp-content\/uploads\/2024\/10\/AdobeStock_288322225-SMALL-300x200.jpeg\" alt=\"\" width=\"300\" height=\"200\" srcset=\"https:\/\/www.naturalscience.org\/wp-content\/uploads\/2024\/10\/AdobeStock_288322225-SMALL-300x200.jpeg 300w, https:\/\/www.naturalscience.org\/wp-content\/uploads\/2024\/10\/AdobeStock_288322225-SMALL-1024x683.jpeg 1024w, https:\/\/www.naturalscience.org\/wp-content\/uploads\/2024\/10\/AdobeStock_288322225-SMALL-768x512.jpeg 768w, https:\/\/www.naturalscience.org\/wp-content\/uploads\/2024\/10\/AdobeStock_288322225-SMALL-1536x1024.jpeg 1536w, https:\/\/www.naturalscience.org\/wp-content\/uploads\/2024\/10\/AdobeStock_288322225-SMALL-2048x1365.jpeg 2048w, https:\/\/www.naturalscience.org\/wp-content\/uploads\/2024\/10\/AdobeStock_288322225-SMALL-164x109.jpeg 164w, https:\/\/www.naturalscience.org\/wp-content\/uploads\/2024\/10\/AdobeStock_288322225-SMALL-400x267.jpeg 400w, https:\/\/www.naturalscience.org\/wp-content\/uploads\/2024\/10\/AdobeStock_288322225-SMALL-500x333.jpeg 500w\" sizes=\"auto, (max-width: 300px) 100vw, 300px\" \/><\/p>\n<p><strong>El asunto no est\u00e1 tan claro como lo pintan los medios de comunicaci\u00f3n,<\/strong> y todo no es como deber\u00eda ser con el estudio citado como pruebas, como demostraremos a continuaci\u00f3n:<\/p>\n<ul>\n<li><strong>Los medios de comunicaci\u00f3n dieron la impresi\u00f3n de que el estudio era de la OMS y que por supuesto representaba la opini\u00f3n de la OMS. Esto no es cierto.<\/strong> Despu\u00e9s de un intento fallido en el 2012, la OMS lanz\u00f3 un llamamiento en el 2019 para que se presentaran estudios en la forma de las llamadas revisiones sistem\u00e1ticas para la re-evaluaci\u00f3n de los riesgos de la radiaci\u00f3n de la telefon\u00eda m\u00f3vil. Bas\u00e1ndose en estos estudios la OMS pretende llevar a cabo esa re-evaluaci\u00f3n (probablemente en el 2027 como muy pronto). Sin embargo este llamamiento no se hizo p\u00fablico, sino a trav\u00e9s de una lista de correo,<strong> de la que los cient\u00edficos cr\u00edticos de las comunicaciones m\u00f3viles fueron excluidos desde el principio.<\/strong><\/li>\n<li>En julio de 2024, siete de los diez estudios hab\u00edan sido presentados. Incluso en ese momento, los cient\u00edficos y las organizaciones como la Comisi\u00f3n Internacional sobre los Efectos Biol\u00f3gicos de los Campos Electromagn\u00e9ticos (ICBE-EMF) se\u00f1alaron<strong> que esos estudios ten\u00edan importantes defectos e incluso algunos exigieron que los estudios se retractaran.<\/strong><span class=\"footnote_referrer\"><a role=\"button\" tabindex=\"0\" onclick=\"footnote_moveToReference_41229_1('footnote_plugin_reference_41229_1_3');\" onkeypress=\"footnote_moveToReference_41229_1('footnote_plugin_reference_41229_1_3');\" ><sup id=\"footnote_plugin_tooltip_41229_1_3\" class=\"footnote_plugin_tooltip_text\">3)<\/sup><\/a><span id=\"footnote_plugin_tooltip_text_41229_1_3\" class=\"footnote_tooltip\">Electromagnetic Radiation Safety (2024): ICBE-EMF finds serious problems with WHO-Commissioned review of human observational studies on the effects of exposure to radio-frequency EMFs. 15.07.2024. <a href=\"https:\/\/www.saferemr.com\/2021\/09\/who-radiofrequency-emf-health-risk.html\" target=\"_blank\" rel=\"noopener\"><span class=\"footnote_url_wrap\">https:\/\/www.saferemr.com\/2021\/09\/who-radiofrequency-emf-health-risk.html<\/span><\/a><\/span><\/span><script type=\"text\/javascript\"> jQuery('#footnote_plugin_tooltip_41229_1_3').tooltip({ tip: '#footnote_plugin_tooltip_text_41229_1_3', tipClass: 'footnote_tooltip', effect: 'fade', predelay: 0, fadeInSpeed: 200, delay: 400, fadeOutSpeed: 200, position: 'top right', relative: true, offset: [10, 10], });<\/script><\/li>\n<li>Se criticaron especialmente los estrechos v\u00ednculos que un gran n\u00famero <strong>de los cient\u00edficos que participaron en los estudios mantienen con la ICNIRP<\/strong>, (Comisi\u00f3n Internacional para la Protecci\u00f3n contra las Radiaciones no Ionizantes) que es una organizaci\u00f3n no gubernamental con sede en Alemania, financiada en un 75% con el dinero de los contribuyentes alemanes. La comisi\u00f3n niega la existencia de efectos no t\u00e9rmicos de las radiaciones de microondas a pesar de la abrumadora evidencia<span class=\"footnote_referrer\"><a role=\"button\" tabindex=\"0\" onclick=\"footnote_moveToReference_41229_1('footnote_plugin_reference_41229_1_4');\" onkeypress=\"footnote_moveToReference_41229_1('footnote_plugin_reference_41229_1_4');\" ><sup id=\"footnote_plugin_tooltip_41229_1_4\" class=\"footnote_plugin_tooltip_text\">4)<\/sup><\/a><span id=\"footnote_plugin_tooltip_text_41229_1_4\" class=\"footnote_tooltip\">Vgl. z. B. <a href=\"https:\/\/www.emf-portal.org\/de\" target=\"_blank\" rel=\"noopener\">www.emf-portal.org<\/a>; <a href=\"https:\/\/bioinitiative.org\/\" target=\"_blank\" rel=\"noopener\">www.bioinitiative.org<\/a>; <a href=\"https:\/\/www.emfdata.org\/de\" target=\"_blank\" rel=\"noopener\">www.emfdata.org<\/a><\/span><\/span><script type=\"text\/javascript\"> jQuery('#footnote_plugin_tooltip_41229_1_4').tooltip({ tip: '#footnote_plugin_tooltip_text_41229_1_4', tipClass: 'footnote_tooltip', effect: 'fade', predelay: 0, fadeInSpeed: 200, delay: 400, fadeOutSpeed: 200, position: 'top right', relative: true, offset: [10, 10], });<\/script> y sirve principalmente como \u00f3rgano de legitimaci\u00f3n de la industria de la telefon\u00eda m\u00f3vil. En el 2019, periodistas de investigaci\u00f3n de ocho pa\u00edses europeos que trabajan para importantes medios de comunicaci\u00f3n descubrieron <strong>los conflictos de intereses de este \u2018cartel de la ICNIRP\u2019<\/strong>.<span class=\"footnote_referrer\"><a role=\"button\" tabindex=\"0\" onclick=\"footnote_moveToReference_41229_1('footnote_plugin_reference_41229_1_5');\" onkeypress=\"footnote_moveToReference_41229_1('footnote_plugin_reference_41229_1_5');\" ><sup id=\"footnote_plugin_tooltip_41229_1_5\" class=\"footnote_plugin_tooltip_text\">5)<\/sup><\/a><span id=\"footnote_plugin_tooltip_text_41229_1_5\" class=\"footnote_tooltip\">Electromagnetic Radiation Safety (2023): ICNIRP&#8217;s wireless radiation exposure limits are based on smoke and mirrors. 25.07.2022 <a href=\"https:\/\/www.saferemr.com\/2018\/07\/icnirps-exposure-guidelines-for-radio.html\" target=\"_blank\" rel=\"noopener\"><span class=\"footnote_url_wrap\">https:\/\/www.saferemr.com\/2018\/07\/icnirps-exposure-guidelines-for-radio.html<\/span><\/a>&nbsp;Diagnose-funk (2019): Europa ignoriert m\u00f6gliches Krebsrisiko von 5G \u2013 Tagespiegel recherchiert zu 5G \/ Mobilfunkstudienlage. 14.01.2019 <a href=\"https:\/\/www.diagnose-funk.org\/aktuelles\/artikel-archiv\/detail?newsid=1335\" target=\"_blank\" rel=\"noopener\"><span class=\"footnote_url_wrap\">https:\/\/www.diagnose-funk.org\/aktuelles\/artikel-archiv\/detail?newsid=1335<\/span><\/a>Diagnose-funk (2024): Alter Wein in neuen Schl\u00e4uchen! Entschl\u00fcsselung der neuen ICNIRP-Krebsstudie \u2013 Spiel vorbei? Wahrscheinlich nicht! Louis Slesin, 12.09.2024. <a href=\"https:\/\/www.diagnose-funk.org\/aktuelles\/artikel-archiv\/detail&amp;newsid=2125\" target=\"_blank\" rel=\"noopener\"><span class=\"footnote_url_wrap\">https:\/\/www.diagnose-funk.org\/aktuelles\/artikel-archiv\/detail&amp;newsid=2125<\/span><\/a>Microwavenews (2024): Old Wine in New Bottles. Decoding New WHO\u2013ICNIRP Cancer Review \u2013 Game Over? Likely Not. 11.09.2024&nbsp;<a href=\"https:\/\/www.microwavenews.com\/news-center\/old-wine-new-bottles\" target=\"_blank\" rel=\"noopener\"><span class=\"footnote_url_wrap\">https:\/\/www.microwavenews.com\/news-center\/old-wine-new-bottles<\/span><\/a><\/span><\/span><script type=\"text\/javascript\"> jQuery('#footnote_plugin_tooltip_41229_1_5').tooltip({ tip: '#footnote_plugin_tooltip_text_41229_1_5', tipClass: 'footnote_tooltip', effect: 'fade', predelay: 0, fadeInSpeed: 200, delay: 400, fadeOutSpeed: 200, position: 'top right', relative: true, offset: [10, 10], });<\/script><strong> Once de los 21 expertos designados por la OMS para los grupos de estudio son o han sido miembros de la ICNIRP.<\/strong> En cada uno de los diez estudios particip\u00f3 al menos un cient\u00edfico afiliado a la ICNIRP y varios de ellos participaron en diferentes estudios.<sup>3)<\/sup> <strong>En cambio, ni uno s\u00f3lo de los 250 cient\u00edficos que firmaron la apelaci\u00f3n a las Naciones Unidas para la protecci\u00f3n contra la exposici\u00f3n a los campos magn\u00e9ticos no ionizantes<\/strong><span class=\"footnote_referrer\"><a role=\"button\" tabindex=\"0\" onclick=\"footnote_moveToReference_41229_1('footnote_plugin_reference_41229_1_6');\" onkeypress=\"footnote_moveToReference_41229_1('footnote_plugin_reference_41229_1_6');\" ><sup id=\"footnote_plugin_tooltip_41229_1_6\" class=\"footnote_plugin_tooltip_text\">6)<\/sup><\/a><span id=\"footnote_plugin_tooltip_text_41229_1_6\" class=\"footnote_tooltip\">International Appeal: Scientists call for protection from non-ionizing electromagnetic field exposure. Eur J Oncol. 2015 Dec. 20;20(3\/4):180-2. <a href=\"https:\/\/emfscientist.org\/index.php\/emf-scientist-appeal\" target=\"_blank\" rel=\"noopener\"><span class=\"footnote_url_wrap\">https:\/\/emfscientist.org\/index.php\/emf-scientist-appeal<\/span><\/a><\/span><\/span><script type=\"text\/javascript\"> jQuery('#footnote_plugin_tooltip_41229_1_6').tooltip({ tip: '#footnote_plugin_tooltip_text_41229_1_6', tipClass: 'footnote_tooltip', effect: 'fade', predelay: 0, fadeInSpeed: 200, delay: 400, fadeOutSpeed: 200, position: 'top right', relative: true, offset: [10, 10], });<\/script> <strong>fue seleccionado por la OMS para el grupo de trabajo<\/strong>. El estudio sobre el c\u00e1ncer citado por los medios de comunicaci\u00f3n fue dirigido por el australiano Ken Karipidis, vicepresidente de la ICNIRP. Entre los coautores se encuentran, entre otros el suizo Martin R\u00f6\u00f6sli, que fue miembro de la ICNIRP del 2016 al 2024, y el alem\u00e1n Dan Baaken, Secretario Cient\u00edfico de la ICNIRP.<\/li>\n<li>Los art\u00edculos publicados a nivel mundial sugieren que el estudio de Karipidis et al. ha demostrado finalmente que la radiaci\u00f3n de la telefon\u00eda m\u00f3vil no es peligrosa. <strong>Sin embargo como se desprende del mismo estudio, no hay pruebas concluyentes.<\/strong> Por ejemplo, respecto a los riesgos de llevar el tel\u00e9fono m\u00f3vil en la oreja, el estudio afirma que existe una \u2018moderada certeza de las pruebas\u2019 de que esto \u2018probablemente\u2019 no aumente el riesgo de tumores. El riesgo de c\u00e1ncer asociado con el uso de tel\u00e9fonos m\u00f3viles o inal\u00e1mbricos se afirma que est\u00e1 \u2018respaldado por pruebas de baja certeza\u2019. Lo mismo se aplica a los riesgos de exposici\u00f3n. En lo que respecta al riesgo de c\u00e1ncer en ni\u00f1os expuestos a la radiaci\u00f3n de los transmisores, el estudio afirma que existe \u2018moderada certeza de que no es probable que aumente el riesgo de leucemia en ni\u00f1os y una baja certeza de que no aumente el riesgo de tumores cerebrales pedi\u00e1tricos. Cuando se trata de los riesgos para los adultos expuestos a la radiaci\u00f3n de las antenas de telefon\u00eda m\u00f3vil,&nbsp;\u00a1los autores incluso escriben que no hay estudios significativos en absoluto!<span class=\"footnote_referrer\"><a role=\"button\" tabindex=\"0\" onclick=\"footnote_moveToReference_41229_1('footnote_plugin_reference_41229_1_7');\" onkeypress=\"footnote_moveToReference_41229_1('footnote_plugin_reference_41229_1_7');\" ><sup id=\"footnote_plugin_tooltip_41229_1_7\" class=\"footnote_plugin_tooltip_text\">7)<\/sup><\/a><span id=\"footnote_plugin_tooltip_text_41229_1_7\" class=\"footnote_tooltip\">Karipidis, K., Baaken, D., Loney, T., Blettner, M., Brzozek, C., Elwood, M., &#8230; &amp; Lagorio, S. (2024). The effect of exposure to radiofrequency fields on cancer risk in the general and working population: A systematic review of human observational studies\u2013Part I: Most researched outcomes. Environment International, 108983 Diagnose-funk (2024): Einseitige ICNIRP-Studie behauptet, Handynutzung erh\u00f6he Krebsrisiko nicht. Ist das so? 14.09.2024. <a href=\"https:\/\/www.diagnose-funk.org\/aktuelles\/artikel-archiv\/detail?newsid=2127\" target=\"_blank\" rel=\"noopener\"><span class=\"footnote_url_wrap\">https:\/\/www.diagnose-funk.org\/aktuelles\/artikel-archiv\/detail?newsid=2127<\/span><\/a><\/span><\/span><script type=\"text\/javascript\"> jQuery('#footnote_plugin_tooltip_41229_1_7').tooltip({ tip: '#footnote_plugin_tooltip_text_41229_1_7', tipClass: 'footnote_tooltip', effect: 'fade', predelay: 0, fadeInSpeed: 200, delay: 400, fadeOutSpeed: 200, position: 'top right', relative: true, offset: [10, 10], });<\/script><strong>&nbsp;\u00a1Afirmaciones como \u2018con moderada\/baja certeza\u2019 \u2018poco probable\u2019 o incluso \u2018no hay estudios disponibles\u2019 son cualquier cosa menos una evidencia clara de que la radiaci\u00f3n de microondas es inofensiva! <\/strong><\/li>\n<li>El estudio de Karipidis et al. sostiene que los campos electromagn\u00e9ticos, debido a su baja energ\u00eda b\u00e1sicamente podr\u00edan no causar cambios en las c\u00e9lulas y por lo tanto, no causar c\u00e1ncer. Esto se conoce como el \u2018dogma t\u00e9rmico\u2019. <strong>Este enfoque no es cient\u00edfico y niega todo da\u00f1o m\u00e1s all\u00e1 del calentamiento de los tejidos, como roturas de la cadena de ADN, aberraciones cromos\u00f3micas, deterioro de la barrera hematoencef\u00e1lica<\/strong><span class=\"footnote_referrer\"><a role=\"button\" tabindex=\"0\" onclick=\"footnote_moveToReference_41229_1('footnote_plugin_reference_41229_1_8');\" onkeypress=\"footnote_moveToReference_41229_1('footnote_plugin_reference_41229_1_8');\" ><sup id=\"footnote_plugin_tooltip_41229_1_8\" class=\"footnote_plugin_tooltip_text\">8)<\/sup><\/a><span id=\"footnote_plugin_tooltip_text_41229_1_8\" class=\"footnote_tooltip\">Salford LG, Brun AE, Eberhardt JL, Malmgren L, Persson BR. Environ Health Perspect (2003): Nerve cell damage in mammalian brain after exposure to microwaves from GSM mobile phones. med.\/bio.<\/span><\/span><script type=\"text\/javascript\"> jQuery('#footnote_plugin_tooltip_41229_1_8').tooltip({ tip: '#footnote_plugin_tooltip_text_41229_1_8', tipClass: 'footnote_tooltip', effect: 'fade', predelay: 0, fadeInSpeed: 200, delay: 400, fadeOutSpeed: 200, position: 'top right', relative: true, offset: [10, 10], });<\/script><strong> da\u00f1os en el semen y la fertilidad<\/strong><span class=\"footnote_referrer\"><a role=\"button\" tabindex=\"0\" onclick=\"footnote_moveToReference_41229_1('footnote_plugin_reference_41229_1_9');\" onkeypress=\"footnote_moveToReference_41229_1('footnote_plugin_reference_41229_1_9');\" ><sup id=\"footnote_plugin_tooltip_41229_1_9\" class=\"footnote_plugin_tooltip_text\">9)<\/sup><\/a><span id=\"footnote_plugin_tooltip_text_41229_1_9\" class=\"footnote_tooltip\">Cordelli E, Ardoino L, Benassi B, Consales C, Eleuteri P, Marino C, Sciortino M, Villani P, Brinkworth MH, Chen G, McNamee JP, Wood AW, Belackova L, Verbeek J, Pacchierotti F (2024): Effects of radiofrequency electromagnetic field (RF-EMF) exposure on male fertility: A systematic review of experimental studies on non-human mammals and human sperm in vitro. Environment International, 185, 108509<\/span><\/span><script type=\"text\/javascript\"> jQuery('#footnote_plugin_tooltip_41229_1_9').tooltip({ tip: '#footnote_plugin_tooltip_text_41229_1_9', tipClass: 'footnote_tooltip', effect: 'fade', predelay: 0, fadeInSpeed: 200, delay: 400, fadeOutSpeed: 200, position: 'top right', relative: true, offset: [10, 10], });<\/script> <strong>, y, en particular el estr\u00e9s celular oxidativo<\/strong><span class=\"footnote_referrer\"><a role=\"button\" tabindex=\"0\" onclick=\"footnote_moveToReference_41229_1('footnote_plugin_reference_41229_1_10');\" onkeypress=\"footnote_moveToReference_41229_1('footnote_plugin_reference_41229_1_10');\" ><sup id=\"footnote_plugin_tooltip_41229_1_10\" class=\"footnote_plugin_tooltip_text\">10)<\/sup><\/a><span id=\"footnote_plugin_tooltip_text_41229_1_10\" class=\"footnote_tooltip\">Pall (2018): 5G: Great risk for EU, U.S. and International Health! Compelling Evidence for Eight Distinct Types of Great Harm Caused by Electromagnetic Field (EMF) Exposures and the Mechanism that Causes Them, Written and Compiled by Martin L. Pall, PhD Yakymenko, I., Tsybulin, O., Sidorik, E., Henshel, D., Kyrylenko, O., &amp; Kyrylenko, S. (2016). Oxidative mechanisms of biological activity of low-intensity radiofrequency radiation. Electromagnetic biology and medicine, 35(2), 186-202.<\/span><\/span><script type=\"text\/javascript\"> jQuery('#footnote_plugin_tooltip_41229_1_10').tooltip({ tip: '#footnote_plugin_tooltip_text_41229_1_10', tipClass: 'footnote_tooltip', effect: 'fade', predelay: 0, fadeInSpeed: 200, delay: 400, fadeOutSpeed: 200, position: 'top right', relative: true, offset: [10, 10], });<\/script>, aunque estos efectos est\u00e1n bien documentados.<span class=\"footnote_referrer\"><a role=\"button\" tabindex=\"0\" onclick=\"footnote_moveToReference_41229_1('footnote_plugin_reference_41229_1_11');\" onkeypress=\"footnote_moveToReference_41229_1('footnote_plugin_reference_41229_1_11');\" ><sup id=\"footnote_plugin_tooltip_41229_1_11\" class=\"footnote_plugin_tooltip_text\">11)<\/sup><\/a><span id=\"footnote_plugin_tooltip_text_41229_1_11\" class=\"footnote_tooltip\">An overview of non-thermal effects can be found here, for example: Diagnose-funk (2024): \u00dcBERBLICK f\u00fcr den Durchblick \u2013 Stand der Forschung Mobilfunkstrahlung. 29.08.2024 <a href=\"https:\/\/www.diagnose-funk.org\/aktuelles\/artikel-archiv\/detail&amp;newsid=2090\" target=\"_blank\" rel=\"noopener\"><span class=\"footnote_url_wrap\">https:\/\/www.diagnose-funk.org\/aktuelles\/artikel-archiv\/detail&amp;newsid=2090<\/span><\/a>Kompetenzinitiative (2024): ATHEM-3: Indikatoren f\u00fcr Gesundheitsrisiken in Bezug auf station\u00e4re Mobilfunk-Sender <a href=\"https:\/\/kompetenzinitiative.com\/athem-3-indikatoren-fuer-gesundheitsrisiken-in-bezug-auf-stationaere-mobilfunk-sender\/\" target=\"_blank\" rel=\"noopener\"><span class=\"footnote_url_wrap\">https:\/\/kompetenzinitiative.com\/athem-3-indikatoren-fuer-gesundheitsrisiken-in-bezug-auf-stationaere-mobilfunk-sender\/<\/span><\/a><\/span><\/span><script type=\"text\/javascript\"> jQuery('#footnote_plugin_tooltip_41229_1_11').tooltip({ tip: '#footnote_plugin_tooltip_text_41229_1_11', tipClass: 'footnote_tooltip', effect: 'fade', predelay: 0, fadeInSpeed: 200, delay: 400, fadeOutSpeed: 200, position: 'top right', relative: true, offset: [10, 10], });<\/script><\/li>\n<li>Karipidis et al. <strong>s\u00f3lo eval\u00faa estudios epidemiol\u00f3gicos<\/strong> (por ejemplo, los estudios de casos y controles, encuestas, la evaluaci\u00f3n de historias m\u00e9dicas, etc.), pero no los estudios m\u00e9dico-biol\u00f3gicos. Es bien sabido en la ciencia que los estudios epidemiol\u00f3gicos a menudo est\u00e1n distorsionados. Por lo tanto, para una evaluaci\u00f3n de riesgos exhaustiva, se deben tener en cuenta los estudios epidemiol\u00f3gicos, los estudios celulares en el laboratorio (in vitro) y los estudios en animales y humanos (in vivo) y combinar los resultados.<\/li>\n<li>Los autores del estudio <strong>rechazaron o no tuvieron en cuenta los estudios de referencia reconocidos entre los cient\u00edficos<\/strong> sobre el tema, como los de Balmori 2022)<span class=\"footnote_referrer\"><a role=\"button\" tabindex=\"0\" onclick=\"footnote_moveToReference_41229_1('footnote_plugin_reference_41229_1_12');\" onkeypress=\"footnote_moveToReference_41229_1('footnote_plugin_reference_41229_1_12');\" ><sup id=\"footnote_plugin_tooltip_41229_1_12\" class=\"footnote_plugin_tooltip_text\">12)<\/sup><\/a><span id=\"footnote_plugin_tooltip_text_41229_1_12\" class=\"footnote_tooltip\">Balmori, A. (2022). Evidence for a health risk by RF on humans living around mobile phone base stations: From radiofrequency sickness to cancer. Environmental Research, 214, 113851.<\/span><\/span><script type=\"text\/javascript\"> jQuery('#footnote_plugin_tooltip_41229_1_12').tooltip({ tip: '#footnote_plugin_tooltip_text_41229_1_12', tipClass: 'footnote_tooltip', effect: 'fade', predelay: 0, fadeInSpeed: 200, delay: 400, fadeOutSpeed: 200, position: 'top right', relative: true, offset: [10, 10], });<\/script>, Ramazzini (2018)<span class=\"footnote_referrer\"><a role=\"button\" tabindex=\"0\" onclick=\"footnote_moveToReference_41229_1('footnote_plugin_reference_41229_1_13');\" onkeypress=\"footnote_moveToReference_41229_1('footnote_plugin_reference_41229_1_13');\" ><sup id=\"footnote_plugin_tooltip_41229_1_13\" class=\"footnote_plugin_tooltip_text\">13)<\/sup><\/a><span id=\"footnote_plugin_tooltip_text_41229_1_13\" class=\"footnote_tooltip\">Falcioni, L., Bua, L., Tibaldi, E., Lauriola, M., De Angelis, L., Gnudi, F., &#8230; &amp; Belpoggi, F. (2018). Report of final results regarding brain and heart tumors in Sprague-Dawley rats exposed from prenatal life until natural death to mobile phone radiofrequency field representative of a 1.8 GHz GSM base station environmental emission. Environmental research, 165, 496-503. <\/span><\/span><script type=\"text\/javascript\"> jQuery('#footnote_plugin_tooltip_41229_1_13').tooltip({ tip: '#footnote_plugin_tooltip_text_41229_1_13', tipClass: 'footnote_tooltip', effect: 'fade', predelay: 0, fadeInSpeed: 200, delay: 400, fadeOutSpeed: 200, position: 'top right', relative: true, offset: [10, 10], });<\/script> o el estudio NTP de Los Estados Unidos (2016).<span class=\"footnote_referrer\"><a role=\"button\" tabindex=\"0\" onclick=\"footnote_moveToReference_41229_1('footnote_plugin_reference_41229_1_14');\" onkeypress=\"footnote_moveToReference_41229_1('footnote_plugin_reference_41229_1_14');\" ><sup id=\"footnote_plugin_tooltip_41229_1_14\" class=\"footnote_plugin_tooltip_text\">14)<\/sup><\/a><span id=\"footnote_plugin_tooltip_text_41229_1_14\" class=\"footnote_tooltip\">National Toxicology Program (2024): Cell Phone Radio Frequency Radiation \u2013 Research Overview. US Department of Health and Human Services. <span style=\"font-size: 14.4px;\"><a href=\"https:\/\/ntp.niehs.nih.gov\/whatwestudy\/topics\/cellphones\" target=\"_blank\" rel=\"noopener\"><span class=\"footnote_url_wrap\">https:\/\/ntp.niehs.nih.gov\/whatwestudy\/topics\/cellphones<\/span><\/a><\/span><\/span><script type=\"text\/javascript\"> jQuery('#footnote_plugin_tooltip_41229_1_14').tooltip({ tip: '#footnote_plugin_tooltip_text_41229_1_14', tipClass: 'footnote_tooltip', effect: 'fade', predelay: 0, fadeInSpeed: 200, delay: 400, fadeOutSpeed: 200, position: 'top right', relative: true, offset: [10, 10], });<\/script> Por otro lado, estudios muy criticados como el estudio COSMOS financiado por la industria o estudios con una err\u00f3nea interpretaci\u00f3n de los datos, como el Estudio de Cohorte dan\u00e9s, que incluso la OMS acus\u00f3 de \u2018clasificaci\u00f3n err\u00f3nea en la evaluaci\u00f3n\u2019 fueron muy elogiados. <\/span><\/li>\n<li><img loading=\"lazy\" decoding=\"async\" class=\"size-medium wp-image-41200 alignright\" src=\"https:\/\/www.naturalscience.org\/wp-content\/uploads\/2024\/10\/AdobeStock_93534460-300x200.jpeg\" alt=\"\" width=\"300\" height=\"200\" srcset=\"https:\/\/www.naturalscience.org\/wp-content\/uploads\/2024\/10\/AdobeStock_93534460-300x200.jpeg 300w, https:\/\/www.naturalscience.org\/wp-content\/uploads\/2024\/10\/AdobeStock_93534460-1024x683.jpeg 1024w, https:\/\/www.naturalscience.org\/wp-content\/uploads\/2024\/10\/AdobeStock_93534460-768x512.jpeg 768w, https:\/\/www.naturalscience.org\/wp-content\/uploads\/2024\/10\/AdobeStock_93534460-1536x1024.jpeg 1536w, https:\/\/www.naturalscience.org\/wp-content\/uploads\/2024\/10\/AdobeStock_93534460-2048x1365.jpeg 2048w, https:\/\/www.naturalscience.org\/wp-content\/uploads\/2024\/10\/AdobeStock_93534460-164x109.jpeg 164w, https:\/\/www.naturalscience.org\/wp-content\/uploads\/2024\/10\/AdobeStock_93534460-400x267.jpeg 400w, https:\/\/www.naturalscience.org\/wp-content\/uploads\/2024\/10\/AdobeStock_93534460-500x333.jpeg 500w\" sizes=\"auto, (max-width: 300px) 100vw, 300px\" \/>El Dr Joel M. Moskowitz de la Universidad de California en Berkeley, se\u00f1ala otras debilidades en el estudio de Karipidis et al.<span class=\"footnote_referrer\"><a role=\"button\" tabindex=\"0\" onclick=\"footnote_moveToReference_41229_1('footnote_plugin_reference_41229_1_15');\" onkeypress=\"footnote_moveToReference_41229_1('footnote_plugin_reference_41229_1_15');\" ><sup id=\"footnote_plugin_tooltip_41229_1_15\" class=\"footnote_plugin_tooltip_text\">15)<\/sup><\/a><span id=\"footnote_plugin_tooltip_text_41229_1_15\" class=\"footnote_tooltip\">Electromagnetic Radiation Safety (2024): Health Hazards of Wireless Technologies: What do we know now? A webinar by Dr. Joel Moskowitz, 25.09.2024. <span style=\"font-size: 14.4px;\"><a href=\"https:\/\/www.saferemr.com\/2024\/\" target=\"_blank\" rel=\"noopener\"><span class=\"footnote_url_wrap\">https:\/\/www.saferemr.com\/2024\/<\/span><\/a><\/span><\/span><script type=\"text\/javascript\"> jQuery('#footnote_plugin_tooltip_41229_1_15').tooltip({ tip: '#footnote_plugin_tooltip_text_41229_1_15', tipClass: 'footnote_tooltip', effect: 'fade', predelay: 0, fadeInSpeed: 200, delay: 400, fadeOutSpeed: 200, position: 'top right', relative: true, offset: [10, 10], });<\/script><strong> Por ejemplo, la definici\u00f3n usada para el \u2018uso regular del tel\u00e9fono m\u00f3vil\u2019 es cualquier cosa menos realista,<\/strong> ya que supone al menos una llamada con tel\u00e9fono m\u00f3vil semanalmente en los \u00faltimos seis meses. En vista del hecho de que ya hay m\u00e1s tel\u00e9fonos m\u00f3viles que personas en el planeta y que la mayor\u00eda de las personas dif\u00edcilmente se separa de sus tel\u00e9fonos, esa definici\u00f3n es simplemente rid\u00edcula. La mayor\u00eda de las investigaciones con seres humanos se centran en los tel\u00e9fonos m\u00f3viles o en la torres de telefon\u00eda celular y excluye otras fuentes de exposici\u00f3n (por ejemplo, el uso de tel\u00e9fonos inal\u00e1mbricos, Wi-Fi u otros dispositivos inal\u00e1mbricos personales), lo que lleva a una incorrecta clasificaci\u00f3n de la exposici\u00f3n general de las personas. Adem\u00e1s, la mayor\u00eda de los estudios de caso terminaron su recolecci\u00f3n de datos a principios de los a\u00f1os 2000. <strong>Por lo tanto, muestran los efectos de la tecnolog\u00eda 2G, pero no los de las tres generaciones siguientes de la tecnolog\u00eda de telefon\u00eda m\u00f3vil, y mucho menos los de la 5G, que utiliza frecuencias portadoras y funciones diferentes.<\/strong> Con la introducci\u00f3n del tel\u00e9fono inteligente en el 2007, la tecnolog\u00eda de telefon\u00eda m\u00f3vil tambi\u00e9n cambi\u00f3 significativamente. La antena externa del tel\u00e9fono m\u00f3vil en la parte superior del tel\u00e9fono se ha reemplazado por varias antenas diferentes integradas en el dispositivo, <strong>lo que expone no s\u00f3lo a los l\u00f3bulos temporal y frontal del cerebro,<\/strong><span class=\"footnote_referrer\"><a role=\"button\" tabindex=\"0\" onclick=\"footnote_moveToReference_41229_1('footnote_plugin_reference_41229_1_16');\" onkeypress=\"footnote_moveToReference_41229_1('footnote_plugin_reference_41229_1_16');\" ><sup id=\"footnote_plugin_tooltip_41229_1_16\" class=\"footnote_plugin_tooltip_text\">16)<\/sup><\/a><span id=\"footnote_plugin_tooltip_text_41229_1_16\" class=\"footnote_tooltip\">Philips, A., Henshaw, D. L., Lamburn, G., &amp; O\u2019Carroll, M. J. (2018). Brain tumours: rise in glioblastoma multiforme incidence in England 1995\u20132015 suggests an adverse environmental or lifestyle factor. Journal of environmental and public health, 2018(1), 7910754<\/span><\/span><script type=\"text\/javascript\"> jQuery('#footnote_plugin_tooltip_41229_1_16').tooltip({ tip: '#footnote_plugin_tooltip_text_41229_1_16', tipClass: 'footnote_tooltip', effect: 'fade', predelay: 0, fadeInSpeed: 200, delay: 400, fadeOutSpeed: 200, position: 'top right', relative: true, offset: [10, 10], });<\/script> <strong>sino tambi\u00e9n a la parte inferior de la cabeza y el cuello a una fuerte radiaci\u00f3n<\/strong>. Esto podr\u00eda incrementar a\u00fan m\u00e1s el riesgo de tumores en las gl\u00e1ndulas salivales y en la tiroides.<\/span><\/li>\n<li><img loading=\"lazy\" decoding=\"async\" class=\"size-medium wp-image-41210 alignleft\" src=\"https:\/\/www.naturalscience.org\/wp-content\/uploads\/2024\/10\/AdobeStock_797971263-1-300x300.jpeg\" alt=\"\" width=\"300\" height=\"300\" srcset=\"https:\/\/www.naturalscience.org\/wp-content\/uploads\/2024\/10\/AdobeStock_797971263-1-300x300.jpeg 300w, https:\/\/www.naturalscience.org\/wp-content\/uploads\/2024\/10\/AdobeStock_797971263-1-1024x1024.jpeg 1024w, https:\/\/www.naturalscience.org\/wp-content\/uploads\/2024\/10\/AdobeStock_797971263-1-164x164.jpeg 164w, https:\/\/www.naturalscience.org\/wp-content\/uploads\/2024\/10\/AdobeStock_797971263-1-768x768.jpeg 768w, https:\/\/www.naturalscience.org\/wp-content\/uploads\/2024\/10\/AdobeStock_797971263-1-1536x1536.jpeg 1536w, https:\/\/www.naturalscience.org\/wp-content\/uploads\/2024\/10\/AdobeStock_797971263-1-2048x2048.jpeg 2048w, https:\/\/www.naturalscience.org\/wp-content\/uploads\/2024\/10\/AdobeStock_797971263-1-400x400.jpeg 400w, https:\/\/www.naturalscience.org\/wp-content\/uploads\/2024\/10\/AdobeStock_797971263-1-500x500.jpeg 500w, https:\/\/www.naturalscience.org\/wp-content\/uploads\/2024\/10\/AdobeStock_797971263-1-120x120.jpeg 120w\" sizes=\"auto, (max-width: 300px) 100vw, 300px\" \/>En este debate se ignoran por completo <strong>los graves efectos de los tel\u00e9fonos m\u00f3viles sobre el cerebro humano, que tambi\u00e9n se reflejan en nuestro comportamiento (social)<\/strong>. Los investigadores del cerebro advierten que mirar constantemente el tel\u00e9fono m\u00f3vil puede, entre otras cosas, reducir la <strong>capacidad de concentraci\u00f3n, la velocidad de trabajo y el rendimiento cognitivo<\/strong>. El resultado de las incesantes multi-tareas es que cometemos m\u00e1s errores y tenemos una paup\u00e9rrima memoria. Los efectos en los ni\u00f1os y los j\u00f3venes son especialmente graves. Debido a que el cerebro cambia con el uso prolongado del tel\u00e9fono m\u00f3vil, se resiente <strong>la capacidad de aprender el lenguaje y de empatizar<\/strong>. De este modo, los j\u00f3venes no s\u00f3lo pierden la capacidad de comunicarse con sus semejantes sino que tambi\u00e9n cada vez les resulta m\u00e1s dif\u00edcil ponerse en su lugar y mostrarse comprensivos con ellos. Tambi\u00e9n, hay un cierto <strong>potencial de adicci\u00f3n, adem\u00e1s de que el uso del tel\u00e9fono m\u00f3vil puede provocar trastornos de ansiedad y depresi\u00f3n<\/strong>.<span class=\"footnote_referrer\"><a role=\"button\" tabindex=\"0\" onclick=\"footnote_moveToReference_41229_1('footnote_plugin_reference_41229_1_17');\" onkeypress=\"footnote_moveToReference_41229_1('footnote_plugin_reference_41229_1_17');\" ><sup id=\"footnote_plugin_tooltip_41229_1_17\" class=\"footnote_plugin_tooltip_text\">17)<\/sup><\/a><span id=\"footnote_plugin_tooltip_text_41229_1_17\" class=\"footnote_tooltip\"> GEO (2024): Welche gravierenden Auswirkungen Smartphones auf das menschliche Gehirn haben. 12.04.2024.<a href=\"https:\/\/www.geo.de\/wissen\/gesundheit\/gravierende-auswirkungen--so-veraendert-das-smartphone-unser-gehirn-34598530.html\" target=\"_blank\" rel=\"noopener\"><span class=\"footnote_url_wrap\">https:\/\/www.geo.de\/wissen\/gesundheit\/gravierende-auswirkungen&#8211;so-veraendert-das-smartphone-unser-gehirn-34598530.html<\/span><\/a><\/span><\/span><script type=\"text\/javascript\"> jQuery('#footnote_plugin_tooltip_41229_1_17').tooltip({ tip: '#footnote_plugin_tooltip_text_41229_1_17', tipClass: 'footnote_tooltip', effect: 'fade', predelay: 0, fadeInSpeed: 200, delay: 400, fadeOutSpeed: 200, position: 'top right', relative: true, offset: [10, 10], });<\/script><\/li>\n<\/ul>\n<p>Los \u00faltimos comunicados de prensa que tratan de hacernos creer que la tecnolog\u00eda de telefon\u00eda m\u00f3vil y el constante uso de los tel\u00e9fonos m\u00f3viles es inocua y no perjudicial para la salud son <strong>enga\u00f1osos, err\u00f3neos e ignoran importantes aspectos del tema<\/strong>. Por lo tanto no se puede hablar de una situaci\u00f3n clara y sin complicaciones.&nbsp;\u00a1Tampoco podemos sentarnos c\u00f3moda y despreocupadamente en el sof\u00e1 con nuestros tel\u00e9fonos m\u00f3viles en las manos, revisando las \u00faltimas publicaciones en las redes sociales!<\/p>\n<div class=\"speaker-mute footnotes_reference_container\"> <div class=\"footnote_container_prepare\"><p><span role=\"button\" tabindex=\"0\" class=\"footnote_reference_container_label pointer\" onclick=\"footnote_expand_collapse_reference_container_41229_1();\">References<\/span><span role=\"button\" tabindex=\"0\" class=\"footnote_reference_container_collapse_button\" style=\"display: none;\" onclick=\"footnote_expand_collapse_reference_container_41229_1();\">[<a id=\"footnote_reference_container_collapse_button_41229_1\">+<\/a>]<\/span><\/p><\/div> <div id=\"footnote_references_container_41229_1\" style=\"\"><table class=\"footnotes_table footnote-reference-container\"><caption class=\"accessibility\">References<\/caption> <tbody> \r\n\r\n<tr class=\"footnotes_plugin_reference_row\"> <th scope=\"row\" class=\"footnote_plugin_index_combi pointer\"  onclick=\"footnote_moveToAnchor_41229_1('footnote_plugin_tooltip_41229_1_1');\"><a id=\"footnote_plugin_reference_41229_1_1\" class=\"footnote_backlink\"><span class=\"footnote_index_arrow\">&#8593;<\/span>1<\/a><\/th> <td class=\"footnote_plugin_text\">Washington Post (2024): Do cellphones cause brain cancer? A WHO review of 63 studies finds no link.Rachel Pannett, 03.09.2024.\u2013<a href=\"https:\/\/www.washingtonpost.com\/wellness\/2024\/09\/03\/cellphones-cancer-risk-radiation\/\" target=\"_blank\" rel=\"noopener\"><span class=\"footnote_url_wrap\">https:\/\/www.washingtonpost.com\/wellness\/2024\/09\/03\/cellphones-cancer-risk-radiation\/<\/span><\/a><br \/>\nThe Guardian (2024): Mobile phones not linked to brain cancer, biggest study to date finds. Natasha May, 03.09.2024. <a href=\"https:\/\/www.theguardian.com\/science\/article\/2024\/sep\/04\/mobile-phones-not-linked-to-brain-cancer-biggest-study-to-date-finds\" target=\"_blank\" rel=\"noopener\"><span class=\"footnote_url_wrap\">https:\/\/www.theguardian.com\/science\/article\/2024\/sep\/04\/mobile-phones-not-linked-to-brain-cancer-biggest-study-to-date-finds<\/span><\/a><br \/>\nBlick (2024): Handys nicht schuld an Hirntumoren. Thomas Benk\u00f6, 04.09.2024. <a href=\"https:\/\/www.blick.ch\/digital\/who-studie-gibt-entwarnung-handys-nicht-schuld-an-hirntumoren-id20105194.html\" target=\"_blank\" rel=\"noopener\"><span class=\"footnote_url_wrap\">https:\/\/www.blick.ch\/digital\/who-studie-gibt-entwarnung-handys-nicht-schuld-an-hirntumoren-id20105194.html<\/span><\/a><br \/>\nS\u00fcddeutsche Zeitung (2024): Studie: Handynutzung erh\u00f6ht das Krebsrisiko nicht. Deutsche Presse Agentur, 06.09.2024.<a href=\"https:\/\/www.sueddeutsche.de\/wissen\/gesundheit-studie-handynutzung-erhoeht-das-krebsrisiko-nicht-dpa.urn-newsml-dpa-com-20090101-240905-930-224010\" target=\"_blank\" rel=\"noopener\"><span class=\"footnote_url_wrap\">https:\/\/www.sueddeutsche.de\/wissen\/gesundheit-studie-handynutzung-erhoeht-das-krebsrisiko-nicht-dpa.urn-newsml-dpa-com-20090101-240905-930-224010<\/span><\/a><\/td><\/tr>\r\n\r\n<tr class=\"footnotes_plugin_reference_row\"> <th scope=\"row\" class=\"footnote_plugin_index_combi pointer\"  onclick=\"footnote_moveToAnchor_41229_1('footnote_plugin_tooltip_41229_1_2');\"><a id=\"footnote_plugin_reference_41229_1_2\" class=\"footnote_backlink\"><span class=\"footnote_index_arrow\">&#8593;<\/span>2<\/a><\/th> <td class=\"footnote_plugin_text\">American Council on Science and Health (2024): More Evidence Cell Phones Don\u2019t Cause Cancer. Susan Goldhaber, 13.09.2024. <a href=\"https:\/\/www.acsh.org\/news\/2024\/09\/13\/more-evidence-cell-phones-dont-cause-cancer-48991\" target=\"_blank\" rel=\"noopener\"><span class=\"footnote_url_wrap\">https:\/\/www.acsh.org\/news\/2024\/09\/13\/more-evidence-cell-phones-dont-cause-cancer-48991<\/span><\/a><\/td><\/tr>\r\n\r\n<tr class=\"footnotes_plugin_reference_row\"> <th scope=\"row\" class=\"footnote_plugin_index_combi pointer\"  onclick=\"footnote_moveToAnchor_41229_1('footnote_plugin_tooltip_41229_1_3');\"><a id=\"footnote_plugin_reference_41229_1_3\" class=\"footnote_backlink\"><span class=\"footnote_index_arrow\">&#8593;<\/span>3<\/a><\/th> <td class=\"footnote_plugin_text\">Electromagnetic Radiation Safety (2024): ICBE-EMF finds serious problems with WHO-Commissioned review of human observational studies on the effects of exposure to radio-frequency EMFs. 15.07.2024. <a href=\"https:\/\/www.saferemr.com\/2021\/09\/who-radiofrequency-emf-health-risk.html\" target=\"_blank\" rel=\"noopener\"><span class=\"footnote_url_wrap\">https:\/\/www.saferemr.com\/2021\/09\/who-radiofrequency-emf-health-risk.html<\/span><\/a><\/td><\/tr>\r\n\r\n<tr class=\"footnotes_plugin_reference_row\"> <th scope=\"row\" class=\"footnote_plugin_index_combi pointer\"  onclick=\"footnote_moveToAnchor_41229_1('footnote_plugin_tooltip_41229_1_4');\"><a id=\"footnote_plugin_reference_41229_1_4\" class=\"footnote_backlink\"><span class=\"footnote_index_arrow\">&#8593;<\/span>4<\/a><\/th> <td class=\"footnote_plugin_text\">Vgl. z. B. <a href=\"https:\/\/www.emf-portal.org\/de\" target=\"_blank\" rel=\"noopener\">www.emf-portal.org<\/a>; <a href=\"https:\/\/bioinitiative.org\/\" target=\"_blank\" rel=\"noopener\">www.bioinitiative.org<\/a>; <a href=\"https:\/\/www.emfdata.org\/de\" target=\"_blank\" rel=\"noopener\">www.emfdata.org<\/a><\/td><\/tr>\r\n\r\n<tr class=\"footnotes_plugin_reference_row\"> <th scope=\"row\" class=\"footnote_plugin_index_combi pointer\"  onclick=\"footnote_moveToAnchor_41229_1('footnote_plugin_tooltip_41229_1_5');\"><a id=\"footnote_plugin_reference_41229_1_5\" class=\"footnote_backlink\"><span class=\"footnote_index_arrow\">&#8593;<\/span>5<\/a><\/th> <td class=\"footnote_plugin_text\">Electromagnetic Radiation Safety (2023): ICNIRP&#8217;s wireless radiation exposure limits are based on smoke and mirrors. 25.07.2022 <a href=\"https:\/\/www.saferemr.com\/2018\/07\/icnirps-exposure-guidelines-for-radio.html\" target=\"_blank\" rel=\"noopener\"><span class=\"footnote_url_wrap\">https:\/\/www.saferemr.com\/2018\/07\/icnirps-exposure-guidelines-for-radio.html<\/span><\/a>&nbsp;Diagnose-funk (2019): Europa ignoriert m\u00f6gliches Krebsrisiko von 5G \u2013 Tagespiegel recherchiert zu 5G \/ Mobilfunkstudienlage. 14.01.2019 <a href=\"https:\/\/www.diagnose-funk.org\/aktuelles\/artikel-archiv\/detail?newsid=1335\" target=\"_blank\" rel=\"noopener\"><span class=\"footnote_url_wrap\">https:\/\/www.diagnose-funk.org\/aktuelles\/artikel-archiv\/detail?newsid=1335<\/span><\/a>Diagnose-funk (2024): Alter Wein in neuen Schl\u00e4uchen! Entschl\u00fcsselung der neuen ICNIRP-Krebsstudie \u2013 Spiel vorbei? Wahrscheinlich nicht! Louis Slesin, 12.09.2024. <a href=\"https:\/\/www.diagnose-funk.org\/aktuelles\/artikel-archiv\/detail&amp;newsid=2125\" target=\"_blank\" rel=\"noopener\"><span class=\"footnote_url_wrap\">https:\/\/www.diagnose-funk.org\/aktuelles\/artikel-archiv\/detail&amp;newsid=2125<\/span><\/a>Microwavenews (2024): Old Wine in New Bottles. Decoding New WHO\u2013ICNIRP Cancer Review \u2013 Game Over? Likely Not. 11.09.2024&nbsp;<a href=\"https:\/\/www.microwavenews.com\/news-center\/old-wine-new-bottles\" target=\"_blank\" rel=\"noopener\"><span class=\"footnote_url_wrap\">https:\/\/www.microwavenews.com\/news-center\/old-wine-new-bottles<\/span><\/a><\/td><\/tr>\r\n\r\n<tr class=\"footnotes_plugin_reference_row\"> <th scope=\"row\" class=\"footnote_plugin_index_combi pointer\"  onclick=\"footnote_moveToAnchor_41229_1('footnote_plugin_tooltip_41229_1_6');\"><a id=\"footnote_plugin_reference_41229_1_6\" class=\"footnote_backlink\"><span class=\"footnote_index_arrow\">&#8593;<\/span>6<\/a><\/th> <td class=\"footnote_plugin_text\">International Appeal: Scientists call for protection from non-ionizing electromagnetic field exposure. Eur J Oncol. 2015 Dec. 20;20(3\/4):180-2. <a href=\"https:\/\/emfscientist.org\/index.php\/emf-scientist-appeal\" target=\"_blank\" rel=\"noopener\"><span class=\"footnote_url_wrap\">https:\/\/emfscientist.org\/index.php\/emf-scientist-appeal<\/span><\/a><\/td><\/tr>\r\n\r\n<tr class=\"footnotes_plugin_reference_row\"> <th scope=\"row\" class=\"footnote_plugin_index_combi pointer\"  onclick=\"footnote_moveToAnchor_41229_1('footnote_plugin_tooltip_41229_1_7');\"><a id=\"footnote_plugin_reference_41229_1_7\" class=\"footnote_backlink\"><span class=\"footnote_index_arrow\">&#8593;<\/span>7<\/a><\/th> <td class=\"footnote_plugin_text\">Karipidis, K., Baaken, D., Loney, T., Blettner, M., Brzozek, C., Elwood, M., &#8230; &amp; Lagorio, S. (2024). The effect of exposure to radiofrequency fields on cancer risk in the general and working population: A systematic review of human observational studies\u2013Part I: Most researched outcomes. Environment International, 108983 Diagnose-funk (2024): Einseitige ICNIRP-Studie behauptet, Handynutzung erh\u00f6he Krebsrisiko nicht. Ist das so? 14.09.2024. <a href=\"https:\/\/www.diagnose-funk.org\/aktuelles\/artikel-archiv\/detail?newsid=2127\" target=\"_blank\" rel=\"noopener\"><span class=\"footnote_url_wrap\">https:\/\/www.diagnose-funk.org\/aktuelles\/artikel-archiv\/detail?newsid=2127<\/span><\/a><\/td><\/tr>\r\n\r\n<tr class=\"footnotes_plugin_reference_row\"> <th scope=\"row\" class=\"footnote_plugin_index_combi pointer\"  onclick=\"footnote_moveToAnchor_41229_1('footnote_plugin_tooltip_41229_1_8');\"><a id=\"footnote_plugin_reference_41229_1_8\" class=\"footnote_backlink\"><span class=\"footnote_index_arrow\">&#8593;<\/span>8<\/a><\/th> <td class=\"footnote_plugin_text\">Salford LG, Brun AE, Eberhardt JL, Malmgren L, Persson BR. Environ Health Perspect (2003): Nerve cell damage in mammalian brain after exposure to microwaves from GSM mobile phones. med.\/bio.<\/td><\/tr>\r\n\r\n<tr class=\"footnotes_plugin_reference_row\"> <th scope=\"row\" class=\"footnote_plugin_index_combi pointer\"  onclick=\"footnote_moveToAnchor_41229_1('footnote_plugin_tooltip_41229_1_9');\"><a id=\"footnote_plugin_reference_41229_1_9\" class=\"footnote_backlink\"><span class=\"footnote_index_arrow\">&#8593;<\/span>9<\/a><\/th> <td class=\"footnote_plugin_text\">Cordelli E, Ardoino L, Benassi B, Consales C, Eleuteri P, Marino C, Sciortino M, Villani P, Brinkworth MH, Chen G, McNamee JP, Wood AW, Belackova L, Verbeek J, Pacchierotti F (2024): Effects of radiofrequency electromagnetic field (RF-EMF) exposure on male fertility: A systematic review of experimental studies on non-human mammals and human sperm in vitro. Environment International, 185, 108509<\/td><\/tr>\r\n\r\n<tr class=\"footnotes_plugin_reference_row\"> <th scope=\"row\" class=\"footnote_plugin_index_combi pointer\"  onclick=\"footnote_moveToAnchor_41229_1('footnote_plugin_tooltip_41229_1_10');\"><a id=\"footnote_plugin_reference_41229_1_10\" class=\"footnote_backlink\"><span class=\"footnote_index_arrow\">&#8593;<\/span>10<\/a><\/th> <td class=\"footnote_plugin_text\">Pall (2018): 5G: Great risk for EU, U.S. and International Health! Compelling Evidence for Eight Distinct Types of Great Harm Caused by Electromagnetic Field (EMF) Exposures and the Mechanism that Causes Them, Written and Compiled by Martin L. Pall, PhD Yakymenko, I., Tsybulin, O., Sidorik, E., Henshel, D., Kyrylenko, O., &amp; Kyrylenko, S. (2016). Oxidative mechanisms of biological activity of low-intensity radiofrequency radiation. Electromagnetic biology and medicine, 35(2), 186-202.<\/td><\/tr>\r\n\r\n<tr class=\"footnotes_plugin_reference_row\"> <th scope=\"row\" class=\"footnote_plugin_index_combi pointer\"  onclick=\"footnote_moveToAnchor_41229_1('footnote_plugin_tooltip_41229_1_11');\"><a id=\"footnote_plugin_reference_41229_1_11\" class=\"footnote_backlink\"><span class=\"footnote_index_arrow\">&#8593;<\/span>11<\/a><\/th> <td class=\"footnote_plugin_text\">An overview of non-thermal effects can be found here, for example: Diagnose-funk (2024): \u00dcBERBLICK f\u00fcr den Durchblick \u2013 Stand der Forschung Mobilfunkstrahlung. 29.08.2024 <a href=\"https:\/\/www.diagnose-funk.org\/aktuelles\/artikel-archiv\/detail&amp;newsid=2090\" target=\"_blank\" rel=\"noopener\"><span class=\"footnote_url_wrap\">https:\/\/www.diagnose-funk.org\/aktuelles\/artikel-archiv\/detail&amp;newsid=2090<\/span><\/a>Kompetenzinitiative (2024): ATHEM-3: Indikatoren f\u00fcr Gesundheitsrisiken in Bezug auf station\u00e4re Mobilfunk-Sender <a href=\"https:\/\/kompetenzinitiative.com\/athem-3-indikatoren-fuer-gesundheitsrisiken-in-bezug-auf-stationaere-mobilfunk-sender\/\" target=\"_blank\" rel=\"noopener\"><span class=\"footnote_url_wrap\">https:\/\/kompetenzinitiative.com\/athem-3-indikatoren-fuer-gesundheitsrisiken-in-bezug-auf-stationaere-mobilfunk-sender\/<\/span><\/a><\/td><\/tr>\r\n\r\n<tr class=\"footnotes_plugin_reference_row\"> <th scope=\"row\" class=\"footnote_plugin_index_combi pointer\"  onclick=\"footnote_moveToAnchor_41229_1('footnote_plugin_tooltip_41229_1_12');\"><a id=\"footnote_plugin_reference_41229_1_12\" class=\"footnote_backlink\"><span class=\"footnote_index_arrow\">&#8593;<\/span>12<\/a><\/th> <td class=\"footnote_plugin_text\">Balmori, A. (2022). Evidence for a health risk by RF on humans living around mobile phone base stations: From radiofrequency sickness to cancer. Environmental Research, 214, 113851.<\/td><\/tr>\r\n\r\n<tr class=\"footnotes_plugin_reference_row\"> <th scope=\"row\" class=\"footnote_plugin_index_combi pointer\"  onclick=\"footnote_moveToAnchor_41229_1('footnote_plugin_tooltip_41229_1_13');\"><a id=\"footnote_plugin_reference_41229_1_13\" class=\"footnote_backlink\"><span class=\"footnote_index_arrow\">&#8593;<\/span>13<\/a><\/th> <td class=\"footnote_plugin_text\">Falcioni, L., Bua, L., Tibaldi, E., Lauriola, M., De Angelis, L., Gnudi, F., &#8230; &amp; Belpoggi, F. (2018). Report of final results regarding brain and heart tumors in Sprague-Dawley rats exposed from prenatal life until natural death to mobile phone radiofrequency field representative of a 1.8 GHz GSM base station environmental emission. Environmental research, 165, 496-503. <\/td><\/tr>\r\n\r\n<tr class=\"footnotes_plugin_reference_row\"> <th scope=\"row\" class=\"footnote_plugin_index_combi pointer\"  onclick=\"footnote_moveToAnchor_41229_1('footnote_plugin_tooltip_41229_1_14');\"><a id=\"footnote_plugin_reference_41229_1_14\" class=\"footnote_backlink\"><span class=\"footnote_index_arrow\">&#8593;<\/span>14<\/a><\/th> <td class=\"footnote_plugin_text\">National Toxicology Program (2024): Cell Phone Radio Frequency Radiation \u2013 Research Overview. US Department of Health and Human Services. <span style=\"font-size: 14.4px;\"><a href=\"https:\/\/ntp.niehs.nih.gov\/whatwestudy\/topics\/cellphones\" target=\"_blank\" rel=\"noopener\"><span class=\"footnote_url_wrap\">https:\/\/ntp.niehs.nih.gov\/whatwestudy\/topics\/cellphones<\/span><\/a><\/td><\/tr>\r\n\r\n<tr class=\"footnotes_plugin_reference_row\"> <th scope=\"row\" class=\"footnote_plugin_index_combi pointer\"  onclick=\"footnote_moveToAnchor_41229_1('footnote_plugin_tooltip_41229_1_15');\"><a id=\"footnote_plugin_reference_41229_1_15\" class=\"footnote_backlink\"><span class=\"footnote_index_arrow\">&#8593;<\/span>15<\/a><\/th> <td class=\"footnote_plugin_text\">Electromagnetic Radiation Safety (2024): Health Hazards of Wireless Technologies: What do we know now? A webinar by Dr. Joel Moskowitz, 25.09.2024. <span style=\"font-size: 14.4px;\"><a href=\"https:\/\/www.saferemr.com\/2024\/\" target=\"_blank\" rel=\"noopener\"><span class=\"footnote_url_wrap\">https:\/\/www.saferemr.com\/2024\/<\/span><\/a><\/td><\/tr>\r\n\r\n<tr class=\"footnotes_plugin_reference_row\"> <th scope=\"row\" class=\"footnote_plugin_index_combi pointer\"  onclick=\"footnote_moveToAnchor_41229_1('footnote_plugin_tooltip_41229_1_16');\"><a id=\"footnote_plugin_reference_41229_1_16\" class=\"footnote_backlink\"><span class=\"footnote_index_arrow\">&#8593;<\/span>16<\/a><\/th> <td class=\"footnote_plugin_text\">Philips, A., Henshaw, D. L., Lamburn, G., &amp; O\u2019Carroll, M. J. (2018). Brain tumours: rise in glioblastoma multiforme incidence in England 1995\u20132015 suggests an adverse environmental or lifestyle factor. Journal of environmental and public health, 2018(1), 7910754<\/td><\/tr>\r\n\r\n<tr class=\"footnotes_plugin_reference_row\"> <th scope=\"row\" class=\"footnote_plugin_index_combi pointer\"  onclick=\"footnote_moveToAnchor_41229_1('footnote_plugin_tooltip_41229_1_17');\"><a id=\"footnote_plugin_reference_41229_1_17\" class=\"footnote_backlink\"><span class=\"footnote_index_arrow\">&#8593;<\/span>17<\/a><\/th> <td class=\"footnote_plugin_text\"> GEO (2024): Welche gravierenden Auswirkungen Smartphones auf das menschliche Gehirn haben. 12.04.2024.<a href=\"https:\/\/www.geo.de\/wissen\/gesundheit\/gravierende-auswirkungen--so-veraendert-das-smartphone-unser-gehirn-34598530.html\" target=\"_blank\" rel=\"noopener\"><span class=\"footnote_url_wrap\">https:\/\/www.geo.de\/wissen\/gesundheit\/gravierende-auswirkungen&#8211;so-veraendert-das-smartphone-unser-gehirn-34598530.html<\/span><\/a><\/td><\/tr>\r\n\r\n <\/tbody> <\/table> <\/div><\/div><script type=\"text\/javascript\"> function footnote_expand_reference_container_41229_1() { jQuery('#footnote_references_container_41229_1').show(); jQuery('#footnote_reference_container_collapse_button_41229_1').text('\u2212'); } function footnote_collapse_reference_container_41229_1() { jQuery('#footnote_references_container_41229_1').hide(); jQuery('#footnote_reference_container_collapse_button_41229_1').text('+'); } function footnote_expand_collapse_reference_container_41229_1() { if (jQuery('#footnote_references_container_41229_1').is(':hidden')) { footnote_expand_reference_container_41229_1(); } else { footnote_collapse_reference_container_41229_1(); } } function footnote_moveToReference_41229_1(p_str_TargetID) { footnote_expand_reference_container_41229_1(); var l_obj_Target = jQuery('#' + p_str_TargetID); if (l_obj_Target.length) { jQuery( 'html, body' ).delay( 0 ); jQuery('html, body').animate({ scrollTop: l_obj_Target.offset().top - window.innerHeight * 0.2 }, 380); } } function footnote_moveToAnchor_41229_1(p_str_TargetID) { footnote_expand_reference_container_41229_1(); var l_obj_Target = jQuery('#' + p_str_TargetID); if (l_obj_Target.length) { jQuery( 'html, body' ).delay( 0 ); jQuery('html, body').animate({ scrollTop: l_obj_Target.offset().top - window.innerHeight * 0.2 }, 380); } }<\/script>","protected":false},"excerpt":{"rendered":"En el 2011 la radiaci\u00f3n de la telefon\u00eda m\u00f3vil fue clasificada como \u2018posiblemente carcin\u00f3gena\u2019 (nivel 2B) por la Agencia Internacional para la Investigaci\u00f3n del C\u00e1ncer (IARC), que forma parte de la Organizaci\u00f3n Mundial de la Salud (OMS). Esta clasificaci\u00f3n desde entonces ha sido una espina para la industria de la telefon\u00eda m\u00f3vil, que est\u00e1 tratando [&hellip;]","protected":false},"author":11,"featured_media":0,"comment_status":"closed","ping_status":"closed","sticky":false,"template":"","format":"standard","meta":{"_acf_changed":false,"ngg_post_thumbnail":0,"footnotes":""},"categories":[525,174],"tags":[],"class_list":["post-41229","post","type-post","status-publish","format-standard","hentry","category-efectos-y-perjuicios","category-microondas-y-comunicaciones-moviles","wpautop"],"acf":[],"yoast_head":"<!-- This site is optimized with the Yoast SEO plugin v27.5 - https:\/\/yoast.com\/product\/yoast-seo-wordpress\/ -->\n<title>La radiaci\u00f3n de la telefon\u00eda m\u00f3vil: \u00a1Es da\u00f1ina despu\u00e9s de todo! - The World Foundation for Natural Science<\/title>\n<meta name=\"robots\" content=\"index, follow, max-snippet:-1, max-image-preview:large, max-video-preview:-1\" \/>\n<link rel=\"canonical\" href=\"https:\/\/www.naturalscience.org\/es\/news\/2024\/10\/la-radiacion-de-la-telefonia-movil-es-danina-despues-de-todo\/\" \/>\n<meta name=\"twitter:label1\" content=\"Escrito por\" \/>\n\t<meta name=\"twitter:data1\" content=\"Monika Waldmann\" \/>\n\t<meta name=\"twitter:label2\" content=\"Tiempo de lectura\" \/>\n\t<meta name=\"twitter:data2\" content=\"11 minutos\" \/>\n<script type=\"application\/ld+json\" class=\"yoast-schema-graph\">{\"@context\":\"https:\\\/\\\/schema.org\",\"@graph\":[{\"@type\":\"Article\",\"@id\":\"https:\\\/\\\/www.naturalscience.org\\\/es\\\/news\\\/2024\\\/10\\\/la-radiacion-de-la-telefonia-movil-es-danina-despues-de-todo\\\/#article\",\"isPartOf\":{\"@id\":\"https:\\\/\\\/www.naturalscience.org\\\/es\\\/news\\\/2024\\\/10\\\/la-radiacion-de-la-telefonia-movil-es-danina-despues-de-todo\\\/\"},\"author\":{\"name\":\"Monika Waldmann\",\"@id\":\"https:\\\/\\\/www.naturalscience.org\\\/#\\\/schema\\\/person\\\/f3e16bb7057b29f8593016bf70a42022\"},\"headline\":\"La radiaci\u00f3n de la telefon\u00eda m\u00f3vil:&nbsp;\u00a1Es da\u00f1ina despu\u00e9s de todo!\",\"datePublished\":\"2024-10-22T09:16:23+00:00\",\"dateModified\":\"2024-10-22T13:00:03+00:00\",\"mainEntityOfPage\":{\"@id\":\"https:\\\/\\\/www.naturalscience.org\\\/es\\\/news\\\/2024\\\/10\\\/la-radiacion-de-la-telefonia-movil-es-danina-despues-de-todo\\\/\"},\"wordCount\":2643,\"image\":{\"@id\":\"https:\\\/\\\/www.naturalscience.org\\\/es\\\/news\\\/2024\\\/10\\\/la-radiacion-de-la-telefonia-movil-es-danina-despues-de-todo\\\/#primaryimage\"},\"thumbnailUrl\":\"https:\\\/\\\/www.naturalscience.org\\\/wp-content\\\/uploads\\\/2024\\\/10\\\/AdobeStock_288322225-SMALL-300x200.jpeg\",\"articleSection\":[\"Efectos y perjuicios\",\"Microondas y Comunicaciones m\u00f3viles\"],\"inLanguage\":\"es\"},{\"@type\":\"WebPage\",\"@id\":\"https:\\\/\\\/www.naturalscience.org\\\/es\\\/news\\\/2024\\\/10\\\/la-radiacion-de-la-telefonia-movil-es-danina-despues-de-todo\\\/\",\"url\":\"https:\\\/\\\/www.naturalscience.org\\\/es\\\/news\\\/2024\\\/10\\\/la-radiacion-de-la-telefonia-movil-es-danina-despues-de-todo\\\/\",\"name\":\"La radiaci\u00f3n de la telefon\u00eda m\u00f3vil: \u00a1Es da\u00f1ina despu\u00e9s de todo! - The World Foundation for Natural Science\",\"isPartOf\":{\"@id\":\"https:\\\/\\\/www.naturalscience.org\\\/#website\"},\"primaryImageOfPage\":{\"@id\":\"https:\\\/\\\/www.naturalscience.org\\\/es\\\/news\\\/2024\\\/10\\\/la-radiacion-de-la-telefonia-movil-es-danina-despues-de-todo\\\/#primaryimage\"},\"image\":{\"@id\":\"https:\\\/\\\/www.naturalscience.org\\\/es\\\/news\\\/2024\\\/10\\\/la-radiacion-de-la-telefonia-movil-es-danina-despues-de-todo\\\/#primaryimage\"},\"thumbnailUrl\":\"https:\\\/\\\/www.naturalscience.org\\\/wp-content\\\/uploads\\\/2024\\\/10\\\/AdobeStock_288322225-SMALL-300x200.jpeg\",\"datePublished\":\"2024-10-22T09:16:23+00:00\",\"dateModified\":\"2024-10-22T13:00:03+00:00\",\"author\":{\"@id\":\"https:\\\/\\\/www.naturalscience.org\\\/#\\\/schema\\\/person\\\/f3e16bb7057b29f8593016bf70a42022\"},\"breadcrumb\":{\"@id\":\"https:\\\/\\\/www.naturalscience.org\\\/es\\\/news\\\/2024\\\/10\\\/la-radiacion-de-la-telefonia-movil-es-danina-despues-de-todo\\\/#breadcrumb\"},\"inLanguage\":\"es\",\"potentialAction\":[{\"@type\":\"ReadAction\",\"target\":[\"https:\\\/\\\/www.naturalscience.org\\\/es\\\/news\\\/2024\\\/10\\\/la-radiacion-de-la-telefonia-movil-es-danina-despues-de-todo\\\/\"]}]},{\"@type\":\"ImageObject\",\"inLanguage\":\"es\",\"@id\":\"https:\\\/\\\/www.naturalscience.org\\\/es\\\/news\\\/2024\\\/10\\\/la-radiacion-de-la-telefonia-movil-es-danina-despues-de-todo\\\/#primaryimage\",\"url\":\"https:\\\/\\\/www.naturalscience.org\\\/wp-content\\\/uploads\\\/2024\\\/10\\\/AdobeStock_288322225-SMALL-300x200.jpeg\",\"contentUrl\":\"https:\\\/\\\/www.naturalscience.org\\\/wp-content\\\/uploads\\\/2024\\\/10\\\/AdobeStock_288322225-SMALL-300x200.jpeg\"},{\"@type\":\"BreadcrumbList\",\"@id\":\"https:\\\/\\\/www.naturalscience.org\\\/es\\\/news\\\/2024\\\/10\\\/la-radiacion-de-la-telefonia-movil-es-danina-despues-de-todo\\\/#breadcrumb\",\"itemListElement\":[{\"@type\":\"ListItem\",\"position\":1,\"name\":\"Home\",\"item\":\"https:\\\/\\\/www.naturalscience.org\\\/es\\\/\"},{\"@type\":\"ListItem\",\"position\":2,\"name\":\"La radiaci\u00f3n de la telefon\u00eda m\u00f3vil:&nbsp;\u00a1Es da\u00f1ina despu\u00e9s de todo!\"}]},{\"@type\":\"WebSite\",\"@id\":\"https:\\\/\\\/www.naturalscience.org\\\/#website\",\"url\":\"https:\\\/\\\/www.naturalscience.org\\\/\",\"name\":\"The World Foundation for Natural Science\",\"description\":\"Restoring and Healing the World through Responsibility and Commitment in accord with Natural and Divine Law!\",\"potentialAction\":[{\"@type\":\"SearchAction\",\"target\":{\"@type\":\"EntryPoint\",\"urlTemplate\":\"https:\\\/\\\/www.naturalscience.org\\\/?s={search_term_string}\"},\"query-input\":{\"@type\":\"PropertyValueSpecification\",\"valueRequired\":true,\"valueName\":\"search_term_string\"}}],\"inLanguage\":\"es\"},{\"@type\":\"Person\",\"@id\":\"https:\\\/\\\/www.naturalscience.org\\\/#\\\/schema\\\/person\\\/f3e16bb7057b29f8593016bf70a42022\",\"name\":\"Monika Waldmann\",\"image\":{\"@type\":\"ImageObject\",\"inLanguage\":\"es\",\"@id\":\"https:\\\/\\\/secure.gravatar.com\\\/avatar\\\/54dfb6ad0fbcf54c252c37d8d2c1a44e41b462185db44d9c8124801f3b41b6ec?s=96&d=mm&r=g\",\"url\":\"https:\\\/\\\/secure.gravatar.com\\\/avatar\\\/54dfb6ad0fbcf54c252c37d8d2c1a44e41b462185db44d9c8124801f3b41b6ec?s=96&d=mm&r=g\",\"contentUrl\":\"https:\\\/\\\/secure.gravatar.com\\\/avatar\\\/54dfb6ad0fbcf54c252c37d8d2c1a44e41b462185db44d9c8124801f3b41b6ec?s=96&d=mm&r=g\",\"caption\":\"Monika Waldmann\"}}]}<\/script>\n<!-- \/ Yoast SEO plugin. -->","yoast_head_json":{"title":"La radiaci\u00f3n de la telefon\u00eda m\u00f3vil: \u00a1Es da\u00f1ina despu\u00e9s de todo! - The World Foundation for Natural Science","robots":{"index":"index","follow":"follow","max-snippet":"max-snippet:-1","max-image-preview":"max-image-preview:large","max-video-preview":"max-video-preview:-1"},"canonical":"https:\/\/www.naturalscience.org\/es\/news\/2024\/10\/la-radiacion-de-la-telefonia-movil-es-danina-despues-de-todo\/","twitter_misc":{"Escrito por":"Monika Waldmann","Tiempo de lectura":"11 minutos"},"schema":{"@context":"https:\/\/schema.org","@graph":[{"@type":"Article","@id":"https:\/\/www.naturalscience.org\/es\/news\/2024\/10\/la-radiacion-de-la-telefonia-movil-es-danina-despues-de-todo\/#article","isPartOf":{"@id":"https:\/\/www.naturalscience.org\/es\/news\/2024\/10\/la-radiacion-de-la-telefonia-movil-es-danina-despues-de-todo\/"},"author":{"name":"Monika Waldmann","@id":"https:\/\/www.naturalscience.org\/#\/schema\/person\/f3e16bb7057b29f8593016bf70a42022"},"headline":"La radiaci\u00f3n de la telefon\u00eda m\u00f3vil:&nbsp;\u00a1Es da\u00f1ina despu\u00e9s de todo!","datePublished":"2024-10-22T09:16:23+00:00","dateModified":"2024-10-22T13:00:03+00:00","mainEntityOfPage":{"@id":"https:\/\/www.naturalscience.org\/es\/news\/2024\/10\/la-radiacion-de-la-telefonia-movil-es-danina-despues-de-todo\/"},"wordCount":2643,"image":{"@id":"https:\/\/www.naturalscience.org\/es\/news\/2024\/10\/la-radiacion-de-la-telefonia-movil-es-danina-despues-de-todo\/#primaryimage"},"thumbnailUrl":"https:\/\/www.naturalscience.org\/wp-content\/uploads\/2024\/10\/AdobeStock_288322225-SMALL-300x200.jpeg","articleSection":["Efectos y perjuicios","Microondas y Comunicaciones m\u00f3viles"],"inLanguage":"es"},{"@type":"WebPage","@id":"https:\/\/www.naturalscience.org\/es\/news\/2024\/10\/la-radiacion-de-la-telefonia-movil-es-danina-despues-de-todo\/","url":"https:\/\/www.naturalscience.org\/es\/news\/2024\/10\/la-radiacion-de-la-telefonia-movil-es-danina-despues-de-todo\/","name":"La radiaci\u00f3n de la telefon\u00eda m\u00f3vil: \u00a1Es da\u00f1ina despu\u00e9s de todo! - The World Foundation for Natural Science","isPartOf":{"@id":"https:\/\/www.naturalscience.org\/#website"},"primaryImageOfPage":{"@id":"https:\/\/www.naturalscience.org\/es\/news\/2024\/10\/la-radiacion-de-la-telefonia-movil-es-danina-despues-de-todo\/#primaryimage"},"image":{"@id":"https:\/\/www.naturalscience.org\/es\/news\/2024\/10\/la-radiacion-de-la-telefonia-movil-es-danina-despues-de-todo\/#primaryimage"},"thumbnailUrl":"https:\/\/www.naturalscience.org\/wp-content\/uploads\/2024\/10\/AdobeStock_288322225-SMALL-300x200.jpeg","datePublished":"2024-10-22T09:16:23+00:00","dateModified":"2024-10-22T13:00:03+00:00","author":{"@id":"https:\/\/www.naturalscience.org\/#\/schema\/person\/f3e16bb7057b29f8593016bf70a42022"},"breadcrumb":{"@id":"https:\/\/www.naturalscience.org\/es\/news\/2024\/10\/la-radiacion-de-la-telefonia-movil-es-danina-despues-de-todo\/#breadcrumb"},"inLanguage":"es","potentialAction":[{"@type":"ReadAction","target":["https:\/\/www.naturalscience.org\/es\/news\/2024\/10\/la-radiacion-de-la-telefonia-movil-es-danina-despues-de-todo\/"]}]},{"@type":"ImageObject","inLanguage":"es","@id":"https:\/\/www.naturalscience.org\/es\/news\/2024\/10\/la-radiacion-de-la-telefonia-movil-es-danina-despues-de-todo\/#primaryimage","url":"https:\/\/www.naturalscience.org\/wp-content\/uploads\/2024\/10\/AdobeStock_288322225-SMALL-300x200.jpeg","contentUrl":"https:\/\/www.naturalscience.org\/wp-content\/uploads\/2024\/10\/AdobeStock_288322225-SMALL-300x200.jpeg"},{"@type":"BreadcrumbList","@id":"https:\/\/www.naturalscience.org\/es\/news\/2024\/10\/la-radiacion-de-la-telefonia-movil-es-danina-despues-de-todo\/#breadcrumb","itemListElement":[{"@type":"ListItem","position":1,"name":"Home","item":"https:\/\/www.naturalscience.org\/es\/"},{"@type":"ListItem","position":2,"name":"La radiaci\u00f3n de la telefon\u00eda m\u00f3vil:&nbsp;\u00a1Es da\u00f1ina despu\u00e9s de todo!"}]},{"@type":"WebSite","@id":"https:\/\/www.naturalscience.org\/#website","url":"https:\/\/www.naturalscience.org\/","name":"The World Foundation for Natural Science","description":"Restoring and Healing the World through Responsibility and Commitment in accord with Natural and Divine Law!","potentialAction":[{"@type":"SearchAction","target":{"@type":"EntryPoint","urlTemplate":"https:\/\/www.naturalscience.org\/?s={search_term_string}"},"query-input":{"@type":"PropertyValueSpecification","valueRequired":true,"valueName":"search_term_string"}}],"inLanguage":"es"},{"@type":"Person","@id":"https:\/\/www.naturalscience.org\/#\/schema\/person\/f3e16bb7057b29f8593016bf70a42022","name":"Monika Waldmann","image":{"@type":"ImageObject","inLanguage":"es","@id":"https:\/\/secure.gravatar.com\/avatar\/54dfb6ad0fbcf54c252c37d8d2c1a44e41b462185db44d9c8124801f3b41b6ec?s=96&d=mm&r=g","url":"https:\/\/secure.gravatar.com\/avatar\/54dfb6ad0fbcf54c252c37d8d2c1a44e41b462185db44d9c8124801f3b41b6ec?s=96&d=mm&r=g","contentUrl":"https:\/\/secure.gravatar.com\/avatar\/54dfb6ad0fbcf54c252c37d8d2c1a44e41b462185db44d9c8124801f3b41b6ec?s=96&d=mm&r=g","caption":"Monika Waldmann"}}]}},"_links":{"self":[{"href":"https:\/\/www.naturalscience.org\/es\/wp-json\/wp\/v2\/posts\/41229","targetHints":{"allow":["GET"]}}],"collection":[{"href":"https:\/\/www.naturalscience.org\/es\/wp-json\/wp\/v2\/posts"}],"about":[{"href":"https:\/\/www.naturalscience.org\/es\/wp-json\/wp\/v2\/types\/post"}],"author":[{"embeddable":true,"href":"https:\/\/www.naturalscience.org\/es\/wp-json\/wp\/v2\/users\/11"}],"replies":[{"embeddable":true,"href":"https:\/\/www.naturalscience.org\/es\/wp-json\/wp\/v2\/comments?post=41229"}],"version-history":[{"count":3,"href":"https:\/\/www.naturalscience.org\/es\/wp-json\/wp\/v2\/posts\/41229\/revisions"}],"predecessor-version":[{"id":41241,"href":"https:\/\/www.naturalscience.org\/es\/wp-json\/wp\/v2\/posts\/41229\/revisions\/41241"}],"wp:attachment":[{"href":"https:\/\/www.naturalscience.org\/es\/wp-json\/wp\/v2\/media?parent=41229"}],"wp:term":[{"taxonomy":"category","embeddable":true,"href":"https:\/\/www.naturalscience.org\/es\/wp-json\/wp\/v2\/categories?post=41229"},{"taxonomy":"post_tag","embeddable":true,"href":"https:\/\/www.naturalscience.org\/es\/wp-json\/wp\/v2\/tags?post=41229"}],"curies":[{"name":"wp","href":"https:\/\/api.w.org\/{rel}","templated":true}]}}