{"id":39384,"date":"2023-06-06T09:17:34","date_gmt":"2023-06-06T07:17:34","guid":{"rendered":"https:\/\/www.naturalscience.org\/?p=39384"},"modified":"2024-07-16T14:46:01","modified_gmt":"2024-07-16T12:46:01","slug":"el-dia-mundial-de-los-oceanos-somos-responsables-por-nuestras-criaturas-companeras-en-los-oceanos","status":"publish","type":"post","link":"https:\/\/www.naturalscience.org\/es\/news\/2023\/06\/el-dia-mundial-de-los-oceanos-somos-responsables-por-nuestras-criaturas-companeras-en-los-oceanos\/","title":{"rendered":"El D\u00eda Mundial de los Oc\u00e9anos:&nbsp;\u00a1Somos responsables por nuestras criaturas compa\u00f1eras en los oc\u00e9anos!"},"content":{"rendered":"<p>Los oc\u00e9anos son la cuna de la vida y son el mayor h\u00e1bitat de biodiversidad en nuestro planeta. Se conocen alrededor de 23.000 especies ,&nbsp;\u00a1pero los cient\u00edficos estiman que hasta 10 millones de especies podr\u00edan vivir en los oc\u00e9anos!<span class=\"footnote_referrer\"><a role=\"button\" tabindex=\"0\" onclick=\"footnote_moveToReference_39384_1('footnote_plugin_reference_39384_1_1');\" onkeypress=\"footnote_moveToReference_39384_1('footnote_plugin_reference_39384_1_1');\" ><sup id=\"footnote_plugin_tooltip_39384_1_1\" class=\"footnote_plugin_tooltip_text\">1)<\/sup><\/a><span id=\"footnote_plugin_tooltip_text_39384_1_1\" class=\"footnote_tooltip\">2010 Professor Pedro Mart\u00ednez, Director of the Senckenberg Research Institute by the Sea (Wilhelmshaven) &amp; <a href=\"https:\/\/ocean.si.edu\/ecosystems\/census-marine-life\" target=\"_blank\" rel=\"noopener\"><span class=\"footnote_url_wrap\">https:\/\/ocean.si.edu\/ecosystems\/census-marine-life<\/span><\/a><\/span><\/span><script type=\"text\/javascript\"> jQuery('#footnote_plugin_tooltip_39384_1_1').tooltip({ tip: '#footnote_plugin_tooltip_text_39384_1_1', tipClass: 'footnote_tooltip', effect: 'fade', predelay: 0, fadeInSpeed: 200, delay: 400, fadeOutSpeed: 200, position: 'top right', relative: true, offset: [10, 10], });<\/script> (En comparaci\u00f3n, cerca de 1.4 millones de especies viven en la superficie de la tierra.) Aunque la Tierra es un \u201cplaneta de agua\u201d las profundidades de los oc\u00e9anos son las regiones menos exploradas. Inclusive conocemos m\u00e1s sobre la luna que de las profundidades del mar&#8230;<\/p>\n<p><img loading=\"lazy\" decoding=\"async\" class=\"size-medium wp-image-39356 alignleft\" src=\"https:\/\/www.naturalscience.org\/wp-content\/uploads\/2023\/05\/AdobeStock_422944526_CUT-300x200.jpg\" alt=\"\" width=\"300\" height=\"200\" srcset=\"https:\/\/www.naturalscience.org\/wp-content\/uploads\/2023\/05\/AdobeStock_422944526_CUT-300x200.jpg 300w, https:\/\/www.naturalscience.org\/wp-content\/uploads\/2023\/05\/AdobeStock_422944526_CUT-768x512.jpg 768w, https:\/\/www.naturalscience.org\/wp-content\/uploads\/2023\/05\/AdobeStock_422944526_CUT-164x109.jpg 164w, https:\/\/www.naturalscience.org\/wp-content\/uploads\/2023\/05\/AdobeStock_422944526_CUT-400x267.jpg 400w, https:\/\/www.naturalscience.org\/wp-content\/uploads\/2023\/05\/AdobeStock_422944526_CUT-500x334.jpg 500w, https:\/\/www.naturalscience.org\/wp-content\/uploads\/2023\/05\/AdobeStock_422944526_CUT.jpg 1000w\" sizes=\"auto, (max-width: 300px) 100vw, 300px\" \/>Una de las criaturas fascinantes de la profundidad del mar es el pulpo. Estos animales muy especiales son altamente inteligentes, casi tanto como los perros, y esto a pesar de que los pulpos no poseen un sistema nervioso central y todas sus neuronas est\u00e1n distribuidas en todo su cuerpo, de las cuales las dos terceras partes est\u00e1n en sus extremidades.<span class=\"footnote_referrer\"><a role=\"button\" tabindex=\"0\" onclick=\"footnote_moveToReference_39384_1('footnote_plugin_reference_39384_1_2');\" onkeypress=\"footnote_moveToReference_39384_1('footnote_plugin_reference_39384_1_2');\" ><sup id=\"footnote_plugin_tooltip_39384_1_2\" class=\"footnote_plugin_tooltip_text\">2)<\/sup><\/a><span id=\"footnote_plugin_tooltip_text_39384_1_2\" class=\"footnote_tooltip\"><a href=\"https:\/\/www.costanachrichten.com\/spanien\/politik-wirtschaft\/oktopus-farm-zucht-gran-canaria-proteste-kritik-spanien-nueva-pescanova-tierquaelerei-92149660.html\" target=\"_blank\" rel=\"noopener\"><span class=\"footnote_url_wrap\">https:\/\/www.costanachrichten.com\/spanien\/politik-wirtschaft\/oktopus-farm-zucht-gran-canaria-proteste-kritik-spanien-nueva-pescanova-tierquaelerei-92149660.html<\/span><\/a>, <a href=\"https:\/\/www.derstandard.de\/consent\/tcf\/story\/2000145076845\/verblueffende-erkenntnisse-zur-intelligenz-von-tieren-werfen-ethische-fragen-auf\" target=\"_blank\" rel=\"noopener\"><span class=\"footnote_url_wrap\">https:\/\/www.derstandard.de\/consent\/tcf\/story\/2000145076845\/verblueffende-erkenntnisse-zur-intelligenz-von-tieren-werfen-ethische-fragen-auf<\/span><\/a> ,<a href=\"https:\/\/www.nzz.ch\/panorama\/tod-durch-erfrieren-so-geht-die-massenzucht-von-tintenfischen-ld.1733985?reduced=true\" target=\"_blank\" rel=\"noopener\"><span class=\"footnote_url_wrap\">https:\/\/www.nzz.ch\/panorama\/tod-durch-erfrieren-so-geht-die-massenzucht-von-tintenfischen-ld.1733985?reduced=true<\/span><\/a>,&nbsp;<a href=\"https:\/\/www.nationalgeographic.de\/tiere\/2022\/07\/weltweit-erste-oktopus-farm-loest-tierschutz-debatte-aus\" target=\"_blank\" rel=\"noopener\"><span class=\"footnote_url_wrap\">https:\/\/www.nationalgeographic.de\/tiere\/2022\/07\/weltweit-erste-oktopus-farm-loest-tierschutz-debatte-aus<\/span><\/a>, <a href=\"https:\/\/www.peta.de\/themen\/oktopus\/\" target=\"_blank\" rel=\"noopener\"><span class=\"footnote_url_wrap\">https:\/\/www.peta.de\/themen\/oktopus\/<\/span><\/a>,&nbsp;<a href=\"https:\/\/www.theguardian.com\/environment\/2022\/mar\/11\/my-octopus-eater-critics-say-plans-for-farm-are-unethical-and-unsustainable\" target=\"_blank\" rel=\"noopener\"><span class=\"footnote_url_wrap\">https:\/\/www.theguardian.com\/environment\/2022\/mar\/11\/my-octopus-eater-critics-say-plans-for-farm-are-unethical-and-unsustainable<\/span><\/a><\/span><\/span><script type=\"text\/javascript\"> jQuery('#footnote_plugin_tooltip_39384_1_2').tooltip({ tip: '#footnote_plugin_tooltip_text_39384_1_2', tipClass: 'footnote_tooltip', effect: 'fade', predelay: 0, fadeInSpeed: 200, delay: 400, fadeOutSpeed: 200, position: 'top right', relative: true, offset: [10, 10], });<\/script> Los pulpos poseen considerables habilidades cognitivas y poseen una memoria a corto y largo plazo. Aprenden por observaci\u00f3n, act\u00faan con previsi\u00f3n, usan herramientas, pueden distinguir los rostros humanos. Incluso pueden escapar de tarros con tapa rosca, encuentran la salida de complejos laberintos y lanzan barro y conchas a sus semejantes.&nbsp;\u00a1Esto puede incluso mostrar un sentido del humor&#8230;! M\u00e1s de 300 estudios cient\u00edficos han demostrado que los pulpos son seres que sienten capaces de sentir dolor y placer.<\/p>\n<p>En el pasado, hab\u00eda tal abundancia de pulpos frente a las costas de Espa\u00f1a, por ejemplo, que eran una comida para los pobres. Hoy se est\u00e1n convirtiendo en una especialidad popular y lucrativa. Las especies m\u00e1s populares provienen del oc\u00e9ano Atl\u00e1ntico que cuestan entre 17 a 30 euros el kilo en el mercado de pescado o en el supermercado. A nivel mundial, 350.000 toneladas de pulpo son capturados actualmente, pero probablemente existe tambi\u00e9n una cantidad considerable de captura sin ser comunicada.<span class=\"footnote_referrer\"><a role=\"button\" tabindex=\"0\" onclick=\"footnote_moveToReference_39384_1('footnote_plugin_reference_39384_1_3');\" onkeypress=\"footnote_moveToReference_39384_1('footnote_plugin_reference_39384_1_3');\" ><sup id=\"footnote_plugin_tooltip_39384_1_3\" class=\"footnote_plugin_tooltip_text\">3)<\/sup><\/a><span id=\"footnote_plugin_tooltip_text_39384_1_3\" class=\"footnote_tooltip\"><a href=\"https:\/\/www.costanachrichten.com\/spanien\/politik-wirtschaft\/oktopus-farm-zucht-gran-canaria-proteste-kritik-spanien-nueva-pescanova-tierquaelerei-92149660.html\" target=\"_blank\" rel=\"noopener\"><span class=\"footnote_url_wrap\">https:\/\/www.costanachrichten.com\/spanien\/politik-wirtschaft\/oktopus-farm-zucht-gran-canaria-proteste-kritik-spanien-nueva-pescanova-tierquaelerei-92149660.html<\/span><\/a><\/span><\/span><script type=\"text\/javascript\"> jQuery('#footnote_plugin_tooltip_39384_1_3').tooltip({ tip: '#footnote_plugin_tooltip_text_39384_1_3', tipClass: 'footnote_tooltip', effect: 'fade', predelay: 0, fadeInSpeed: 200, delay: 400, fadeOutSpeed: 200, position: 'top right', relative: true, offset: [10, 10], });<\/script> Como muchas de las criaturas marinas, los pulpos sufren por el impacto humano tal como la sobre-pesca, la contaminaci\u00f3n de los oc\u00e9anos y la progresiva p\u00e9rdida de su h\u00e1bitat. Su poblaci\u00f3n est\u00e1 por lo tanto en un declive constante como ya es el caso de muchas especies de peces.<\/p>\n<p><img loading=\"lazy\" decoding=\"async\" class=\"wp-image-39437 size-medium alignright\" src=\"https:\/\/www.naturalscience.org\/wp-content\/uploads\/2023\/06\/SQUIDS-300x225.jpg\" alt=\"\" width=\"300\" height=\"225\" srcset=\"https:\/\/www.naturalscience.org\/wp-content\/uploads\/2023\/06\/SQUIDS-300x225.jpg 300w, https:\/\/www.naturalscience.org\/wp-content\/uploads\/2023\/06\/SQUIDS-1024x768.jpg 1024w, https:\/\/www.naturalscience.org\/wp-content\/uploads\/2023\/06\/SQUIDS-768x576.jpg 768w, https:\/\/www.naturalscience.org\/wp-content\/uploads\/2023\/06\/SQUIDS-1536x1152.jpg 1536w, https:\/\/www.naturalscience.org\/wp-content\/uploads\/2023\/06\/SQUIDS-2048x1536.jpg 2048w, https:\/\/www.naturalscience.org\/wp-content\/uploads\/2023\/06\/SQUIDS-164x123.jpg 164w, https:\/\/www.naturalscience.org\/wp-content\/uploads\/2023\/06\/SQUIDS-400x300.jpg 400w, https:\/\/www.naturalscience.org\/wp-content\/uploads\/2023\/06\/SQUIDS-500x375.jpg 500w\" sizes=\"auto, (max-width: 300px) 100vw, 300px\" \/>Pero en vez de arreglar los problemas que han creado y proteger estos maravillosos animales y su h\u00e1bitat, la tendencia actual en este caso desgraciadamente es que va en la direcci\u00f3n equivocada. La empresa Nueva Pescanova quiere inaugurar el primer criadero de pulpos del mundo en Gran Canaria este a\u00f1o. Alrededor de 1 mill\u00f3n de pulpos son criados en unos tanques de agua estrechos y vendidos principalmente en los mercados \u00e9lite de los E.U.A., Corea del Sur y Jap\u00f3n. <span class=\"footnote_referrer\"><a role=\"button\" tabindex=\"0\" onclick=\"footnote_moveToReference_39384_1('footnote_plugin_reference_39384_1_4');\" onkeypress=\"footnote_moveToReference_39384_1('footnote_plugin_reference_39384_1_4');\" ><sup id=\"footnote_plugin_tooltip_39384_1_4\" class=\"footnote_plugin_tooltip_text\">4)<\/sup><\/a><span id=\"footnote_plugin_tooltip_text_39384_1_4\" class=\"footnote_tooltip\"><a href=\"https:\/\/www.costanachrichten.com\/spanien\/politik-wirtschaft\/oktopus-farm-zucht-gran-canaria-proteste-kritik-spanien-nueva-pescanova-tierquaelerei-92149660.html\" target=\"_blank\" rel=\"noopener\"><span class=\"footnote_url_wrap\">https:\/\/www.costanachrichten.com\/spanien\/politik-wirtschaft\/oktopus-farm-zucht-gran-canaria-proteste-kritik-spanien-nueva-pescanova-tierquaelerei-92149660.html<\/span><\/a><\/span><\/span><script type=\"text\/javascript\"> jQuery('#footnote_plugin_tooltip_39384_1_4').tooltip({ tip: '#footnote_plugin_tooltip_text_39384_1_4', tipClass: 'footnote_tooltip', effect: 'fade', predelay: 0, fadeInSpeed: 200, delay: 400, fadeOutSpeed: 200, position: 'top right', relative: true, offset: [10, 10], });<\/script> Los pulpos se comportan en forma territorial y se consideran animales solitarios que les gusta permanecer en la oscuridad. La crianza planeada en tanque con luz permanente con 10-15 animales cada uno con s\u00f3lo un metro c\u00fabico de agua es un martirio para los animales marinos inteligentes. Particularmente es cruel la manera como los animales son sacrificados, lanz\u00e1ndolos a un estanque de agua fr\u00eda con un m\u00ednimo de tres grados. Nueva Pescanova afirma que es un m\u00e9todo suave, indoloro, pero los cient\u00edficos y los activistas de los derechos de los animales alrededor del mundo est\u00e1n en descuerdo con esto.<span class=\"footnote_referrer\"><a role=\"button\" tabindex=\"0\" onclick=\"footnote_moveToReference_39384_1('footnote_plugin_reference_39384_1_5');\" onkeypress=\"footnote_moveToReference_39384_1('footnote_plugin_reference_39384_1_5');\" ><sup id=\"footnote_plugin_tooltip_39384_1_5\" class=\"footnote_plugin_tooltip_text\">5)<\/sup><\/a><span id=\"footnote_plugin_tooltip_text_39384_1_5\" class=\"footnote_tooltip\"><a href=\"https:\/\/www.costanachrichten.com\/spanien\/politik-wirtschaft\/oktopus-farm-zucht-gran-canaria-proteste-kritik-spanien-nueva-pescanova-tierquaelerei-92149660.html\" target=\"_blank\" rel=\"noopener\"><span class=\"footnote_url_wrap\">https:\/\/www.costanachrichten.com\/spanien\/politik-wirtschaft\/oktopus-farm-zucht-gran-canaria-proteste-kritik-spanien-nueva-pescanova-tierquaelerei-92149660.html<\/span><\/a><\/span><\/span><script type=\"text\/javascript\"> jQuery('#footnote_plugin_tooltip_39384_1_5').tooltip({ tip: '#footnote_plugin_tooltip_text_39384_1_5', tipClass: 'footnote_tooltip', effect: 'fade', predelay: 0, fadeInSpeed: 200, delay: 400, fadeOutSpeed: 200, position: 'top right', relative: true, offset: [10, 10], });<\/script>&nbsp;<\/p>\n<p><img loading=\"lazy\" decoding=\"async\" class=\"size-medium wp-image-39362 alignright\" src=\"https:\/\/www.naturalscience.org\/wp-content\/uploads\/2023\/05\/AdobeStock_486975174_CUT-300x200.jpg\" alt=\"\" width=\"300\" height=\"200\" srcset=\"https:\/\/www.naturalscience.org\/wp-content\/uploads\/2023\/05\/AdobeStock_486975174_CUT-300x200.jpg 300w, https:\/\/www.naturalscience.org\/wp-content\/uploads\/2023\/05\/AdobeStock_486975174_CUT-768x512.jpg 768w, https:\/\/www.naturalscience.org\/wp-content\/uploads\/2023\/05\/AdobeStock_486975174_CUT-164x109.jpg 164w, https:\/\/www.naturalscience.org\/wp-content\/uploads\/2023\/05\/AdobeStock_486975174_CUT-400x267.jpg 400w, https:\/\/www.naturalscience.org\/wp-content\/uploads\/2023\/05\/AdobeStock_486975174_CUT-500x334.jpg 500w, https:\/\/www.naturalscience.org\/wp-content\/uploads\/2023\/05\/AdobeStock_486975174_CUT.jpg 1000w\" sizes=\"auto, (max-width: 300px) 100vw, 300px\" \/>\u00c9ste ejemplo muestra una vez m\u00e1s que la falta de moral y la codicia por dinero inevitablemente agrava los problemas existentes y crea unos adicionales. El establecimiento de m\u00e1s criaderos en los oc\u00e9anos no resolver\u00e1 el problema de la sobre-pesca y la contaminaci\u00f3n del agua.<span class=\"footnote_referrer\"><a role=\"button\" tabindex=\"0\" onclick=\"footnote_moveToReference_39384_1('footnote_plugin_reference_39384_1_6');\" onkeypress=\"footnote_moveToReference_39384_1('footnote_plugin_reference_39384_1_6');\" ><sup id=\"footnote_plugin_tooltip_39384_1_6\" class=\"footnote_plugin_tooltip_text\">6)<\/sup><\/a><span id=\"footnote_plugin_tooltip_text_39384_1_6\" class=\"footnote_tooltip\"><a href=\"https:\/\/www.naturalscience.org\/news\/2022\/06\/world-ocean-day-the-suffering-of-fish\/\" target=\"_blank\" rel=\"noopener\"><span class=\"footnote_url_wrap\">https:\/\/www.naturalscience.org\/news\/2022\/06\/world-ocean-day-the-suffering-of-fish\/<\/span><\/a><\/span><\/span><script type=\"text\/javascript\"> jQuery('#footnote_plugin_tooltip_39384_1_6').tooltip({ tip: '#footnote_plugin_tooltip_text_39384_1_6', tipClass: 'footnote_tooltip', effect: 'fade', predelay: 0, fadeInSpeed: 200, delay: 400, fadeOutSpeed: 200, position: 'top right', relative: true, offset: [10, 10], });<\/script> M\u00e1s bien, es urgente abordar la ra\u00edz del problema reduciendo los subsidios pesqueros<span class=\"footnote_referrer\"><a role=\"button\" tabindex=\"0\" onclick=\"footnote_moveToReference_39384_1('footnote_plugin_reference_39384_1_7');\" onkeypress=\"footnote_moveToReference_39384_1('footnote_plugin_reference_39384_1_7');\" ><sup id=\"footnote_plugin_tooltip_39384_1_7\" class=\"footnote_plugin_tooltip_text\">7)<\/sup><\/a><span id=\"footnote_plugin_tooltip_text_39384_1_7\" class=\"footnote_tooltip\"><a href=\"https:\/\/www.stiftung-meeresschutz.org\/themen\/klimawandel\/fischereisubventionen-sind-klimaschaedlich-fuehren-zu-ueberfischung-und-viel-beifang\/\" target=\"_blank\" rel=\"noopener\"><span class=\"footnote_url_wrap\">https:\/\/www.stiftung-meeresschutz.org\/themen\/klimawandel\/fischereisubventionen-sind-klimaschaedlich-fuehren-zu-ueberfischung-und-viel-beifang\/<\/span><\/a><\/span><\/span><script type=\"text\/javascript\"> jQuery('#footnote_plugin_tooltip_39384_1_7').tooltip({ tip: '#footnote_plugin_tooltip_text_39384_1_7', tipClass: 'footnote_tooltip', effect: 'fade', predelay: 0, fadeInSpeed: 200, delay: 400, fadeOutSpeed: 200, position: 'top right', relative: true, offset: [10, 10], });<\/script>y las cuotas de pesca seg\u00fan las recomendaciones de innumerables cient\u00edficos, y poner grandes partes del oc\u00e9ano bajo una protecci\u00f3n efectiva.<span class=\"footnote_referrer\"><a role=\"button\" tabindex=\"0\" onclick=\"footnote_moveToReference_39384_1('footnote_plugin_reference_39384_1_8');\" onkeypress=\"footnote_moveToReference_39384_1('footnote_plugin_reference_39384_1_8');\" ><sup id=\"footnote_plugin_tooltip_39384_1_8\" class=\"footnote_plugin_tooltip_text\">8)<\/sup><\/a><span id=\"footnote_plugin_tooltip_text_39384_1_8\" class=\"footnote_tooltip\"><a href=\"https:\/\/www.naturalscience.org\/es\/publicaciones\/protejamos-al-mar\/\" target=\"_blank\" rel=\"noopener\"><span class=\"footnote_url_wrap\">https:\/\/www.naturalscience.org\/es\/publicaciones\/protejamos-al-mar\/<\/span><\/a><\/span><\/span><script type=\"text\/javascript\"> jQuery('#footnote_plugin_tooltip_39384_1_8').tooltip({ tip: '#footnote_plugin_tooltip_text_39384_1_8', tipClass: 'footnote_tooltip', effect: 'fade', predelay: 0, fadeInSpeed: 200, delay: 400, fadeOutSpeed: 200, position: 'top right', relative: true, offset: [10, 10], });<\/script> Sin respeto ni amor por el \u00fanico h\u00e1bitat de los oc\u00e9anos y sus habitantes, la humanidad est\u00e1 mordiendo la mano del que la alimenta y amenazando con agotar esta inmensa rica fuente de vida. Sin embargo, no es demasiado tarde para hacer un cambio<span class=\"footnote_referrer\"><a role=\"button\" tabindex=\"0\" onclick=\"footnote_moveToReference_39384_1('footnote_plugin_reference_39384_1_9');\" onkeypress=\"footnote_moveToReference_39384_1('footnote_plugin_reference_39384_1_9');\" ><sup id=\"footnote_plugin_tooltip_39384_1_9\" class=\"footnote_plugin_tooltip_text\">9)<\/sup><\/a><span id=\"footnote_plugin_tooltip_text_39384_1_9\" class=\"footnote_tooltip\">In the case of the planned octopus farm on Gran Canaria, the plans for the construction of the farm are currently with the local authorities and have yet to be approved. To prevent this, you can sign the petition of the animal protection organisation PETA, for example: <a href=\"https:\/\/www.peta.de\/aktiv\/krakenfarm-gran-canaria-petition\/\" target=\"_blank\" rel=\"noopener\"><span class=\"footnote_url_wrap\">https:\/\/www.peta.de\/aktiv\/krakenfarm-gran-canaria-petition\/<\/span><\/a>&nbsp;;scroll down for the English translation of the petition<\/span><\/span><script type=\"text\/javascript\"> jQuery('#footnote_plugin_tooltip_39384_1_9').tooltip({ tip: '#footnote_plugin_tooltip_text_39384_1_9', tipClass: 'footnote_tooltip', effect: 'fade', predelay: 0, fadeInSpeed: 200, delay: 400, fadeOutSpeed: 200, position: 'top right', relative: true, offset: [10, 10], });<\/script> Especialmente para los pa\u00edses que limitan con el mar (\u00a1pero no s\u00f3lo para estos!) se aplica lo siguiente: P\u00f3ngase en contacto con las personas responsables de las empresas pesqueras y de los oc\u00e9anos. Hable con la gente local que comparte la responsabilidad como consumidores. Ayude a elevar la conciencia entre su pr\u00f3jimo de que nosotros, como la \u201ccorona de la creaci\u00f3n\u201d somos responsables por la criaturas compa\u00f1eras y nuestro h\u00e1bitat, la Tierra.&nbsp;\u00a1A\u00fan existen muchas maravillas por descubrir, no permitamos que desaparezcan antes de que incluso las hayamos encontrado!<\/p>\n<div class=\"speaker-mute footnotes_reference_container\"> <div class=\"footnote_container_prepare\"><p><span role=\"button\" tabindex=\"0\" class=\"footnote_reference_container_label pointer\" onclick=\"footnote_expand_collapse_reference_container_39384_1();\">References<\/span><span role=\"button\" tabindex=\"0\" class=\"footnote_reference_container_collapse_button\" style=\"display: none;\" onclick=\"footnote_expand_collapse_reference_container_39384_1();\">[<a id=\"footnote_reference_container_collapse_button_39384_1\">+<\/a>]<\/span><\/p><\/div> <div id=\"footnote_references_container_39384_1\" style=\"\"><table class=\"footnotes_table footnote-reference-container\"><caption class=\"accessibility\">References<\/caption> <tbody> \r\n\r\n<tr class=\"footnotes_plugin_reference_row\"> <th scope=\"row\" class=\"footnote_plugin_index_combi pointer\"  onclick=\"footnote_moveToAnchor_39384_1('footnote_plugin_tooltip_39384_1_1');\"><a id=\"footnote_plugin_reference_39384_1_1\" class=\"footnote_backlink\"><span class=\"footnote_index_arrow\">&#8593;<\/span>1<\/a><\/th> <td class=\"footnote_plugin_text\">2010 Professor Pedro Mart\u00ednez, Director of the Senckenberg Research Institute by the Sea (Wilhelmshaven) &amp; <a href=\"https:\/\/ocean.si.edu\/ecosystems\/census-marine-life\" target=\"_blank\" rel=\"noopener\"><span class=\"footnote_url_wrap\">https:\/\/ocean.si.edu\/ecosystems\/census-marine-life<\/span><\/a><\/td><\/tr>\r\n\r\n<tr class=\"footnotes_plugin_reference_row\"> <th scope=\"row\" class=\"footnote_plugin_index_combi pointer\"  onclick=\"footnote_moveToAnchor_39384_1('footnote_plugin_tooltip_39384_1_2');\"><a id=\"footnote_plugin_reference_39384_1_2\" class=\"footnote_backlink\"><span class=\"footnote_index_arrow\">&#8593;<\/span>2<\/a><\/th> <td class=\"footnote_plugin_text\"><a href=\"https:\/\/www.costanachrichten.com\/spanien\/politik-wirtschaft\/oktopus-farm-zucht-gran-canaria-proteste-kritik-spanien-nueva-pescanova-tierquaelerei-92149660.html\" target=\"_blank\" rel=\"noopener\"><span class=\"footnote_url_wrap\">https:\/\/www.costanachrichten.com\/spanien\/politik-wirtschaft\/oktopus-farm-zucht-gran-canaria-proteste-kritik-spanien-nueva-pescanova-tierquaelerei-92149660.html<\/span><\/a>, <a href=\"https:\/\/www.derstandard.de\/consent\/tcf\/story\/2000145076845\/verblueffende-erkenntnisse-zur-intelligenz-von-tieren-werfen-ethische-fragen-auf\" target=\"_blank\" rel=\"noopener\"><span class=\"footnote_url_wrap\">https:\/\/www.derstandard.de\/consent\/tcf\/story\/2000145076845\/verblueffende-erkenntnisse-zur-intelligenz-von-tieren-werfen-ethische-fragen-auf<\/span><\/a> ,<a href=\"https:\/\/www.nzz.ch\/panorama\/tod-durch-erfrieren-so-geht-die-massenzucht-von-tintenfischen-ld.1733985?reduced=true\" target=\"_blank\" rel=\"noopener\"><span class=\"footnote_url_wrap\">https:\/\/www.nzz.ch\/panorama\/tod-durch-erfrieren-so-geht-die-massenzucht-von-tintenfischen-ld.1733985?reduced=true<\/span><\/a>,&nbsp;<a href=\"https:\/\/www.nationalgeographic.de\/tiere\/2022\/07\/weltweit-erste-oktopus-farm-loest-tierschutz-debatte-aus\" target=\"_blank\" rel=\"noopener\"><span class=\"footnote_url_wrap\">https:\/\/www.nationalgeographic.de\/tiere\/2022\/07\/weltweit-erste-oktopus-farm-loest-tierschutz-debatte-aus<\/span><\/a>, <a href=\"https:\/\/www.peta.de\/themen\/oktopus\/\" target=\"_blank\" rel=\"noopener\"><span class=\"footnote_url_wrap\">https:\/\/www.peta.de\/themen\/oktopus\/<\/span><\/a>,&nbsp;<a href=\"https:\/\/www.theguardian.com\/environment\/2022\/mar\/11\/my-octopus-eater-critics-say-plans-for-farm-are-unethical-and-unsustainable\" target=\"_blank\" rel=\"noopener\"><span class=\"footnote_url_wrap\">https:\/\/www.theguardian.com\/environment\/2022\/mar\/11\/my-octopus-eater-critics-say-plans-for-farm-are-unethical-and-unsustainable<\/span><\/a><\/td><\/tr>\r\n\r\n<tr class=\"footnotes_plugin_reference_row\"> <th scope=\"row\" class=\"footnote_plugin_index_combi\" ><a id=\"footnote_plugin_reference_39384_1_3\" class=\"footnote_backlink\" onclick=\"footnote_moveToAnchor_39384_1('footnote_plugin_tooltip_39384_1_3');\"><span class=\"footnote_index_arrow\">&#8593;<\/span>3,<\/a> <a id=\"footnote_plugin_reference_39384_1_4\" class=\"footnote_backlink\" onclick=\"footnote_moveToAnchor_39384_1('footnote_plugin_tooltip_39384_1_4');\"><span class=\"footnote_index_arrow\">&#8593;<\/span>4,<\/a> <a id=\"footnote_plugin_reference_39384_1_5\" class=\"footnote_backlink\" onclick=\"footnote_moveToAnchor_39384_1('footnote_plugin_tooltip_39384_1_5');\"><span class=\"footnote_index_arrow\">&#8593;<\/span>5<\/a><\/th> <td class=\"footnote_plugin_text\"><a href=\"https:\/\/www.costanachrichten.com\/spanien\/politik-wirtschaft\/oktopus-farm-zucht-gran-canaria-proteste-kritik-spanien-nueva-pescanova-tierquaelerei-92149660.html\" target=\"_blank\" rel=\"noopener\"><span class=\"footnote_url_wrap\">https:\/\/www.costanachrichten.com\/spanien\/politik-wirtschaft\/oktopus-farm-zucht-gran-canaria-proteste-kritik-spanien-nueva-pescanova-tierquaelerei-92149660.html<\/span><\/a><\/td><\/tr>\r\n\r\n<tr class=\"footnotes_plugin_reference_row\"> <th scope=\"row\" class=\"footnote_plugin_index_combi pointer\"  onclick=\"footnote_moveToAnchor_39384_1('footnote_plugin_tooltip_39384_1_6');\"><a id=\"footnote_plugin_reference_39384_1_6\" class=\"footnote_backlink\"><span class=\"footnote_index_arrow\">&#8593;<\/span>6<\/a><\/th> <td class=\"footnote_plugin_text\"><a href=\"https:\/\/www.naturalscience.org\/news\/2022\/06\/world-ocean-day-the-suffering-of-fish\/\" target=\"_blank\" rel=\"noopener\"><span class=\"footnote_url_wrap\">https:\/\/www.naturalscience.org\/news\/2022\/06\/world-ocean-day-the-suffering-of-fish\/<\/span><\/a><\/td><\/tr>\r\n\r\n<tr class=\"footnotes_plugin_reference_row\"> <th scope=\"row\" class=\"footnote_plugin_index_combi pointer\"  onclick=\"footnote_moveToAnchor_39384_1('footnote_plugin_tooltip_39384_1_7');\"><a id=\"footnote_plugin_reference_39384_1_7\" class=\"footnote_backlink\"><span class=\"footnote_index_arrow\">&#8593;<\/span>7<\/a><\/th> <td class=\"footnote_plugin_text\"><a href=\"https:\/\/www.stiftung-meeresschutz.org\/themen\/klimawandel\/fischereisubventionen-sind-klimaschaedlich-fuehren-zu-ueberfischung-und-viel-beifang\/\" target=\"_blank\" rel=\"noopener\"><span class=\"footnote_url_wrap\">https:\/\/www.stiftung-meeresschutz.org\/themen\/klimawandel\/fischereisubventionen-sind-klimaschaedlich-fuehren-zu-ueberfischung-und-viel-beifang\/<\/span><\/a><\/td><\/tr>\r\n\r\n<tr class=\"footnotes_plugin_reference_row\"> <th scope=\"row\" class=\"footnote_plugin_index_combi pointer\"  onclick=\"footnote_moveToAnchor_39384_1('footnote_plugin_tooltip_39384_1_8');\"><a id=\"footnote_plugin_reference_39384_1_8\" class=\"footnote_backlink\"><span class=\"footnote_index_arrow\">&#8593;<\/span>8<\/a><\/th> <td class=\"footnote_plugin_text\"><a href=\"https:\/\/www.naturalscience.org\/es\/publicaciones\/protejamos-al-mar\/\" target=\"_blank\" rel=\"noopener\"><span class=\"footnote_url_wrap\">https:\/\/www.naturalscience.org\/es\/publicaciones\/protejamos-al-mar\/<\/span><\/a><\/td><\/tr>\r\n\r\n<tr class=\"footnotes_plugin_reference_row\"> <th scope=\"row\" class=\"footnote_plugin_index_combi pointer\"  onclick=\"footnote_moveToAnchor_39384_1('footnote_plugin_tooltip_39384_1_9');\"><a id=\"footnote_plugin_reference_39384_1_9\" class=\"footnote_backlink\"><span class=\"footnote_index_arrow\">&#8593;<\/span>9<\/a><\/th> <td class=\"footnote_plugin_text\">In the case of the planned octopus farm on Gran Canaria, the plans for the construction of the farm are currently with the local authorities and have yet to be approved. To prevent this, you can sign the petition of the animal protection organisation PETA, for example: <a href=\"https:\/\/www.peta.de\/aktiv\/krakenfarm-gran-canaria-petition\/\" target=\"_blank\" rel=\"noopener\"><span class=\"footnote_url_wrap\">https:\/\/www.peta.de\/aktiv\/krakenfarm-gran-canaria-petition\/<\/span><\/a>&nbsp;;scroll down for the English translation of the petition<\/td><\/tr>\r\n\r\n <\/tbody> <\/table> <\/div><\/div><script type=\"text\/javascript\"> function footnote_expand_reference_container_39384_1() { jQuery('#footnote_references_container_39384_1').show(); jQuery('#footnote_reference_container_collapse_button_39384_1').text('\u2212'); } function footnote_collapse_reference_container_39384_1() { jQuery('#footnote_references_container_39384_1').hide(); jQuery('#footnote_reference_container_collapse_button_39384_1').text('+'); } function footnote_expand_collapse_reference_container_39384_1() { if (jQuery('#footnote_references_container_39384_1').is(':hidden')) { footnote_expand_reference_container_39384_1(); } else { footnote_collapse_reference_container_39384_1(); } } function footnote_moveToReference_39384_1(p_str_TargetID) { footnote_expand_reference_container_39384_1(); var l_obj_Target = jQuery('#' + p_str_TargetID); if (l_obj_Target.length) { jQuery( 'html, body' ).delay( 0 ); jQuery('html, body').animate({ scrollTop: l_obj_Target.offset().top - window.innerHeight * 0.2 }, 380); } } function footnote_moveToAnchor_39384_1(p_str_TargetID) { footnote_expand_reference_container_39384_1(); var l_obj_Target = jQuery('#' + p_str_TargetID); if (l_obj_Target.length) { jQuery( 'html, body' ).delay( 0 ); jQuery('html, body').animate({ scrollTop: l_obj_Target.offset().top - window.innerHeight * 0.2 }, 380); } }<\/script>","protected":false},"excerpt":{"rendered":"Los oc\u00e9anos son la cuna de la vida y son el mayor h\u00e1bitat de biodiversidad en nuestro planeta. Se conocen alrededor de 23.000 especies ,&nbsp;\u00a1pero los cient\u00edficos estiman que hasta 10 millones de especies podr\u00edan vivir en los oc\u00e9anos! (En comparaci\u00f3n, cerca de 1.4 millones de especies viven en la superficie de la tierra.) Aunque [&hellip;]","protected":false},"author":11,"featured_media":0,"comment_status":"closed","ping_status":"closed","sticky":false,"template":"","format":"standard","meta":{"_acf_changed":false,"ngg_post_thumbnail":0,"footnotes":""},"categories":[193],"tags":[],"class_list":["post-39384","post","type-post","status-publish","format-standard","hentry","category-oceanos","wpautop"],"acf":[],"yoast_head":"<!-- This site is optimized with the Yoast SEO plugin v27.5 - https:\/\/yoast.com\/product\/yoast-seo-wordpress\/ -->\n<title>El D\u00eda Mundial de los Oc\u00e9anos: \u00a1Somos responsables por nuestras criaturas compa\u00f1eras en los oc\u00e9anos! - The World Foundation for Natural Science<\/title>\n<meta name=\"robots\" content=\"index, follow, max-snippet:-1, max-image-preview:large, max-video-preview:-1\" \/>\n<link rel=\"canonical\" href=\"https:\/\/www.naturalscience.org\/es\/news\/2023\/06\/el-dia-mundial-de-los-oceanos-somos-responsables-por-nuestras-criaturas-companeras-en-los-oceanos\/\" \/>\n<meta name=\"twitter:label1\" content=\"Escrito por\" \/>\n\t<meta name=\"twitter:data1\" content=\"Monika Waldmann\" \/>\n\t<meta name=\"twitter:label2\" content=\"Tiempo de lectura\" \/>\n\t<meta name=\"twitter:data2\" content=\"5 minutos\" \/>\n<script type=\"application\/ld+json\" class=\"yoast-schema-graph\">{\"@context\":\"https:\\\/\\\/schema.org\",\"@graph\":[{\"@type\":\"Article\",\"@id\":\"https:\\\/\\\/www.naturalscience.org\\\/es\\\/news\\\/2023\\\/06\\\/el-dia-mundial-de-los-oceanos-somos-responsables-por-nuestras-criaturas-companeras-en-los-oceanos\\\/#article\",\"isPartOf\":{\"@id\":\"https:\\\/\\\/www.naturalscience.org\\\/es\\\/news\\\/2023\\\/06\\\/el-dia-mundial-de-los-oceanos-somos-responsables-por-nuestras-criaturas-companeras-en-los-oceanos\\\/\"},\"author\":{\"name\":\"Monika Waldmann\",\"@id\":\"https:\\\/\\\/www.naturalscience.org\\\/#\\\/schema\\\/person\\\/f3e16bb7057b29f8593016bf70a42022\"},\"headline\":\"El D\u00eda Mundial de los Oc\u00e9anos:&nbsp;\u00a1Somos responsables por nuestras criaturas compa\u00f1eras en los oc\u00e9anos!\",\"datePublished\":\"2023-06-06T07:17:34+00:00\",\"dateModified\":\"2024-07-16T12:46:01+00:00\",\"mainEntityOfPage\":{\"@id\":\"https:\\\/\\\/www.naturalscience.org\\\/es\\\/news\\\/2023\\\/06\\\/el-dia-mundial-de-los-oceanos-somos-responsables-por-nuestras-criaturas-companeras-en-los-oceanos\\\/\"},\"wordCount\":989,\"image\":{\"@id\":\"https:\\\/\\\/www.naturalscience.org\\\/es\\\/news\\\/2023\\\/06\\\/el-dia-mundial-de-los-oceanos-somos-responsables-por-nuestras-criaturas-companeras-en-los-oceanos\\\/#primaryimage\"},\"thumbnailUrl\":\"https:\\\/\\\/www.naturalscience.org\\\/wp-content\\\/uploads\\\/2023\\\/05\\\/AdobeStock_422944526_CUT-300x200.jpg\",\"articleSection\":[\"Oc\u00e9anos\"],\"inLanguage\":\"es\"},{\"@type\":\"WebPage\",\"@id\":\"https:\\\/\\\/www.naturalscience.org\\\/es\\\/news\\\/2023\\\/06\\\/el-dia-mundial-de-los-oceanos-somos-responsables-por-nuestras-criaturas-companeras-en-los-oceanos\\\/\",\"url\":\"https:\\\/\\\/www.naturalscience.org\\\/es\\\/news\\\/2023\\\/06\\\/el-dia-mundial-de-los-oceanos-somos-responsables-por-nuestras-criaturas-companeras-en-los-oceanos\\\/\",\"name\":\"El D\u00eda Mundial de los Oc\u00e9anos: \u00a1Somos responsables por nuestras criaturas compa\u00f1eras en los oc\u00e9anos! - The World Foundation for Natural Science\",\"isPartOf\":{\"@id\":\"https:\\\/\\\/www.naturalscience.org\\\/#website\"},\"primaryImageOfPage\":{\"@id\":\"https:\\\/\\\/www.naturalscience.org\\\/es\\\/news\\\/2023\\\/06\\\/el-dia-mundial-de-los-oceanos-somos-responsables-por-nuestras-criaturas-companeras-en-los-oceanos\\\/#primaryimage\"},\"image\":{\"@id\":\"https:\\\/\\\/www.naturalscience.org\\\/es\\\/news\\\/2023\\\/06\\\/el-dia-mundial-de-los-oceanos-somos-responsables-por-nuestras-criaturas-companeras-en-los-oceanos\\\/#primaryimage\"},\"thumbnailUrl\":\"https:\\\/\\\/www.naturalscience.org\\\/wp-content\\\/uploads\\\/2023\\\/05\\\/AdobeStock_422944526_CUT-300x200.jpg\",\"datePublished\":\"2023-06-06T07:17:34+00:00\",\"dateModified\":\"2024-07-16T12:46:01+00:00\",\"author\":{\"@id\":\"https:\\\/\\\/www.naturalscience.org\\\/#\\\/schema\\\/person\\\/f3e16bb7057b29f8593016bf70a42022\"},\"breadcrumb\":{\"@id\":\"https:\\\/\\\/www.naturalscience.org\\\/es\\\/news\\\/2023\\\/06\\\/el-dia-mundial-de-los-oceanos-somos-responsables-por-nuestras-criaturas-companeras-en-los-oceanos\\\/#breadcrumb\"},\"inLanguage\":\"es\",\"potentialAction\":[{\"@type\":\"ReadAction\",\"target\":[\"https:\\\/\\\/www.naturalscience.org\\\/es\\\/news\\\/2023\\\/06\\\/el-dia-mundial-de-los-oceanos-somos-responsables-por-nuestras-criaturas-companeras-en-los-oceanos\\\/\"]}]},{\"@type\":\"ImageObject\",\"inLanguage\":\"es\",\"@id\":\"https:\\\/\\\/www.naturalscience.org\\\/es\\\/news\\\/2023\\\/06\\\/el-dia-mundial-de-los-oceanos-somos-responsables-por-nuestras-criaturas-companeras-en-los-oceanos\\\/#primaryimage\",\"url\":\"https:\\\/\\\/www.naturalscience.org\\\/wp-content\\\/uploads\\\/2023\\\/05\\\/AdobeStock_422944526_CUT-300x200.jpg\",\"contentUrl\":\"https:\\\/\\\/www.naturalscience.org\\\/wp-content\\\/uploads\\\/2023\\\/05\\\/AdobeStock_422944526_CUT-300x200.jpg\"},{\"@type\":\"BreadcrumbList\",\"@id\":\"https:\\\/\\\/www.naturalscience.org\\\/es\\\/news\\\/2023\\\/06\\\/el-dia-mundial-de-los-oceanos-somos-responsables-por-nuestras-criaturas-companeras-en-los-oceanos\\\/#breadcrumb\",\"itemListElement\":[{\"@type\":\"ListItem\",\"position\":1,\"name\":\"Home\",\"item\":\"https:\\\/\\\/www.naturalscience.org\\\/es\\\/\"},{\"@type\":\"ListItem\",\"position\":2,\"name\":\"El D\u00eda Mundial de los Oc\u00e9anos:&nbsp;\u00a1Somos responsables por nuestras criaturas compa\u00f1eras en los oc\u00e9anos!\"}]},{\"@type\":\"WebSite\",\"@id\":\"https:\\\/\\\/www.naturalscience.org\\\/#website\",\"url\":\"https:\\\/\\\/www.naturalscience.org\\\/\",\"name\":\"The World Foundation for Natural Science\",\"description\":\"Restoring and Healing the World through Responsibility and Commitment in accord with Natural and Divine Law!\",\"potentialAction\":[{\"@type\":\"SearchAction\",\"target\":{\"@type\":\"EntryPoint\",\"urlTemplate\":\"https:\\\/\\\/www.naturalscience.org\\\/?s={search_term_string}\"},\"query-input\":{\"@type\":\"PropertyValueSpecification\",\"valueRequired\":true,\"valueName\":\"search_term_string\"}}],\"inLanguage\":\"es\"},{\"@type\":\"Person\",\"@id\":\"https:\\\/\\\/www.naturalscience.org\\\/#\\\/schema\\\/person\\\/f3e16bb7057b29f8593016bf70a42022\",\"name\":\"Monika Waldmann\",\"image\":{\"@type\":\"ImageObject\",\"inLanguage\":\"es\",\"@id\":\"https:\\\/\\\/secure.gravatar.com\\\/avatar\\\/54dfb6ad0fbcf54c252c37d8d2c1a44e41b462185db44d9c8124801f3b41b6ec?s=96&d=mm&r=g\",\"url\":\"https:\\\/\\\/secure.gravatar.com\\\/avatar\\\/54dfb6ad0fbcf54c252c37d8d2c1a44e41b462185db44d9c8124801f3b41b6ec?s=96&d=mm&r=g\",\"contentUrl\":\"https:\\\/\\\/secure.gravatar.com\\\/avatar\\\/54dfb6ad0fbcf54c252c37d8d2c1a44e41b462185db44d9c8124801f3b41b6ec?s=96&d=mm&r=g\",\"caption\":\"Monika Waldmann\"}}]}<\/script>\n<!-- \/ Yoast SEO plugin. -->","yoast_head_json":{"title":"El D\u00eda Mundial de los Oc\u00e9anos: \u00a1Somos responsables por nuestras criaturas compa\u00f1eras en los oc\u00e9anos! - The World Foundation for Natural Science","robots":{"index":"index","follow":"follow","max-snippet":"max-snippet:-1","max-image-preview":"max-image-preview:large","max-video-preview":"max-video-preview:-1"},"canonical":"https:\/\/www.naturalscience.org\/es\/news\/2023\/06\/el-dia-mundial-de-los-oceanos-somos-responsables-por-nuestras-criaturas-companeras-en-los-oceanos\/","twitter_misc":{"Escrito por":"Monika Waldmann","Tiempo de lectura":"5 minutos"},"schema":{"@context":"https:\/\/schema.org","@graph":[{"@type":"Article","@id":"https:\/\/www.naturalscience.org\/es\/news\/2023\/06\/el-dia-mundial-de-los-oceanos-somos-responsables-por-nuestras-criaturas-companeras-en-los-oceanos\/#article","isPartOf":{"@id":"https:\/\/www.naturalscience.org\/es\/news\/2023\/06\/el-dia-mundial-de-los-oceanos-somos-responsables-por-nuestras-criaturas-companeras-en-los-oceanos\/"},"author":{"name":"Monika Waldmann","@id":"https:\/\/www.naturalscience.org\/#\/schema\/person\/f3e16bb7057b29f8593016bf70a42022"},"headline":"El D\u00eda Mundial de los Oc\u00e9anos:&nbsp;\u00a1Somos responsables por nuestras criaturas compa\u00f1eras en los oc\u00e9anos!","datePublished":"2023-06-06T07:17:34+00:00","dateModified":"2024-07-16T12:46:01+00:00","mainEntityOfPage":{"@id":"https:\/\/www.naturalscience.org\/es\/news\/2023\/06\/el-dia-mundial-de-los-oceanos-somos-responsables-por-nuestras-criaturas-companeras-en-los-oceanos\/"},"wordCount":989,"image":{"@id":"https:\/\/www.naturalscience.org\/es\/news\/2023\/06\/el-dia-mundial-de-los-oceanos-somos-responsables-por-nuestras-criaturas-companeras-en-los-oceanos\/#primaryimage"},"thumbnailUrl":"https:\/\/www.naturalscience.org\/wp-content\/uploads\/2023\/05\/AdobeStock_422944526_CUT-300x200.jpg","articleSection":["Oc\u00e9anos"],"inLanguage":"es"},{"@type":"WebPage","@id":"https:\/\/www.naturalscience.org\/es\/news\/2023\/06\/el-dia-mundial-de-los-oceanos-somos-responsables-por-nuestras-criaturas-companeras-en-los-oceanos\/","url":"https:\/\/www.naturalscience.org\/es\/news\/2023\/06\/el-dia-mundial-de-los-oceanos-somos-responsables-por-nuestras-criaturas-companeras-en-los-oceanos\/","name":"El D\u00eda Mundial de los Oc\u00e9anos: \u00a1Somos responsables por nuestras criaturas compa\u00f1eras en los oc\u00e9anos! - The World Foundation for Natural Science","isPartOf":{"@id":"https:\/\/www.naturalscience.org\/#website"},"primaryImageOfPage":{"@id":"https:\/\/www.naturalscience.org\/es\/news\/2023\/06\/el-dia-mundial-de-los-oceanos-somos-responsables-por-nuestras-criaturas-companeras-en-los-oceanos\/#primaryimage"},"image":{"@id":"https:\/\/www.naturalscience.org\/es\/news\/2023\/06\/el-dia-mundial-de-los-oceanos-somos-responsables-por-nuestras-criaturas-companeras-en-los-oceanos\/#primaryimage"},"thumbnailUrl":"https:\/\/www.naturalscience.org\/wp-content\/uploads\/2023\/05\/AdobeStock_422944526_CUT-300x200.jpg","datePublished":"2023-06-06T07:17:34+00:00","dateModified":"2024-07-16T12:46:01+00:00","author":{"@id":"https:\/\/www.naturalscience.org\/#\/schema\/person\/f3e16bb7057b29f8593016bf70a42022"},"breadcrumb":{"@id":"https:\/\/www.naturalscience.org\/es\/news\/2023\/06\/el-dia-mundial-de-los-oceanos-somos-responsables-por-nuestras-criaturas-companeras-en-los-oceanos\/#breadcrumb"},"inLanguage":"es","potentialAction":[{"@type":"ReadAction","target":["https:\/\/www.naturalscience.org\/es\/news\/2023\/06\/el-dia-mundial-de-los-oceanos-somos-responsables-por-nuestras-criaturas-companeras-en-los-oceanos\/"]}]},{"@type":"ImageObject","inLanguage":"es","@id":"https:\/\/www.naturalscience.org\/es\/news\/2023\/06\/el-dia-mundial-de-los-oceanos-somos-responsables-por-nuestras-criaturas-companeras-en-los-oceanos\/#primaryimage","url":"https:\/\/www.naturalscience.org\/wp-content\/uploads\/2023\/05\/AdobeStock_422944526_CUT-300x200.jpg","contentUrl":"https:\/\/www.naturalscience.org\/wp-content\/uploads\/2023\/05\/AdobeStock_422944526_CUT-300x200.jpg"},{"@type":"BreadcrumbList","@id":"https:\/\/www.naturalscience.org\/es\/news\/2023\/06\/el-dia-mundial-de-los-oceanos-somos-responsables-por-nuestras-criaturas-companeras-en-los-oceanos\/#breadcrumb","itemListElement":[{"@type":"ListItem","position":1,"name":"Home","item":"https:\/\/www.naturalscience.org\/es\/"},{"@type":"ListItem","position":2,"name":"El D\u00eda Mundial de los Oc\u00e9anos:&nbsp;\u00a1Somos responsables por nuestras criaturas compa\u00f1eras en los oc\u00e9anos!"}]},{"@type":"WebSite","@id":"https:\/\/www.naturalscience.org\/#website","url":"https:\/\/www.naturalscience.org\/","name":"The World Foundation for Natural Science","description":"Restoring and Healing the World through Responsibility and Commitment in accord with Natural and Divine Law!","potentialAction":[{"@type":"SearchAction","target":{"@type":"EntryPoint","urlTemplate":"https:\/\/www.naturalscience.org\/?s={search_term_string}"},"query-input":{"@type":"PropertyValueSpecification","valueRequired":true,"valueName":"search_term_string"}}],"inLanguage":"es"},{"@type":"Person","@id":"https:\/\/www.naturalscience.org\/#\/schema\/person\/f3e16bb7057b29f8593016bf70a42022","name":"Monika Waldmann","image":{"@type":"ImageObject","inLanguage":"es","@id":"https:\/\/secure.gravatar.com\/avatar\/54dfb6ad0fbcf54c252c37d8d2c1a44e41b462185db44d9c8124801f3b41b6ec?s=96&d=mm&r=g","url":"https:\/\/secure.gravatar.com\/avatar\/54dfb6ad0fbcf54c252c37d8d2c1a44e41b462185db44d9c8124801f3b41b6ec?s=96&d=mm&r=g","contentUrl":"https:\/\/secure.gravatar.com\/avatar\/54dfb6ad0fbcf54c252c37d8d2c1a44e41b462185db44d9c8124801f3b41b6ec?s=96&d=mm&r=g","caption":"Monika Waldmann"}}]}},"_links":{"self":[{"href":"https:\/\/www.naturalscience.org\/es\/wp-json\/wp\/v2\/posts\/39384","targetHints":{"allow":["GET"]}}],"collection":[{"href":"https:\/\/www.naturalscience.org\/es\/wp-json\/wp\/v2\/posts"}],"about":[{"href":"https:\/\/www.naturalscience.org\/es\/wp-json\/wp\/v2\/types\/post"}],"author":[{"embeddable":true,"href":"https:\/\/www.naturalscience.org\/es\/wp-json\/wp\/v2\/users\/11"}],"replies":[{"embeddable":true,"href":"https:\/\/www.naturalscience.org\/es\/wp-json\/wp\/v2\/comments?post=39384"}],"version-history":[{"count":5,"href":"https:\/\/www.naturalscience.org\/es\/wp-json\/wp\/v2\/posts\/39384\/revisions"}],"predecessor-version":[{"id":40757,"href":"https:\/\/www.naturalscience.org\/es\/wp-json\/wp\/v2\/posts\/39384\/revisions\/40757"}],"wp:attachment":[{"href":"https:\/\/www.naturalscience.org\/es\/wp-json\/wp\/v2\/media?parent=39384"}],"wp:term":[{"taxonomy":"category","embeddable":true,"href":"https:\/\/www.naturalscience.org\/es\/wp-json\/wp\/v2\/categories?post=39384"},{"taxonomy":"post_tag","embeddable":true,"href":"https:\/\/www.naturalscience.org\/es\/wp-json\/wp\/v2\/tags?post=39384"}],"curies":[{"name":"wp","href":"https:\/\/api.w.org\/{rel}","templated":true}]}}