{"id":38991,"date":"2023-02-08T16:22:42","date_gmt":"2023-02-08T15:22:42","guid":{"rendered":"https:\/\/www.naturalscience.org\/?p=38991"},"modified":"2024-07-16T14:48:31","modified_gmt":"2024-07-16T12:48:31","slug":"comprobado-de-nuevo-la-radiacion-de-microondas-tiene-efectos-biologicos-negativos-en-los-seres-humanos","status":"publish","type":"post","link":"https:\/\/www.naturalscience.org\/es\/news\/2023\/02\/comprobado-de-nuevo-la-radiacion-de-microondas-tiene-efectos-biologicos-negativos-en-los-seres-humanos\/","title":{"rendered":"Comprobado de nuevo: La radiaci\u00f3n de microondas tiene efectos biol\u00f3gicos negativos en los seres humanos"},"content":{"rendered":"<p>Cada vez es m\u00e1s clara y frecuente la evidencia de que la radiaci\u00f3n de los tel\u00e9fonos m\u00f3viles, y en particular de la tecnolog\u00eda 5G, es todo menos que inocua para los seres humanos y que los valores umbral actuales no son suficientes para proteger la salud.<\/p>\n<p><img loading=\"lazy\" decoding=\"async\" class=\"size-medium wp-image-38868 alignright\" src=\"https:\/\/www.naturalscience.org\/wp-content\/uploads\/2023\/01\/AdobeStock_361337228-300x200.jpeg\" alt=\"\" width=\"300\" height=\"200\" srcset=\"https:\/\/www.naturalscience.org\/wp-content\/uploads\/2023\/01\/AdobeStock_361337228-300x200.jpeg 300w, https:\/\/www.naturalscience.org\/wp-content\/uploads\/2023\/01\/AdobeStock_361337228-1024x683.jpeg 1024w, https:\/\/www.naturalscience.org\/wp-content\/uploads\/2023\/01\/AdobeStock_361337228-768x512.jpeg 768w, https:\/\/www.naturalscience.org\/wp-content\/uploads\/2023\/01\/AdobeStock_361337228-1536x1024.jpeg 1536w, https:\/\/www.naturalscience.org\/wp-content\/uploads\/2023\/01\/AdobeStock_361337228-2048x1365.jpeg 2048w, https:\/\/www.naturalscience.org\/wp-content\/uploads\/2023\/01\/AdobeStock_361337228-164x109.jpeg 164w, https:\/\/www.naturalscience.org\/wp-content\/uploads\/2023\/01\/AdobeStock_361337228-400x267.jpeg 400w, https:\/\/www.naturalscience.org\/wp-content\/uploads\/2023\/01\/AdobeStock_361337228-500x333.jpeg 500w\" sizes=\"auto, (max-width: 300px) 100vw, 300px\" \/>Por ejemplo, el 10 de enero de 2023, se public\u00f3 un estudio de un caso sueco<span class=\"footnote_referrer\"><a role=\"button\" tabindex=\"0\" onclick=\"footnote_moveToReference_38991_1('footnote_plugin_reference_38991_1_1');\" onkeypress=\"footnote_moveToReference_38991_1('footnote_plugin_reference_38991_1_1');\" ><sup id=\"footnote_plugin_tooltip_38991_1_1\" class=\"footnote_plugin_tooltip_text\">1)<\/sup><\/a><span id=\"footnote_plugin_tooltip_text_38991_1_1\" class=\"footnote_tooltip\">Lennart Hardell, Mona Nilsson (2023). Case Report: The Microwave Syndrome after Installation of 5G Emphasizes the Need for Protection from Radiofrequency Radiation. Ann Case Rep: 8: 1112. <a href=\"https:\/\/www.gavinpublishers.com\/assets\/articles_pdf\/Case-Report-The-Microwave-Syndrome-after--Installation-of-5G-Emphasizes-the-Need-for--Protection-from-Radiofrequency-Radiation.pdf\" target=\"_blank\" rel=\"noopener\"><span class=\"footnote_url_wrap\">https:\/\/www.gavinpublishers.com\/assets\/articles_pdf\/Case-Report-The-Microwave-Syndrome-after&#8211;Installation-of-5G-Emphasizes-the-Need-for&#8211;Protection-from-Radiofrequency-Radiation.pdf<\/span><\/a><\/span><\/span><script type=\"text\/javascript\"> jQuery('#footnote_plugin_tooltip_38991_1_1').tooltip({ tip: '#footnote_plugin_tooltip_text_38991_1_1', tipClass: 'footnote_tooltip', effect: 'fade', predelay: 0, fadeInSpeed: 200, delay: 400, fadeOutSpeed: 200, position: 'top right', relative: true, offset: [10, 10], });<\/script> en&nbsp;\u00abAnnals of Case Reports\u00bb, una revista cient\u00edfica internacional revisada por pares, <strong>que demostr\u00f3 que la radiaci\u00f3n 5G causa s\u00edntomas t\u00edpicos del llamado s\u00edndrome de las microondas<\/strong><span class=\"footnote_referrer\"><a role=\"button\" tabindex=\"0\" onclick=\"footnote_moveToReference_38991_1('footnote_plugin_reference_38991_1_2');\" onkeypress=\"footnote_moveToReference_38991_1('footnote_plugin_reference_38991_1_2');\" ><sup id=\"footnote_plugin_tooltip_38991_1_2\" class=\"footnote_plugin_tooltip_text\">2)<\/sup><\/a><span id=\"footnote_plugin_tooltip_text_38991_1_2\" class=\"footnote_tooltip\">Yael Stein, Iris G Udasin (2020): Electromagnetic hypersensitivity (EHS, microwave syndrome) &#8211; Review of mechanisms. Environ Res. 2020 Jul;186:109445. doi: 10.1016\/j.envres.2020.109445. <a href=\"https:\/\/pubmed.ncbi.nlm.nih.gov\/32289567\/\" target=\"_blank\" rel=\"noopener\"><span class=\"footnote_url_wrap\">https:\/\/pubmed.ncbi.nlm.nih.gov\/32289567\/<\/span><\/a><\/span><\/span><script type=\"text\/javascript\"> jQuery('#footnote_plugin_tooltip_38991_1_2').tooltip({ tip: '#footnote_plugin_tooltip_text_38991_1_2', tipClass: 'footnote_tooltip', effect: 'fade', predelay: 0, fadeInSpeed: 200, delay: 400, fadeOutSpeed: 200, position: 'top right', relative: true, offset: [10, 10], });<\/script>. La pareja examinada en el estudio del caso, un hombre de 63 a\u00f1os y una mujer de 62 a\u00f1os, experimentaron problemas de salud como <strong>fatiga constante, problemas para dormir, mareos, efectos emocionales como irritabilidad y depresi\u00f3n, hemorragias nasales, zumbido en los o\u00eddos, s\u00edntomas de problemas card\u00edacos, problemas de memoria y problemas en la piel<\/strong> s\u00f3lo unos d\u00edas despu\u00e9s de que una estaci\u00f3n base 5G entrara en funcionamiento en el techo de su casa. Todos los s\u00edntomas desaparecieron en 24 horas (en el hombre) o 1-3 d\u00edas (en la mujer) despu\u00e9s de que la pareja se mudara a otro piso con niveles de radiaci\u00f3n m\u00e1s bajos.<\/p>\n<p>El estudio del caso tambi\u00e9n mostr\u00f3 que, contrariamente a lo que afirman los pol\u00edticos y la industria, la conversi\u00f3n a 5G aumenta significativamente la exposici\u00f3n a la radiaci\u00f3n. Incluso antes de que se pusiera en funcionamiento la antena 5G, se hab\u00edan instalado estaciones base 3G y 4G en el techo, pero cuando se encendi\u00f3 5G, la exposici\u00f3n a la radiaci\u00f3n aument\u00f3 188 veces (de 9 milivatios\/m2 a un m\u00e1ximo de 1.690 milivatios\/m2). Mona Nilsson, directora ejecutiva de la \u201cSwedish Radiation Protection Foundation\u201d y coautora del estudio, dijo al estadounidense \u201cThe Defender\u201d: <strong>\u201cNo hay estudios que demuestren que esta tecnolog\u00eda y la exposici\u00f3n creciente y com\u00fan a las estaciones base 5G y 4G en los niveles permitidos por el gobierno sea segura. Al contrario, los estudios han demostrado en forma repetida y convincente un mayor riesgo al s\u00edndrome de las microondas y al c\u00e1ncer, a niveles que est\u00e1n muy por debajo de los niveles que el gobierno y las empresas de telecomunicaciones afirman falsamente que son seguros.\u201c<\/strong><span class=\"footnote_referrer\"><a role=\"button\" tabindex=\"0\" onclick=\"footnote_moveToReference_38991_1('footnote_plugin_reference_38991_1_3');\" onkeypress=\"footnote_moveToReference_38991_1('footnote_plugin_reference_38991_1_3');\" ><sup id=\"footnote_plugin_tooltip_38991_1_3\" class=\"footnote_plugin_tooltip_text\">3)<\/sup><\/a><span id=\"footnote_plugin_tooltip_text_38991_1_3\" class=\"footnote_tooltip\"><a href=\"https:\/\/childrenshealthdefense.org\/defender\/5g-radiation-microwave-syndrome-symptoms\/\" target=\"_blank\" rel=\"noopener\"><span class=\"footnote_url_wrap\">https:\/\/childrenshealthdefense.org\/defender\/5g-radiation-microwave-syndrome-symptoms\/<\/span><\/a><\/span><\/span><script type=\"text\/javascript\"> jQuery('#footnote_plugin_tooltip_38991_1_3').tooltip({ tip: '#footnote_plugin_tooltip_text_38991_1_3', tipClass: 'footnote_tooltip', effect: 'fade', predelay: 0, fadeInSpeed: 200, delay: 400, fadeOutSpeed: 200, position: 'top right', relative: true, offset: [10, 10], });<\/script><\/p>\n<p>De manera alarmante, la industria de las telecomunicaciones intent\u00f3 censurar el art\u00edculo sobre este estudio del caso cuando se public\u00f3 por primera vez en la revista m\u00e9dica&nbsp;\u00abMedicinsk Accessin\u00bb en la primavera de 2022. Un representante de Ericsson, el proveedor de la infraestructura 5G l\u00edder en el mundo y la organizaci\u00f3n paraguas de 1.200 empresas de tecnolog\u00eda, es decir, todas las principales empresas de telecomunicaciones de Suecia \u2013 escribieron al editor de la revista sueca inst\u00e1ndolo a \u201cretirar el art\u00edculo\u201d, explicaron los autores del estudio del caso. Numerosos suecos se pusieron en contacto con la&nbsp;\u00abSwedish Radiation Protection Foundation\u00bb e informaron de problemas de salud despu\u00e9s de que se instalara una antena 5G en su vecindario. \u201cBas\u00e1ndonos en las mediciones del incremento masivo de la radiaci\u00f3n de 5G y lo que sabemos hasta ahora, podemos concluir <strong>que la 5G es muy peligrosa y debe detenerse<\/strong>,\u201d dijo Nilsson.<span class=\"footnote_referrer\"><a role=\"button\" tabindex=\"0\" onclick=\"footnote_moveToReference_38991_1('footnote_plugin_reference_38991_1_4');\" onkeypress=\"footnote_moveToReference_38991_1('footnote_plugin_reference_38991_1_4');\" ><sup id=\"footnote_plugin_tooltip_38991_1_4\" class=\"footnote_plugin_tooltip_text\">4)<\/sup><\/a><span id=\"footnote_plugin_tooltip_text_38991_1_4\" class=\"footnote_tooltip\"><a href=\"https:\/\/childrenshealthdefense.org\/defender\/wireless-technology-electromagnetic-radiation-humans\/\" target=\"_blank\" rel=\"noopener\"><span class=\"footnote_url_wrap\">https:\/\/childrenshealthdefense.org\/defender\/wireless-technology-electromagnetic-radiation-humans\/<\/span><\/a><\/span><\/span><script type=\"text\/javascript\"> jQuery('#footnote_plugin_tooltip_38991_1_4').tooltip({ tip: '#footnote_plugin_tooltip_text_38991_1_4', tipClass: 'footnote_tooltip', effect: 'fade', predelay: 0, fadeInSpeed: 200, delay: 400, fadeOutSpeed: 200, position: 'top right', relative: true, offset: [10, 10], });<\/script><\/p>\n<h3>Los sistemas biol\u00f3gicos se ven afectados significativamente por la comunicaci\u00f3n inal\u00e1mbrica<\/h3>\n<p>Un estudio revisado de parejas<span class=\"footnote_referrer\"><a role=\"button\" tabindex=\"0\" onclick=\"footnote_moveToReference_38991_1('footnote_plugin_reference_38991_1_5');\" onkeypress=\"footnote_moveToReference_38991_1('footnote_plugin_reference_38991_1_5');\" ><sup id=\"footnote_plugin_tooltip_38991_1_5\" class=\"footnote_plugin_tooltip_text\">5)<\/sup><\/a><span id=\"footnote_plugin_tooltip_text_38991_1_5\" class=\"footnote_tooltip\">Julie E. McCredden, Naomi Cook, Steven Weller and Victor Leach (2022). Wireless technology is an environmental stressor requiring new understanding and approaches in health care. Front. Public Health, 20 December 2022. Sec. Radiation and Health. Volume 10 &#8211; 2022. <a href=\"https:\/\/www.frontiersin.org\/articles\/10.3389\/fpubh.2022.986315\/full\" target=\"_blank\" rel=\"noopener\"><span class=\"footnote_url_wrap\">https:\/\/www.frontiersin.org\/articles\/10.3389\/fpubh.2022.986315\/full<\/span><\/a><\/span><\/span><script type=\"text\/javascript\"> jQuery('#footnote_plugin_tooltip_38991_1_5').tooltip({ tip: '#footnote_plugin_tooltip_text_38991_1_5', tipClass: 'footnote_tooltip', effect: 'fade', predelay: 0, fadeInSpeed: 200, delay: 400, fadeOutSpeed: 200, position: 'top right', relative: true, offset: [10, 10], });<\/script> publicado en&nbsp;\u00abFrontiers in Public Health\u00bb en diciembre de 2022 concluy\u00f3 <strong>que hay&nbsp;\u00abuna amplia evidencia\u00bb de que&nbsp;\u00ablos sistemas biol\u00f3gicos humanos se ven sometidos a una gran presi\u00f3n por la exposici\u00f3n a los dispositivos de comunicaci\u00f3n inal\u00e1mbricos cotidianos y a la infraestructura relacionada\u00bb<\/strong>. Investigadores de Oceania Radiofrequency Scientific Advisory Association (ORSAA) and the Centre for Environment and Population Health at Griffith University\u2019s School of Medicine and Dentistry en Brisbane, Australia, resumieron los resultados de 1.106 estudios experimentales y epidemiol\u00f3gicos que analizaron los efectos biol\u00f3gicos y en la salud de los Campos electromagn\u00e9ticos y la radiaci\u00f3n. <strong>Dos tercios de los estudios cient\u00edficos examinados encontraron efectos biol\u00f3gicos significativos en la salud.<\/strong> Los cient\u00edficos australianos escribieron que cientos de art\u00edculos encontraron efectos de los tel\u00e9fonos m\u00f3viles y la infraestructura de los mismos en los procesos biol\u00f3gicos b\u00e1sicos del cuerpo humano, incluidos, por ejemplo, <strong>da\u00f1o a las prote\u00ednas, cambios bioqu\u00edmicos y estr\u00e9s oxidativo<\/strong>.<\/p>\n<p>Otro estudio revisado por pares<span class=\"footnote_referrer\"><a role=\"button\" tabindex=\"0\" onclick=\"footnote_moveToReference_38991_1('footnote_plugin_reference_38991_1_6');\" onkeypress=\"footnote_moveToReference_38991_1('footnote_plugin_reference_38991_1_6');\" ><sup id=\"footnote_plugin_tooltip_38991_1_6\" class=\"footnote_plugin_tooltip_text\">6)<\/sup><\/a><span id=\"footnote_plugin_tooltip_text_38991_1_6\" class=\"footnote_tooltip\">Junjie Huang, Sze Chai Chan, Veeleah Lok, Lin Zhang, Xu Lin, Don Eliseo Lucero-Prisno, Wanghong Xu, Zhi-Jie Zheng, Edmar Elcarte, Mellissa Withers, Martin C S Wong, NCD Global Health Research Group, Association of Pacific Rim Universities (APRU) (2022). Disease burden, risk factors, and trends of primary central nervous system (CNS) cancer: a global study of registries data. Neuro-Oncology, noac213, <a href=\"https:\/\/doi.org\/10.1093\/neuonc\/noac213\" target=\"_blank\" rel=\"noopener\"><span class=\"footnote_url_wrap\">https:\/\/doi.org\/10.1093\/neuonc\/noac213<\/span><\/a> <a href=\"https:\/\/academic.oup.com\/neuro-oncology\/advance-article-abstract\/doi\/10.1093\/neuonc\/noac213\/6681116\" target=\"_blank\" rel=\"noopener\"><span class=\"footnote_url_wrap\">https:\/\/academic.oup.com\/neuro-oncology\/advance-article-abstract\/doi\/10.1093\/neuonc\/noac213\/6681116<\/span><\/a><\/span><\/span><script type=\"text\/javascript\"> jQuery('#footnote_plugin_tooltip_38991_1_6').tooltip({ tip: '#footnote_plugin_tooltip_text_38991_1_6', tipClass: 'footnote_tooltip', effect: 'fade', predelay: 0, fadeInSpeed: 200, delay: 400, fadeOutSpeed: 200, position: 'top right', relative: true, offset: [10, 10], });<\/script> publicado en septiembre de 2022 en la revista&nbsp;\u00abNeuro-Oncology\u00bb por la Facultad de Medicina de la Universidad China de Hong Kong en cooperaci\u00f3n con la Asociaci\u00f3n de Universidades de la Cuenca del Pac\u00edfico tambi\u00e9n lleg\u00f3 a la conclusi\u00f3n de que el uso de un tel\u00e9fono m\u00f3vil , entre otros factores, debe estar<strong> claramente asociado con el desarrollo de tumores cerebrales primarios.<\/strong><\/p>\n<h3>A menudo los efectos biol\u00f3gicos todav\u00eda se ignoran<\/h3>\n<p><img loading=\"lazy\" decoding=\"async\" class=\"size-medium wp-image-38869 alignleft\" src=\"https:\/\/www.naturalscience.org\/wp-content\/uploads\/2023\/01\/AdobeStock_209883822-300x243.jpeg\" alt=\"\" width=\"300\" height=\"243\" srcset=\"https:\/\/www.naturalscience.org\/wp-content\/uploads\/2023\/01\/AdobeStock_209883822-300x243.jpeg 300w, https:\/\/www.naturalscience.org\/wp-content\/uploads\/2023\/01\/AdobeStock_209883822-1024x828.jpeg 1024w, https:\/\/www.naturalscience.org\/wp-content\/uploads\/2023\/01\/AdobeStock_209883822-768x621.jpeg 768w, https:\/\/www.naturalscience.org\/wp-content\/uploads\/2023\/01\/AdobeStock_209883822-1536x1242.jpeg 1536w, https:\/\/www.naturalscience.org\/wp-content\/uploads\/2023\/01\/AdobeStock_209883822-2048x1656.jpeg 2048w, https:\/\/www.naturalscience.org\/wp-content\/uploads\/2023\/01\/AdobeStock_209883822-164x133.jpeg 164w, https:\/\/www.naturalscience.org\/wp-content\/uploads\/2023\/01\/AdobeStock_209883822-400x323.jpeg 400w, https:\/\/www.naturalscience.org\/wp-content\/uploads\/2023\/01\/AdobeStock_209883822-500x404.jpeg 500w\" sizes=\"auto, (max-width: 300px) 100vw, 300px\" \/>En este contexto, cabe mencionar un estudio longitudinal<span class=\"footnote_referrer\"><a role=\"button\" tabindex=\"0\" onclick=\"footnote_moveToReference_38991_1('footnote_plugin_reference_38991_1_7');\" onkeypress=\"footnote_moveToReference_38991_1('footnote_plugin_reference_38991_1_7');\" ><sup id=\"footnote_plugin_tooltip_38991_1_7\" class=\"footnote_plugin_tooltip_text\">7)<\/sup><\/a><span id=\"footnote_plugin_tooltip_text_38991_1_7\" class=\"footnote_tooltip\">Marloes Eeftens, Chen Shen, Jana S\u00f6nksen, Claudia Schmutz, Luuk van Wel, Ilaria Liorni, Roel Vermeulen, Elisabeth Cardis, Joe Wiart, Mireille Toledano, Martin R\u00f6\u00f6sli (2023). Modelling of daily radiofrequency electromagnetic field dose for a prospective adolescent cohort. Environment International. 4 Januar 2023. <a href=\"https:\/\/www.sciencedirect.com\/science\/article\/pii\/S0160412023000107\" target=\"_blank\" rel=\"noopener\"><span class=\"footnote_url_wrap\">https:\/\/www.sciencedirect.com\/science\/article\/pii\/S0160412023000107<\/span><\/a><\/span><\/span><script type=\"text\/javascript\"> jQuery('#footnote_plugin_tooltip_38991_1_7').tooltip({ tip: '#footnote_plugin_tooltip_text_38991_1_7', tipClass: 'footnote_tooltip', effect: 'fade', predelay: 0, fadeInSpeed: 200, delay: 400, fadeOutSpeed: 200, position: 'top right', relative: true, offset: [10, 10], });<\/script> publicado en la revista \u201cEnvironment International\u201d el 5 de enero de 2023, en el que se examin\u00f3 la dosis diaria de los campos electromagn\u00e9ticos de alta frecuencia en el cuerpo de m\u00e1s de 6.000 adolescentes brit\u00e1nicos durante un per\u00edodo de dos a\u00f1os (2014-2016). Si bien el valor en todo el cuerpo se mantuvo aproximadamente igual en el momento de la medici\u00f3n, <strong>los investigadores encontraron un aumento significativo del 32&nbsp;% en el cerebro de los adolescentes despu\u00e9s de dos a\u00f1os<\/strong>, especialmente en el l\u00f3bulo temporal. (Los l\u00f3bulos temporal y frontal es donde se desarrollan la mayor\u00eda de los tumores de glioblastoma). La raz\u00f3n principal del aumento fue el uso de sus tel\u00e9fonos m\u00f3viles por los adolescentes, con redes 2G a\u00fan principalmente en funcionamiento en el momento de la medici\u00f3n.<\/p>\n<p>Los cr\u00edticos, sin embargo, se\u00f1alan que este estudio tiene claras deficiencias, especialmente porque los autores se abstuvieron de investigar los posibles efectos biol\u00f3gicos y de la salud. Esto puede tener que ver sobre todo con el hecho de que varios autores del estudio tienen conexiones con la industria de la telefon\u00eda m\u00f3vil. Eileen O&#8217;Connor, cofundadora y directora de la&nbsp;\u00abEM Radiation Research Trust\u00bb en el Reino Unido y miembro de la junta de la Allianza Internacional EMF, describi\u00f3 el estudio como&nbsp;\u00abapto para la industria\u00bb. Dijo que&nbsp;\u00abLas palabras clave del art\u00edculo son &#8216;estimar y suponer&#8217; con el foco puesto en la tasa de absorci\u00f3n espec\u00edfica (SAR, en ingl\u00e9s), que solo se refiere a las emisiones de los tel\u00e9fonos m\u00f3viles que pueden calentar el tejido biol\u00f3gico\u00bb. Muchos expertos confirman que el SAR no es bueno como m\u00e9todo de medici\u00f3n de los efectos de los tel\u00e9fonos m\u00f3viles en humanos. En 2013, un equipo de investigadores evalu\u00f3 el SAR como un m\u00e9todo para cuantificar los posibles efectos biol\u00f3gicos de los campos electromagn\u00e9ticos y concluy\u00f3 que&nbsp;\u00abel SAR en realidad se refiere a los efectos t\u00e9rmicos, <strong>mientras que la gran mayor\u00eda de los efectos biol\u00f3gicos registrados de la radiaci\u00f3n ambiental no ionizante creada por el hombre son no t\u00e9rmicos<\/strong>.\u201d<span class=\"footnote_referrer\"><a role=\"button\" tabindex=\"0\" onclick=\"footnote_moveToReference_38991_1('footnote_plugin_reference_38991_1_8');\" onkeypress=\"footnote_moveToReference_38991_1('footnote_plugin_reference_38991_1_8');\" ><sup id=\"footnote_plugin_tooltip_38991_1_8\" class=\"footnote_plugin_tooltip_text\">8)<\/sup><\/a><span id=\"footnote_plugin_tooltip_text_38991_1_8\" class=\"footnote_tooltip\">Dimitris. Panagopoulos, Olle Johansson, George L. Carlo (2013). Evaluation of Specific Absorption Rate as a Dosimetric Quantity for Electromagnetic Fields Bioeffects. PLOS ONE. June 2013, Volume 8, Issue 6.<a href=\"https:\/\/journals.plos.org\/plosone\/article\/file?id=10.1371\/journal.pone.0062663&amp;type=printable\" target=\"_blank\" rel=\"noopener\"> <span class=\"footnote_url_wrap\">https:\/\/journals.plos.org\/plosone\/article\/file?id=10.1371\/journal.pone.0062663&amp;type=printable<\/span><\/a><\/span><\/span><script type=\"text\/javascript\"> jQuery('#footnote_plugin_tooltip_38991_1_8').tooltip({ tip: '#footnote_plugin_tooltip_text_38991_1_8', tipClass: 'footnote_tooltip', effect: 'fade', predelay: 0, fadeInSpeed: 200, delay: 400, fadeOutSpeed: 200, position: 'top right', relative: true, offset: [10, 10], });<\/script><\/p>\n<div class=\"speaker-mute footnotes_reference_container\"> <div class=\"footnote_container_prepare\"><p><span role=\"button\" tabindex=\"0\" class=\"footnote_reference_container_label pointer\" onclick=\"footnote_expand_collapse_reference_container_38991_1();\">References<\/span><span role=\"button\" tabindex=\"0\" class=\"footnote_reference_container_collapse_button\" style=\"display: none;\" onclick=\"footnote_expand_collapse_reference_container_38991_1();\">[<a id=\"footnote_reference_container_collapse_button_38991_1\">+<\/a>]<\/span><\/p><\/div> <div id=\"footnote_references_container_38991_1\" style=\"\"><table class=\"footnotes_table footnote-reference-container\"><caption class=\"accessibility\">References<\/caption> <tbody> \r\n\r\n<tr class=\"footnotes_plugin_reference_row\"> <th scope=\"row\" class=\"footnote_plugin_index_combi pointer\"  onclick=\"footnote_moveToAnchor_38991_1('footnote_plugin_tooltip_38991_1_1');\"><a id=\"footnote_plugin_reference_38991_1_1\" class=\"footnote_backlink\"><span class=\"footnote_index_arrow\">&#8593;<\/span>1<\/a><\/th> <td class=\"footnote_plugin_text\">Lennart Hardell, Mona Nilsson (2023). Case Report: The Microwave Syndrome after Installation of 5G Emphasizes the Need for Protection from Radiofrequency Radiation. Ann Case Rep: 8: 1112. <a href=\"https:\/\/www.gavinpublishers.com\/assets\/articles_pdf\/Case-Report-The-Microwave-Syndrome-after--Installation-of-5G-Emphasizes-the-Need-for--Protection-from-Radiofrequency-Radiation.pdf\" target=\"_blank\" rel=\"noopener\"><span class=\"footnote_url_wrap\">https:\/\/www.gavinpublishers.com\/assets\/articles_pdf\/Case-Report-The-Microwave-Syndrome-after&#8211;Installation-of-5G-Emphasizes-the-Need-for&#8211;Protection-from-Radiofrequency-Radiation.pdf<\/span><\/a><\/td><\/tr>\r\n\r\n<tr class=\"footnotes_plugin_reference_row\"> <th scope=\"row\" class=\"footnote_plugin_index_combi pointer\"  onclick=\"footnote_moveToAnchor_38991_1('footnote_plugin_tooltip_38991_1_2');\"><a id=\"footnote_plugin_reference_38991_1_2\" class=\"footnote_backlink\"><span class=\"footnote_index_arrow\">&#8593;<\/span>2<\/a><\/th> <td class=\"footnote_plugin_text\">Yael Stein, Iris G Udasin (2020): Electromagnetic hypersensitivity (EHS, microwave syndrome) &#8211; Review of mechanisms. Environ Res. 2020 Jul;186:109445. doi: 10.1016\/j.envres.2020.109445. <a href=\"https:\/\/pubmed.ncbi.nlm.nih.gov\/32289567\/\" target=\"_blank\" rel=\"noopener\"><span class=\"footnote_url_wrap\">https:\/\/pubmed.ncbi.nlm.nih.gov\/32289567\/<\/span><\/a><\/td><\/tr>\r\n\r\n<tr class=\"footnotes_plugin_reference_row\"> <th scope=\"row\" class=\"footnote_plugin_index_combi pointer\"  onclick=\"footnote_moveToAnchor_38991_1('footnote_plugin_tooltip_38991_1_3');\"><a id=\"footnote_plugin_reference_38991_1_3\" class=\"footnote_backlink\"><span class=\"footnote_index_arrow\">&#8593;<\/span>3<\/a><\/th> <td class=\"footnote_plugin_text\"><a href=\"https:\/\/childrenshealthdefense.org\/defender\/5g-radiation-microwave-syndrome-symptoms\/\" target=\"_blank\" rel=\"noopener\"><span class=\"footnote_url_wrap\">https:\/\/childrenshealthdefense.org\/defender\/5g-radiation-microwave-syndrome-symptoms\/<\/span><\/a><\/td><\/tr>\r\n\r\n<tr class=\"footnotes_plugin_reference_row\"> <th scope=\"row\" class=\"footnote_plugin_index_combi pointer\"  onclick=\"footnote_moveToAnchor_38991_1('footnote_plugin_tooltip_38991_1_4');\"><a id=\"footnote_plugin_reference_38991_1_4\" class=\"footnote_backlink\"><span class=\"footnote_index_arrow\">&#8593;<\/span>4<\/a><\/th> <td class=\"footnote_plugin_text\"><a href=\"https:\/\/childrenshealthdefense.org\/defender\/wireless-technology-electromagnetic-radiation-humans\/\" target=\"_blank\" rel=\"noopener\"><span class=\"footnote_url_wrap\">https:\/\/childrenshealthdefense.org\/defender\/wireless-technology-electromagnetic-radiation-humans\/<\/span><\/a><\/td><\/tr>\r\n\r\n<tr class=\"footnotes_plugin_reference_row\"> <th scope=\"row\" class=\"footnote_plugin_index_combi pointer\"  onclick=\"footnote_moveToAnchor_38991_1('footnote_plugin_tooltip_38991_1_5');\"><a id=\"footnote_plugin_reference_38991_1_5\" class=\"footnote_backlink\"><span class=\"footnote_index_arrow\">&#8593;<\/span>5<\/a><\/th> <td class=\"footnote_plugin_text\">Julie E. McCredden, Naomi Cook, Steven Weller and Victor Leach (2022). Wireless technology is an environmental stressor requiring new understanding and approaches in health care. Front. Public Health, 20 December 2022. Sec. Radiation and Health. Volume 10 &#8211; 2022. <a href=\"https:\/\/www.frontiersin.org\/articles\/10.3389\/fpubh.2022.986315\/full\" target=\"_blank\" rel=\"noopener\"><span class=\"footnote_url_wrap\">https:\/\/www.frontiersin.org\/articles\/10.3389\/fpubh.2022.986315\/full<\/span><\/a><\/td><\/tr>\r\n\r\n<tr class=\"footnotes_plugin_reference_row\"> <th scope=\"row\" class=\"footnote_plugin_index_combi pointer\"  onclick=\"footnote_moveToAnchor_38991_1('footnote_plugin_tooltip_38991_1_6');\"><a id=\"footnote_plugin_reference_38991_1_6\" class=\"footnote_backlink\"><span class=\"footnote_index_arrow\">&#8593;<\/span>6<\/a><\/th> <td class=\"footnote_plugin_text\">Junjie Huang, Sze Chai Chan, Veeleah Lok, Lin Zhang, Xu Lin, Don Eliseo Lucero-Prisno, Wanghong Xu, Zhi-Jie Zheng, Edmar Elcarte, Mellissa Withers, Martin C S Wong, NCD Global Health Research Group, Association of Pacific Rim Universities (APRU) (2022). Disease burden, risk factors, and trends of primary central nervous system (CNS) cancer: a global study of registries data. Neuro-Oncology, noac213, <a href=\"https:\/\/doi.org\/10.1093\/neuonc\/noac213\" target=\"_blank\" rel=\"noopener\"><span class=\"footnote_url_wrap\">https:\/\/doi.org\/10.1093\/neuonc\/noac213<\/span><\/a> <a href=\"https:\/\/academic.oup.com\/neuro-oncology\/advance-article-abstract\/doi\/10.1093\/neuonc\/noac213\/6681116\" target=\"_blank\" rel=\"noopener\"><span class=\"footnote_url_wrap\">https:\/\/academic.oup.com\/neuro-oncology\/advance-article-abstract\/doi\/10.1093\/neuonc\/noac213\/6681116<\/span><\/a><\/td><\/tr>\r\n\r\n<tr class=\"footnotes_plugin_reference_row\"> <th scope=\"row\" class=\"footnote_plugin_index_combi pointer\"  onclick=\"footnote_moveToAnchor_38991_1('footnote_plugin_tooltip_38991_1_7');\"><a id=\"footnote_plugin_reference_38991_1_7\" class=\"footnote_backlink\"><span class=\"footnote_index_arrow\">&#8593;<\/span>7<\/a><\/th> <td class=\"footnote_plugin_text\">Marloes Eeftens, Chen Shen, Jana S\u00f6nksen, Claudia Schmutz, Luuk van Wel, Ilaria Liorni, Roel Vermeulen, Elisabeth Cardis, Joe Wiart, Mireille Toledano, Martin R\u00f6\u00f6sli (2023). Modelling of daily radiofrequency electromagnetic field dose for a prospective adolescent cohort. Environment International. 4 Januar 2023. <a href=\"https:\/\/www.sciencedirect.com\/science\/article\/pii\/S0160412023000107\" target=\"_blank\" rel=\"noopener\"><span class=\"footnote_url_wrap\">https:\/\/www.sciencedirect.com\/science\/article\/pii\/S0160412023000107<\/span><\/a><\/td><\/tr>\r\n\r\n<tr class=\"footnotes_plugin_reference_row\"> <th scope=\"row\" class=\"footnote_plugin_index_combi pointer\"  onclick=\"footnote_moveToAnchor_38991_1('footnote_plugin_tooltip_38991_1_8');\"><a id=\"footnote_plugin_reference_38991_1_8\" class=\"footnote_backlink\"><span class=\"footnote_index_arrow\">&#8593;<\/span>8<\/a><\/th> <td class=\"footnote_plugin_text\">Dimitris. Panagopoulos, Olle Johansson, George L. Carlo (2013). Evaluation of Specific Absorption Rate as a Dosimetric Quantity for Electromagnetic Fields Bioeffects. PLOS ONE. June 2013, Volume 8, Issue 6.<a href=\"https:\/\/journals.plos.org\/plosone\/article\/file?id=10.1371\/journal.pone.0062663&amp;type=printable\" target=\"_blank\" rel=\"noopener\"> <span class=\"footnote_url_wrap\">https:\/\/journals.plos.org\/plosone\/article\/file?id=10.1371\/journal.pone.0062663&amp;type=printable<\/span><\/a><\/td><\/tr>\r\n\r\n <\/tbody> <\/table> <\/div><\/div><script type=\"text\/javascript\"> function footnote_expand_reference_container_38991_1() { jQuery('#footnote_references_container_38991_1').show(); jQuery('#footnote_reference_container_collapse_button_38991_1').text('\u2212'); } function footnote_collapse_reference_container_38991_1() { jQuery('#footnote_references_container_38991_1').hide(); jQuery('#footnote_reference_container_collapse_button_38991_1').text('+'); } function footnote_expand_collapse_reference_container_38991_1() { if (jQuery('#footnote_references_container_38991_1').is(':hidden')) { footnote_expand_reference_container_38991_1(); } else { footnote_collapse_reference_container_38991_1(); } } function footnote_moveToReference_38991_1(p_str_TargetID) { footnote_expand_reference_container_38991_1(); var l_obj_Target = jQuery('#' + p_str_TargetID); if (l_obj_Target.length) { jQuery( 'html, body' ).delay( 0 ); jQuery('html, body').animate({ scrollTop: l_obj_Target.offset().top - window.innerHeight * 0.2 }, 380); } } function footnote_moveToAnchor_38991_1(p_str_TargetID) { footnote_expand_reference_container_38991_1(); var l_obj_Target = jQuery('#' + p_str_TargetID); if (l_obj_Target.length) { jQuery( 'html, body' ).delay( 0 ); jQuery('html, body').animate({ scrollTop: l_obj_Target.offset().top - window.innerHeight * 0.2 }, 380); } }<\/script>","protected":false},"excerpt":{"rendered":"Cada vez es m\u00e1s clara y frecuente la evidencia de que la radiaci\u00f3n de los tel\u00e9fonos m\u00f3viles, y en particular de la tecnolog\u00eda 5G, es todo menos que inocua para los seres humanos y que los valores umbral actuales no son suficientes para proteger la salud. Por ejemplo, el 10 de enero de 2023, se [&hellip;]","protected":false},"author":11,"featured_media":0,"comment_status":"closed","ping_status":"closed","sticky":false,"template":"","format":"standard","meta":{"_acf_changed":false,"ngg_post_thumbnail":0,"footnotes":""},"categories":[487,525,174],"tags":[],"class_list":["post-38991","post","type-post","status-publish","format-standard","hentry","category-5g","category-efectos-y-perjuicios","category-microondas-y-comunicaciones-moviles","wpautop"],"acf":[],"yoast_head":"<!-- This site is optimized with the Yoast SEO plugin v27.5 - https:\/\/yoast.com\/product\/yoast-seo-wordpress\/ -->\n<title>Comprobado de nuevo: La radiaci\u00f3n de microondas tiene efectos biol\u00f3gicos negativos en los seres humanos - The World Foundation for Natural Science<\/title>\n<meta name=\"robots\" content=\"index, follow, max-snippet:-1, max-image-preview:large, max-video-preview:-1\" \/>\n<link rel=\"canonical\" href=\"https:\/\/www.naturalscience.org\/es\/news\/2023\/02\/comprobado-de-nuevo-la-radiacion-de-microondas-tiene-efectos-biologicos-negativos-en-los-seres-humanos\/\" \/>\n<meta name=\"twitter:label1\" content=\"Escrito por\" \/>\n\t<meta name=\"twitter:data1\" content=\"Monika Waldmann\" \/>\n\t<meta name=\"twitter:label2\" content=\"Tiempo de lectura\" \/>\n\t<meta name=\"twitter:data2\" content=\"7 minutos\" \/>\n<script type=\"application\/ld+json\" class=\"yoast-schema-graph\">{\"@context\":\"https:\\\/\\\/schema.org\",\"@graph\":[{\"@type\":\"Article\",\"@id\":\"https:\\\/\\\/www.naturalscience.org\\\/es\\\/news\\\/2023\\\/02\\\/comprobado-de-nuevo-la-radiacion-de-microondas-tiene-efectos-biologicos-negativos-en-los-seres-humanos\\\/#article\",\"isPartOf\":{\"@id\":\"https:\\\/\\\/www.naturalscience.org\\\/es\\\/news\\\/2023\\\/02\\\/comprobado-de-nuevo-la-radiacion-de-microondas-tiene-efectos-biologicos-negativos-en-los-seres-humanos\\\/\"},\"author\":{\"name\":\"Monika Waldmann\",\"@id\":\"https:\\\/\\\/www.naturalscience.org\\\/#\\\/schema\\\/person\\\/f3e16bb7057b29f8593016bf70a42022\"},\"headline\":\"Comprobado de nuevo: La radiaci\u00f3n de microondas tiene efectos biol\u00f3gicos negativos en los seres humanos\",\"datePublished\":\"2023-02-08T15:22:42+00:00\",\"dateModified\":\"2024-07-16T12:48:31+00:00\",\"mainEntityOfPage\":{\"@id\":\"https:\\\/\\\/www.naturalscience.org\\\/es\\\/news\\\/2023\\\/02\\\/comprobado-de-nuevo-la-radiacion-de-microondas-tiene-efectos-biologicos-negativos-en-los-seres-humanos\\\/\"},\"wordCount\":1481,\"image\":{\"@id\":\"https:\\\/\\\/www.naturalscience.org\\\/es\\\/news\\\/2023\\\/02\\\/comprobado-de-nuevo-la-radiacion-de-microondas-tiene-efectos-biologicos-negativos-en-los-seres-humanos\\\/#primaryimage\"},\"thumbnailUrl\":\"https:\\\/\\\/www.naturalscience.org\\\/wp-content\\\/uploads\\\/2023\\\/01\\\/AdobeStock_361337228-300x200.jpeg\",\"articleSection\":[\"5G\",\"Efectos y perjuicios\",\"Microondas y Comunicaciones m\u00f3viles\"],\"inLanguage\":\"es\"},{\"@type\":\"WebPage\",\"@id\":\"https:\\\/\\\/www.naturalscience.org\\\/es\\\/news\\\/2023\\\/02\\\/comprobado-de-nuevo-la-radiacion-de-microondas-tiene-efectos-biologicos-negativos-en-los-seres-humanos\\\/\",\"url\":\"https:\\\/\\\/www.naturalscience.org\\\/es\\\/news\\\/2023\\\/02\\\/comprobado-de-nuevo-la-radiacion-de-microondas-tiene-efectos-biologicos-negativos-en-los-seres-humanos\\\/\",\"name\":\"Comprobado de nuevo: La radiaci\u00f3n de microondas tiene efectos biol\u00f3gicos negativos en los seres humanos - The World Foundation for Natural Science\",\"isPartOf\":{\"@id\":\"https:\\\/\\\/www.naturalscience.org\\\/#website\"},\"primaryImageOfPage\":{\"@id\":\"https:\\\/\\\/www.naturalscience.org\\\/es\\\/news\\\/2023\\\/02\\\/comprobado-de-nuevo-la-radiacion-de-microondas-tiene-efectos-biologicos-negativos-en-los-seres-humanos\\\/#primaryimage\"},\"image\":{\"@id\":\"https:\\\/\\\/www.naturalscience.org\\\/es\\\/news\\\/2023\\\/02\\\/comprobado-de-nuevo-la-radiacion-de-microondas-tiene-efectos-biologicos-negativos-en-los-seres-humanos\\\/#primaryimage\"},\"thumbnailUrl\":\"https:\\\/\\\/www.naturalscience.org\\\/wp-content\\\/uploads\\\/2023\\\/01\\\/AdobeStock_361337228-300x200.jpeg\",\"datePublished\":\"2023-02-08T15:22:42+00:00\",\"dateModified\":\"2024-07-16T12:48:31+00:00\",\"author\":{\"@id\":\"https:\\\/\\\/www.naturalscience.org\\\/#\\\/schema\\\/person\\\/f3e16bb7057b29f8593016bf70a42022\"},\"breadcrumb\":{\"@id\":\"https:\\\/\\\/www.naturalscience.org\\\/es\\\/news\\\/2023\\\/02\\\/comprobado-de-nuevo-la-radiacion-de-microondas-tiene-efectos-biologicos-negativos-en-los-seres-humanos\\\/#breadcrumb\"},\"inLanguage\":\"es\",\"potentialAction\":[{\"@type\":\"ReadAction\",\"target\":[\"https:\\\/\\\/www.naturalscience.org\\\/es\\\/news\\\/2023\\\/02\\\/comprobado-de-nuevo-la-radiacion-de-microondas-tiene-efectos-biologicos-negativos-en-los-seres-humanos\\\/\"]}]},{\"@type\":\"ImageObject\",\"inLanguage\":\"es\",\"@id\":\"https:\\\/\\\/www.naturalscience.org\\\/es\\\/news\\\/2023\\\/02\\\/comprobado-de-nuevo-la-radiacion-de-microondas-tiene-efectos-biologicos-negativos-en-los-seres-humanos\\\/#primaryimage\",\"url\":\"https:\\\/\\\/www.naturalscience.org\\\/wp-content\\\/uploads\\\/2023\\\/01\\\/AdobeStock_361337228-300x200.jpeg\",\"contentUrl\":\"https:\\\/\\\/www.naturalscience.org\\\/wp-content\\\/uploads\\\/2023\\\/01\\\/AdobeStock_361337228-300x200.jpeg\"},{\"@type\":\"BreadcrumbList\",\"@id\":\"https:\\\/\\\/www.naturalscience.org\\\/es\\\/news\\\/2023\\\/02\\\/comprobado-de-nuevo-la-radiacion-de-microondas-tiene-efectos-biologicos-negativos-en-los-seres-humanos\\\/#breadcrumb\",\"itemListElement\":[{\"@type\":\"ListItem\",\"position\":1,\"name\":\"Home\",\"item\":\"https:\\\/\\\/www.naturalscience.org\\\/es\\\/\"},{\"@type\":\"ListItem\",\"position\":2,\"name\":\"Comprobado de nuevo: La radiaci\u00f3n de microondas tiene efectos biol\u00f3gicos negativos en los seres humanos\"}]},{\"@type\":\"WebSite\",\"@id\":\"https:\\\/\\\/www.naturalscience.org\\\/#website\",\"url\":\"https:\\\/\\\/www.naturalscience.org\\\/\",\"name\":\"The World Foundation for Natural Science\",\"description\":\"Restoring and Healing the World through Responsibility and Commitment in accord with Natural and Divine Law!\",\"potentialAction\":[{\"@type\":\"SearchAction\",\"target\":{\"@type\":\"EntryPoint\",\"urlTemplate\":\"https:\\\/\\\/www.naturalscience.org\\\/?s={search_term_string}\"},\"query-input\":{\"@type\":\"PropertyValueSpecification\",\"valueRequired\":true,\"valueName\":\"search_term_string\"}}],\"inLanguage\":\"es\"},{\"@type\":\"Person\",\"@id\":\"https:\\\/\\\/www.naturalscience.org\\\/#\\\/schema\\\/person\\\/f3e16bb7057b29f8593016bf70a42022\",\"name\":\"Monika Waldmann\",\"image\":{\"@type\":\"ImageObject\",\"inLanguage\":\"es\",\"@id\":\"https:\\\/\\\/secure.gravatar.com\\\/avatar\\\/54dfb6ad0fbcf54c252c37d8d2c1a44e41b462185db44d9c8124801f3b41b6ec?s=96&d=mm&r=g\",\"url\":\"https:\\\/\\\/secure.gravatar.com\\\/avatar\\\/54dfb6ad0fbcf54c252c37d8d2c1a44e41b462185db44d9c8124801f3b41b6ec?s=96&d=mm&r=g\",\"contentUrl\":\"https:\\\/\\\/secure.gravatar.com\\\/avatar\\\/54dfb6ad0fbcf54c252c37d8d2c1a44e41b462185db44d9c8124801f3b41b6ec?s=96&d=mm&r=g\",\"caption\":\"Monika Waldmann\"}}]}<\/script>\n<!-- \/ Yoast SEO plugin. -->","yoast_head_json":{"title":"Comprobado de nuevo: La radiaci\u00f3n de microondas tiene efectos biol\u00f3gicos negativos en los seres humanos - The World Foundation for Natural Science","robots":{"index":"index","follow":"follow","max-snippet":"max-snippet:-1","max-image-preview":"max-image-preview:large","max-video-preview":"max-video-preview:-1"},"canonical":"https:\/\/www.naturalscience.org\/es\/news\/2023\/02\/comprobado-de-nuevo-la-radiacion-de-microondas-tiene-efectos-biologicos-negativos-en-los-seres-humanos\/","twitter_misc":{"Escrito por":"Monika Waldmann","Tiempo de lectura":"7 minutos"},"schema":{"@context":"https:\/\/schema.org","@graph":[{"@type":"Article","@id":"https:\/\/www.naturalscience.org\/es\/news\/2023\/02\/comprobado-de-nuevo-la-radiacion-de-microondas-tiene-efectos-biologicos-negativos-en-los-seres-humanos\/#article","isPartOf":{"@id":"https:\/\/www.naturalscience.org\/es\/news\/2023\/02\/comprobado-de-nuevo-la-radiacion-de-microondas-tiene-efectos-biologicos-negativos-en-los-seres-humanos\/"},"author":{"name":"Monika Waldmann","@id":"https:\/\/www.naturalscience.org\/#\/schema\/person\/f3e16bb7057b29f8593016bf70a42022"},"headline":"Comprobado de nuevo: La radiaci\u00f3n de microondas tiene efectos biol\u00f3gicos negativos en los seres humanos","datePublished":"2023-02-08T15:22:42+00:00","dateModified":"2024-07-16T12:48:31+00:00","mainEntityOfPage":{"@id":"https:\/\/www.naturalscience.org\/es\/news\/2023\/02\/comprobado-de-nuevo-la-radiacion-de-microondas-tiene-efectos-biologicos-negativos-en-los-seres-humanos\/"},"wordCount":1481,"image":{"@id":"https:\/\/www.naturalscience.org\/es\/news\/2023\/02\/comprobado-de-nuevo-la-radiacion-de-microondas-tiene-efectos-biologicos-negativos-en-los-seres-humanos\/#primaryimage"},"thumbnailUrl":"https:\/\/www.naturalscience.org\/wp-content\/uploads\/2023\/01\/AdobeStock_361337228-300x200.jpeg","articleSection":["5G","Efectos y perjuicios","Microondas y Comunicaciones m\u00f3viles"],"inLanguage":"es"},{"@type":"WebPage","@id":"https:\/\/www.naturalscience.org\/es\/news\/2023\/02\/comprobado-de-nuevo-la-radiacion-de-microondas-tiene-efectos-biologicos-negativos-en-los-seres-humanos\/","url":"https:\/\/www.naturalscience.org\/es\/news\/2023\/02\/comprobado-de-nuevo-la-radiacion-de-microondas-tiene-efectos-biologicos-negativos-en-los-seres-humanos\/","name":"Comprobado de nuevo: La radiaci\u00f3n de microondas tiene efectos biol\u00f3gicos negativos en los seres humanos - The World Foundation for Natural Science","isPartOf":{"@id":"https:\/\/www.naturalscience.org\/#website"},"primaryImageOfPage":{"@id":"https:\/\/www.naturalscience.org\/es\/news\/2023\/02\/comprobado-de-nuevo-la-radiacion-de-microondas-tiene-efectos-biologicos-negativos-en-los-seres-humanos\/#primaryimage"},"image":{"@id":"https:\/\/www.naturalscience.org\/es\/news\/2023\/02\/comprobado-de-nuevo-la-radiacion-de-microondas-tiene-efectos-biologicos-negativos-en-los-seres-humanos\/#primaryimage"},"thumbnailUrl":"https:\/\/www.naturalscience.org\/wp-content\/uploads\/2023\/01\/AdobeStock_361337228-300x200.jpeg","datePublished":"2023-02-08T15:22:42+00:00","dateModified":"2024-07-16T12:48:31+00:00","author":{"@id":"https:\/\/www.naturalscience.org\/#\/schema\/person\/f3e16bb7057b29f8593016bf70a42022"},"breadcrumb":{"@id":"https:\/\/www.naturalscience.org\/es\/news\/2023\/02\/comprobado-de-nuevo-la-radiacion-de-microondas-tiene-efectos-biologicos-negativos-en-los-seres-humanos\/#breadcrumb"},"inLanguage":"es","potentialAction":[{"@type":"ReadAction","target":["https:\/\/www.naturalscience.org\/es\/news\/2023\/02\/comprobado-de-nuevo-la-radiacion-de-microondas-tiene-efectos-biologicos-negativos-en-los-seres-humanos\/"]}]},{"@type":"ImageObject","inLanguage":"es","@id":"https:\/\/www.naturalscience.org\/es\/news\/2023\/02\/comprobado-de-nuevo-la-radiacion-de-microondas-tiene-efectos-biologicos-negativos-en-los-seres-humanos\/#primaryimage","url":"https:\/\/www.naturalscience.org\/wp-content\/uploads\/2023\/01\/AdobeStock_361337228-300x200.jpeg","contentUrl":"https:\/\/www.naturalscience.org\/wp-content\/uploads\/2023\/01\/AdobeStock_361337228-300x200.jpeg"},{"@type":"BreadcrumbList","@id":"https:\/\/www.naturalscience.org\/es\/news\/2023\/02\/comprobado-de-nuevo-la-radiacion-de-microondas-tiene-efectos-biologicos-negativos-en-los-seres-humanos\/#breadcrumb","itemListElement":[{"@type":"ListItem","position":1,"name":"Home","item":"https:\/\/www.naturalscience.org\/es\/"},{"@type":"ListItem","position":2,"name":"Comprobado de nuevo: La radiaci\u00f3n de microondas tiene efectos biol\u00f3gicos negativos en los seres humanos"}]},{"@type":"WebSite","@id":"https:\/\/www.naturalscience.org\/#website","url":"https:\/\/www.naturalscience.org\/","name":"The World Foundation for Natural Science","description":"Restoring and Healing the World through Responsibility and Commitment in accord with Natural and Divine Law!","potentialAction":[{"@type":"SearchAction","target":{"@type":"EntryPoint","urlTemplate":"https:\/\/www.naturalscience.org\/?s={search_term_string}"},"query-input":{"@type":"PropertyValueSpecification","valueRequired":true,"valueName":"search_term_string"}}],"inLanguage":"es"},{"@type":"Person","@id":"https:\/\/www.naturalscience.org\/#\/schema\/person\/f3e16bb7057b29f8593016bf70a42022","name":"Monika Waldmann","image":{"@type":"ImageObject","inLanguage":"es","@id":"https:\/\/secure.gravatar.com\/avatar\/54dfb6ad0fbcf54c252c37d8d2c1a44e41b462185db44d9c8124801f3b41b6ec?s=96&d=mm&r=g","url":"https:\/\/secure.gravatar.com\/avatar\/54dfb6ad0fbcf54c252c37d8d2c1a44e41b462185db44d9c8124801f3b41b6ec?s=96&d=mm&r=g","contentUrl":"https:\/\/secure.gravatar.com\/avatar\/54dfb6ad0fbcf54c252c37d8d2c1a44e41b462185db44d9c8124801f3b41b6ec?s=96&d=mm&r=g","caption":"Monika Waldmann"}}]}},"_links":{"self":[{"href":"https:\/\/www.naturalscience.org\/es\/wp-json\/wp\/v2\/posts\/38991","targetHints":{"allow":["GET"]}}],"collection":[{"href":"https:\/\/www.naturalscience.org\/es\/wp-json\/wp\/v2\/posts"}],"about":[{"href":"https:\/\/www.naturalscience.org\/es\/wp-json\/wp\/v2\/types\/post"}],"author":[{"embeddable":true,"href":"https:\/\/www.naturalscience.org\/es\/wp-json\/wp\/v2\/users\/11"}],"replies":[{"embeddable":true,"href":"https:\/\/www.naturalscience.org\/es\/wp-json\/wp\/v2\/comments?post=38991"}],"version-history":[{"count":2,"href":"https:\/\/www.naturalscience.org\/es\/wp-json\/wp\/v2\/posts\/38991\/revisions"}],"predecessor-version":[{"id":40766,"href":"https:\/\/www.naturalscience.org\/es\/wp-json\/wp\/v2\/posts\/38991\/revisions\/40766"}],"wp:attachment":[{"href":"https:\/\/www.naturalscience.org\/es\/wp-json\/wp\/v2\/media?parent=38991"}],"wp:term":[{"taxonomy":"category","embeddable":true,"href":"https:\/\/www.naturalscience.org\/es\/wp-json\/wp\/v2\/categories?post=38991"},{"taxonomy":"post_tag","embeddable":true,"href":"https:\/\/www.naturalscience.org\/es\/wp-json\/wp\/v2\/tags?post=38991"}],"curies":[{"name":"wp","href":"https:\/\/api.w.org\/{rel}","templated":true}]}}