{"id":37326,"date":"2022-02-26T19:33:55","date_gmt":"2022-02-26T18:33:55","guid":{"rendered":"https:\/\/www.naturalscience.org\/?p=37326"},"modified":"2024-07-16T15:12:56","modified_gmt":"2024-07-16T13:12:56","slug":"aun-mas-radiacion-la-radio-movil-ahora-tambien-bajo-el-agua-y-en-el-espacio","status":"publish","type":"post","link":"https:\/\/www.naturalscience.org\/es\/news\/2022\/02\/aun-mas-radiacion-la-radio-movil-ahora-tambien-bajo-el-agua-y-en-el-espacio\/","title":{"rendered":"A\u00fan m\u00e1s radiaci\u00f3n: la radio m\u00f3vil ahora tambi\u00e9n bajo el agua y en el espacio"},"content":{"rendered":"<p>En las \u00faltimas d\u00e9cadas, la humanidad ha expandido la radiaci\u00f3n m\u00f3vil en la tierra a un ritmo r\u00e9cord. La radiaci\u00f3n de microondas generada t\u00e9cnicamente sobrecarga nuestros cuerpos y debilita el sistema inmunitario al interferir y alterar procesos importantes a nivel celular. <span class=\"footnote_referrer\"><a role=\"button\" tabindex=\"0\" onclick=\"footnote_moveToReference_37326_1('footnote_plugin_reference_37326_1_1');\" onkeypress=\"footnote_moveToReference_37326_1('footnote_plugin_reference_37326_1_1');\" ><sup id=\"footnote_plugin_tooltip_37326_1_1\" class=\"footnote_plugin_tooltip_text\">1)<\/sup><\/a><span id=\"footnote_plugin_tooltip_text_37326_1_1\" class=\"footnote_tooltip\">Pall, Martin L (2019): 5G as a serious global challenge. Effects of mobile and communication radio. A series of publications of the Competence Initiative for Protection by man, Umwelt und Demokratie e. V. Heft 12. 120 pages. Saarbr\u00fccken, 1st edition March 2019<\/span><\/span><script type=\"text\/javascript\"> jQuery('#footnote_plugin_tooltip_37326_1_1').tooltip({ tip: '#footnote_plugin_tooltip_text_37326_1_1', tipClass: 'footnote_tooltip', effect: 'fade', predelay: 0, fadeInSpeed: 200, delay: 400, fadeOutSpeed: 200, position: 'top right', relative: true, offset: [10, 10], });<\/script>. <a href=\"https:\/\/www.naturalscience.org\/es\/news\/2021\/03\/animales-y-plantas-bajo-el-estres-de-la-radiacion\/\" target=\"_blank\" rel=\"noopener\">Las plantas y los animales est\u00e1n desprotegidos y tambi\u00e9n expuestos a esta radiaci\u00f3n da\u00f1ina.<\/a><\/p>\n<p>Pero eso no es todo: Si la industria y el ej\u00e9rcito se salen con la suya, ning\u00fan espacio en o alrededor del mundo quedar\u00e1 libre de radiaci\u00f3n m\u00f3vil. Despu\u00e9s de la superficie de la Tierra, ahora tambi\u00e9n est\u00e1n siendo equipados con radiaci\u00f3n m\u00f3vil la inmensidad del espacio y las profundidades de los oc\u00e9anos. Los humanos intervienen as\u00ed en procesos y sistemas, cuya totalidad y complejidad est\u00e1n lejos de comprender.<\/p>\n<p><img loading=\"lazy\" decoding=\"async\" class=\"aligncenter wp-image-37228 size-large\" src=\"https:\/\/www.naturalscience.org\/wp-content\/uploads\/2022\/01\/iStock-517535295-1024x461.jpg\" alt=\"\" width=\"1024\" height=\"461\" srcset=\"https:\/\/www.naturalscience.org\/wp-content\/uploads\/2022\/01\/iStock-517535295-1024x461.jpg 1024w, https:\/\/www.naturalscience.org\/wp-content\/uploads\/2022\/01\/iStock-517535295-300x135.jpg 300w, https:\/\/www.naturalscience.org\/wp-content\/uploads\/2022\/01\/iStock-517535295-768x346.jpg 768w, https:\/\/www.naturalscience.org\/wp-content\/uploads\/2022\/01\/iStock-517535295-1536x691.jpg 1536w, https:\/\/www.naturalscience.org\/wp-content\/uploads\/2022\/01\/iStock-517535295-2048x922.jpg 2048w, https:\/\/www.naturalscience.org\/wp-content\/uploads\/2022\/01\/iStock-517535295-164x74.jpg 164w, https:\/\/www.naturalscience.org\/wp-content\/uploads\/2022\/01\/iStock-517535295-400x180.jpg 400w, https:\/\/www.naturalscience.org\/wp-content\/uploads\/2022\/01\/iStock-517535295-500x225.jpg 500w\" sizes=\"auto, (max-width: 1024px) 100vw, 1024px\" \/><\/p>\n<p>Inadvertida para la mayor\u00eda de la gente, la&nbsp;\u00abconquista\u00bb del espacio con sat\u00e9lites de telefon\u00eda m\u00f3vil <span class=\"footnote_referrer\"><a role=\"button\" tabindex=\"0\" onclick=\"footnote_moveToReference_37326_1('footnote_plugin_reference_37326_1_2');\" onkeypress=\"footnote_moveToReference_37326_1('footnote_plugin_reference_37326_1_2');\" ><sup id=\"footnote_plugin_tooltip_37326_1_2\" class=\"footnote_plugin_tooltip_text\">2)<\/sup><\/a><span id=\"footnote_plugin_tooltip_text_37326_1_2\" class=\"footnote_tooltip\">This refers to all transmitters that broadcast radio frequency (including Internet satellites).<\/span><\/span><script type=\"text\/javascript\"> jQuery('#footnote_plugin_tooltip_37326_1_2').tooltip({ tip: '#footnote_plugin_tooltip_text_37326_1_2', tipClass: 'footnote_tooltip', effect: 'fade', predelay: 0, fadeInSpeed: 200, delay: 400, fadeOutSpeed: 200, position: 'top right', relative: true, offset: [10, 10], });<\/script> est\u00e1 en pleno apogeo. La cantidad de sat\u00e9lites de comunicaciones m\u00f3viles ya ubicados, aprobados o solicitados para su puesta en \u00f3rbita es de la enorme cantidad de 441.449. <span class=\"footnote_referrer\"><a role=\"button\" tabindex=\"0\" onclick=\"footnote_moveToReference_37326_1('footnote_plugin_reference_37326_1_3');\" onkeypress=\"footnote_moveToReference_37326_1('footnote_plugin_reference_37326_1_3');\" ><sup id=\"footnote_plugin_tooltip_37326_1_3\" class=\"footnote_plugin_tooltip_text\">3)<\/sup><\/a><span id=\"footnote_plugin_tooltip_text_37326_1_3\" class=\"footnote_tooltip\">Firstenberg, A. (2022): 41,449 operated, approved and planned low-flying satellites. Cellular Phone Task Force, Newsletter from 5.1.2022 &nbsp;&nbsp; &nbsp; &nbsp; &nbsp; &nbsp; &nbsp; &nbsp; &nbsp; &nbsp; &nbsp; &nbsp; &nbsp; &nbsp; &nbsp; &nbsp; &nbsp; &nbsp; &nbsp; &nbsp; &nbsp; &nbsp; &nbsp; &nbsp; &nbsp; &nbsp; <a href=\"https:\/\/www.cellphonetaskforce.org\/wp-content\/uploads\/2022\/01\/441449-Low-Earth-Orbit-Satellites.pdf\" target=\"_blank\" rel=\"noopener\"><span class=\"footnote_url_wrap\">https:\/\/www.cellphonetaskforce.org\/wp-content\/uploads\/2022\/01\/441449-Low-Earth-Orbit-Satellites.pdf<\/span><\/a><\/span><\/span><script type=\"text\/javascript\"> jQuery('#footnote_plugin_tooltip_37326_1_3').tooltip({ tip: '#footnote_plugin_tooltip_text_37326_1_3', tipClass: 'footnote_tooltip', effect: 'fade', predelay: 0, fadeInSpeed: 200, delay: 400, fadeOutSpeed: 200, position: 'top right', relative: true, offset: [10, 10], });<\/script>. (A modo de comparaci\u00f3n: en diciembre de 2020,&nbsp;\u00absolo\u00bb alrededor de 3.400 sat\u00e9lites activos orbitaban la Tierra). De los 17.270 sat\u00e9lites ya aprobados por la Comisi\u00f3n Federal de Comunicaciones de EE. UU. (FCC), 11.943 pertenecen a Space-X, la compa\u00f1\u00eda espacial del Director General, Elon Musk. Space-X ya ha solicitado otros 30.000 sat\u00e9lites. No fue hasta diciembre de 2021 en que casi hubo una colisi\u00f3n entre uno de los sat\u00e9lites Starlink de Musk y una estaci\u00f3n espacial china.&nbsp;\u00a1S\u00f3lo los sat\u00e9lites de Space-X han sido responsables de casi alrededor de 1.600 cuasi-colisiones en el espacio por semana en los \u00faltimos meses,!<span class=\"footnote_referrer\"><a role=\"button\" tabindex=\"0\" onclick=\"footnote_moveToReference_37326_1('footnote_plugin_reference_37326_1_4');\" onkeypress=\"footnote_moveToReference_37326_1('footnote_plugin_reference_37326_1_4');\" ><sup id=\"footnote_plugin_tooltip_37326_1_4\" class=\"footnote_plugin_tooltip_text\">4)<\/sup><\/a><span id=\"footnote_plugin_tooltip_text_37326_1_4\" class=\"footnote_tooltip\"> Future Zone (2021): Starlink satellites responsible for half of all near-collisions, 22.08.2021. Accessed on 20.1.2022 <a href=\"https:\/\/futurezone.at\/science\/starlink-satellit-crash-kollision-weltraum-orbit-spacex-weltraumschrott\/401479528\" target=\"_blank\" rel=\"noopener\"> <span class=\"footnote_url_wrap\">https:\/\/futurezone.at\/science\/starlink-satellit-crash-kollision-weltraum-orbit-spacex-weltraumschrott\/401479528<\/span><\/a><\/span><\/span><script type=\"text\/javascript\"> jQuery('#footnote_plugin_tooltip_37326_1_4').tooltip({ tip: '#footnote_plugin_tooltip_text_37326_1_4', tipClass: 'footnote_tooltip', effect: 'fade', predelay: 0, fadeInSpeed: 200, delay: 400, fadeOutSpeed: 200, position: 'top right', relative: true, offset: [10, 10], });<\/script> Probablemente sea s\u00f3lo cuesti\u00f3n de tiempo antes de que nuestras acciones irresponsables conduzcan a un desastre. El aumento de los desechos espaciales tambi\u00e9n debe tenerse en cuenta.<\/p>\n<p>La mayor\u00eda de los sat\u00e9lites son sat\u00e9lites de \u00f3rbita baja cuya \u00f3rbita se encuentra a una altitud entre 700 km y 1.500 km, es decir, en la ionosfera. <span class=\"footnote_referrer\"><a role=\"button\" tabindex=\"0\" onclick=\"footnote_moveToReference_37326_1('footnote_plugin_reference_37326_1_5');\" onkeypress=\"footnote_moveToReference_37326_1('footnote_plugin_reference_37326_1_5');\" ><sup id=\"footnote_plugin_tooltip_37326_1_5\" class=\"footnote_plugin_tooltip_text\">5)<\/sup><\/a><span id=\"footnote_plugin_tooltip_text_37326_1_5\" class=\"footnote_tooltip\"><a href=\"https:\/\/www.itwissen.info\/LEO-low-earth-orbiter-LEO-Satellit.html\" target=\"_blank\" rel=\"noopener\"><span class=\"footnote_url_wrap\">https:\/\/www.itwissen.info\/LEO-low-earth-orbiter-LEO-Satellit.html<\/span><\/a>, accessed on 14.1.2022<\/span><\/span><script type=\"text\/javascript\"> jQuery('#footnote_plugin_tooltip_37326_1_5').tooltip({ tip: '#footnote_plugin_tooltip_text_37326_1_5', tipClass: 'footnote_tooltip', effect: 'fade', predelay: 0, fadeInSpeed: 200, delay: 400, fadeOutSpeed: 200, position: 'top right', relative: true, offset: [10, 10], });<\/script>. Esta zona tiene una alta conductividad debido a su alto n\u00famero de iones y electrones libres, y tambi\u00e9n regula el flujo de las part\u00edculas del sol (viento solar) hacia la Tierra. Toda la tierra y todos los seres vivos que la habitan son de naturaleza electromagn\u00e9tica. <span class=\"footnote_referrer\"><a role=\"button\" tabindex=\"0\" onclick=\"footnote_moveToReference_37326_1('footnote_plugin_reference_37326_1_6');\" onkeypress=\"footnote_moveToReference_37326_1('footnote_plugin_reference_37326_1_6');\" ><sup id=\"footnote_plugin_tooltip_37326_1_6\" class=\"footnote_plugin_tooltip_text\">6)<\/sup><\/a><span id=\"footnote_plugin_tooltip_text_37326_1_6\" class=\"footnote_tooltip\">Becker, R.O. &amp; Selden, G. (1985): The Body electric. New York, Morrow, 1985, Reprint 1987<\/span><\/span><script type=\"text\/javascript\"> jQuery('#footnote_plugin_tooltip_37326_1_6').tooltip({ tip: '#footnote_plugin_tooltip_text_37326_1_6', tipClass: 'footnote_tooltip', effect: 'fade', predelay: 0, fadeInSpeed: 200, delay: 400, fadeOutSpeed: 200, position: 'top right', relative: true, offset: [10, 10], });<\/script>. Las corrientes el\u00e9ctricas fluyen constantemente entre la superficie de la Tierra y la atm\u00f3sfera. Las tormentas el\u00e9ctricas y otros fen\u00f3menos naturales ayudan a mantener el equilibrio el\u00e9ctrico. <span class=\"footnote_referrer\"><a role=\"button\" tabindex=\"0\" onclick=\"footnote_moveToReference_37326_1('footnote_plugin_reference_37326_1_7');\" onkeypress=\"footnote_moveToReference_37326_1('footnote_plugin_reference_37326_1_7');\" ><sup id=\"footnote_plugin_tooltip_37326_1_7\" class=\"footnote_plugin_tooltip_text\">7)<\/sup><\/a><span id=\"footnote_plugin_tooltip_text_37326_1_7\" class=\"footnote_tooltip\">K\u00f6nig, H. L. (2012): Unsichtbare Umwelt, Der Mensch im Spielfeld elektromagnetischer Feldkr\u00e4fte, 6. Auflage, 2012<\/span><\/span><script type=\"text\/javascript\"> jQuery('#footnote_plugin_tooltip_37326_1_7').tooltip({ tip: '#footnote_plugin_tooltip_text_37326_1_7', tipClass: 'footnote_tooltip', effect: 'fade', predelay: 0, fadeInSpeed: 200, delay: 400, fadeOutSpeed: 200, position: 'top right', relative: true, offset: [10, 10], });<\/script>. La forma en que la radiaci\u00f3n artificial afecta la ion\u00f3sfera y, por lo tanto, a toda la atm\u00f3sfera de la Tierra es incierta. <a href=\"https:\/\/www.naturalscience.org\/es\/news\/2021\/04\/toda-la-vida-funciona-con-electricidad\/\" target=\"_blank\" rel=\"noopener\">\u00bfQu\u00e9 sucede cuando intervenimos en este delicado equilibrio generando campos electromagn\u00e9ticos artificiales en la ion\u00f3sfera y en la superficie de la tierra?<\/a><\/p>\n<p><img loading=\"lazy\" decoding=\"async\" class=\"size-medium wp-image-37227 alignright\" src=\"https:\/\/www.naturalscience.org\/wp-content\/uploads\/2022\/01\/FU0_7877-300x200.jpg\" alt=\"\" width=\"300\" height=\"200\" srcset=\"https:\/\/www.naturalscience.org\/wp-content\/uploads\/2022\/01\/FU0_7877-300x200.jpg 300w, https:\/\/www.naturalscience.org\/wp-content\/uploads\/2022\/01\/FU0_7877-1024x683.jpg 1024w, https:\/\/www.naturalscience.org\/wp-content\/uploads\/2022\/01\/FU0_7877-768x512.jpg 768w, https:\/\/www.naturalscience.org\/wp-content\/uploads\/2022\/01\/FU0_7877-1536x1024.jpg 1536w, https:\/\/www.naturalscience.org\/wp-content\/uploads\/2022\/01\/FU0_7877-2048x1365.jpg 2048w, https:\/\/www.naturalscience.org\/wp-content\/uploads\/2022\/01\/FU0_7877-164x109.jpg 164w, https:\/\/www.naturalscience.org\/wp-content\/uploads\/2022\/01\/FU0_7877-400x267.jpg 400w, https:\/\/www.naturalscience.org\/wp-content\/uploads\/2022\/01\/FU0_7877-500x333.jpg 500w\" sizes=\"auto, (max-width: 300px) 100vw, 300px\" \/>Los \u00e1rboles nos dan la respuesta. Como buenconductor el\u00e9ctrico <span class=\"footnote_referrer\"><a role=\"button\" tabindex=\"0\" onclick=\"footnote_moveToReference_37326_1('footnote_plugin_reference_37326_1_8');\" onkeypress=\"footnote_moveToReference_37326_1('footnote_plugin_reference_37326_1_8');\" ><sup id=\"footnote_plugin_tooltip_37326_1_8\" class=\"footnote_plugin_tooltip_text\">8)<\/sup><\/a><span id=\"footnote_plugin_tooltip_text_37326_1_8\" class=\"footnote_tooltip\">Johnson, B. (2013): The Ascent of Sap in Tall Trees: a Possible Role for Electrical Forces. Water Research Journal, WATER 5, 86-104, Nov 3 2013<\/span><\/span><script type=\"text\/javascript\"> jQuery('#footnote_plugin_tooltip_37326_1_8').tooltip({ tip: '#footnote_plugin_tooltip_text_37326_1_8', tipClass: 'footnote_tooltip', effect: 'fade', predelay: 0, fadeInSpeed: 200, delay: 400, fadeOutSpeed: 200, position: 'top right', relative: true, offset: [10, 10], });<\/script> el \u00e1rbol reacciona en forma sensible a los campos de la interferencia electromagn\u00e9tica. Los \u00e1rboles bajo la tensi\u00f3n de la radiaci\u00f3n m\u00f3vil pierden sus hojas, empezando con la coloraci\u00f3n parda en los extremos de las hojas<span class=\"footnote_referrer\"><a role=\"button\" tabindex=\"0\" onclick=\"footnote_moveToReference_37326_1('footnote_plugin_reference_37326_1_9');\" onkeypress=\"footnote_moveToReference_37326_1('footnote_plugin_reference_37326_1_9');\" ><sup id=\"footnote_plugin_tooltip_37326_1_9\" class=\"footnote_plugin_tooltip_text\">9)<\/sup><\/a><span id=\"footnote_plugin_tooltip_text_37326_1_9\" class=\"footnote_tooltip\">Schorpp, V. (2011): Tree Damage from Chronic High Frequency Exposure. First Symposium, The effect of electromagnetic radiation on trees, The Groene Paviljoen, Baarn, 18.02.2011<\/span><\/span><script type=\"text\/javascript\"> jQuery('#footnote_plugin_tooltip_37326_1_9').tooltip({ tip: '#footnote_plugin_tooltip_text_37326_1_9', tipClass: 'footnote_tooltip', effect: 'fade', predelay: 0, fadeInSpeed: 200, delay: 400, fadeOutSpeed: 200, position: 'top right', relative: true, offset: [10, 10], });<\/script>. Por un lado, esto podr\u00eda deberse a un metabolismo alterado en o sobre la c\u00e9lula <span class=\"footnote_referrer\"><a role=\"button\" tabindex=\"0\" onclick=\"footnote_moveToReference_37326_1('footnote_plugin_reference_37326_1_10');\" onkeypress=\"footnote_moveToReference_37326_1('footnote_plugin_reference_37326_1_10');\" ><sup id=\"footnote_plugin_tooltip_37326_1_10\" class=\"footnote_plugin_tooltip_text\">10)<\/sup><\/a><span id=\"footnote_plugin_tooltip_text_37326_1_10\" class=\"footnote_tooltip\">Pall, M. L. (2016): Electromagnetic Fields Act Similarly in Plants as in Animals: Probable Activation of Calcium Channels via Their Voltage Sensor, Current Chemical Biology, 2016, Vol. 10, No. 1, Bentham Science Publishers<\/span><\/span><script type=\"text\/javascript\"> jQuery('#footnote_plugin_tooltip_37326_1_10').tooltip({ tip: '#footnote_plugin_tooltip_text_37326_1_10', tipClass: 'footnote_tooltip', effect: 'fade', predelay: 0, fadeInSpeed: 200, delay: 400, fadeOutSpeed: 200, position: 'top right', relative: true, offset: [10, 10], });<\/script>, como ya se ha demostrado en c\u00e9lulas animales expuestas a la radiaci\u00f3n de microondas <span class=\"footnote_referrer\"><a role=\"button\" tabindex=\"0\" onclick=\"footnote_moveToReference_37326_1('footnote_plugin_reference_37326_1_11');\" onkeypress=\"footnote_moveToReference_37326_1('footnote_plugin_reference_37326_1_11');\" ><sup id=\"footnote_plugin_tooltip_37326_1_11\" class=\"footnote_plugin_tooltip_text\">11)<\/sup><\/a><span id=\"footnote_plugin_tooltip_text_37326_1_11\" class=\"footnote_tooltip\">Disruption of the voltage-dependent calcium ion channels at the cell membrane: An explanation in film and text under <a href=\"https:\/\/www.naturalscience.org\/news\/2021\/09\/water-the-elixir-of-life-threatened-by-radiation\/\" target=\"_blank\" rel=\"noopener\"><span class=\"footnote_url_wrap\">https:\/\/www.naturalscience.org\/news\/2021\/09\/water-the-elixir-of-life-threatened-by-radiation\/<\/span><\/a><\/span><\/span><script type=\"text\/javascript\"> jQuery('#footnote_plugin_tooltip_37326_1_11').tooltip({ tip: '#footnote_plugin_tooltip_text_37326_1_11', tipClass: 'footnote_tooltip', effect: 'fade', predelay: 0, fadeInSpeed: 200, delay: 400, fadeOutSpeed: 200, position: 'top right', relative: true, offset: [10, 10], });<\/script>. Por otro lado, la coloraci\u00f3n parda y el marchitamiento de las hojas tambi\u00e9n podr\u00edan indicar un equilibrio h\u00eddrico alterado. El agua es muy sensible a la radiaci\u00f3n electromagn\u00e9tica porque tiene un impulso electromagn\u00e9tico. Como se puede mostrar con im\u00e1genes de microscopio de campo oscuro <span class=\"footnote_referrer\"><a role=\"button\" tabindex=\"0\" onclick=\"footnote_moveToReference_37326_1('footnote_plugin_reference_37326_1_12');\" onkeypress=\"footnote_moveToReference_37326_1('footnote_plugin_reference_37326_1_12');\" ><sup id=\"footnote_plugin_tooltip_37326_1_12\" class=\"footnote_plugin_tooltip_text\">12)<\/sup><\/a><span id=\"footnote_plugin_tooltip_text_37326_1_12\" class=\"footnote_tooltip\">The World Foundation for Natural Science: Water \u2013 The Elixir of Life: Threatened by Radiation? An explanation in film and text under <a href=\"https:\/\/www.naturalscience.org\/news\/2021\/09\/water-the-elixir-of-life-threatened-by-radiation\/\" target=\"_blank\" rel=\"noopener\"><span class=\"footnote_url_wrap\">https:\/\/www.naturalscience.org\/news\/2021\/09\/water-the-elixir-of-life-threatened-by-radiation\/<\/span><\/a><\/span><\/span><script type=\"text\/javascript\"> jQuery('#footnote_plugin_tooltip_37326_1_12').tooltip({ tip: '#footnote_plugin_tooltip_text_37326_1_12', tipClass: 'footnote_tooltip', effect: 'fade', predelay: 0, fadeInSpeed: 200, delay: 400, fadeOutSpeed: 200, position: 'top right', relative: true, offset: [10, 10], });<\/script>, por ejemplo, el comportamiento de la sedimentaci\u00f3n del agua cambia significativamente cuando se expone a la radiaci\u00f3n WIFI. (Puede encontrar informaci\u00f3n detallada en nuestro video&nbsp;\u00abEl agua como el elixir de la vida:&nbsp;\u00bfAmenazada por la radiaci\u00f3n?\u00bb)<a href=\"https:\/\/www.naturalscience.org\/news\/2021\/09\/water-the-elixir-of-life-threatened-by-radiation\/\" target=\"_blank\" rel=\"noopener\">&nbsp;\u00abWater as the elixir of life: Threatened by radiation?\u00bb<\/a>)<\/p>\n<p>Dada la capacidad de respuesta del agua a la radiaci\u00f3n electromagn\u00e9tica, es alarmante que incluso los oc\u00e9anos y los mares ahora est\u00e9n equipados con una densa red m\u00f3vil. La industria y la comunidad cient\u00edfica se est\u00e1n asociando con las fuerzas armadas para expandir la tecnolog\u00eda 5G (y la pr\u00f3xima 6G) submarina. <span class=\"footnote_referrer\"><a role=\"button\" tabindex=\"0\" onclick=\"footnote_moveToReference_37326_1('footnote_plugin_reference_37326_1_13');\" onkeypress=\"footnote_moveToReference_37326_1('footnote_plugin_reference_37326_1_13');\" ><sup id=\"footnote_plugin_tooltip_37326_1_13\" class=\"footnote_plugin_tooltip_text\">13)<\/sup><\/a><span id=\"footnote_plugin_tooltip_text_37326_1_13\" class=\"footnote_tooltip\">Steven Walker, S., Rice, D., Kahn, M, Clark, J. (2021): Why the World\u2019s Militaries Are Embracing 5G, IEEE Spectrum, 11 Nov 2021. <a href=\"https:\/\/spectrum.ieee.org\/lockheed-martin-5g\" target=\"_blank\" rel=\"noopener\"><span class=\"footnote_url_wrap\">https:\/\/spectrum.ieee.org\/lockheed-martin-5g<\/span><\/a><\/span><\/span><script type=\"text\/javascript\"> jQuery('#footnote_plugin_tooltip_37326_1_13').tooltip({ tip: '#footnote_plugin_tooltip_text_37326_1_13', tipClass: 'footnote_tooltip', effect: 'fade', predelay: 0, fadeInSpeed: 200, delay: 400, fadeOutSpeed: 200, position: 'top right', relative: true, offset: [10, 10], });<\/script>.<\/p>\n<p>El proyecto&nbsp;\u00abSEANet\u00bb, financiado por la National Science Foundation, se lanz\u00f3 en el 2017.&nbsp;\u00abSEANet\u00bb tiene como objetivo desarrollar una&nbsp;\u00abnueva generaci\u00f3n de m\u00f3dems ac\u00fasticos submarinos\u00bb que permitan operar en un ancho de banda ac\u00fastico mucho mayor (0.01 &#8211; 2 MHz) que antes. Esto tiene como objetivo&nbsp;\u00abhacer realidad la visi\u00f3n de un Internet de las Cosas bajo el agua\u00bb <span class=\"footnote_referrer\"><a role=\"button\" tabindex=\"0\" onclick=\"footnote_moveToReference_37326_1('footnote_plugin_reference_37326_1_14');\" onkeypress=\"footnote_moveToReference_37326_1('footnote_plugin_reference_37326_1_14');\" ><sup id=\"footnote_plugin_tooltip_37326_1_14\" class=\"footnote_plugin_tooltip_text\">14)<\/sup><\/a><span id=\"footnote_plugin_tooltip_text_37326_1_14\" class=\"footnote_tooltip\">National Science Foundation: SEANet: Development of a Software-Defined Networking Testbed for the Internet of Underwater Things. Award Abstract # 1726512. <a href=\"https:\/\/www.nsf.gov\/awardsearch\/showAward?AWD_ID=1726512&amp;HistoricalAwards=false\" target=\"_blank\" rel=\"noopener\"><span class=\"footnote_url_wrap\">https:\/\/www.nsf.gov\/awardsearch\/showAward?AWD_ID=1726512&amp;HistoricalAwards=false<\/span><\/a>, accessed on 15.1.2022<\/span><\/span><script type=\"text\/javascript\"> jQuery('#footnote_plugin_tooltip_37326_1_14').tooltip({ tip: '#footnote_plugin_tooltip_text_37326_1_14', tipClass: 'footnote_tooltip', effect: 'fade', predelay: 0, fadeInSpeed: 200, delay: 400, fadeOutSpeed: 200, position: 'top right', relative: true, offset: [10, 10], });<\/script> <span class=\"footnote_referrer\"><a role=\"button\" tabindex=\"0\" onclick=\"footnote_moveToReference_37326_1('footnote_plugin_reference_37326_1_15');\" onkeypress=\"footnote_moveToReference_37326_1('footnote_plugin_reference_37326_1_15');\" ><sup id=\"footnote_plugin_tooltip_37326_1_15\" class=\"footnote_plugin_tooltip_text\">15)<\/sup><\/a><span id=\"footnote_plugin_tooltip_text_37326_1_15\" class=\"footnote_tooltip\">IEEE (2018): The SEANet Project: Toward a Programmable Internet of Underwater Things. IEEE, 2018 Fourth Underwater Communications and Networking Conference (Ucomms), 28.-30.8.2018, <a href=\"https:\/\/ieeexplore.ieee.org\/document\/8493207\" target=\"_blank\" rel=\"noopener\"><span class=\"footnote_url_wrap\">https:\/\/ieeexplore.ieee.org\/document\/8493207<\/span><\/a><\/span><\/span><script type=\"text\/javascript\"> jQuery('#footnote_plugin_tooltip_37326_1_15').tooltip({ tip: '#footnote_plugin_tooltip_text_37326_1_15', tipClass: 'footnote_tooltip', effect: 'fade', predelay: 0, fadeInSpeed: 200, delay: 400, fadeOutSpeed: 200, position: 'top right', relative: true, offset: [10, 10], });<\/script>. Se espera que esto mejore la investigaci\u00f3n marina, la vigilancia costera y mejore la seguridad mar\u00edtima.<\/p>\n<p>El Instituto de Ingenieros El\u00e9ctricos y Electr\u00f3nicos (IIEE) tambi\u00e9n juega un papel decisivo en la expansi\u00f3n de las tecnolog\u00edas de la comunicaci\u00f3n en los oc\u00e9anos. Como&nbsp;\u00abla organizaci\u00f3n profesional t\u00e9cnica m\u00e1s grande para el desarrollo de la tecnolog\u00eda\u00bb <span class=\"footnote_referrer\"><a role=\"button\" tabindex=\"0\" onclick=\"footnote_moveToReference_37326_1('footnote_plugin_reference_37326_1_16');\" onkeypress=\"footnote_moveToReference_37326_1('footnote_plugin_reference_37326_1_16');\" ><sup id=\"footnote_plugin_tooltip_37326_1_16\" class=\"footnote_plugin_tooltip_text\">16)<\/sup><\/a><span id=\"footnote_plugin_tooltip_text_37326_1_16\" class=\"footnote_tooltip\">\u00abThe world&#8217;s largest technical professional organization for the advancement of technology\u201d, <a href=\"https:\/\/www.ieee.org\/\" target=\"_blank\" rel=\"noopener\"><span class=\"footnote_url_wrap\">https:\/\/www.ieee.org\/<\/span><\/a>, accessed on 15.1.2022<\/span><\/span><script type=\"text\/javascript\"> jQuery('#footnote_plugin_tooltip_37326_1_16').tooltip({ tip: '#footnote_plugin_tooltip_text_37326_1_16', tipClass: 'footnote_tooltip', effect: 'fade', predelay: 0, fadeInSpeed: 200, delay: 400, fadeOutSpeed: 200, position: 'top right', relative: true, offset: [10, 10], });<\/script> el IIEE afirma querer&nbsp;\u00abfomentar la tecnolog\u00eda en beneficio de la humanidad\u00bb <span class=\"footnote_referrer\"><a role=\"button\" tabindex=\"0\" onclick=\"footnote_moveToReference_37326_1('footnote_plugin_reference_37326_1_17');\" onkeypress=\"footnote_moveToReference_37326_1('footnote_plugin_reference_37326_1_17');\" ><sup id=\"footnote_plugin_tooltip_37326_1_17\" class=\"footnote_plugin_tooltip_text\">17)<\/sup><\/a><span id=\"footnote_plugin_tooltip_text_37326_1_17\" class=\"footnote_tooltip\">\u00abAdvancing Technology for Humanity\u00bb, <a href=\"https:\/\/www.ieee.org\/\" target=\"_blank\" rel=\"noopener\"><span class=\"footnote_url_wrap\">https:\/\/www.ieee.org\/<\/span><\/a>, accessed on 15.1.2022<\/span><\/span><script type=\"text\/javascript\"> jQuery('#footnote_plugin_tooltip_37326_1_17').tooltip({ tip: '#footnote_plugin_tooltip_text_37326_1_17', tipClass: 'footnote_tooltip', effect: 'fade', predelay: 0, fadeInSpeed: 200, delay: 400, fadeOutSpeed: 200, position: 'top right', relative: true, offset: [10, 10], });<\/script>. Las recomendaciones del IIEE son cruciales para establecer los l\u00edmites de radiaci\u00f3n m\u00f3vil en EE. UU., Canad\u00e1 y Taiw\u00e1n. El \u00faltimo proyecto favorito del IIEE es el&nbsp;\u00abOc\u00e9ano inteligente\u00bb: el oc\u00e9ano en red y el&nbsp;\u00abInternet de las cosas bajo el agua\u00bb. En el folleto especial sobre el tema&nbsp;\u00abInternet de las Cosas para el Oc\u00e9ano Inteligente\u00bb (publicado en octubre de 2020) <span class=\"footnote_referrer\"><a role=\"button\" tabindex=\"0\" onclick=\"footnote_moveToReference_37326_1('footnote_plugin_reference_37326_1_18');\" onkeypress=\"footnote_moveToReference_37326_1('footnote_plugin_reference_37326_1_18');\" ><sup id=\"footnote_plugin_tooltip_37326_1_18\" class=\"footnote_plugin_tooltip_text\">18)<\/sup><\/a><span id=\"footnote_plugin_tooltip_text_37326_1_18\" class=\"footnote_tooltip\">IEEE (2020): Guest Editorial: Special Issue on Internet of Things for Smart Ocean. IEEE INTERNET OF THINGS JOURNAL, VOL. 7, NO. 10, OCTOBER 2020. <span class=\"footnote_url_wrap\">https:\/\/ieeexplore.ieee.org\/document\/9219274<\/span> , accessed on 20.1.2022<\/span><\/span><script type=\"text\/javascript\"> jQuery('#footnote_plugin_tooltip_37326_1_18').tooltip({ tip: '#footnote_plugin_tooltip_text_37326_1_18', tipClass: 'footnote_tooltip', effect: 'fade', predelay: 0, fadeInSpeed: 200, delay: 400, fadeOutSpeed: 200, position: 'top right', relative: true, offset: [10, 10], });<\/script>, el IIEE describe c\u00f3mo deber\u00eda ser este Internet submarino.<\/p>\n<p>Los planes incluyen:<\/p>\n<ul style=\"list-style-type: disc;\">\n<li>comunicaci\u00f3n submarina inal\u00e1mbrica basada en canales \u00f3pticos y\/o ac\u00fasticos<\/li>\n<li>veh\u00edculos no tripulados sobre el agua en el oc\u00e9ano inteligente, Internet de las Cosas<\/li>\n<li>Internet en barcos<\/li>\n<li>Localizaci\u00f3n compatible con VSA (veh\u00edculo submarino aut\u00f3nomo) para el Internet de las Cosas submarino<\/li>\n<li>Comunicaci\u00f3n inal\u00e1mbrica magn\u00e9tica inductiva din\u00e1mica para veh\u00edculos submarinos aut\u00f3nomos<\/li>\n<li>adem\u00e1s de comunicar, drones aut\u00f3nomos (por ejemplo, para proteger a los nadadores y surfistas de los ataques de tiburones)<\/li>\n<\/ul>\n<p>La&nbsp;\u00abradiaci\u00f3n m\u00f3vil submarina\u00bb utiliza frecuencias de varios tipos: adem\u00e1s de las ondas ac\u00fasticas, \u00f3pticas y de radio, tambi\u00e9n se utilizar\u00e1n la luz LED y la inducci\u00f3n magn\u00e9tica <span class=\"footnote_referrer\"><a role=\"button\" tabindex=\"0\" onclick=\"footnote_moveToReference_37326_1('footnote_plugin_reference_37326_1_19');\" onkeypress=\"footnote_moveToReference_37326_1('footnote_plugin_reference_37326_1_19');\" ><sup id=\"footnote_plugin_tooltip_37326_1_19\" class=\"footnote_plugin_tooltip_text\">19)<\/sup><\/a><span id=\"footnote_plugin_tooltip_text_37326_1_19\" class=\"footnote_tooltip\">See Endnote 3: Firstenberg, A. (2022<\/span><\/span><script type=\"text\/javascript\"> jQuery('#footnote_plugin_tooltip_37326_1_19').tooltip({ tip: '#footnote_plugin_tooltip_text_37326_1_19', tipClass: 'footnote_tooltip', effect: 'fade', predelay: 0, fadeInSpeed: 200, delay: 400, fadeOutSpeed: 200, position: 'top right', relative: true, offset: [10, 10], });<\/script>. Los mares y las costas pueden as\u00ed ser monitoreados completamente, lo que deber\u00eda permitir, por ejemplo, un monitoreo ambiental completo. Pero,&nbsp;\u00bfde qu\u00e9 sirve la vigilancia ambiental que, con el pretexto de querer proteger el medio ambiente, lo interviene y perturba de tal manera que ya no es un asunto de protecci\u00f3n? La vida marina ya est\u00e1 bajo una gran presi\u00f3n por la pesca industrial,<a href=\"https:\/\/www.naturalscience.org\/es\/news\/2021\/04\/avaricia-insaciable-la-mineria-en-aguas-profundas-para-explotar-incluso-los-ultimos-recursos\/\" target=\"_blank\" rel=\"noopener\"> la miner\u00eda en aguas profundas<\/a>, los parques e\u00f3licos marinos, los sistemas de sonar para localizar submarinos, el ruido de la propulsi\u00f3n de los barcos y las plataformas petrol\u00edferas, la contaminaci\u00f3n (pl\u00e1stica) y mucho m\u00e1s.<\/p>\n<p><img loading=\"lazy\" decoding=\"async\" class=\"size-medium wp-image-37225 alignleft\" src=\"https:\/\/www.naturalscience.org\/wp-content\/uploads\/2022\/01\/iStock_000018386011_Large-300x209.jpg\" alt=\"\" width=\"300\" height=\"209\" srcset=\"https:\/\/www.naturalscience.org\/wp-content\/uploads\/2022\/01\/iStock_000018386011_Large-300x209.jpg 300w, https:\/\/www.naturalscience.org\/wp-content\/uploads\/2022\/01\/iStock_000018386011_Large-1024x712.jpg 1024w, https:\/\/www.naturalscience.org\/wp-content\/uploads\/2022\/01\/iStock_000018386011_Large-768x534.jpg 768w, https:\/\/www.naturalscience.org\/wp-content\/uploads\/2022\/01\/iStock_000018386011_Large-1536x1068.jpg 1536w, https:\/\/www.naturalscience.org\/wp-content\/uploads\/2022\/01\/iStock_000018386011_Large-2048x1424.jpg 2048w, https:\/\/www.naturalscience.org\/wp-content\/uploads\/2022\/01\/iStock_000018386011_Large-164x114.jpg 164w, https:\/\/www.naturalscience.org\/wp-content\/uploads\/2022\/01\/iStock_000018386011_Large-400x278.jpg 400w, https:\/\/www.naturalscience.org\/wp-content\/uploads\/2022\/01\/iStock_000018386011_Large-500x348.jpg 500w\" sizes=\"auto, (max-width: 300px) 100vw, 300px\" \/>Por ejemplo, el ruido en los oc\u00e9anos se ha duplicado cada diez a\u00f1os durante los \u00faltimos 60 a\u00f1os.&nbsp;\u00abSe ha demostrado que alrededor de 150 especies marinas se ven afectadas por el ruido, por lo que ya no hay duda de que el ruido submarino es una contaminaci\u00f3n da\u00f1ina y grave\u00bb, dice Lindy Weilgart, bi\u00f3loga marina de la Universidad de Dalhousie, Canad\u00e1, y consultora de OceanCare.&nbsp;\u00abSer\u00eda absolutamente irresponsable agregar otra fuente de ruido fuerte y constante sin explorar m\u00e1s los efectos y sin hacer esfuerzos importantes para reducir el ruido\u00bb <span class=\"footnote_referrer\"><a role=\"button\" tabindex=\"0\" onclick=\"footnote_moveToReference_37326_1('footnote_plugin_reference_37326_1_20');\" onkeypress=\"footnote_moveToReference_37326_1('footnote_plugin_reference_37326_1_20');\" ><sup id=\"footnote_plugin_tooltip_37326_1_20\" class=\"footnote_plugin_tooltip_text\">20)<\/sup><\/a><span id=\"footnote_plugin_tooltip_text_37326_1_20\" class=\"footnote_tooltip\">OceanCare (2021): Underwater noise: The hidden danger of deep-sea mining. Media release on 22.11.2021.<a href=\"https:\/\/www.oceancare.org\/en\/underwater-noise-the-hidden-danger-of-deep-sea-mining\/\" target=\"_blank\" rel=\"noopener\"><span class=\"footnote_url_wrap\">https:\/\/www.oceancare.org\/en\/underwater-noise-the-hidden-danger-of-deep-sea-mining\/<\/span><\/a><\/span><\/span><script type=\"text\/javascript\"> jQuery('#footnote_plugin_tooltip_37326_1_20').tooltip({ tip: '#footnote_plugin_tooltip_text_37326_1_20', tipClass: 'footnote_tooltip', effect: 'fade', predelay: 0, fadeInSpeed: 200, delay: 400, fadeOutSpeed: 200, position: 'top right', relative: true, offset: [10, 10], });<\/script><\/p>\n<p>Las nuevas redes m\u00f3viles submarinas se basan, entre otras cosas, en el sonido (ondas ac\u00fasticas). Las ballenas y los delfines, por ejemplo, se comunican entre s\u00ed a largas distancias mediante el sonido. El ruido submarino impide sus posibilidades de comunicaci\u00f3n. Las organizaciones ecologistas han advertido durante mucho tiempo que los sistemas de sonar militares est\u00e1n matando la vida marina. <span class=\"footnote_referrer\"><a role=\"button\" tabindex=\"0\" onclick=\"footnote_moveToReference_37326_1('footnote_plugin_reference_37326_1_21');\" onkeypress=\"footnote_moveToReference_37326_1('footnote_plugin_reference_37326_1_21');\" ><sup id=\"footnote_plugin_tooltip_37326_1_21\" class=\"footnote_plugin_tooltip_text\">21)<\/sup><\/a><span id=\"footnote_plugin_tooltip_text_37326_1_21\" class=\"footnote_tooltip\">Wissenschaft.de (1998): Tod im L\u00e4rm. <a href=\"https:\/\/www.wissenschaft.de\/allgemein\/tod-im-laerm\/\" target=\"_blank\" rel=\"noopener\"><span class=\"footnote_url_wrap\">https:\/\/www.wissenschaft.de\/allgemein\/tod-im-laerm\/<\/span><\/a><\/span><\/span><script type=\"text\/javascript\"> jQuery('#footnote_plugin_tooltip_37326_1_21').tooltip({ tip: '#footnote_plugin_tooltip_text_37326_1_21', tipClass: 'footnote_tooltip', effect: 'fade', predelay: 0, fadeInSpeed: 200, delay: 400, fadeOutSpeed: 200, position: 'top right', relative: true, offset: [10, 10], });<\/script> Estos hallazgos dan una idea de c\u00f3mo les ir\u00e1 a las criaturas marinas si permitimos la expansi\u00f3n del&nbsp;\u00aboc\u00e9ano inteligente\u00bb. La contaminaci\u00f3n adicional por el ruido, la luz y las fuentes de radiaci\u00f3n electromagn\u00e9tica les har\u00e1 la vida a\u00fan m\u00e1s dif\u00edcil. La influencia de las ondas electromagn\u00e9ticas en la estructura del agua marina es otro signo de interrogaci\u00f3n. Nadie puede estimar realmente c\u00f3mo la contaminaci\u00f3n electromagn\u00e9tica constante afectar\u00e1 al ecosistema marino extremadamente sensible \u2013 del que s\u00f3lo hemos investigado y estudiado alrededor del cinco por ciento.<\/p>\n<p><a href=\"https:\/\/www.naturalscience.org\/publications\/the-abundance-of-the-oceans-for-how-much-longer\/\" target=\"_blank\" rel=\"noopener\">Los mares y oc\u00e9anos con sus habitantes son extremadamente importantes para la supervivencia de nosotros los humanos.&nbsp;<\/a>(Link to congress film Sabrina 2017) Los oc\u00e9anos regulan el clima del planeta y producen la mayor parte del ox\u00edgeno. Millones de personas dependen de un ecosistema marino saludable para su sustento.&nbsp;\u00bfQu\u00e9 sucede cuando, por nuestra intervenci\u00f3n imprudente y ego\u00edsta, los oc\u00e9anos ya no pueden mantener sus funciones vitales para todo el planeta?<\/p>\n<div class=\"speaker-mute footnotes_reference_container\"> <div class=\"footnote_container_prepare\"><p><span role=\"button\" tabindex=\"0\" class=\"footnote_reference_container_label pointer\" onclick=\"footnote_expand_collapse_reference_container_37326_1();\">References<\/span><span role=\"button\" tabindex=\"0\" class=\"footnote_reference_container_collapse_button\" style=\"display: none;\" onclick=\"footnote_expand_collapse_reference_container_37326_1();\">[<a id=\"footnote_reference_container_collapse_button_37326_1\">+<\/a>]<\/span><\/p><\/div> <div id=\"footnote_references_container_37326_1\" style=\"\"><table class=\"footnotes_table footnote-reference-container\"><caption class=\"accessibility\">References<\/caption> <tbody> \r\n\r\n<tr class=\"footnotes_plugin_reference_row\"> <th scope=\"row\" class=\"footnote_plugin_index_combi pointer\"  onclick=\"footnote_moveToAnchor_37326_1('footnote_plugin_tooltip_37326_1_1');\"><a id=\"footnote_plugin_reference_37326_1_1\" class=\"footnote_backlink\"><span class=\"footnote_index_arrow\">&#8593;<\/span>1<\/a><\/th> <td class=\"footnote_plugin_text\">Pall, Martin L (2019): 5G as a serious global challenge. Effects of mobile and communication radio. A series of publications of the Competence Initiative for Protection by man, Umwelt und Demokratie e. V. Heft 12. 120 pages. Saarbr\u00fccken, 1st edition March 2019<\/td><\/tr>\r\n\r\n<tr class=\"footnotes_plugin_reference_row\"> <th scope=\"row\" class=\"footnote_plugin_index_combi pointer\"  onclick=\"footnote_moveToAnchor_37326_1('footnote_plugin_tooltip_37326_1_2');\"><a id=\"footnote_plugin_reference_37326_1_2\" class=\"footnote_backlink\"><span class=\"footnote_index_arrow\">&#8593;<\/span>2<\/a><\/th> <td class=\"footnote_plugin_text\">This refers to all transmitters that broadcast radio frequency (including Internet satellites).<\/td><\/tr>\r\n\r\n<tr class=\"footnotes_plugin_reference_row\"> <th scope=\"row\" class=\"footnote_plugin_index_combi pointer\"  onclick=\"footnote_moveToAnchor_37326_1('footnote_plugin_tooltip_37326_1_3');\"><a id=\"footnote_plugin_reference_37326_1_3\" class=\"footnote_backlink\"><span class=\"footnote_index_arrow\">&#8593;<\/span>3<\/a><\/th> <td class=\"footnote_plugin_text\">Firstenberg, A. (2022): 41,449 operated, approved and planned low-flying satellites. Cellular Phone Task Force, Newsletter from 5.1.2022 &nbsp;&nbsp; &nbsp; &nbsp; &nbsp; &nbsp; &nbsp; &nbsp; &nbsp; &nbsp; &nbsp; &nbsp; &nbsp; &nbsp; &nbsp; &nbsp; &nbsp; &nbsp; &nbsp; &nbsp; &nbsp; &nbsp; &nbsp; &nbsp; &nbsp; &nbsp; <a href=\"https:\/\/www.cellphonetaskforce.org\/wp-content\/uploads\/2022\/01\/441449-Low-Earth-Orbit-Satellites.pdf\" target=\"_blank\" rel=\"noopener\"><span class=\"footnote_url_wrap\">https:\/\/www.cellphonetaskforce.org\/wp-content\/uploads\/2022\/01\/441449-Low-Earth-Orbit-Satellites.pdf<\/span><\/a><\/td><\/tr>\r\n\r\n<tr class=\"footnotes_plugin_reference_row\"> <th scope=\"row\" class=\"footnote_plugin_index_combi pointer\"  onclick=\"footnote_moveToAnchor_37326_1('footnote_plugin_tooltip_37326_1_4');\"><a id=\"footnote_plugin_reference_37326_1_4\" class=\"footnote_backlink\"><span class=\"footnote_index_arrow\">&#8593;<\/span>4<\/a><\/th> <td class=\"footnote_plugin_text\"> Future Zone (2021): Starlink satellites responsible for half of all near-collisions, 22.08.2021. Accessed on 20.1.2022 <a href=\"https:\/\/futurezone.at\/science\/starlink-satellit-crash-kollision-weltraum-orbit-spacex-weltraumschrott\/401479528\" target=\"_blank\" rel=\"noopener\"> <span class=\"footnote_url_wrap\">https:\/\/futurezone.at\/science\/starlink-satellit-crash-kollision-weltraum-orbit-spacex-weltraumschrott\/401479528<\/span><\/a><\/td><\/tr>\r\n\r\n<tr class=\"footnotes_plugin_reference_row\"> <th scope=\"row\" class=\"footnote_plugin_index_combi pointer\"  onclick=\"footnote_moveToAnchor_37326_1('footnote_plugin_tooltip_37326_1_5');\"><a id=\"footnote_plugin_reference_37326_1_5\" class=\"footnote_backlink\"><span class=\"footnote_index_arrow\">&#8593;<\/span>5<\/a><\/th> <td class=\"footnote_plugin_text\"><a href=\"https:\/\/www.itwissen.info\/LEO-low-earth-orbiter-LEO-Satellit.html\" target=\"_blank\" rel=\"noopener\"><span class=\"footnote_url_wrap\">https:\/\/www.itwissen.info\/LEO-low-earth-orbiter-LEO-Satellit.html<\/span><\/a>, accessed on 14.1.2022<\/td><\/tr>\r\n\r\n<tr class=\"footnotes_plugin_reference_row\"> <th scope=\"row\" class=\"footnote_plugin_index_combi pointer\"  onclick=\"footnote_moveToAnchor_37326_1('footnote_plugin_tooltip_37326_1_6');\"><a id=\"footnote_plugin_reference_37326_1_6\" class=\"footnote_backlink\"><span class=\"footnote_index_arrow\">&#8593;<\/span>6<\/a><\/th> <td class=\"footnote_plugin_text\">Becker, R.O. &amp; Selden, G. (1985): The Body electric. New York, Morrow, 1985, Reprint 1987<\/td><\/tr>\r\n\r\n<tr class=\"footnotes_plugin_reference_row\"> <th scope=\"row\" class=\"footnote_plugin_index_combi pointer\"  onclick=\"footnote_moveToAnchor_37326_1('footnote_plugin_tooltip_37326_1_7');\"><a id=\"footnote_plugin_reference_37326_1_7\" class=\"footnote_backlink\"><span class=\"footnote_index_arrow\">&#8593;<\/span>7<\/a><\/th> <td class=\"footnote_plugin_text\">K\u00f6nig, H. L. (2012): Unsichtbare Umwelt, Der Mensch im Spielfeld elektromagnetischer Feldkr\u00e4fte, 6. Auflage, 2012<\/td><\/tr>\r\n\r\n<tr class=\"footnotes_plugin_reference_row\"> <th scope=\"row\" class=\"footnote_plugin_index_combi pointer\"  onclick=\"footnote_moveToAnchor_37326_1('footnote_plugin_tooltip_37326_1_8');\"><a id=\"footnote_plugin_reference_37326_1_8\" class=\"footnote_backlink\"><span class=\"footnote_index_arrow\">&#8593;<\/span>8<\/a><\/th> <td class=\"footnote_plugin_text\">Johnson, B. (2013): The Ascent of Sap in Tall Trees: a Possible Role for Electrical Forces. Water Research Journal, WATER 5, 86-104, Nov 3 2013<\/td><\/tr>\r\n\r\n<tr class=\"footnotes_plugin_reference_row\"> <th scope=\"row\" class=\"footnote_plugin_index_combi pointer\"  onclick=\"footnote_moveToAnchor_37326_1('footnote_plugin_tooltip_37326_1_9');\"><a id=\"footnote_plugin_reference_37326_1_9\" class=\"footnote_backlink\"><span class=\"footnote_index_arrow\">&#8593;<\/span>9<\/a><\/th> <td class=\"footnote_plugin_text\">Schorpp, V. (2011): Tree Damage from Chronic High Frequency Exposure. First Symposium, The effect of electromagnetic radiation on trees, The Groene Paviljoen, Baarn, 18.02.2011<\/td><\/tr>\r\n\r\n<tr class=\"footnotes_plugin_reference_row\"> <th scope=\"row\" class=\"footnote_plugin_index_combi pointer\"  onclick=\"footnote_moveToAnchor_37326_1('footnote_plugin_tooltip_37326_1_10');\"><a id=\"footnote_plugin_reference_37326_1_10\" class=\"footnote_backlink\"><span class=\"footnote_index_arrow\">&#8593;<\/span>10<\/a><\/th> <td class=\"footnote_plugin_text\">Pall, M. L. (2016): Electromagnetic Fields Act Similarly in Plants as in Animals: Probable Activation of Calcium Channels via Their Voltage Sensor, Current Chemical Biology, 2016, Vol. 10, No. 1, Bentham Science Publishers<\/td><\/tr>\r\n\r\n<tr class=\"footnotes_plugin_reference_row\"> <th scope=\"row\" class=\"footnote_plugin_index_combi pointer\"  onclick=\"footnote_moveToAnchor_37326_1('footnote_plugin_tooltip_37326_1_11');\"><a id=\"footnote_plugin_reference_37326_1_11\" class=\"footnote_backlink\"><span class=\"footnote_index_arrow\">&#8593;<\/span>11<\/a><\/th> <td class=\"footnote_plugin_text\">Disruption of the voltage-dependent calcium ion channels at the cell membrane: An explanation in film and text under <a href=\"https:\/\/www.naturalscience.org\/news\/2021\/09\/water-the-elixir-of-life-threatened-by-radiation\/\" target=\"_blank\" rel=\"noopener\"><span class=\"footnote_url_wrap\">https:\/\/www.naturalscience.org\/news\/2021\/09\/water-the-elixir-of-life-threatened-by-radiation\/<\/span><\/a><\/td><\/tr>\r\n\r\n<tr class=\"footnotes_plugin_reference_row\"> <th scope=\"row\" class=\"footnote_plugin_index_combi pointer\"  onclick=\"footnote_moveToAnchor_37326_1('footnote_plugin_tooltip_37326_1_12');\"><a id=\"footnote_plugin_reference_37326_1_12\" class=\"footnote_backlink\"><span class=\"footnote_index_arrow\">&#8593;<\/span>12<\/a><\/th> <td class=\"footnote_plugin_text\">The World Foundation for Natural Science: Water \u2013 The Elixir of Life: Threatened by Radiation? An explanation in film and text under <a href=\"https:\/\/www.naturalscience.org\/news\/2021\/09\/water-the-elixir-of-life-threatened-by-radiation\/\" target=\"_blank\" rel=\"noopener\"><span class=\"footnote_url_wrap\">https:\/\/www.naturalscience.org\/news\/2021\/09\/water-the-elixir-of-life-threatened-by-radiation\/<\/span><\/a><\/td><\/tr>\r\n\r\n<tr class=\"footnotes_plugin_reference_row\"> <th scope=\"row\" class=\"footnote_plugin_index_combi pointer\"  onclick=\"footnote_moveToAnchor_37326_1('footnote_plugin_tooltip_37326_1_13');\"><a id=\"footnote_plugin_reference_37326_1_13\" class=\"footnote_backlink\"><span class=\"footnote_index_arrow\">&#8593;<\/span>13<\/a><\/th> <td class=\"footnote_plugin_text\">Steven Walker, S., Rice, D., Kahn, M, Clark, J. (2021): Why the World\u2019s Militaries Are Embracing 5G, IEEE Spectrum, 11 Nov 2021. <a href=\"https:\/\/spectrum.ieee.org\/lockheed-martin-5g\" target=\"_blank\" rel=\"noopener\"><span class=\"footnote_url_wrap\">https:\/\/spectrum.ieee.org\/lockheed-martin-5g<\/span><\/a><\/td><\/tr>\r\n\r\n<tr class=\"footnotes_plugin_reference_row\"> <th scope=\"row\" class=\"footnote_plugin_index_combi pointer\"  onclick=\"footnote_moveToAnchor_37326_1('footnote_plugin_tooltip_37326_1_14');\"><a id=\"footnote_plugin_reference_37326_1_14\" class=\"footnote_backlink\"><span class=\"footnote_index_arrow\">&#8593;<\/span>14<\/a><\/th> <td class=\"footnote_plugin_text\">National Science Foundation: SEANet: Development of a Software-Defined Networking Testbed for the Internet of Underwater Things. Award Abstract # 1726512. <a href=\"https:\/\/www.nsf.gov\/awardsearch\/showAward?AWD_ID=1726512&amp;HistoricalAwards=false\" target=\"_blank\" rel=\"noopener\"><span class=\"footnote_url_wrap\">https:\/\/www.nsf.gov\/awardsearch\/showAward?AWD_ID=1726512&amp;HistoricalAwards=false<\/span><\/a>, accessed on 15.1.2022<\/td><\/tr>\r\n\r\n<tr class=\"footnotes_plugin_reference_row\"> <th scope=\"row\" class=\"footnote_plugin_index_combi pointer\"  onclick=\"footnote_moveToAnchor_37326_1('footnote_plugin_tooltip_37326_1_15');\"><a id=\"footnote_plugin_reference_37326_1_15\" class=\"footnote_backlink\"><span class=\"footnote_index_arrow\">&#8593;<\/span>15<\/a><\/th> <td class=\"footnote_plugin_text\">IEEE (2018): The SEANet Project: Toward a Programmable Internet of Underwater Things. IEEE, 2018 Fourth Underwater Communications and Networking Conference (Ucomms), 28.-30.8.2018, <a href=\"https:\/\/ieeexplore.ieee.org\/document\/8493207\" target=\"_blank\" rel=\"noopener\"><span class=\"footnote_url_wrap\">https:\/\/ieeexplore.ieee.org\/document\/8493207<\/span><\/a><\/td><\/tr>\r\n\r\n<tr class=\"footnotes_plugin_reference_row\"> <th scope=\"row\" class=\"footnote_plugin_index_combi pointer\"  onclick=\"footnote_moveToAnchor_37326_1('footnote_plugin_tooltip_37326_1_16');\"><a id=\"footnote_plugin_reference_37326_1_16\" class=\"footnote_backlink\"><span class=\"footnote_index_arrow\">&#8593;<\/span>16<\/a><\/th> <td class=\"footnote_plugin_text\">\u00abThe world&#8217;s largest technical professional organization for the advancement of technology\u201d, <a href=\"https:\/\/www.ieee.org\/\" target=\"_blank\" rel=\"noopener\"><span class=\"footnote_url_wrap\">https:\/\/www.ieee.org\/<\/span><\/a>, accessed on 15.1.2022<\/td><\/tr>\r\n\r\n<tr class=\"footnotes_plugin_reference_row\"> <th scope=\"row\" class=\"footnote_plugin_index_combi pointer\"  onclick=\"footnote_moveToAnchor_37326_1('footnote_plugin_tooltip_37326_1_17');\"><a id=\"footnote_plugin_reference_37326_1_17\" class=\"footnote_backlink\"><span class=\"footnote_index_arrow\">&#8593;<\/span>17<\/a><\/th> <td class=\"footnote_plugin_text\">\u00abAdvancing Technology for Humanity\u00bb, <a href=\"https:\/\/www.ieee.org\/\" target=\"_blank\" rel=\"noopener\"><span class=\"footnote_url_wrap\">https:\/\/www.ieee.org\/<\/span><\/a>, accessed on 15.1.2022<\/td><\/tr>\r\n\r\n<tr class=\"footnotes_plugin_reference_row\"> <th scope=\"row\" class=\"footnote_plugin_index_combi pointer\"  onclick=\"footnote_moveToAnchor_37326_1('footnote_plugin_tooltip_37326_1_18');\"><a id=\"footnote_plugin_reference_37326_1_18\" class=\"footnote_backlink\"><span class=\"footnote_index_arrow\">&#8593;<\/span>18<\/a><\/th> <td class=\"footnote_plugin_text\">IEEE (2020): Guest Editorial: Special Issue on Internet of Things for Smart Ocean. IEEE INTERNET OF THINGS JOURNAL, VOL. 7, NO. 10, OCTOBER 2020. <span class=\"footnote_url_wrap\">https:\/\/ieeexplore.ieee.org\/document\/9219274<\/span> , accessed on 20.1.2022<\/td><\/tr>\r\n\r\n<tr class=\"footnotes_plugin_reference_row\"> <th scope=\"row\" class=\"footnote_plugin_index_combi pointer\"  onclick=\"footnote_moveToAnchor_37326_1('footnote_plugin_tooltip_37326_1_19');\"><a id=\"footnote_plugin_reference_37326_1_19\" class=\"footnote_backlink\"><span class=\"footnote_index_arrow\">&#8593;<\/span>19<\/a><\/th> <td class=\"footnote_plugin_text\">See Endnote 3: Firstenberg, A. (2022<\/td><\/tr>\r\n\r\n<tr class=\"footnotes_plugin_reference_row\"> <th scope=\"row\" class=\"footnote_plugin_index_combi pointer\"  onclick=\"footnote_moveToAnchor_37326_1('footnote_plugin_tooltip_37326_1_20');\"><a id=\"footnote_plugin_reference_37326_1_20\" class=\"footnote_backlink\"><span class=\"footnote_index_arrow\">&#8593;<\/span>20<\/a><\/th> <td class=\"footnote_plugin_text\">OceanCare (2021): Underwater noise: The hidden danger of deep-sea mining. Media release on 22.11.2021.<a href=\"https:\/\/www.oceancare.org\/en\/underwater-noise-the-hidden-danger-of-deep-sea-mining\/\" target=\"_blank\" rel=\"noopener\"><span class=\"footnote_url_wrap\">https:\/\/www.oceancare.org\/en\/underwater-noise-the-hidden-danger-of-deep-sea-mining\/<\/span><\/a><\/td><\/tr>\r\n\r\n<tr class=\"footnotes_plugin_reference_row\"> <th scope=\"row\" class=\"footnote_plugin_index_combi pointer\"  onclick=\"footnote_moveToAnchor_37326_1('footnote_plugin_tooltip_37326_1_21');\"><a id=\"footnote_plugin_reference_37326_1_21\" class=\"footnote_backlink\"><span class=\"footnote_index_arrow\">&#8593;<\/span>21<\/a><\/th> <td class=\"footnote_plugin_text\">Wissenschaft.de (1998): Tod im L\u00e4rm. <a href=\"https:\/\/www.wissenschaft.de\/allgemein\/tod-im-laerm\/\" target=\"_blank\" rel=\"noopener\"><span class=\"footnote_url_wrap\">https:\/\/www.wissenschaft.de\/allgemein\/tod-im-laerm\/<\/span><\/a><\/td><\/tr>\r\n\r\n <\/tbody> <\/table> <\/div><\/div><script type=\"text\/javascript\"> function footnote_expand_reference_container_37326_1() { jQuery('#footnote_references_container_37326_1').show(); jQuery('#footnote_reference_container_collapse_button_37326_1').text('\u2212'); } function footnote_collapse_reference_container_37326_1() { jQuery('#footnote_references_container_37326_1').hide(); jQuery('#footnote_reference_container_collapse_button_37326_1').text('+'); } function footnote_expand_collapse_reference_container_37326_1() { if (jQuery('#footnote_references_container_37326_1').is(':hidden')) { footnote_expand_reference_container_37326_1(); } else { footnote_collapse_reference_container_37326_1(); } } function footnote_moveToReference_37326_1(p_str_TargetID) { footnote_expand_reference_container_37326_1(); var l_obj_Target = jQuery('#' + p_str_TargetID); if (l_obj_Target.length) { jQuery( 'html, body' ).delay( 0 ); jQuery('html, body').animate({ scrollTop: l_obj_Target.offset().top - window.innerHeight * 0.2 }, 380); } } function footnote_moveToAnchor_37326_1(p_str_TargetID) { footnote_expand_reference_container_37326_1(); var l_obj_Target = jQuery('#' + p_str_TargetID); if (l_obj_Target.length) { jQuery( 'html, body' ).delay( 0 ); jQuery('html, body').animate({ scrollTop: l_obj_Target.offset().top - window.innerHeight * 0.2 }, 380); } }<\/script>","protected":false},"excerpt":{"rendered":"En las \u00faltimas d\u00e9cadas, la humanidad ha expandido la radiaci\u00f3n m\u00f3vil en la tierra a un ritmo r\u00e9cord. La radiaci\u00f3n de microondas generada t\u00e9cnicamente sobrecarga nuestros cuerpos y debilita el sistema inmunitario al interferir y alterar procesos importantes a nivel celular. . Las plantas y los animales est\u00e1n desprotegidos y tambi\u00e9n expuestos a esta radiaci\u00f3n [&hellip;]","protected":false},"author":17,"featured_media":0,"comment_status":"closed","ping_status":"closed","sticky":false,"template":"","format":"standard","meta":{"_acf_changed":false,"ngg_post_thumbnail":0,"footnotes":""},"categories":[174,193,3],"tags":[],"class_list":["post-37326","post","type-post","status-publish","format-standard","hentry","category-microondas-y-comunicaciones-moviles","category-oceanos","category-sin-categorizar","wpautop"],"acf":[],"yoast_head":"<!-- This site is optimized with the Yoast SEO plugin v27.5 - https:\/\/yoast.com\/product\/yoast-seo-wordpress\/ -->\n<title>A\u00fan m\u00e1s radiaci\u00f3n: la radio m\u00f3vil ahora tambi\u00e9n bajo el agua y en el espacio - The World Foundation for Natural Science<\/title>\n<meta name=\"robots\" content=\"index, follow, max-snippet:-1, max-image-preview:large, max-video-preview:-1\" \/>\n<link rel=\"canonical\" href=\"https:\/\/www.naturalscience.org\/es\/news\/2022\/02\/aun-mas-radiacion-la-radio-movil-ahora-tambien-bajo-el-agua-y-en-el-espacio\/\" \/>\n<meta name=\"twitter:label1\" content=\"Escrito por\" \/>\n\t<meta name=\"twitter:data1\" content=\"Martina Zumkehr\" \/>\n\t<meta name=\"twitter:label2\" content=\"Tiempo de lectura\" \/>\n\t<meta name=\"twitter:data2\" content=\"9 minutos\" \/>\n<script type=\"application\/ld+json\" class=\"yoast-schema-graph\">{\"@context\":\"https:\\\/\\\/schema.org\",\"@graph\":[{\"@type\":\"Article\",\"@id\":\"https:\\\/\\\/www.naturalscience.org\\\/es\\\/news\\\/2022\\\/02\\\/aun-mas-radiacion-la-radio-movil-ahora-tambien-bajo-el-agua-y-en-el-espacio\\\/#article\",\"isPartOf\":{\"@id\":\"https:\\\/\\\/www.naturalscience.org\\\/es\\\/news\\\/2022\\\/02\\\/aun-mas-radiacion-la-radio-movil-ahora-tambien-bajo-el-agua-y-en-el-espacio\\\/\"},\"author\":{\"name\":\"Martina Zumkehr\",\"@id\":\"https:\\\/\\\/www.naturalscience.org\\\/#\\\/schema\\\/person\\\/28cb8c620941327db5a0ce2db9441c4f\"},\"headline\":\"A\u00fan m\u00e1s radiaci\u00f3n: la radio m\u00f3vil ahora tambi\u00e9n bajo el agua y en el espacio\",\"datePublished\":\"2022-02-26T18:33:55+00:00\",\"dateModified\":\"2024-07-16T13:12:56+00:00\",\"mainEntityOfPage\":{\"@id\":\"https:\\\/\\\/www.naturalscience.org\\\/es\\\/news\\\/2022\\\/02\\\/aun-mas-radiacion-la-radio-movil-ahora-tambien-bajo-el-agua-y-en-el-espacio\\\/\"},\"wordCount\":1990,\"image\":{\"@id\":\"https:\\\/\\\/www.naturalscience.org\\\/es\\\/news\\\/2022\\\/02\\\/aun-mas-radiacion-la-radio-movil-ahora-tambien-bajo-el-agua-y-en-el-espacio\\\/#primaryimage\"},\"thumbnailUrl\":\"https:\\\/\\\/www.naturalscience.org\\\/wp-content\\\/uploads\\\/2022\\\/01\\\/iStock-517535295-1024x461.jpg\",\"articleSection\":[\"Microondas y Comunicaciones m\u00f3viles\",\"Oc\u00e9anos\",\"Sin categorizar\"],\"inLanguage\":\"es\"},{\"@type\":\"WebPage\",\"@id\":\"https:\\\/\\\/www.naturalscience.org\\\/es\\\/news\\\/2022\\\/02\\\/aun-mas-radiacion-la-radio-movil-ahora-tambien-bajo-el-agua-y-en-el-espacio\\\/\",\"url\":\"https:\\\/\\\/www.naturalscience.org\\\/es\\\/news\\\/2022\\\/02\\\/aun-mas-radiacion-la-radio-movil-ahora-tambien-bajo-el-agua-y-en-el-espacio\\\/\",\"name\":\"A\u00fan m\u00e1s radiaci\u00f3n: la radio m\u00f3vil ahora tambi\u00e9n bajo el agua y en el espacio - The World Foundation for Natural Science\",\"isPartOf\":{\"@id\":\"https:\\\/\\\/www.naturalscience.org\\\/#website\"},\"primaryImageOfPage\":{\"@id\":\"https:\\\/\\\/www.naturalscience.org\\\/es\\\/news\\\/2022\\\/02\\\/aun-mas-radiacion-la-radio-movil-ahora-tambien-bajo-el-agua-y-en-el-espacio\\\/#primaryimage\"},\"image\":{\"@id\":\"https:\\\/\\\/www.naturalscience.org\\\/es\\\/news\\\/2022\\\/02\\\/aun-mas-radiacion-la-radio-movil-ahora-tambien-bajo-el-agua-y-en-el-espacio\\\/#primaryimage\"},\"thumbnailUrl\":\"https:\\\/\\\/www.naturalscience.org\\\/wp-content\\\/uploads\\\/2022\\\/01\\\/iStock-517535295-1024x461.jpg\",\"datePublished\":\"2022-02-26T18:33:55+00:00\",\"dateModified\":\"2024-07-16T13:12:56+00:00\",\"author\":{\"@id\":\"https:\\\/\\\/www.naturalscience.org\\\/#\\\/schema\\\/person\\\/28cb8c620941327db5a0ce2db9441c4f\"},\"breadcrumb\":{\"@id\":\"https:\\\/\\\/www.naturalscience.org\\\/es\\\/news\\\/2022\\\/02\\\/aun-mas-radiacion-la-radio-movil-ahora-tambien-bajo-el-agua-y-en-el-espacio\\\/#breadcrumb\"},\"inLanguage\":\"es\",\"potentialAction\":[{\"@type\":\"ReadAction\",\"target\":[\"https:\\\/\\\/www.naturalscience.org\\\/es\\\/news\\\/2022\\\/02\\\/aun-mas-radiacion-la-radio-movil-ahora-tambien-bajo-el-agua-y-en-el-espacio\\\/\"]}]},{\"@type\":\"ImageObject\",\"inLanguage\":\"es\",\"@id\":\"https:\\\/\\\/www.naturalscience.org\\\/es\\\/news\\\/2022\\\/02\\\/aun-mas-radiacion-la-radio-movil-ahora-tambien-bajo-el-agua-y-en-el-espacio\\\/#primaryimage\",\"url\":\"https:\\\/\\\/www.naturalscience.org\\\/wp-content\\\/uploads\\\/2022\\\/01\\\/iStock-517535295-1024x461.jpg\",\"contentUrl\":\"https:\\\/\\\/www.naturalscience.org\\\/wp-content\\\/uploads\\\/2022\\\/01\\\/iStock-517535295-1024x461.jpg\"},{\"@type\":\"BreadcrumbList\",\"@id\":\"https:\\\/\\\/www.naturalscience.org\\\/es\\\/news\\\/2022\\\/02\\\/aun-mas-radiacion-la-radio-movil-ahora-tambien-bajo-el-agua-y-en-el-espacio\\\/#breadcrumb\",\"itemListElement\":[{\"@type\":\"ListItem\",\"position\":1,\"name\":\"Home\",\"item\":\"https:\\\/\\\/www.naturalscience.org\\\/es\\\/\"},{\"@type\":\"ListItem\",\"position\":2,\"name\":\"A\u00fan m\u00e1s radiaci\u00f3n: la radio m\u00f3vil ahora tambi\u00e9n bajo el agua y en el espacio\"}]},{\"@type\":\"WebSite\",\"@id\":\"https:\\\/\\\/www.naturalscience.org\\\/#website\",\"url\":\"https:\\\/\\\/www.naturalscience.org\\\/\",\"name\":\"The World Foundation for Natural Science\",\"description\":\"Restoring and Healing the World through Responsibility and Commitment in accord with Natural and Divine Law!\",\"potentialAction\":[{\"@type\":\"SearchAction\",\"target\":{\"@type\":\"EntryPoint\",\"urlTemplate\":\"https:\\\/\\\/www.naturalscience.org\\\/?s={search_term_string}\"},\"query-input\":{\"@type\":\"PropertyValueSpecification\",\"valueRequired\":true,\"valueName\":\"search_term_string\"}}],\"inLanguage\":\"es\"},{\"@type\":\"Person\",\"@id\":\"https:\\\/\\\/www.naturalscience.org\\\/#\\\/schema\\\/person\\\/28cb8c620941327db5a0ce2db9441c4f\",\"name\":\"Martina Zumkehr\",\"image\":{\"@type\":\"ImageObject\",\"inLanguage\":\"es\",\"@id\":\"https:\\\/\\\/secure.gravatar.com\\\/avatar\\\/563b7d669b977643bedea15a15fb2b13fd797fab4f04b884d32491fa02953881?s=96&d=mm&r=g\",\"url\":\"https:\\\/\\\/secure.gravatar.com\\\/avatar\\\/563b7d669b977643bedea15a15fb2b13fd797fab4f04b884d32491fa02953881?s=96&d=mm&r=g\",\"contentUrl\":\"https:\\\/\\\/secure.gravatar.com\\\/avatar\\\/563b7d669b977643bedea15a15fb2b13fd797fab4f04b884d32491fa02953881?s=96&d=mm&r=g\",\"caption\":\"Martina Zumkehr\"}}]}<\/script>\n<!-- \/ Yoast SEO plugin. -->","yoast_head_json":{"title":"A\u00fan m\u00e1s radiaci\u00f3n: la radio m\u00f3vil ahora tambi\u00e9n bajo el agua y en el espacio - The World Foundation for Natural Science","robots":{"index":"index","follow":"follow","max-snippet":"max-snippet:-1","max-image-preview":"max-image-preview:large","max-video-preview":"max-video-preview:-1"},"canonical":"https:\/\/www.naturalscience.org\/es\/news\/2022\/02\/aun-mas-radiacion-la-radio-movil-ahora-tambien-bajo-el-agua-y-en-el-espacio\/","twitter_misc":{"Escrito por":"Martina Zumkehr","Tiempo de lectura":"9 minutos"},"schema":{"@context":"https:\/\/schema.org","@graph":[{"@type":"Article","@id":"https:\/\/www.naturalscience.org\/es\/news\/2022\/02\/aun-mas-radiacion-la-radio-movil-ahora-tambien-bajo-el-agua-y-en-el-espacio\/#article","isPartOf":{"@id":"https:\/\/www.naturalscience.org\/es\/news\/2022\/02\/aun-mas-radiacion-la-radio-movil-ahora-tambien-bajo-el-agua-y-en-el-espacio\/"},"author":{"name":"Martina Zumkehr","@id":"https:\/\/www.naturalscience.org\/#\/schema\/person\/28cb8c620941327db5a0ce2db9441c4f"},"headline":"A\u00fan m\u00e1s radiaci\u00f3n: la radio m\u00f3vil ahora tambi\u00e9n bajo el agua y en el espacio","datePublished":"2022-02-26T18:33:55+00:00","dateModified":"2024-07-16T13:12:56+00:00","mainEntityOfPage":{"@id":"https:\/\/www.naturalscience.org\/es\/news\/2022\/02\/aun-mas-radiacion-la-radio-movil-ahora-tambien-bajo-el-agua-y-en-el-espacio\/"},"wordCount":1990,"image":{"@id":"https:\/\/www.naturalscience.org\/es\/news\/2022\/02\/aun-mas-radiacion-la-radio-movil-ahora-tambien-bajo-el-agua-y-en-el-espacio\/#primaryimage"},"thumbnailUrl":"https:\/\/www.naturalscience.org\/wp-content\/uploads\/2022\/01\/iStock-517535295-1024x461.jpg","articleSection":["Microondas y Comunicaciones m\u00f3viles","Oc\u00e9anos","Sin categorizar"],"inLanguage":"es"},{"@type":"WebPage","@id":"https:\/\/www.naturalscience.org\/es\/news\/2022\/02\/aun-mas-radiacion-la-radio-movil-ahora-tambien-bajo-el-agua-y-en-el-espacio\/","url":"https:\/\/www.naturalscience.org\/es\/news\/2022\/02\/aun-mas-radiacion-la-radio-movil-ahora-tambien-bajo-el-agua-y-en-el-espacio\/","name":"A\u00fan m\u00e1s radiaci\u00f3n: la radio m\u00f3vil ahora tambi\u00e9n bajo el agua y en el espacio - The World Foundation for Natural Science","isPartOf":{"@id":"https:\/\/www.naturalscience.org\/#website"},"primaryImageOfPage":{"@id":"https:\/\/www.naturalscience.org\/es\/news\/2022\/02\/aun-mas-radiacion-la-radio-movil-ahora-tambien-bajo-el-agua-y-en-el-espacio\/#primaryimage"},"image":{"@id":"https:\/\/www.naturalscience.org\/es\/news\/2022\/02\/aun-mas-radiacion-la-radio-movil-ahora-tambien-bajo-el-agua-y-en-el-espacio\/#primaryimage"},"thumbnailUrl":"https:\/\/www.naturalscience.org\/wp-content\/uploads\/2022\/01\/iStock-517535295-1024x461.jpg","datePublished":"2022-02-26T18:33:55+00:00","dateModified":"2024-07-16T13:12:56+00:00","author":{"@id":"https:\/\/www.naturalscience.org\/#\/schema\/person\/28cb8c620941327db5a0ce2db9441c4f"},"breadcrumb":{"@id":"https:\/\/www.naturalscience.org\/es\/news\/2022\/02\/aun-mas-radiacion-la-radio-movil-ahora-tambien-bajo-el-agua-y-en-el-espacio\/#breadcrumb"},"inLanguage":"es","potentialAction":[{"@type":"ReadAction","target":["https:\/\/www.naturalscience.org\/es\/news\/2022\/02\/aun-mas-radiacion-la-radio-movil-ahora-tambien-bajo-el-agua-y-en-el-espacio\/"]}]},{"@type":"ImageObject","inLanguage":"es","@id":"https:\/\/www.naturalscience.org\/es\/news\/2022\/02\/aun-mas-radiacion-la-radio-movil-ahora-tambien-bajo-el-agua-y-en-el-espacio\/#primaryimage","url":"https:\/\/www.naturalscience.org\/wp-content\/uploads\/2022\/01\/iStock-517535295-1024x461.jpg","contentUrl":"https:\/\/www.naturalscience.org\/wp-content\/uploads\/2022\/01\/iStock-517535295-1024x461.jpg"},{"@type":"BreadcrumbList","@id":"https:\/\/www.naturalscience.org\/es\/news\/2022\/02\/aun-mas-radiacion-la-radio-movil-ahora-tambien-bajo-el-agua-y-en-el-espacio\/#breadcrumb","itemListElement":[{"@type":"ListItem","position":1,"name":"Home","item":"https:\/\/www.naturalscience.org\/es\/"},{"@type":"ListItem","position":2,"name":"A\u00fan m\u00e1s radiaci\u00f3n: la radio m\u00f3vil ahora tambi\u00e9n bajo el agua y en el espacio"}]},{"@type":"WebSite","@id":"https:\/\/www.naturalscience.org\/#website","url":"https:\/\/www.naturalscience.org\/","name":"The World Foundation for Natural Science","description":"Restoring and Healing the World through Responsibility and Commitment in accord with Natural and Divine Law!","potentialAction":[{"@type":"SearchAction","target":{"@type":"EntryPoint","urlTemplate":"https:\/\/www.naturalscience.org\/?s={search_term_string}"},"query-input":{"@type":"PropertyValueSpecification","valueRequired":true,"valueName":"search_term_string"}}],"inLanguage":"es"},{"@type":"Person","@id":"https:\/\/www.naturalscience.org\/#\/schema\/person\/28cb8c620941327db5a0ce2db9441c4f","name":"Martina Zumkehr","image":{"@type":"ImageObject","inLanguage":"es","@id":"https:\/\/secure.gravatar.com\/avatar\/563b7d669b977643bedea15a15fb2b13fd797fab4f04b884d32491fa02953881?s=96&d=mm&r=g","url":"https:\/\/secure.gravatar.com\/avatar\/563b7d669b977643bedea15a15fb2b13fd797fab4f04b884d32491fa02953881?s=96&d=mm&r=g","contentUrl":"https:\/\/secure.gravatar.com\/avatar\/563b7d669b977643bedea15a15fb2b13fd797fab4f04b884d32491fa02953881?s=96&d=mm&r=g","caption":"Martina Zumkehr"}}]}},"_links":{"self":[{"href":"https:\/\/www.naturalscience.org\/es\/wp-json\/wp\/v2\/posts\/37326","targetHints":{"allow":["GET"]}}],"collection":[{"href":"https:\/\/www.naturalscience.org\/es\/wp-json\/wp\/v2\/posts"}],"about":[{"href":"https:\/\/www.naturalscience.org\/es\/wp-json\/wp\/v2\/types\/post"}],"author":[{"embeddable":true,"href":"https:\/\/www.naturalscience.org\/es\/wp-json\/wp\/v2\/users\/17"}],"replies":[{"embeddable":true,"href":"https:\/\/www.naturalscience.org\/es\/wp-json\/wp\/v2\/comments?post=37326"}],"version-history":[{"count":5,"href":"https:\/\/www.naturalscience.org\/es\/wp-json\/wp\/v2\/posts\/37326\/revisions"}],"predecessor-version":[{"id":40787,"href":"https:\/\/www.naturalscience.org\/es\/wp-json\/wp\/v2\/posts\/37326\/revisions\/40787"}],"wp:attachment":[{"href":"https:\/\/www.naturalscience.org\/es\/wp-json\/wp\/v2\/media?parent=37326"}],"wp:term":[{"taxonomy":"category","embeddable":true,"href":"https:\/\/www.naturalscience.org\/es\/wp-json\/wp\/v2\/categories?post=37326"},{"taxonomy":"post_tag","embeddable":true,"href":"https:\/\/www.naturalscience.org\/es\/wp-json\/wp\/v2\/tags?post=37326"}],"curies":[{"name":"wp","href":"https:\/\/api.w.org\/{rel}","templated":true}]}}