{"id":37166,"date":"2021-12-29T12:46:03","date_gmt":"2021-12-29T11:46:03","guid":{"rendered":"https:\/\/www.naturalscience.org\/?p=37166"},"modified":"2024-07-16T15:16:47","modified_gmt":"2024-07-16T13:16:47","slug":"el-agua-el-elixir-de-la-vida-amenazada-por-la-radiacion","status":"publish","type":"post","link":"https:\/\/www.naturalscience.org\/es\/news\/2021\/12\/el-agua-el-elixir-de-la-vida-amenazada-por-la-radiacion\/","title":{"rendered":"El Agua\u2013&nbsp;\u00bfEl Elixir de la Vida:&nbsp;\u00bfAmenazada por la Radiaci\u00f3n?"},"content":{"rendered":"<div class=\"embed-container\"><iframe loading=\"lazy\" title=\"YouTube video player\" src=\"https:\/\/www.youtube-nocookie.com\/embed\/vK5iwwoc2VI\" width=\"560\" height=\"315\" frameborder=\"0\" allowfullscreen=\"allowfullscreen\"><\/iframe><\/div>\n<p>El agua es <em>el<\/em> elixir de la vida, el agua da vida y el agua ES vida. Frases como \u00e9stas son bien conocidas en nuestro argot.&nbsp;\u00bfQu\u00e9 hay detr\u00e1s de estas afirmaciones?&nbsp;\u00bfY qu\u00e9 tienen que ver el agua y las comunicaciones m\u00f3viles entre s\u00ed? Sabemos que sin agua no habr\u00eda vida en este planeta. El agua es m\u00e1s que un refresco para la sed o un detergente: el agua proporciona energ\u00eda para los procesos de la vida, de hecho,&nbsp;\u00a1en nuestro cuerpo el agua funciona como una bater\u00eda!<span class=\"footnote_referrer\"><a role=\"button\" tabindex=\"0\" onclick=\"footnote_moveToReference_37166_1('footnote_plugin_reference_37166_1_1');\" onkeypress=\"footnote_moveToReference_37166_1('footnote_plugin_reference_37166_1_1');\" ><sup id=\"footnote_plugin_tooltip_37166_1_1\" class=\"footnote_plugin_tooltip_text\">1)<\/sup><\/a><span id=\"footnote_plugin_tooltip_text_37166_1_1\" class=\"footnote_tooltip\">Pollack, G.H.&nbsp;: The fourth phase of water. Beyond solid, liquid and vapor. Ebner and Sons Publishers, 2013<\/span><\/span><script type=\"text\/javascript\"> jQuery('#footnote_plugin_tooltip_37166_1_1').tooltip({ tip: '#footnote_plugin_tooltip_text_37166_1_1', tipClass: 'footnote_tooltip', effect: 'fade', predelay: 0, fadeInSpeed: 200, delay: 400, fadeOutSpeed: 200, position: 'top right', relative: true, offset: [10, 10], });<\/script>!<\/p>\n<p>Para comprender este hecho es necesario incluir la investigaci\u00f3n sobre el elemento agua y reflexionar sobre la vitalidad de las aguas. Las aguas vitales y vivas est\u00e1n en movimiento, deben fluir naturalmente y ser capaces de girar alrededor de su propio eje en una espiral. Si se fuerza a las aguas a seguir un curso recto antinatural, pierden su equilibrio natural y tienen un efecto destructivo. Esto fue reconocido por el naturalista y silvicultor Viktor Schauberger en la primera mitad del siglo XX<span class=\"footnote_referrer\"><a role=\"button\" tabindex=\"0\" onclick=\"footnote_moveToReference_37166_1('footnote_plugin_reference_37166_1_2');\" onkeypress=\"footnote_moveToReference_37166_1('footnote_plugin_reference_37166_1_2');\" ><sup id=\"footnote_plugin_tooltip_37166_1_2\" class=\"footnote_plugin_tooltip_text\">2)<\/sup><\/a><span id=\"footnote_plugin_tooltip_text_37166_1_2\" class=\"footnote_tooltip\">Schauberger, J. (2009): Viktor Schauberger. Das Wesen des Wassers. Original texts, edited and commented by J\u00f6rg Schauberger. AT Verlag, 3rd edition, 2009<\/span><\/span><script type=\"text\/javascript\"> jQuery('#footnote_plugin_tooltip_37166_1_2').tooltip({ tip: '#footnote_plugin_tooltip_text_37166_1_2', tipClass: 'footnote_tooltip', effect: 'fade', predelay: 0, fadeInSpeed: 200, delay: 400, fadeOutSpeed: 200, position: 'top right', relative: true, offset: [10, 10], });<\/script>.<\/p>\n<h2>La polaridad crea un equilibrio din\u00e1mico<\/h2>\n<p><img loading=\"lazy\" decoding=\"async\" class=\"size-medium wp-image-34851 alignleft\" src=\"https:\/\/www.naturalscience.org\/wp-content\/uploads\/2021\/04\/AdobeStock_69637211-199x300.jpeg\" alt=\"\" width=\"199\" height=\"300\" srcset=\"https:\/\/www.naturalscience.org\/wp-content\/uploads\/2021\/04\/AdobeStock_69637211-199x300.jpeg 199w, https:\/\/www.naturalscience.org\/wp-content\/uploads\/2021\/04\/AdobeStock_69637211-681x1024.jpeg 681w, https:\/\/www.naturalscience.org\/wp-content\/uploads\/2021\/04\/AdobeStock_69637211-768x1155.jpeg 768w, https:\/\/www.naturalscience.org\/wp-content\/uploads\/2021\/04\/AdobeStock_69637211-1021x1536.jpeg 1021w, https:\/\/www.naturalscience.org\/wp-content\/uploads\/2021\/04\/AdobeStock_69637211-1361x2048.jpeg 1361w, https:\/\/www.naturalscience.org\/wp-content\/uploads\/2021\/04\/AdobeStock_69637211-109x164.jpeg 109w, https:\/\/www.naturalscience.org\/wp-content\/uploads\/2021\/04\/AdobeStock_69637211-266x400.jpeg 266w, https:\/\/www.naturalscience.org\/wp-content\/uploads\/2021\/04\/AdobeStock_69637211-332x500.jpeg 332w, https:\/\/www.naturalscience.org\/wp-content\/uploads\/2021\/04\/AdobeStock_69637211-scaled.jpeg 1702w\" sizes=\"auto, (max-width: 199px) 100vw, 199px\" \/>Los lechos sinuosos de un r\u00edo por los que fluye libremente, el vaiv\u00e9n del r\u00edo, ilustra el principio de polaridad que caracteriza nuestro mundo. Es la polaridad \u2013 la presencia de dos polos opuestos \u2013 la que da energ\u00eda a la vida y crea vitalidad. Fue Johann Wolfgang Goethe el que reconoci\u00f3 la polaridad como una de las dos grandes fuerzas impulsoras de la naturaleza y describi\u00f3 c\u00f3mo impulsa los procesos en la materia a trav\u00e9s de&nbsp;\u00abatracci\u00f3n y repulsi\u00f3n\u00bb, mientras que la mejora, el&nbsp;\u00abascenso en constante evoluci\u00f3n\u00bb como la segunda fuerza impulsora en el sentido de Goethe promueve el desarrollo en lo espiritual<span class=\"footnote_referrer\"><a role=\"button\" tabindex=\"0\" onclick=\"footnote_moveToReference_37166_1('footnote_plugin_reference_37166_1_3');\" onkeypress=\"footnote_moveToReference_37166_1('footnote_plugin_reference_37166_1_3');\" ><sup id=\"footnote_plugin_tooltip_37166_1_3\" class=\"footnote_plugin_tooltip_text\">3)<\/sup><\/a><span id=\"footnote_plugin_tooltip_text_37166_1_3\" class=\"footnote_tooltip\">Goethe, J.W. (1828): Explanations on the aphoristic essay&nbsp;\u00abDie Natur\u00bb, Weimar, 1828<\/span><\/span><script type=\"text\/javascript\"> jQuery('#footnote_plugin_tooltip_37166_1_3').tooltip({ tip: '#footnote_plugin_tooltip_text_37166_1_3', tipClass: 'footnote_tooltip', effect: 'fade', predelay: 0, fadeInSpeed: 200, delay: 400, fadeOutSpeed: 200, position: 'top right', relative: true, offset: [10, 10], });<\/script>.<\/p>\n<p>El Yin-Yang, masculino-femenino, movimiento-reposo, fr\u00edo-calor: Los dos polos se complementan y juntos crean un equilibrio din\u00e1mico. No es sorprendente, que la mayor diversidad en la naturaleza se produce donde los opuestos se encuentran<span class=\"footnote_referrer\"><a role=\"button\" tabindex=\"0\" onclick=\"footnote_moveToReference_37166_1('footnote_plugin_reference_37166_1_4');\" onkeypress=\"footnote_moveToReference_37166_1('footnote_plugin_reference_37166_1_4');\" ><sup id=\"footnote_plugin_tooltip_37166_1_4\" class=\"footnote_plugin_tooltip_text\">4)<\/sup><\/a><span id=\"footnote_plugin_tooltip_text_37166_1_4\" class=\"footnote_tooltip\">Gastl, M. (2015): Drei-Zonen-Garten: Vielfalt&nbsp;\u00b7 Sch\u00f6nheit&nbsp;\u00b7 Nutzen, Publisher Dr. Friedrich Pfeil<\/span><\/span><script type=\"text\/javascript\"> jQuery('#footnote_plugin_tooltip_37166_1_4').tooltip({ tip: '#footnote_plugin_tooltip_text_37166_1_4', tipClass: 'footnote_tooltip', effect: 'fade', predelay: 0, fadeInSpeed: 200, delay: 400, fadeOutSpeed: 200, position: 'top right', relative: true, offset: [10, 10], });<\/script>. En los pastizales pobres y secos, por ejemplo, que se encuentran junto a una zona h\u00fameda y sombreada ala orilla de una fuente de agua, la biodiversidad es abundante.<\/p>\n<p>La polaridad en la qu\u00edmica se refiere a la formaci\u00f3n de concentraciones de carga separadas; de esta manera, pueden existir \u00e1reas cargadas tanto negativa como positivamente en sustancias polares. Entre los polos cargados positiva y negativamente, surge un potencial el\u00e9ctrico: es el voltaje entre los dos polos lo que genera la energ\u00eda en una bater\u00eda<span class=\"footnote_referrer\"><a role=\"button\" tabindex=\"0\" onclick=\"footnote_moveToReference_37166_1('footnote_plugin_reference_37166_1_5');\" onkeypress=\"footnote_moveToReference_37166_1('footnote_plugin_reference_37166_1_5');\" ><sup id=\"footnote_plugin_tooltip_37166_1_5\" class=\"footnote_plugin_tooltip_text\">5)<\/sup><\/a><span id=\"footnote_plugin_tooltip_text_37166_1_5\" class=\"footnote_tooltip\"> The World Foundation for Natural Science (2021):&nbsp;\u00a1Toda la vida funciona con electricidad!, <a href=\"https:\/\/www.naturalscience.org\/es\/news\/2021\/04\/toda-la-vida-funciona-con-electricidad\/\" target=\"_blank\" rel=\"noopener\"><span class=\"footnote_url_wrap\">https:\/\/www.naturalscience.org\/es\/news\/2021\/04\/toda-la-vida-funciona-con-electricidad\/<\/span><\/a><\/span><\/span><script type=\"text\/javascript\"> jQuery('#footnote_plugin_tooltip_37166_1_5').tooltip({ tip: '#footnote_plugin_tooltip_text_37166_1_5', tipClass: 'footnote_tooltip', effect: 'fade', predelay: 0, fadeInSpeed: 200, delay: 400, fadeOutSpeed: 200, position: 'top right', relative: true, offset: [10, 10], });<\/script><\/p>\n<p><img loading=\"lazy\" decoding=\"async\" class=\"size-medium wp-image-34841 alignright\" src=\"https:\/\/www.naturalscience.org\/wp-content\/uploads\/2021\/04\/iStock-1208824917-300x171.jpg\" alt=\"\" width=\"300\" height=\"171\" srcset=\"https:\/\/www.naturalscience.org\/wp-content\/uploads\/2021\/04\/iStock-1208824917-300x171.jpg 300w, https:\/\/www.naturalscience.org\/wp-content\/uploads\/2021\/04\/iStock-1208824917-1024x585.jpg 1024w, https:\/\/www.naturalscience.org\/wp-content\/uploads\/2021\/04\/iStock-1208824917-768x439.jpg 768w, https:\/\/www.naturalscience.org\/wp-content\/uploads\/2021\/04\/iStock-1208824917-1536x878.jpg 1536w, https:\/\/www.naturalscience.org\/wp-content\/uploads\/2021\/04\/iStock-1208824917-2048x1170.jpg 2048w, https:\/\/www.naturalscience.org\/wp-content\/uploads\/2021\/04\/iStock-1208824917-164x94.jpg 164w, https:\/\/www.naturalscience.org\/wp-content\/uploads\/2021\/04\/iStock-1208824917-400x229.jpg 400w, https:\/\/www.naturalscience.org\/wp-content\/uploads\/2021\/04\/iStock-1208824917-500x286.jpg 500w\" sizes=\"auto, (max-width: 300px) 100vw, 300px\" \/><\/p>\n<p>Aunque es externamente y como un cuerpo de agua cerrado el\u00e9ctricamente neutro, el agua contiene esta polaridad vitalizadora en dos aspectos: tanto en la mol\u00e9cula de agua H2O como en el cuerpo de agua (por ejemplo, agua en un vaso, en las aguas naturales, y en el agua de nuestro cuerpo) est\u00e1n presentes las separaciones de carga. Hay \u00e1reas con exceso de electrones y carga negativa, y \u00e1reas con deficiencia de electrones y carga positiva.<\/p>\n<p>Por los libros de texto se conoce el agua como un compuesto polar, llamado dipolo, porque su densidad electr\u00f3nica se distribuye asim\u00e9tricamente dentro de la mol\u00e9cula H2O<span class=\"footnote_referrer\"><a role=\"button\" tabindex=\"0\" onclick=\"footnote_moveToReference_37166_1('footnote_plugin_reference_37166_1_6');\" onkeypress=\"footnote_moveToReference_37166_1('footnote_plugin_reference_37166_1_6');\" ><sup id=\"footnote_plugin_tooltip_37166_1_6\" class=\"footnote_plugin_tooltip_text\">6)<\/sup><\/a><span id=\"footnote_plugin_tooltip_text_37166_1_6\" class=\"footnote_tooltip\"><a href=\"https:\/\/www.chemie.de\/lexikon\/Polarit%C3%A4t_%28Chemie%29.html\" target=\"_blank\" rel=\"noopener noreferrer\"><span class=\"footnote_url_wrap\">https:\/\/www.chemie.de\/lexikon\/Polarit%C3%A4t_%28Chemie%29.html<\/span><\/a><\/span><\/span><script type=\"text\/javascript\"> jQuery('#footnote_plugin_tooltip_37166_1_6').tooltip({ tip: '#footnote_plugin_tooltip_text_37166_1_6', tipClass: 'footnote_tooltip', effect: 'fade', predelay: 0, fadeInSpeed: 200, delay: 400, fadeOutSpeed: 200, position: 'top right', relative: true, offset: [10, 10], });<\/script>. Como un dipolo, la mol\u00e9cula de agua tiene dos polos el\u00e9ctricos con carga diferente: una carga negativa en el lado del \u00e1tomo de ox\u00edgeno y una carga positiva en el lado de los dos \u00e1tomos de hidr\u00f3geno. Por tanto, la mol\u00e9cula de agua se puede comparar con un im\u00e1n de barra. Las ondas electromagn\u00e9ticas, especialmente la radiaci\u00f3n de microondas (el rango de frecuencia utilizado para las comunicaciones m\u00f3viles) hacen que este&nbsp;\u00abim\u00e1n de barra\u00bb, es decir, el dipolo de agua, gire. Esto se debe a que si esa onda electromagn\u00e9tica pasa sobre el dipolo, su polo negativo, y su polo positivo respectivamente, se reorientan constantemente de acuerdo con la onda electromagn\u00e9tica. Este principio tambi\u00e9n se usa en el horno de microondas: a trav\u00e9s de la rotaci\u00f3n de las mol\u00e9culas de agua, comienzan a vibrar de manera que se frotan entre s\u00ed, lo que genera calor: la comida se calienta. Esto se conoce como efecto t\u00e9rmico de la radiaci\u00f3n de microondas.<\/p>\n<p>&nbsp;<\/p>\n<h2>La radiaci\u00f3n de microondas: efectos no solo t\u00e9rmicos sino tambi\u00e9n biol\u00f3gicos<\/h2>\n<p>Pero la conveniencia del horno microondas tiene un precio: ya en 1992, el Dr. Hansueli Hertel pudo demostrar que los niveles de sangre de las personas sometidos a prueba cambiaban significativamente cuando com\u00edan alimentos preparados en el horno microondas. Por ejemplo, despu\u00e9s de ingerir alimentos irradiados con microondas, el nivel de hematocrito aumentaba considerablemente<span class=\"footnote_referrer\"><a role=\"button\" tabindex=\"0\" onclick=\"footnote_moveToReference_37166_1('footnote_plugin_reference_37166_1_7');\" onkeypress=\"footnote_moveToReference_37166_1('footnote_plugin_reference_37166_1_7');\" ><sup id=\"footnote_plugin_tooltip_37166_1_7\" class=\"footnote_plugin_tooltip_text\">7)<\/sup><\/a><span id=\"footnote_plugin_tooltip_text_37166_1_7\" class=\"footnote_tooltip\">Blanc, B. H. \/ Hertel, H. U. (1992): ComparativesStudy about the influence on man by food prepared conventionally and in the microwave oven.<\/span><\/span><script type=\"text\/javascript\"> jQuery('#footnote_plugin_tooltip_37166_1_7').tooltip({ tip: '#footnote_plugin_tooltip_text_37166_1_7', tipClass: 'footnote_tooltip', effect: 'fade', predelay: 0, fadeInSpeed: 200, delay: 400, fadeOutSpeed: 200, position: 'top right', relative: true, offset: [10, 10], });<\/script> <span class=\"footnote_referrer\"><a role=\"button\" tabindex=\"0\" onclick=\"footnote_moveToReference_37166_1('footnote_plugin_reference_37166_1_8');\" onkeypress=\"footnote_moveToReference_37166_1('footnote_plugin_reference_37166_1_8');\" ><sup id=\"footnote_plugin_tooltip_37166_1_8\" class=\"footnote_plugin_tooltip_text\">8)<\/sup><\/a><span id=\"footnote_plugin_tooltip_text_37166_1_8\" class=\"footnote_tooltip\">The World Foundation for Natural Science (2002):<a href=\"https:\/\/www.naturalscience.org\/es\/publicaciones\/cocinar-con-microondas-es-el-beso-de-la-muerte\/\" target=\"_blank\" rel=\"noopener\">\u00bfCocinar con microondas?&nbsp;\u00a1\u00a1Es el beso de la muerte!!<\/a><\/span><\/span><script type=\"text\/javascript\"> jQuery('#footnote_plugin_tooltip_37166_1_8').tooltip({ tip: '#footnote_plugin_tooltip_text_37166_1_8', tipClass: 'footnote_tooltip', effect: 'fade', predelay: 0, fadeInSpeed: 200, delay: 400, fadeOutSpeed: 200, position: 'top right', relative: true, offset: [10, 10], });<\/script>. El nivel de hematocrito describe la proporci\u00f3n de c\u00e9lulas sangu\u00edneas respecto al total de sangre y, por lo tanto, la fluidez de la sangre. Si el contenido de l\u00edquido de la sangre disminuye, aument\u00e1 el hematocrito.<\/p>\n<p>Por lo tanto, un nivel alto de hematocrito significa que la sangre es m\u00e1s viscosa y fluye m\u00e1s lentamente, lo que aumenta el riesgo de trombosis o accidente cerebrovascular, por ejemplo. Sin embargo, como muestra la investigaci\u00f3n del Dr. Hertel, los niveles de hematocrito hab\u00edan disminuido despu\u00e9s de comer alimentos crudos o cocidos convencionalmente. La investigaci\u00f3n del Dr. Hertel hace que nos sentemos y tomemos nota: de que la radiaci\u00f3n de microondas cambia m\u00e1s cosas que s\u00f3lo la temperatura de un medio. Muchos estudios ya han demostrado efectos biol\u00f3gicos que ocurren independientemente del calentamiento de los tejidos<span class=\"footnote_referrer\"><a role=\"button\" tabindex=\"0\" onclick=\"footnote_moveToReference_37166_1('footnote_plugin_reference_37166_1_9');\" onkeypress=\"footnote_moveToReference_37166_1('footnote_plugin_reference_37166_1_9');\" ><sup id=\"footnote_plugin_tooltip_37166_1_9\" class=\"footnote_plugin_tooltip_text\">9)<\/sup><\/a><span id=\"footnote_plugin_tooltip_text_37166_1_9\" class=\"footnote_tooltip\">Bioinitiative (2020): Reported Biological Effects from Radiofrequency Radiation at Low-Intensity Exposure, <a href=\"https:\/\/bioinitiative.org\/updated-research-summaries\/\" target=\"_blank\" rel=\"noopener noreferrer\"><span class=\"footnote_url_wrap\">https:\/\/bioinitiative.org\/updated-research-summaries\/<\/span><\/a>, Download 04\/2021<\/span><\/span><script type=\"text\/javascript\"> jQuery('#footnote_plugin_tooltip_37166_1_9').tooltip({ tip: '#footnote_plugin_tooltip_text_37166_1_9', tipClass: 'footnote_tooltip', effect: 'fade', predelay: 0, fadeInSpeed: 200, delay: 400, fadeOutSpeed: 200, position: 'top right', relative: true, offset: [10, 10], });<\/script>.<\/p>\n<p>Nuestra propia investigaci\u00f3n<span class=\"footnote_referrer\"><a role=\"button\" tabindex=\"0\" onclick=\"footnote_moveToReference_37166_1('footnote_plugin_reference_37166_1_10');\" onkeypress=\"footnote_moveToReference_37166_1('footnote_plugin_reference_37166_1_10');\" ><sup id=\"footnote_plugin_tooltip_37166_1_10\" class=\"footnote_plugin_tooltip_text\">10)<\/sup><\/a><span id=\"footnote_plugin_tooltip_text_37166_1_10\" class=\"footnote_tooltip\">Ulrich, D. (2020): Impact of mobile communications on water and life. Study situation and own experiments, 2020<\/span><\/span><script type=\"text\/javascript\"> jQuery('#footnote_plugin_tooltip_37166_1_10').tooltip({ tip: '#footnote_plugin_tooltip_text_37166_1_10', tipClass: 'footnote_tooltip', effect: 'fade', predelay: 0, fadeInSpeed: 200, delay: 400, fadeOutSpeed: 200, position: 'top right', relative: true, offset: [10, 10], });<\/script> muestra otra evidencia: el agua no s\u00f3lo se calienta en el horno de microondas, sino que tambi\u00e9n cambia su orden<span class=\"footnote_referrer\"><a role=\"button\" tabindex=\"0\" onclick=\"footnote_moveToReference_37166_1('footnote_plugin_reference_37166_1_11');\" onkeypress=\"footnote_moveToReference_37166_1('footnote_plugin_reference_37166_1_11');\" ><sup id=\"footnote_plugin_tooltip_37166_1_11\" class=\"footnote_plugin_tooltip_text\">11)<\/sup><\/a><span id=\"footnote_plugin_tooltip_text_37166_1_11\" class=\"footnote_tooltip\">See also in Warnke, U. (2019): Bionisches Wasser. Das Supermolek\u00fcl f\u00fcr unsere Gesundheit, arkana<\/span><\/span><script type=\"text\/javascript\"> jQuery('#footnote_plugin_tooltip_37166_1_11').tooltip({ tip: '#footnote_plugin_tooltip_text_37166_1_11', tipClass: 'footnote_tooltip', effect: 'fade', predelay: 0, fadeInSpeed: 200, delay: 400, fadeOutSpeed: 200, position: 'top right', relative: true, offset: [10, 10], });<\/script>. Esto puede hacerse visible mediante un microscopio de campo oscuro. Despu\u00e9s de secar una gota de agua, el filtro de campo oscuro del microscopio hace visibles las estructuras de los sedimentos depositados, las sales disueltas en el agua y otras sustancias. Cada agua deja as\u00ed su propio patr\u00f3n. En una prueba, el agua de referencia, un agua mineral suiza del supermercado, se llev\u00f3 a ebullici\u00f3n, se mont\u00f3 una gota despu\u00e9s de enfriarse se sec\u00f3. La estructura del agua hervida por gas es similar a la del agua original: un centro azul, un patr\u00f3n en forma de estrella alrededor del centro y c\u00edrculos semiconc\u00e9ntricos. Despu\u00e9s de cocinar en el horno de microondas, no se puede ver mucho del patr\u00f3n de sedimento original, esta destruido.<\/p>\n<p><img loading=\"lazy\" decoding=\"async\" class=\"alignnone wp-image-37172 size-large\" src=\"https:\/\/www.naturalscience.org\/wp-content\/uploads\/2021\/12\/Folie1-1024x576.jpg\" alt=\"\" width=\"1024\" height=\"576\" srcset=\"https:\/\/www.naturalscience.org\/wp-content\/uploads\/2021\/12\/Folie1-1024x576.jpg 1024w, https:\/\/www.naturalscience.org\/wp-content\/uploads\/2021\/12\/Folie1-300x169.jpg 300w, https:\/\/www.naturalscience.org\/wp-content\/uploads\/2021\/12\/Folie1-768x432.jpg 768w, https:\/\/www.naturalscience.org\/wp-content\/uploads\/2021\/12\/Folie1-1536x864.jpg 1536w, https:\/\/www.naturalscience.org\/wp-content\/uploads\/2021\/12\/Folie1-2048x1152.jpg 2048w, https:\/\/www.naturalscience.org\/wp-content\/uploads\/2021\/12\/Folie1-164x92.jpg 164w, https:\/\/www.naturalscience.org\/wp-content\/uploads\/2021\/12\/Folie1-400x225.jpg 400w, https:\/\/www.naturalscience.org\/wp-content\/uploads\/2021\/12\/Folie1-500x281.jpg 500w\" sizes=\"auto, (max-width: 1024px) 100vw, 1024px\" \/><\/p>\n<p>\u00bfC\u00f3mo se produce esta p\u00e9rdida del orden? En busca de una explicaci\u00f3n, vale la pena echar un vistazo a la investigaci\u00f3n sobre el agua. Varios cient\u00edficos han descubierto que las mol\u00e9culas de agua pueden organizarse de diferentes maneras cuando se fusionan en los llamados c\u00famulos de agua (es decir, grupos de mol\u00e9culas de H2O), el agua se forma en diferentes estructuras<span class=\"footnote_referrer\"><a role=\"button\" tabindex=\"0\" onclick=\"footnote_moveToReference_37166_1('footnote_plugin_reference_37166_1_12');\" onkeypress=\"footnote_moveToReference_37166_1('footnote_plugin_reference_37166_1_12');\" ><sup id=\"footnote_plugin_tooltip_37166_1_12\" class=\"footnote_plugin_tooltip_text\">12)<\/sup><\/a><span id=\"footnote_plugin_tooltip_text_37166_1_12\" class=\"footnote_tooltip\">For example in: Engler, I. (2009): Wasser. Polarit\u00e4tsph\u00e4nomen, Informationstr\u00e4ger, Lebens-Heilmittel; Pollak, G.H. (2013): The fourth phase of water. Beyond solid, liquid, and vapor; Wiggins, P. (2008): Life Depends upon Two Kinds of Water. PLoS ONE 3(1): e1406. doi:10.1371\/journal.phone.0001406; Jhon, M. S. &amp; Pangman, MJ (2012): Hexagonales Wasser: Der Schl\u00fcssel zur Gesundheit, Mobiwell Verlag, 2nd edition. Original edition: Jhon, M. S.: The Water Puzzle and the Hexagonal Key, And: Hexagonal Water, The Ultimate Solution; Ho, M.-W. The rainbow and the worm (2008). The physics of organisms. World Scientific.; Cowan, T. (2019): Cancer and the new Biology of Water.<\/span><\/span><script type=\"text\/javascript\"> jQuery('#footnote_plugin_tooltip_37166_1_12').tooltip({ tip: '#footnote_plugin_tooltip_text_37166_1_12', tipClass: 'footnote_tooltip', effect: 'fade', predelay: 0, fadeInSpeed: 200, delay: 400, fadeOutSpeed: 200, position: 'top right', relative: true, offset: [10, 10], });<\/script>. La estructura del agua cambia dependiendo de factores como la temperatura, el estado de la superficie de los materiales adyacentes o el v\u00f3rtice. Los cambios a nivel de c\u00famulos afectan la fluidez de las aguas. Viktor Schauberger hab\u00eda descrito esto con las propiedades de remolque de los arroyos de monta\u00f1a al transportar troncos de \u00e1rboles.<span class=\"footnote_referrer\"><a role=\"button\" tabindex=\"0\" onclick=\"footnote_moveToReference_37166_1('footnote_plugin_reference_37166_1_13');\" onkeypress=\"footnote_moveToReference_37166_1('footnote_plugin_reference_37166_1_13');\" ><sup id=\"footnote_plugin_tooltip_37166_1_13\" class=\"footnote_plugin_tooltip_text\">13)<\/sup><\/a><span id=\"footnote_plugin_tooltip_text_37166_1_13\" class=\"footnote_tooltip\">Schauberger, J. (2009): Viktor Schauberger. Das Wesen des Wassers. Original texts, edited and commented by J\u00f6rg Schauberger. AT Verlag, 3rd edition, 2009<\/span><\/span><script type=\"text\/javascript\"> jQuery('#footnote_plugin_tooltip_37166_1_13').tooltip({ tip: '#footnote_plugin_tooltip_text_37166_1_13', tipClass: 'footnote_tooltip', effect: 'fade', predelay: 0, fadeInSpeed: 200, delay: 400, fadeOutSpeed: 200, position: 'top right', relative: true, offset: [10, 10], });<\/script>. Lo mismo sucede en la gota bajo el microscopio: Dependiendo de las estructuras del agua, la fluidez en la gota cambia durante el proceso de secado. Por tanto, cada agua tiene su propio patr\u00f3n de sedimentaci\u00f3n. Los patrones indican la energ\u00eda propia del agua.<\/p>\n<p>&nbsp;<\/p>\n<h2>Estructuras de agua: agua EZ y agua a granel<\/h2>\n<p>Hoy en d\u00eda, se conocen al menos dos tipos diferentes de estructuras de agua. Una de estas estructuras es el agua en el sentido convencional, que muestra una red m\u00e1s o menos aleatoria de mol\u00e9culas de agua, que, a trav\u00e9s de puentes de hidr\u00f3geno, est\u00e1n conectadas de manera bastante floja a cadenas fragmentarias. En la literatura, esta agua a menudo se denomina agua a granel.<\/p>\n<p>En contraste con el agua a granel, hay agua muy estructurada. Aqu\u00ed, las mol\u00e9culas se organizan en hex\u00e1gonos; debido a su estructura, es agua est\u00e1 muy cercana al hielo. El profesor Gerald Pollack<span class=\"footnote_referrer\"><a role=\"button\" tabindex=\"0\" onclick=\"footnote_moveToReference_37166_1('footnote_plugin_reference_37166_1_14');\" onkeypress=\"footnote_moveToReference_37166_1('footnote_plugin_reference_37166_1_14');\" ><sup id=\"footnote_plugin_tooltip_37166_1_14\" class=\"footnote_plugin_tooltip_text\">14)<\/sup><\/a><span id=\"footnote_plugin_tooltip_text_37166_1_14\" class=\"footnote_tooltip\"><a href=\"https:\/\/www.pollacklab.org\/\" target=\"_blank\" rel=\"noopener noreferrer\"><span class=\"footnote_url_wrap\">https:\/\/www.pollacklab.org\/<\/span><\/a><\/span><\/span><script type=\"text\/javascript\"> jQuery('#footnote_plugin_tooltip_37166_1_14').tooltip({ tip: '#footnote_plugin_tooltip_text_37166_1_14', tipClass: 'footnote_tooltip', effect: 'fade', predelay: 0, fadeInSpeed: 200, delay: 400, fadeOutSpeed: 200, position: 'top right', relative: true, offset: [10, 10], });<\/script> de la Universidad de Washington en Seattle es actualmente el cient\u00edfico l\u00edder en el estudio del agua hexagonal. \u00c9l acu\u00f1\u00f3 el t\u00e9rmino&nbsp;\u00abagua EZ\u00bb para esta agua cristalina l\u00edquida altamente estructurada. EZ significa \u201cZona de Exclusi\u00f3n\u201d, porque en esta zona en el agua, son excluidas otras sustancias, se compone s\u00f3lo de hidr\u00f3geno y ox\u00edgeno. En la EZ, se miden un valor de pH alcalino y una carga el\u00e9ctrica negativa. Debido a la disposici\u00f3n cristalina de las mol\u00e9culas, el agua es m\u00e1s viscosa que el resto del agua, es un gel.<\/p>\n<p>El bi\u00f3logo James Clegg estudi\u00f3 el agua celular en la d\u00e9cada de 1990 y descubri\u00f3 que, adem\u00e1s del agua a granel, tambi\u00e9n est\u00e1 presente en una c\u00e9lula agua gelatinosa con un mayor grado de orden, y su formaci\u00f3n depende en gran medida de las interfaces presentes en las estructuras celulares, como estructuras celulares, pol\u00edmeros o enzimas.<span class=\"footnote_referrer\"><a role=\"button\" tabindex=\"0\" onclick=\"footnote_moveToReference_37166_1('footnote_plugin_reference_37166_1_15');\" onkeypress=\"footnote_moveToReference_37166_1('footnote_plugin_reference_37166_1_15');\" ><sup id=\"footnote_plugin_tooltip_37166_1_15\" class=\"footnote_plugin_tooltip_text\">15)<\/sup><\/a><span id=\"footnote_plugin_tooltip_text_37166_1_15\" class=\"footnote_tooltip\">Glegg, J.S. (1981;1984), in: Bischof, M. (2002): Biophotonen. Das Licht in unseren Zellen, Verlag Zweitausendeins, 12<sup>th<\/sup> edition, 2002<\/span><\/span><script type=\"text\/javascript\"> jQuery('#footnote_plugin_tooltip_37166_1_15').tooltip({ tip: '#footnote_plugin_tooltip_text_37166_1_15', tipClass: 'footnote_tooltip', effect: 'fade', predelay: 0, fadeInSpeed: 200, delay: 400, fadeOutSpeed: 200, position: 'top right', relative: true, offset: [10, 10], });<\/script><br \/>\nPara nuestros cuerpos, plantas y muchos sistemas naturales, la coexistencia de aguas estructuradas de manera diferente es vital. La raz\u00f3n de esto: mientras que el agua EZ tiene carga negativa, el agua a granel tiene una carga positiva. Las diferencias de carga generan voltaje y, por lo tanto, energ\u00eda valiosa, que se utiliza para los procesos de la vida. La presencia de diversas aguas impulsa la vida, como afirma el doctor Ivan Engler<span class=\"footnote_referrer\"><a role=\"button\" tabindex=\"0\" onclick=\"footnote_moveToReference_37166_1('footnote_plugin_reference_37166_1_16');\" onkeypress=\"footnote_moveToReference_37166_1('footnote_plugin_reference_37166_1_16');\" ><sup id=\"footnote_plugin_tooltip_37166_1_16\" class=\"footnote_plugin_tooltip_text\">16)<\/sup><\/a><span id=\"footnote_plugin_tooltip_text_37166_1_16\" class=\"footnote_tooltip\">Engler, I. (2009): Wasser. Polarit\u00e4tsph\u00e4nomen, Informationstr\u00e4ger, Lebens-Heilmittel. Spurbuchverlag, 2009<\/span><\/span><script type=\"text\/javascript\"> jQuery('#footnote_plugin_tooltip_37166_1_16').tooltip({ tip: '#footnote_plugin_tooltip_text_37166_1_16', tipClass: 'footnote_tooltip', effect: 'fade', predelay: 0, fadeInSpeed: 200, delay: 400, fadeOutSpeed: 200, position: 'top right', relative: true, offset: [10, 10], });<\/script>.<\/p>\n<p>Si la estructura del agua es tan importante para la vida, pero sabemos por las investigaciones que la radiaci\u00f3n de microondas es da\u00f1ina para la vida<span class=\"footnote_referrer\"><a role=\"button\" tabindex=\"0\" onclick=\"footnote_moveToReference_37166_1('footnote_plugin_reference_37166_1_17');\" onkeypress=\"footnote_moveToReference_37166_1('footnote_plugin_reference_37166_1_17');\" ><sup id=\"footnote_plugin_tooltip_37166_1_17\" class=\"footnote_plugin_tooltip_text\">17)<\/sup><\/a><span id=\"footnote_plugin_tooltip_text_37166_1_17\" class=\"footnote_tooltip\">The World Foundation for Natural Science (2021): <a href=\"https:\/\/www.naturalscience.org\/es\/news\/2021\/03\/animales-y-plantas-bajo-el-estres-de-la-radiacion\/\" target=\"_blank\" rel=\"noopener\">Animales y plantas bajo el estr\u00e9s de la radiaci\u00f3n<\/a><\/span><\/span><script type=\"text\/javascript\"> jQuery('#footnote_plugin_tooltip_37166_1_17').tooltip({ tip: '#footnote_plugin_tooltip_text_37166_1_17', tipClass: 'footnote_tooltip', effect: 'fade', predelay: 0, fadeInSpeed: 200, delay: 400, fadeOutSpeed: 200, position: 'top right', relative: true, offset: [10, 10], });<\/script>, surge una pregunta importante:&nbsp;\u00bfLa radiaci\u00f3n de microondas influye en la estructura del agua?<\/p>\n<p>Con base en los hallazgos sobre la vitalidad de las aguas proporcionados por la investigaci\u00f3n con microscopio de campo oscuro, tiene sentido abordar esta pregunta con el mismo m\u00e9todo.&nbsp;\u00bfCambia el patr\u00f3n de sedimentaci\u00f3n en las muestras de agua expuestas a la radiaci\u00f3n de los enrutadores Wi-Fi y de los tel\u00e9fonos inteligentes?<\/p>\n<p><img loading=\"lazy\" decoding=\"async\" class=\"alignnone wp-image-37173 size-large\" src=\"https:\/\/www.naturalscience.org\/wp-content\/uploads\/2021\/12\/Folie2-1024x576.jpg\" alt=\"\" width=\"1024\" height=\"576\" srcset=\"https:\/\/www.naturalscience.org\/wp-content\/uploads\/2021\/12\/Folie2-1024x576.jpg 1024w, https:\/\/www.naturalscience.org\/wp-content\/uploads\/2021\/12\/Folie2-300x169.jpg 300w, https:\/\/www.naturalscience.org\/wp-content\/uploads\/2021\/12\/Folie2-768x432.jpg 768w, https:\/\/www.naturalscience.org\/wp-content\/uploads\/2021\/12\/Folie2-1536x864.jpg 1536w, https:\/\/www.naturalscience.org\/wp-content\/uploads\/2021\/12\/Folie2-2048x1152.jpg 2048w, https:\/\/www.naturalscience.org\/wp-content\/uploads\/2021\/12\/Folie2-164x92.jpg 164w, https:\/\/www.naturalscience.org\/wp-content\/uploads\/2021\/12\/Folie2-400x225.jpg 400w, https:\/\/www.naturalscience.org\/wp-content\/uploads\/2021\/12\/Folie2-500x281.jpg 500w\" sizes=\"auto, (max-width: 1024px) 100vw, 1024px\" \/><\/p>\n<p>La imagen anterior muestra una gota del agua original como agua de referencia. Hay una gran cantidad de azul, que seg\u00fan G. H. Pollack indica la presencia de EZ<span class=\"footnote_referrer\"><a role=\"button\" tabindex=\"0\" onclick=\"footnote_moveToReference_37166_1('footnote_plugin_reference_37166_1_18');\" onkeypress=\"footnote_moveToReference_37166_1('footnote_plugin_reference_37166_1_18');\" ><sup id=\"footnote_plugin_tooltip_37166_1_18\" class=\"footnote_plugin_tooltip_text\">18)<\/sup><\/a><span id=\"footnote_plugin_tooltip_text_37166_1_18\" class=\"footnote_tooltip\">Pollack, G.H. (2014): The fourth phase of water. Beyond solid, liquid and vapor. Ebner and Sons Publishers, 2013<\/span><\/span><script type=\"text\/javascript\"> jQuery('#footnote_plugin_tooltip_37166_1_18').tooltip({ tip: '#footnote_plugin_tooltip_text_37166_1_18', tipClass: 'footnote_tooltip', effect: 'fade', predelay: 0, fadeInSpeed: 200, delay: 400, fadeOutSpeed: 200, position: 'top right', relative: true, offset: [10, 10], });<\/script>.Adem\u00e1s, se puede detectar un gran orden, con un centro peque\u00f1o, c\u00edrculos conc\u00e9ntricos y estructuras de flujo en forma sinusoidal hacia el borde. Despu\u00e9s de estar expuesto a un enrutador Wi-Fi y a un tel\u00e9fono inteligente durante 30 minutos, surge una imagen completamente diferente. Las \u00e1reas negras son \u00e1reas sin sedimentos. Evidentemente, el agua ha perdido su fuerza de arrastre, los sedimentos se depositaron en su mayor\u00eda en el borde de la gota.<\/p>\n<p>Otras muestras exponen una imagen similar. La falta de fuerza de arrastre es muy notoria en el siguiente ejemplo: A la izquierda el agua de control con muchos componentes azules y anillos ordenados, conc\u00e9ntricos, aunque muy r\u00edgidos.<\/p>\n<p><img loading=\"lazy\" decoding=\"async\" class=\"alignnone wp-image-37174 size-large\" src=\"https:\/\/www.naturalscience.org\/wp-content\/uploads\/2021\/12\/Folie3-1024x576.jpg\" alt=\"\" width=\"1024\" height=\"576\" srcset=\"https:\/\/www.naturalscience.org\/wp-content\/uploads\/2021\/12\/Folie3-1024x576.jpg 1024w, https:\/\/www.naturalscience.org\/wp-content\/uploads\/2021\/12\/Folie3-300x169.jpg 300w, https:\/\/www.naturalscience.org\/wp-content\/uploads\/2021\/12\/Folie3-768x432.jpg 768w, https:\/\/www.naturalscience.org\/wp-content\/uploads\/2021\/12\/Folie3-1536x864.jpg 1536w, https:\/\/www.naturalscience.org\/wp-content\/uploads\/2021\/12\/Folie3-2048x1152.jpg 2048w, https:\/\/www.naturalscience.org\/wp-content\/uploads\/2021\/12\/Folie3-164x92.jpg 164w, https:\/\/www.naturalscience.org\/wp-content\/uploads\/2021\/12\/Folie3-400x225.jpg 400w, https:\/\/www.naturalscience.org\/wp-content\/uploads\/2021\/12\/Folie3-500x281.jpg 500w\" sizes=\"auto, (max-width: 1024px) 100vw, 1024px\" \/><\/p>\n<p>Despu\u00e9s de la radiaci\u00f3n Wi-Fi, se destaca el gran centro sin sedimentos y la ausencia del patr\u00f3n original. Recordamos el patr\u00f3n destruido del agua hervida en el horno de microondas: Se usa la misma frecuencia para Wi-Fi que en el horno de microondas:&nbsp;\u00a12,45 GHz! Esto es crucial, porque 2,45 GHz es una frecuencia importante para el agua, ya que absorbe la m\u00e1xima energ\u00eda de este rango del espectro. Por lo tanto, 2,45 GHz es una frecuencia t\u00edpica del agua, como son otras frecuencias del espectro de microondas que se utilizan en las comunicaciones m\u00f3viles.<\/p>\n<p>El agua puede reaccionar de manera diferente a la radiaci\u00f3n Wi-Fi. El alcance de la influencia de la radiaci\u00f3n en la fluidez tambi\u00e9n depende de las caracter\u00edsticas del agua original. Sin embargo, la fuerza de arrastre perturbada tiende a estar siempre presente, como muestran otras tres muestras de agua en la siguiente imagen.<img loading=\"lazy\" decoding=\"async\" class=\"alignnone wp-image-37175 size-large\" src=\"https:\/\/www.naturalscience.org\/wp-content\/uploads\/2021\/12\/Folie4-1024x576.jpg\" alt=\"\" width=\"1024\" height=\"576\" srcset=\"https:\/\/www.naturalscience.org\/wp-content\/uploads\/2021\/12\/Folie4-1024x576.jpg 1024w, https:\/\/www.naturalscience.org\/wp-content\/uploads\/2021\/12\/Folie4-300x169.jpg 300w, https:\/\/www.naturalscience.org\/wp-content\/uploads\/2021\/12\/Folie4-768x432.jpg 768w, https:\/\/www.naturalscience.org\/wp-content\/uploads\/2021\/12\/Folie4-1536x864.jpg 1536w, https:\/\/www.naturalscience.org\/wp-content\/uploads\/2021\/12\/Folie4-2048x1152.jpg 2048w, https:\/\/www.naturalscience.org\/wp-content\/uploads\/2021\/12\/Folie4-164x92.jpg 164w, https:\/\/www.naturalscience.org\/wp-content\/uploads\/2021\/12\/Folie4-400x225.jpg 400w, https:\/\/www.naturalscience.org\/wp-content\/uploads\/2021\/12\/Folie4-500x281.jpg 500w\" sizes=\"auto, (max-width: 1024px) 100vw, 1024px\" \/><\/p>\n<p>Pero,&nbsp;\u00bfqu\u00e9&nbsp;\u00abhace\u00bb exactamente la irradiaci\u00f3n Wi-Fi con las estructuras de agua y el voltaje que generan? De hecho, los resultados preliminares de la investigaci\u00f3n de la estructura del agua sugieren que el agua expuesta a la radiaci\u00f3n Wi-Fi reduce la zona EZ en aproximadamente un 15 por ciento<span class=\"footnote_referrer\"><a role=\"button\" tabindex=\"0\" onclick=\"footnote_moveToReference_37166_1('footnote_plugin_reference_37166_1_19');\" onkeypress=\"footnote_moveToReference_37166_1('footnote_plugin_reference_37166_1_19');\" ><sup id=\"footnote_plugin_tooltip_37166_1_19\" class=\"footnote_plugin_tooltip_text\">19)<\/sup><\/a><span id=\"footnote_plugin_tooltip_text_37166_1_19\" class=\"footnote_tooltip\">Cowan, T. &amp; Fallon Morell, S. (2020): The Contagion Myth, Skyhorse Publishing, 2020<\/span><\/span><script type=\"text\/javascript\"> jQuery('#footnote_plugin_tooltip_37166_1_19').tooltip({ tip: '#footnote_plugin_tooltip_text_37166_1_19', tipClass: 'footnote_tooltip', effect: 'fade', predelay: 0, fadeInSpeed: 200, delay: 400, fadeOutSpeed: 200, position: 'top right', relative: true, offset: [10, 10], });<\/script>. Este hallazgo plantea m\u00e1s preguntas:<\/p>\n<ul>\n<li>\u00bfLa reducci\u00f3n de agua EZ por Wi-Fi tambi\u00e9n ocurre con las comunicaciones m\u00f3viles en otras frecuencias y pulsos?<\/li>\n<li>\u00bfEl agua ya no proporciona energ\u00eda cuando se reduce la zona con agua estructurada?<\/li>\n<li>\u00bfQu\u00e9 significa la falta de energ\u00eda resultante para los procesos celulares, los \u00f3rganos, los humanos, los animales y las plantas?<\/li>\n<\/ul>\n<p>Existe una clara evidencia de que el cambio en las estructuras del agua causado por las comunicaciones m\u00f3viles interrumpe y pone en peligro los procesos de la vida. Se ha demostrado en experimentos que el agua EZ participa en la acci\u00f3n capilar, por ejemplo<span class=\"footnote_referrer\"><a role=\"button\" tabindex=\"0\" onclick=\"footnote_moveToReference_37166_1('footnote_plugin_reference_37166_1_20');\" onkeypress=\"footnote_moveToReference_37166_1('footnote_plugin_reference_37166_1_20');\" ><sup id=\"footnote_plugin_tooltip_37166_1_20\" class=\"footnote_plugin_tooltip_text\">20)<\/sup><\/a><span id=\"footnote_plugin_tooltip_text_37166_1_20\" class=\"footnote_tooltip\">Pollack, G.H. (2017): Lecture at the Three-Country Congress, Konstanz, 15.10.2017<\/span><\/span><script type=\"text\/javascript\"> jQuery('#footnote_plugin_tooltip_37166_1_20').tooltip({ tip: '#footnote_plugin_tooltip_text_37166_1_20', tipClass: 'footnote_tooltip', effect: 'fade', predelay: 0, fadeInSpeed: 200, delay: 400, fadeOutSpeed: 200, position: 'top right', relative: true, offset: [10, 10], });<\/script>. Est\u00e1 bien documentado que los \u00e1rboles expuestos a la radiaci\u00f3n de microondas est\u00e1n bajo estr\u00e9s y las puntas de sus hojas se vuelven marrones y finalmente se caen<span class=\"footnote_referrer\"><a role=\"button\" tabindex=\"0\" onclick=\"footnote_moveToReference_37166_1('footnote_plugin_reference_37166_1_21');\" onkeypress=\"footnote_moveToReference_37166_1('footnote_plugin_reference_37166_1_21');\" ><sup id=\"footnote_plugin_tooltip_37166_1_21\" class=\"footnote_plugin_tooltip_text\">21)<\/sup><\/a><span id=\"footnote_plugin_tooltip_text_37166_1_21\" class=\"footnote_tooltip\">The World Foundation for Natural Science (2021): <a href=\"https:\/\/www.naturalscience.org\/es\/news\/2021\/03\/animales-y-plantas-bajo-el-estres-de-la-radiacion\/\" target=\"_blank\" rel=\"noopener\">Animales y plantas bajo el estr\u00e9s de la radiaci\u00f3n<\/a><\/span><\/span><script type=\"text\/javascript\"> jQuery('#footnote_plugin_tooltip_37166_1_21').tooltip({ tip: '#footnote_plugin_tooltip_text_37166_1_21', tipClass: 'footnote_tooltip', effect: 'fade', predelay: 0, fadeInSpeed: 200, delay: 400, fadeOutSpeed: 200, position: 'top right', relative: true, offset: [10, 10], });<\/script>.&nbsp;\u00a1Si esta reacci\u00f3n es causada por un deterioro del efecto capilar debido a estructuras de agua alteradas es otra pregunta de investigaci\u00f3n abierta que definitivamente debe investigarse!<\/p>\n<h2>La radiaci\u00f3n de microondas cambia la sangre<\/h2>\n<p>Pero no son s\u00f3lo las plantas las que est\u00e1n sometidas a estr\u00e9s por la radiaci\u00f3n de microondas.&nbsp;\u00bfLa radiaci\u00f3n Wi-Fi tambi\u00e9n cambia el agua de nuestro cuerpo? Nuestros cuerpos son aproximadamente un 70% de agua, el 99% de todas las mol\u00e9culas de nuestro cuerpo son mol\u00e9culas de agua. El hecho de que las comunicaciones m\u00f3viles son un riesgo para nuestra salud se ha demostrado en m\u00faltiples ocasiones<span class=\"footnote_referrer\"><a role=\"button\" tabindex=\"0\" onclick=\"footnote_moveToReference_37166_1('footnote_plugin_reference_37166_1_22');\" onkeypress=\"footnote_moveToReference_37166_1('footnote_plugin_reference_37166_1_22');\" ><sup id=\"footnote_plugin_tooltip_37166_1_22\" class=\"footnote_plugin_tooltip_text\">22)<\/sup><\/a><span id=\"footnote_plugin_tooltip_text_37166_1_22\" class=\"footnote_tooltip\"> Martin L. Pall (2019): 5G: Great risk for EU, U.S. and International Health! Compelling Evidence for Eight Distinct Types of Great Harm Caused by Electromagnetic Field (EMF) Exposures and the Mechanism that Causes Them<\/span><\/span><script type=\"text\/javascript\"> jQuery('#footnote_plugin_tooltip_37166_1_22').tooltip({ tip: '#footnote_plugin_tooltip_text_37166_1_22', tipClass: 'footnote_tooltip', effect: 'fade', predelay: 0, fadeInSpeed: 200, delay: 400, fadeOutSpeed: 200, position: 'top right', relative: true, offset: [10, 10], });<\/script>. Pero,&nbsp;\u00bfla radiaci\u00f3n Wi-Fi tambi\u00e9n cambia el agua de nuestro cuerpo?<\/p>\n<p>La sangre es un fluido corporal que reacciona r\u00e1pidamente a la radiaci\u00f3n. En el microscopio de campo oscuro, aumentado 1000 veces, los gl\u00f3bulos rojos se vuelven claramente visibles. En la siguiente imagen, la imagen de la izquierda muestra gl\u00f3bulos rojos bellamente redondos, distribuidos libremente. Este es el estado normal y saludable de la sangre.&nbsp;!Pero con la radiaci\u00f3n Wi-Fi, se forman en la sangre las llamadas pilas de monedas (imagen de la derecha)\u00a1. En este estado, el ox\u00edgeno almacenado en la abolladura del gl\u00f3bulo rojo s\u00f3lo puede liberarse de manera insuficiente al tejido. Adem\u00e1s, la velocidad del flujo sangu\u00edneo suele ser peor<span class=\"footnote_referrer\"><a role=\"button\" tabindex=\"0\" onclick=\"footnote_moveToReference_37166_1('footnote_plugin_reference_37166_1_23');\" onkeypress=\"footnote_moveToReference_37166_1('footnote_plugin_reference_37166_1_23');\" ><sup id=\"footnote_plugin_tooltip_37166_1_23\" class=\"footnote_plugin_tooltip_text\">23)<\/sup><\/a><span id=\"footnote_plugin_tooltip_text_37166_1_23\" class=\"footnote_tooltip\">Christmann, H. (2020): Blut gut, alles gut. Laborwerte richtig deuten, Dunkelfeldmikroskopie nutzen. Silberschnur Verlag<\/span><\/span><script type=\"text\/javascript\"> jQuery('#footnote_plugin_tooltip_37166_1_23').tooltip({ tip: '#footnote_plugin_tooltip_text_37166_1_23', tipClass: 'footnote_tooltip', effect: 'fade', predelay: 0, fadeInSpeed: 200, delay: 400, fadeOutSpeed: 200, position: 'top right', relative: true, offset: [10, 10], });<\/script>.<\/p>\n<p><img loading=\"lazy\" decoding=\"async\" class=\"alignnone wp-image-37176 size-large\" src=\"https:\/\/www.naturalscience.org\/wp-content\/uploads\/2021\/12\/Folie5-1024x576.jpg\" alt=\"\" width=\"1024\" height=\"576\" srcset=\"https:\/\/www.naturalscience.org\/wp-content\/uploads\/2021\/12\/Folie5-1024x576.jpg 1024w, https:\/\/www.naturalscience.org\/wp-content\/uploads\/2021\/12\/Folie5-300x169.jpg 300w, https:\/\/www.naturalscience.org\/wp-content\/uploads\/2021\/12\/Folie5-768x432.jpg 768w, https:\/\/www.naturalscience.org\/wp-content\/uploads\/2021\/12\/Folie5-1536x864.jpg 1536w, https:\/\/www.naturalscience.org\/wp-content\/uploads\/2021\/12\/Folie5-2048x1152.jpg 2048w, https:\/\/www.naturalscience.org\/wp-content\/uploads\/2021\/12\/Folie5-164x92.jpg 164w, https:\/\/www.naturalscience.org\/wp-content\/uploads\/2021\/12\/Folie5-400x225.jpg 400w, https:\/\/www.naturalscience.org\/wp-content\/uploads\/2021\/12\/Folie5-500x281.jpg 500w\" sizes=\"auto, (max-width: 1024px) 100vw, 1024px\" \/><\/p>\n<p>El bioqu\u00edmico Prof. Dr. Volker Ullrich confirma la formaci\u00f3n en pilas de monedas de los gl\u00f3bulos rojos. Cita como causa el cambio del canal de iones voltaje dependiente<span class=\"footnote_referrer\"><a role=\"button\" tabindex=\"0\" onclick=\"footnote_moveToReference_37166_1('footnote_plugin_reference_37166_1_24');\" onkeypress=\"footnote_moveToReference_37166_1('footnote_plugin_reference_37166_1_24');\" ><sup id=\"footnote_plugin_tooltip_37166_1_24\" class=\"footnote_plugin_tooltip_text\">24)<\/sup><\/a><span id=\"footnote_plugin_tooltip_text_37166_1_24\" class=\"footnote_tooltip\">Ullrich, V. (2020): Neue Erkl\u00e4rungen f\u00fcr die Hypersensibilit\u00e4t aus der Neuro-Biochemie. oekoskop, \u00c4rztinnen und \u00c4rzte f\u00fcr Umwelschutz, Nr. 2\/20, 2020<\/span><\/span><script type=\"text\/javascript\"> jQuery('#footnote_plugin_tooltip_37166_1_24').tooltip({ tip: '#footnote_plugin_tooltip_text_37166_1_24', tipClass: 'footnote_tooltip', effect: 'fade', predelay: 0, fadeInSpeed: 200, delay: 400, fadeOutSpeed: 200, position: 'top right', relative: true, offset: [10, 10], });<\/script>. Los canales de iones son prote\u00ednas en forma de tubo que act\u00faan como una puerta en la membrana celular y son permeables s\u00f3lo a tipos de iones individuales. Si los canales de iones est\u00e1n controlados por voltaje, se abren en la membrana dependiendo de la relaci\u00f3n de carga. Un ejemplo de esto son los canales de calcio controlados por voltaje, que son influenciados por las comunicaciones m\u00f3viles. Las mediciones muestran que el nivel de calcio en las c\u00e9lulas aumenta cuando se exponen a las comunicaciones m\u00f3viles<span class=\"footnote_referrer\"><a role=\"button\" tabindex=\"0\" onclick=\"footnote_moveToReference_37166_1('footnote_plugin_reference_37166_1_25');\" onkeypress=\"footnote_moveToReference_37166_1('footnote_plugin_reference_37166_1_25');\" ><sup id=\"footnote_plugin_tooltip_37166_1_25\" class=\"footnote_plugin_tooltip_text\">25)<\/sup><\/a><span id=\"footnote_plugin_tooltip_text_37166_1_25\" class=\"footnote_tooltip\">Martin L. Pall (2019): 5G: Great risk for EU, U.S. and International Health! Compelling Evidence for Eight Distinct Types of Great Harm Caused by Electromagnetic Field (EMF) Exposures and the Mechanism that Causes Them.<\/span><\/span><script type=\"text\/javascript\"> jQuery('#footnote_plugin_tooltip_37166_1_25').tooltip({ tip: '#footnote_plugin_tooltip_text_37166_1_25', tipClass: 'footnote_tooltip', effect: 'fade', predelay: 0, fadeInSpeed: 200, delay: 400, fadeOutSpeed: 200, position: 'top right', relative: true, offset: [10, 10], });<\/script>. Una mayor concentraci\u00f3n de iones de calcio en las c\u00e9lulas conduce a un aumento de la muerte celular, estr\u00e9s oxidativo, arritmias card\u00edacas, consecuencias neurol\u00f3gicas y neuropsiqui\u00e1tricas y trastornos hormonales<span class=\"footnote_referrer\"><a role=\"button\" tabindex=\"0\" onclick=\"footnote_moveToReference_37166_1('footnote_plugin_reference_37166_1_26');\" onkeypress=\"footnote_moveToReference_37166_1('footnote_plugin_reference_37166_1_26');\" ><sup id=\"footnote_plugin_tooltip_37166_1_26\" class=\"footnote_plugin_tooltip_text\">26)<\/sup><\/a><span id=\"footnote_plugin_tooltip_text_37166_1_26\" class=\"footnote_tooltip\">The Epoch Times (2020): A summary of Martin Pall\u2019s report can be found, for example, at <a href=\"https:\/\/www.epochtimes.de\/wissen\/us-professor-warnt-vor-5g-netz-gesundheitsrisiken-durch-verstaerkte-aktivierung-der-koerpereigenen-calciumkanaele-a3240322.html\" target=\"_blank\" rel=\"noopener noreferrer\"><span class=\"footnote_url_wrap\">https:\/\/www.epochtimes.de\/wissen\/us-professor-warnt-vor-5g-netz-gesundheitsrisiken-durch-verstaerkte-aktivierung-der-koerpereigenen-calciumkanaele-a3240322.html<\/span><\/a> (16.5.2020) <\/span><\/span><script type=\"text\/javascript\"> jQuery('#footnote_plugin_tooltip_37166_1_26').tooltip({ tip: '#footnote_plugin_tooltip_text_37166_1_26', tipClass: 'footnote_tooltip', effect: 'fade', predelay: 0, fadeInSpeed: 200, delay: 400, fadeOutSpeed: 200, position: 'top right', relative: true, offset: [10, 10], });<\/script>. Los experimentos mostraron que las aguas estructuradas de manera diferente en la membrana celular ayudan a controlar la funci\u00f3n de los canales i\u00f3nicos<span class=\"footnote_referrer\"><a role=\"button\" tabindex=\"0\" onclick=\"footnote_moveToReference_37166_1('footnote_plugin_reference_37166_1_27');\" onkeypress=\"footnote_moveToReference_37166_1('footnote_plugin_reference_37166_1_27');\" ><sup id=\"footnote_plugin_tooltip_37166_1_27\" class=\"footnote_plugin_tooltip_text\">27)<\/sup><\/a><span id=\"footnote_plugin_tooltip_text_37166_1_27\" class=\"footnote_tooltip\">Wiggins, P. (2008) Life Depends upon Two Kinds of Water. PLoS ONE 3(1): e1406. doi:10.1371\/journal.pone.0001406<\/span><\/span><script type=\"text\/javascript\"> jQuery('#footnote_plugin_tooltip_37166_1_27').tooltip({ tip: '#footnote_plugin_tooltip_text_37166_1_27', tipClass: 'footnote_tooltip', effect: 'fade', predelay: 0, fadeInSpeed: 200, delay: 400, fadeOutSpeed: 200, position: 'top right', relative: true, offset: [10, 10], });<\/script>.Esto significa que la relaci\u00f3n de agua altamente estructurada con el agua a granel al menos co-determina el voltaje en la membrana celular y por lo tanto el flujo de iones.<\/p>\n<p>Los resultados actuales indican que la radiaci\u00f3n de microondas interfiere con la organizaci\u00f3n del agua. Tambi\u00e9n con el agua de nuestro cuerpo. Es obvio que esto tiene un impacto en nuestra salud. El cuerpo de los ni\u00f1os tiene un contenido de agua a\u00fan mayor que el de los adultos. Por lo tanto, los ni\u00f1os absorben las microondas artificiales con m\u00e1s fuerza y los trastornos de salud y las deformidades ocurren m\u00e1s r\u00e1pidamente.<span class=\"footnote_referrer\"><a role=\"button\" tabindex=\"0\" onclick=\"footnote_moveToReference_37166_1('footnote_plugin_reference_37166_1_28');\" onkeypress=\"footnote_moveToReference_37166_1('footnote_plugin_reference_37166_1_28');\" ><sup id=\"footnote_plugin_tooltip_37166_1_28\" class=\"footnote_plugin_tooltip_text\">28)<\/sup><\/a><span id=\"footnote_plugin_tooltip_text_37166_1_28\" class=\"footnote_tooltip\">Trower, B. (2021): From zygote to foetus there is no hiding place from the electrically induced phase transition from 5G with its accompanying support and carrier waves. <a href=\"https:\/\/www.naturalscience.org\/wp-content\/uploads\/2021\/04\/2021-025G-No-Hiding-Place-Barrie-Trower.pdf\">2021-02=5G-No Hiding Place &#8211; Barrie Trower.pdf<\/a><\/span><\/span><script type=\"text\/javascript\"> jQuery('#footnote_plugin_tooltip_37166_1_28').tooltip({ tip: '#footnote_plugin_tooltip_text_37166_1_28', tipClass: 'footnote_tooltip', effect: 'fade', predelay: 0, fadeInSpeed: 200, delay: 400, fadeOutSpeed: 200, position: 'top right', relative: true, offset: [10, 10], });<\/script> <span class=\"footnote_referrer\"><a role=\"button\" tabindex=\"0\" onclick=\"footnote_moveToReference_37166_1('footnote_plugin_reference_37166_1_29');\" onkeypress=\"footnote_moveToReference_37166_1('footnote_plugin_reference_37166_1_29');\" ><sup id=\"footnote_plugin_tooltip_37166_1_29\" class=\"footnote_plugin_tooltip_text\">29)<\/sup><\/a><span id=\"footnote_plugin_tooltip_text_37166_1_29\" class=\"footnote_tooltip\">Trower, B. (2019): The Danger of Microwave Technology, Fact Sheet, The World Foundation for Natural Science. <a href=\"https:\/\/www.naturalscience.org\/publications\/the-danger-of-microwave-technology\" target=\"_blank\" rel=\"noopener\"><span class=\"footnote_url_wrap\">https:\/\/www.naturalscience.org\/publications\/the-danger-of-microwave-technology<\/span><\/a>\/<\/span><\/span><script type=\"text\/javascript\"> jQuery('#footnote_plugin_tooltip_37166_1_29').tooltip({ tip: '#footnote_plugin_tooltip_text_37166_1_29', tipClass: 'footnote_tooltip', effect: 'fade', predelay: 0, fadeInSpeed: 200, delay: 400, fadeOutSpeed: 200, position: 'top right', relative: true, offset: [10, 10], });<\/script><\/p>\n<p>El agua es un elemento que todav\u00eda guarda muchos misterios en la actualidad, y reconocer su esencia y funciones es un requisito previo para comprender mejor los procesos de la vida. En combinaci\u00f3n con los campos electromagn\u00e9ticos, los \u201cplanos\u201d de la vida, el agua est\u00e1 al comienzo de la vida, porque al reestructurar sus mol\u00e9culas, el agua tiene la capacidad de reaccionar a las influencias electromagn\u00e9ticas y recrear campos electromagn\u00e9ticos.<\/p>\n<p>Las hormonas, las vitaminas, los nutrientes, la luz, el sonido y, como explica el m\u00e9dico estadounidense Thomas Cowan, incluso las energ\u00edas sutiles, como los sentimientos o los pensamientos, pueden acoplarse a los innumerables puntos de uni\u00f3n del agua EZ cristalina<span class=\"footnote_referrer\"><a role=\"button\" tabindex=\"0\" onclick=\"footnote_moveToReference_37166_1('footnote_plugin_reference_37166_1_30');\" onkeypress=\"footnote_moveToReference_37166_1('footnote_plugin_reference_37166_1_30');\" ><sup id=\"footnote_plugin_tooltip_37166_1_30\" class=\"footnote_plugin_tooltip_text\">30)<\/sup><\/a><span id=\"footnote_plugin_tooltip_text_37166_1_30\" class=\"footnote_tooltip\">Cowan, T. (2018): Vaccines, autoimmunity and the changing nature of childhood illness, publisher: <span class=\"a-list-item\">Chelsea Green Publishing<\/span><\/span><\/span><script type=\"text\/javascript\"> jQuery('#footnote_plugin_tooltip_37166_1_30').tooltip({ tip: '#footnote_plugin_tooltip_text_37166_1_30', tipClass: 'footnote_tooltip', effect: 'fade', predelay: 0, fadeInSpeed: 200, delay: 400, fadeOutSpeed: 200, position: 'top right', relative: true, offset: [10, 10], });<\/script>. Esta agua tiene la capacidad de interactuar con estas influencias y tambi\u00e9n cambiar su forma dependiendo de su aporte. Por lo tanto, tambi\u00e9n se podr\u00eda afirmar que el agua cristalina estructurada forma un puente entre la mente y la materia. La bi\u00f3loga Mae-Wan Ho describe con sus propias palabras la propiedad del agua para reaccionar a los campos electromagn\u00e9ticos m\u00e1s sutiles y representarlos en su estructura. Considera las aguas corporales en los organismos como una especie de LCD, una pantalla de cristal l\u00edquido que cambia su estructura en funci\u00f3n del pulso electromagn\u00e9tico y muestra as\u00ed una nueva imagen, una nueva composici\u00f3n estructural<span class=\"footnote_referrer\"><a role=\"button\" tabindex=\"0\" onclick=\"footnote_moveToReference_37166_1('footnote_plugin_reference_37166_1_31');\" onkeypress=\"footnote_moveToReference_37166_1('footnote_plugin_reference_37166_1_31');\" ><sup id=\"footnote_plugin_tooltip_37166_1_31\" class=\"footnote_plugin_tooltip_text\">31)<\/sup><\/a><span id=\"footnote_plugin_tooltip_text_37166_1_31\" class=\"footnote_tooltip\">Solution; Ho, M.-W. (2008): The rainbow and the worm. The physics of organisms. World Scientific.<\/span><\/span><script type=\"text\/javascript\"> jQuery('#footnote_plugin_tooltip_37166_1_31').tooltip({ tip: '#footnote_plugin_tooltip_text_37166_1_31', tipClass: 'footnote_tooltip', effect: 'fade', predelay: 0, fadeInSpeed: 200, delay: 400, fadeOutSpeed: 200, position: 'top right', relative: true, offset: [10, 10], });<\/script>.<\/p>\n<p>Si ponemos varios campos electromagn\u00e9ticos artificiales en el mundo sin control, como est\u00e1 sucediendo actualmente con la mayor expansi\u00f3n de las redes m\u00f3viles, interferimos con la organizaci\u00f3n sutil y la comunicaci\u00f3n en los organismos, jugamos al aprendiz de brujo. Es hora de tomarnos en serio las muchas advertencias que nos da la naturaleza, muchos cient\u00edficos y nuestros propios cuerpos.<\/p>\n<p>\u00a1Protejamos juntos el agua y, por tanto, a toda la vida!<\/p>\n<div class=\"speaker-mute footnotes_reference_container\"> <div class=\"footnote_container_prepare\"><p><span role=\"button\" tabindex=\"0\" class=\"footnote_reference_container_label pointer\" onclick=\"footnote_expand_collapse_reference_container_37166_1();\">References<\/span><span role=\"button\" tabindex=\"0\" class=\"footnote_reference_container_collapse_button\" style=\"display: none;\" onclick=\"footnote_expand_collapse_reference_container_37166_1();\">[<a id=\"footnote_reference_container_collapse_button_37166_1\">+<\/a>]<\/span><\/p><\/div> <div id=\"footnote_references_container_37166_1\" style=\"\"><table class=\"footnotes_table footnote-reference-container\"><caption class=\"accessibility\">References<\/caption> <tbody> \r\n\r\n<tr class=\"footnotes_plugin_reference_row\"> <th scope=\"row\" class=\"footnote_plugin_index_combi pointer\"  onclick=\"footnote_moveToAnchor_37166_1('footnote_plugin_tooltip_37166_1_1');\"><a id=\"footnote_plugin_reference_37166_1_1\" class=\"footnote_backlink\"><span class=\"footnote_index_arrow\">&#8593;<\/span>1<\/a><\/th> <td class=\"footnote_plugin_text\">Pollack, G.H.&nbsp;: The fourth phase of water. Beyond solid, liquid and vapor. Ebner and Sons Publishers, 2013<\/td><\/tr>\r\n\r\n<tr class=\"footnotes_plugin_reference_row\"> <th scope=\"row\" class=\"footnote_plugin_index_combi\" ><a id=\"footnote_plugin_reference_37166_1_2\" class=\"footnote_backlink\" onclick=\"footnote_moveToAnchor_37166_1('footnote_plugin_tooltip_37166_1_2');\"><span class=\"footnote_index_arrow\">&#8593;<\/span>2,<\/a> <a id=\"footnote_plugin_reference_37166_1_13\" class=\"footnote_backlink\" onclick=\"footnote_moveToAnchor_37166_1('footnote_plugin_tooltip_37166_1_13');\"><span class=\"footnote_index_arrow\">&#8593;<\/span>13<\/a><\/th> <td class=\"footnote_plugin_text\">Schauberger, J. (2009): Viktor Schauberger. Das Wesen des Wassers. Original texts, edited and commented by J\u00f6rg Schauberger. AT Verlag, 3rd edition, 2009<\/td><\/tr>\r\n\r\n<tr class=\"footnotes_plugin_reference_row\"> <th scope=\"row\" class=\"footnote_plugin_index_combi pointer\"  onclick=\"footnote_moveToAnchor_37166_1('footnote_plugin_tooltip_37166_1_3');\"><a id=\"footnote_plugin_reference_37166_1_3\" class=\"footnote_backlink\"><span class=\"footnote_index_arrow\">&#8593;<\/span>3<\/a><\/th> <td class=\"footnote_plugin_text\">Goethe, J.W. (1828): Explanations on the aphoristic essay&nbsp;\u00abDie Natur\u00bb, Weimar, 1828<\/td><\/tr>\r\n\r\n<tr class=\"footnotes_plugin_reference_row\"> <th scope=\"row\" class=\"footnote_plugin_index_combi pointer\"  onclick=\"footnote_moveToAnchor_37166_1('footnote_plugin_tooltip_37166_1_4');\"><a id=\"footnote_plugin_reference_37166_1_4\" class=\"footnote_backlink\"><span class=\"footnote_index_arrow\">&#8593;<\/span>4<\/a><\/th> <td class=\"footnote_plugin_text\">Gastl, M. (2015): Drei-Zonen-Garten: Vielfalt&nbsp;\u00b7 Sch\u00f6nheit&nbsp;\u00b7 Nutzen, Publisher Dr. Friedrich Pfeil<\/td><\/tr>\r\n\r\n<tr class=\"footnotes_plugin_reference_row\"> <th scope=\"row\" class=\"footnote_plugin_index_combi pointer\"  onclick=\"footnote_moveToAnchor_37166_1('footnote_plugin_tooltip_37166_1_5');\"><a id=\"footnote_plugin_reference_37166_1_5\" class=\"footnote_backlink\"><span class=\"footnote_index_arrow\">&#8593;<\/span>5<\/a><\/th> <td class=\"footnote_plugin_text\"> The World Foundation for Natural Science (2021):&nbsp;\u00a1Toda la vida funciona con electricidad!, <a href=\"https:\/\/www.naturalscience.org\/es\/news\/2021\/04\/toda-la-vida-funciona-con-electricidad\/\" target=\"_blank\" rel=\"noopener\"><span class=\"footnote_url_wrap\">https:\/\/www.naturalscience.org\/es\/news\/2021\/04\/toda-la-vida-funciona-con-electricidad\/<\/span><\/a><\/td><\/tr>\r\n\r\n<tr class=\"footnotes_plugin_reference_row\"> <th scope=\"row\" class=\"footnote_plugin_index_combi pointer\"  onclick=\"footnote_moveToAnchor_37166_1('footnote_plugin_tooltip_37166_1_6');\"><a id=\"footnote_plugin_reference_37166_1_6\" class=\"footnote_backlink\"><span class=\"footnote_index_arrow\">&#8593;<\/span>6<\/a><\/th> <td class=\"footnote_plugin_text\"><a href=\"https:\/\/www.chemie.de\/lexikon\/Polarit%C3%A4t_%28Chemie%29.html\" target=\"_blank\" rel=\"noopener noreferrer\"><span class=\"footnote_url_wrap\">https:\/\/www.chemie.de\/lexikon\/Polarit%C3%A4t_%28Chemie%29.html<\/span><\/a><\/td><\/tr>\r\n\r\n<tr class=\"footnotes_plugin_reference_row\"> <th scope=\"row\" class=\"footnote_plugin_index_combi pointer\"  onclick=\"footnote_moveToAnchor_37166_1('footnote_plugin_tooltip_37166_1_7');\"><a id=\"footnote_plugin_reference_37166_1_7\" class=\"footnote_backlink\"><span class=\"footnote_index_arrow\">&#8593;<\/span>7<\/a><\/th> <td class=\"footnote_plugin_text\">Blanc, B. H. \/ Hertel, H. U. (1992): ComparativesStudy about the influence on man by food prepared conventionally and in the microwave oven.<\/td><\/tr>\r\n\r\n<tr class=\"footnotes_plugin_reference_row\"> <th scope=\"row\" class=\"footnote_plugin_index_combi pointer\"  onclick=\"footnote_moveToAnchor_37166_1('footnote_plugin_tooltip_37166_1_8');\"><a id=\"footnote_plugin_reference_37166_1_8\" class=\"footnote_backlink\"><span class=\"footnote_index_arrow\">&#8593;<\/span>8<\/a><\/th> <td class=\"footnote_plugin_text\">The World Foundation for Natural Science (2002):<a href=\"https:\/\/www.naturalscience.org\/es\/publicaciones\/cocinar-con-microondas-es-el-beso-de-la-muerte\/\" target=\"_blank\" rel=\"noopener\">\u00bfCocinar con microondas?&nbsp;\u00a1\u00a1Es el beso de la muerte!!<\/a><\/td><\/tr>\r\n\r\n<tr class=\"footnotes_plugin_reference_row\"> <th scope=\"row\" class=\"footnote_plugin_index_combi pointer\"  onclick=\"footnote_moveToAnchor_37166_1('footnote_plugin_tooltip_37166_1_9');\"><a id=\"footnote_plugin_reference_37166_1_9\" class=\"footnote_backlink\"><span class=\"footnote_index_arrow\">&#8593;<\/span>9<\/a><\/th> <td class=\"footnote_plugin_text\">Bioinitiative (2020): Reported Biological Effects from Radiofrequency Radiation at Low-Intensity Exposure, <a href=\"https:\/\/bioinitiative.org\/updated-research-summaries\/\" target=\"_blank\" rel=\"noopener noreferrer\"><span class=\"footnote_url_wrap\">https:\/\/bioinitiative.org\/updated-research-summaries\/<\/span><\/a>, Download 04\/2021<\/td><\/tr>\r\n\r\n<tr class=\"footnotes_plugin_reference_row\"> <th scope=\"row\" class=\"footnote_plugin_index_combi pointer\"  onclick=\"footnote_moveToAnchor_37166_1('footnote_plugin_tooltip_37166_1_10');\"><a id=\"footnote_plugin_reference_37166_1_10\" class=\"footnote_backlink\"><span class=\"footnote_index_arrow\">&#8593;<\/span>10<\/a><\/th> <td class=\"footnote_plugin_text\">Ulrich, D. (2020): Impact of mobile communications on water and life. Study situation and own experiments, 2020<\/td><\/tr>\r\n\r\n<tr class=\"footnotes_plugin_reference_row\"> <th scope=\"row\" class=\"footnote_plugin_index_combi pointer\"  onclick=\"footnote_moveToAnchor_37166_1('footnote_plugin_tooltip_37166_1_11');\"><a id=\"footnote_plugin_reference_37166_1_11\" class=\"footnote_backlink\"><span class=\"footnote_index_arrow\">&#8593;<\/span>11<\/a><\/th> <td class=\"footnote_plugin_text\">See also in Warnke, U. (2019): Bionisches Wasser. Das Supermolek\u00fcl f\u00fcr unsere Gesundheit, arkana<\/td><\/tr>\r\n\r\n<tr class=\"footnotes_plugin_reference_row\"> <th scope=\"row\" class=\"footnote_plugin_index_combi pointer\"  onclick=\"footnote_moveToAnchor_37166_1('footnote_plugin_tooltip_37166_1_12');\"><a id=\"footnote_plugin_reference_37166_1_12\" class=\"footnote_backlink\"><span class=\"footnote_index_arrow\">&#8593;<\/span>12<\/a><\/th> <td class=\"footnote_plugin_text\">For example in: Engler, I. (2009): Wasser. Polarit\u00e4tsph\u00e4nomen, Informationstr\u00e4ger, Lebens-Heilmittel; Pollak, G.H. (2013): The fourth phase of water. Beyond solid, liquid, and vapor; Wiggins, P. (2008): Life Depends upon Two Kinds of Water. PLoS ONE 3(1): e1406. doi:10.1371\/journal.phone.0001406; Jhon, M. S. &amp; Pangman, MJ (2012): Hexagonales Wasser: Der Schl\u00fcssel zur Gesundheit, Mobiwell Verlag, 2nd edition. Original edition: Jhon, M. S.: The Water Puzzle and the Hexagonal Key, And: Hexagonal Water, The Ultimate Solution; Ho, M.-W. The rainbow and the worm (2008). The physics of organisms. World Scientific.; Cowan, T. (2019): Cancer and the new Biology of Water.<\/td><\/tr>\r\n\r\n<tr class=\"footnotes_plugin_reference_row\"> <th scope=\"row\" class=\"footnote_plugin_index_combi pointer\"  onclick=\"footnote_moveToAnchor_37166_1('footnote_plugin_tooltip_37166_1_14');\"><a id=\"footnote_plugin_reference_37166_1_14\" class=\"footnote_backlink\"><span class=\"footnote_index_arrow\">&#8593;<\/span>14<\/a><\/th> <td class=\"footnote_plugin_text\"><a href=\"https:\/\/www.pollacklab.org\/\" target=\"_blank\" rel=\"noopener noreferrer\"><span class=\"footnote_url_wrap\">https:\/\/www.pollacklab.org\/<\/span><\/a><\/td><\/tr>\r\n\r\n<tr class=\"footnotes_plugin_reference_row\"> <th scope=\"row\" class=\"footnote_plugin_index_combi pointer\"  onclick=\"footnote_moveToAnchor_37166_1('footnote_plugin_tooltip_37166_1_15');\"><a id=\"footnote_plugin_reference_37166_1_15\" class=\"footnote_backlink\"><span class=\"footnote_index_arrow\">&#8593;<\/span>15<\/a><\/th> <td class=\"footnote_plugin_text\">Glegg, J.S. (1981;1984), in: Bischof, M. (2002): Biophotonen. Das Licht in unseren Zellen, Verlag Zweitausendeins, 12<sup>th<\/sup> edition, 2002<\/td><\/tr>\r\n\r\n<tr class=\"footnotes_plugin_reference_row\"> <th scope=\"row\" class=\"footnote_plugin_index_combi pointer\"  onclick=\"footnote_moveToAnchor_37166_1('footnote_plugin_tooltip_37166_1_16');\"><a id=\"footnote_plugin_reference_37166_1_16\" class=\"footnote_backlink\"><span class=\"footnote_index_arrow\">&#8593;<\/span>16<\/a><\/th> <td class=\"footnote_plugin_text\">Engler, I. (2009): Wasser. Polarit\u00e4tsph\u00e4nomen, Informationstr\u00e4ger, Lebens-Heilmittel. Spurbuchverlag, 2009<\/td><\/tr>\r\n\r\n<tr class=\"footnotes_plugin_reference_row\"> <th scope=\"row\" class=\"footnote_plugin_index_combi\" ><a id=\"footnote_plugin_reference_37166_1_17\" class=\"footnote_backlink\" onclick=\"footnote_moveToAnchor_37166_1('footnote_plugin_tooltip_37166_1_17');\"><span class=\"footnote_index_arrow\">&#8593;<\/span>17,<\/a> <a id=\"footnote_plugin_reference_37166_1_21\" class=\"footnote_backlink\" onclick=\"footnote_moveToAnchor_37166_1('footnote_plugin_tooltip_37166_1_21');\"><span class=\"footnote_index_arrow\">&#8593;<\/span>21<\/a><\/th> <td class=\"footnote_plugin_text\">The World Foundation for Natural Science (2021): <a href=\"https:\/\/www.naturalscience.org\/es\/news\/2021\/03\/animales-y-plantas-bajo-el-estres-de-la-radiacion\/\" target=\"_blank\" rel=\"noopener\">Animales y plantas bajo el estr\u00e9s de la radiaci\u00f3n<\/a><\/td><\/tr>\r\n\r\n<tr class=\"footnotes_plugin_reference_row\"> <th scope=\"row\" class=\"footnote_plugin_index_combi pointer\"  onclick=\"footnote_moveToAnchor_37166_1('footnote_plugin_tooltip_37166_1_18');\"><a id=\"footnote_plugin_reference_37166_1_18\" class=\"footnote_backlink\"><span class=\"footnote_index_arrow\">&#8593;<\/span>18<\/a><\/th> <td class=\"footnote_plugin_text\">Pollack, G.H. (2014): The fourth phase of water. Beyond solid, liquid and vapor. Ebner and Sons Publishers, 2013<\/td><\/tr>\r\n\r\n<tr class=\"footnotes_plugin_reference_row\"> <th scope=\"row\" class=\"footnote_plugin_index_combi pointer\"  onclick=\"footnote_moveToAnchor_37166_1('footnote_plugin_tooltip_37166_1_19');\"><a id=\"footnote_plugin_reference_37166_1_19\" class=\"footnote_backlink\"><span class=\"footnote_index_arrow\">&#8593;<\/span>19<\/a><\/th> <td class=\"footnote_plugin_text\">Cowan, T. &amp; Fallon Morell, S. (2020): The Contagion Myth, Skyhorse Publishing, 2020<\/td><\/tr>\r\n\r\n<tr class=\"footnotes_plugin_reference_row\"> <th scope=\"row\" class=\"footnote_plugin_index_combi pointer\"  onclick=\"footnote_moveToAnchor_37166_1('footnote_plugin_tooltip_37166_1_20');\"><a id=\"footnote_plugin_reference_37166_1_20\" class=\"footnote_backlink\"><span class=\"footnote_index_arrow\">&#8593;<\/span>20<\/a><\/th> <td class=\"footnote_plugin_text\">Pollack, G.H. (2017): Lecture at the Three-Country Congress, Konstanz, 15.10.2017<\/td><\/tr>\r\n\r\n<tr class=\"footnotes_plugin_reference_row\"> <th scope=\"row\" class=\"footnote_plugin_index_combi pointer\"  onclick=\"footnote_moveToAnchor_37166_1('footnote_plugin_tooltip_37166_1_22');\"><a id=\"footnote_plugin_reference_37166_1_22\" class=\"footnote_backlink\"><span class=\"footnote_index_arrow\">&#8593;<\/span>22<\/a><\/th> <td class=\"footnote_plugin_text\"> Martin L. Pall (2019): 5G: Great risk for EU, U.S. and International Health! Compelling Evidence for Eight Distinct Types of Great Harm Caused by Electromagnetic Field (EMF) Exposures and the Mechanism that Causes Them<\/td><\/tr>\r\n\r\n<tr class=\"footnotes_plugin_reference_row\"> <th scope=\"row\" class=\"footnote_plugin_index_combi pointer\"  onclick=\"footnote_moveToAnchor_37166_1('footnote_plugin_tooltip_37166_1_23');\"><a id=\"footnote_plugin_reference_37166_1_23\" class=\"footnote_backlink\"><span class=\"footnote_index_arrow\">&#8593;<\/span>23<\/a><\/th> <td class=\"footnote_plugin_text\">Christmann, H. (2020): Blut gut, alles gut. Laborwerte richtig deuten, Dunkelfeldmikroskopie nutzen. Silberschnur Verlag<\/td><\/tr>\r\n\r\n<tr class=\"footnotes_plugin_reference_row\"> <th scope=\"row\" class=\"footnote_plugin_index_combi pointer\"  onclick=\"footnote_moveToAnchor_37166_1('footnote_plugin_tooltip_37166_1_24');\"><a id=\"footnote_plugin_reference_37166_1_24\" class=\"footnote_backlink\"><span class=\"footnote_index_arrow\">&#8593;<\/span>24<\/a><\/th> <td class=\"footnote_plugin_text\">Ullrich, V. (2020): Neue Erkl\u00e4rungen f\u00fcr die Hypersensibilit\u00e4t aus der Neuro-Biochemie. oekoskop, \u00c4rztinnen und \u00c4rzte f\u00fcr Umwelschutz, Nr. 2\/20, 2020<\/td><\/tr>\r\n\r\n<tr class=\"footnotes_plugin_reference_row\"> <th scope=\"row\" class=\"footnote_plugin_index_combi pointer\"  onclick=\"footnote_moveToAnchor_37166_1('footnote_plugin_tooltip_37166_1_25');\"><a id=\"footnote_plugin_reference_37166_1_25\" class=\"footnote_backlink\"><span class=\"footnote_index_arrow\">&#8593;<\/span>25<\/a><\/th> <td class=\"footnote_plugin_text\">Martin L. Pall (2019): 5G: Great risk for EU, U.S. and International Health! Compelling Evidence for Eight Distinct Types of Great Harm Caused by Electromagnetic Field (EMF) Exposures and the Mechanism that Causes Them.<\/td><\/tr>\r\n\r\n<tr class=\"footnotes_plugin_reference_row\"> <th scope=\"row\" class=\"footnote_plugin_index_combi pointer\"  onclick=\"footnote_moveToAnchor_37166_1('footnote_plugin_tooltip_37166_1_26');\"><a id=\"footnote_plugin_reference_37166_1_26\" class=\"footnote_backlink\"><span class=\"footnote_index_arrow\">&#8593;<\/span>26<\/a><\/th> <td class=\"footnote_plugin_text\">The Epoch Times (2020): A summary of Martin Pall\u2019s report can be found, for example, at <a href=\"https:\/\/www.epochtimes.de\/wissen\/us-professor-warnt-vor-5g-netz-gesundheitsrisiken-durch-verstaerkte-aktivierung-der-koerpereigenen-calciumkanaele-a3240322.html\" target=\"_blank\" rel=\"noopener noreferrer\"><span class=\"footnote_url_wrap\">https:\/\/www.epochtimes.de\/wissen\/us-professor-warnt-vor-5g-netz-gesundheitsrisiken-durch-verstaerkte-aktivierung-der-koerpereigenen-calciumkanaele-a3240322.html<\/span><\/a> (16.5.2020) <\/td><\/tr>\r\n\r\n<tr class=\"footnotes_plugin_reference_row\"> <th scope=\"row\" class=\"footnote_plugin_index_combi pointer\"  onclick=\"footnote_moveToAnchor_37166_1('footnote_plugin_tooltip_37166_1_27');\"><a id=\"footnote_plugin_reference_37166_1_27\" class=\"footnote_backlink\"><span class=\"footnote_index_arrow\">&#8593;<\/span>27<\/a><\/th> <td class=\"footnote_plugin_text\">Wiggins, P. (2008) Life Depends upon Two Kinds of Water. PLoS ONE 3(1): e1406. doi:10.1371\/journal.pone.0001406<\/td><\/tr>\r\n\r\n<tr class=\"footnotes_plugin_reference_row\"> <th scope=\"row\" class=\"footnote_plugin_index_combi pointer\"  onclick=\"footnote_moveToAnchor_37166_1('footnote_plugin_tooltip_37166_1_28');\"><a id=\"footnote_plugin_reference_37166_1_28\" class=\"footnote_backlink\"><span class=\"footnote_index_arrow\">&#8593;<\/span>28<\/a><\/th> <td class=\"footnote_plugin_text\">Trower, B. (2021): From zygote to foetus there is no hiding place from the electrically induced phase transition from 5G with its accompanying support and carrier waves. <a href=\"https:\/\/www.naturalscience.org\/wp-content\/uploads\/2021\/04\/2021-025G-No-Hiding-Place-Barrie-Trower.pdf\">2021-02=5G-No Hiding Place &#8211; Barrie Trower.pdf<\/a><\/td><\/tr>\r\n\r\n<tr class=\"footnotes_plugin_reference_row\"> <th scope=\"row\" class=\"footnote_plugin_index_combi pointer\"  onclick=\"footnote_moveToAnchor_37166_1('footnote_plugin_tooltip_37166_1_29');\"><a id=\"footnote_plugin_reference_37166_1_29\" class=\"footnote_backlink\"><span class=\"footnote_index_arrow\">&#8593;<\/span>29<\/a><\/th> <td class=\"footnote_plugin_text\">Trower, B. (2019): The Danger of Microwave Technology, Fact Sheet, The World Foundation for Natural Science. <a href=\"https:\/\/www.naturalscience.org\/publications\/the-danger-of-microwave-technology\" target=\"_blank\" rel=\"noopener\"><span class=\"footnote_url_wrap\">https:\/\/www.naturalscience.org\/publications\/the-danger-of-microwave-technology<\/span><\/a>\/<\/td><\/tr>\r\n\r\n<tr class=\"footnotes_plugin_reference_row\"> <th scope=\"row\" class=\"footnote_plugin_index_combi pointer\"  onclick=\"footnote_moveToAnchor_37166_1('footnote_plugin_tooltip_37166_1_30');\"><a id=\"footnote_plugin_reference_37166_1_30\" class=\"footnote_backlink\"><span class=\"footnote_index_arrow\">&#8593;<\/span>30<\/a><\/th> <td class=\"footnote_plugin_text\">Cowan, T. (2018): Vaccines, autoimmunity and the changing nature of childhood illness, publisher: <span class=\"a-list-item\">Chelsea Green Publishing<\/span><\/td><\/tr>\r\n\r\n<tr class=\"footnotes_plugin_reference_row\"> <th scope=\"row\" class=\"footnote_plugin_index_combi pointer\"  onclick=\"footnote_moveToAnchor_37166_1('footnote_plugin_tooltip_37166_1_31');\"><a id=\"footnote_plugin_reference_37166_1_31\" class=\"footnote_backlink\"><span class=\"footnote_index_arrow\">&#8593;<\/span>31<\/a><\/th> <td class=\"footnote_plugin_text\">Solution; Ho, M.-W. (2008): The rainbow and the worm. The physics of organisms. World Scientific.<\/td><\/tr>\r\n\r\n <\/tbody> <\/table> <\/div><\/div><script type=\"text\/javascript\"> function footnote_expand_reference_container_37166_1() { jQuery('#footnote_references_container_37166_1').show(); jQuery('#footnote_reference_container_collapse_button_37166_1').text('\u2212'); } function footnote_collapse_reference_container_37166_1() { jQuery('#footnote_references_container_37166_1').hide(); jQuery('#footnote_reference_container_collapse_button_37166_1').text('+'); } function footnote_expand_collapse_reference_container_37166_1() { if (jQuery('#footnote_references_container_37166_1').is(':hidden')) { footnote_expand_reference_container_37166_1(); } else { footnote_collapse_reference_container_37166_1(); } } function footnote_moveToReference_37166_1(p_str_TargetID) { footnote_expand_reference_container_37166_1(); var l_obj_Target = jQuery('#' + p_str_TargetID); if (l_obj_Target.length) { jQuery( 'html, body' ).delay( 0 ); jQuery('html, body').animate({ scrollTop: l_obj_Target.offset().top - window.innerHeight * 0.2 }, 380); } } function footnote_moveToAnchor_37166_1(p_str_TargetID) { footnote_expand_reference_container_37166_1(); var l_obj_Target = jQuery('#' + p_str_TargetID); if (l_obj_Target.length) { jQuery( 'html, body' ).delay( 0 ); jQuery('html, body').animate({ scrollTop: l_obj_Target.offset().top - window.innerHeight * 0.2 }, 380); } }<\/script>","protected":false},"excerpt":{"rendered":"El agua es el elixir de la vida, el agua da vida y el agua ES vida. Frases como \u00e9stas son bien conocidas en nuestro argot.&nbsp;\u00bfQu\u00e9 hay detr\u00e1s de estas afirmaciones?&nbsp;\u00bfY qu\u00e9 tienen que ver el agua y las comunicaciones m\u00f3viles entre s\u00ed? Sabemos que sin agua no habr\u00eda vida en este planeta. El agua [&hellip;]","protected":false},"author":11,"featured_media":0,"comment_status":"closed","ping_status":"closed","sticky":false,"template":"","format":"standard","meta":{"_acf_changed":false,"ngg_post_thumbnail":0,"footnotes":""},"categories":[487,525,174],"tags":[],"class_list":["post-37166","post","type-post","status-publish","format-standard","hentry","category-5g","category-efectos-y-perjuicios","category-microondas-y-comunicaciones-moviles","wpautop"],"acf":[],"yoast_head":"<!-- This site is optimized with the Yoast SEO plugin v27.5 - https:\/\/yoast.com\/product\/yoast-seo-wordpress\/ -->\n<title>El Agua\u2013 \u00bfEl Elixir de la Vida: \u00bfAmenazada por la Radiaci\u00f3n? - The World Foundation for Natural Science<\/title>\n<meta name=\"robots\" content=\"index, follow, max-snippet:-1, max-image-preview:large, max-video-preview:-1\" \/>\n<link rel=\"canonical\" href=\"https:\/\/www.naturalscience.org\/es\/news\/2021\/12\/el-agua-el-elixir-de-la-vida-amenazada-por-la-radiacion\/\" \/>\n<meta name=\"twitter:label1\" content=\"Escrito por\" \/>\n\t<meta name=\"twitter:data1\" content=\"Monika Waldmann\" \/>\n\t<meta name=\"twitter:label2\" content=\"Tiempo de lectura\" \/>\n\t<meta name=\"twitter:data2\" content=\"17 minutos\" \/>\n<script type=\"application\/ld+json\" class=\"yoast-schema-graph\">{\"@context\":\"https:\\\/\\\/schema.org\",\"@graph\":[{\"@type\":\"Article\",\"@id\":\"https:\\\/\\\/www.naturalscience.org\\\/es\\\/news\\\/2021\\\/12\\\/el-agua-el-elixir-de-la-vida-amenazada-por-la-radiacion\\\/#article\",\"isPartOf\":{\"@id\":\"https:\\\/\\\/www.naturalscience.org\\\/es\\\/news\\\/2021\\\/12\\\/el-agua-el-elixir-de-la-vida-amenazada-por-la-radiacion\\\/\"},\"author\":{\"name\":\"Monika Waldmann\",\"@id\":\"https:\\\/\\\/www.naturalscience.org\\\/#\\\/schema\\\/person\\\/f3e16bb7057b29f8593016bf70a42022\"},\"headline\":\"El Agua\u2013&nbsp;\u00bfEl Elixir de la Vida:&nbsp;\u00bfAmenazada por la Radiaci\u00f3n?\",\"datePublished\":\"2021-12-29T11:46:03+00:00\",\"dateModified\":\"2024-07-16T13:16:47+00:00\",\"mainEntityOfPage\":{\"@id\":\"https:\\\/\\\/www.naturalscience.org\\\/es\\\/news\\\/2021\\\/12\\\/el-agua-el-elixir-de-la-vida-amenazada-por-la-radiacion\\\/\"},\"wordCount\":3686,\"image\":{\"@id\":\"https:\\\/\\\/www.naturalscience.org\\\/es\\\/news\\\/2021\\\/12\\\/el-agua-el-elixir-de-la-vida-amenazada-por-la-radiacion\\\/#primaryimage\"},\"thumbnailUrl\":\"https:\\\/\\\/www.naturalscience.org\\\/wp-content\\\/uploads\\\/2021\\\/04\\\/AdobeStock_69637211-199x300.jpeg\",\"articleSection\":[\"5G\",\"Efectos y perjuicios\",\"Microondas y Comunicaciones m\u00f3viles\"],\"inLanguage\":\"es\"},{\"@type\":\"WebPage\",\"@id\":\"https:\\\/\\\/www.naturalscience.org\\\/es\\\/news\\\/2021\\\/12\\\/el-agua-el-elixir-de-la-vida-amenazada-por-la-radiacion\\\/\",\"url\":\"https:\\\/\\\/www.naturalscience.org\\\/es\\\/news\\\/2021\\\/12\\\/el-agua-el-elixir-de-la-vida-amenazada-por-la-radiacion\\\/\",\"name\":\"El Agua\u2013 \u00bfEl Elixir de la Vida: \u00bfAmenazada por la Radiaci\u00f3n? - The World Foundation for Natural Science\",\"isPartOf\":{\"@id\":\"https:\\\/\\\/www.naturalscience.org\\\/#website\"},\"primaryImageOfPage\":{\"@id\":\"https:\\\/\\\/www.naturalscience.org\\\/es\\\/news\\\/2021\\\/12\\\/el-agua-el-elixir-de-la-vida-amenazada-por-la-radiacion\\\/#primaryimage\"},\"image\":{\"@id\":\"https:\\\/\\\/www.naturalscience.org\\\/es\\\/news\\\/2021\\\/12\\\/el-agua-el-elixir-de-la-vida-amenazada-por-la-radiacion\\\/#primaryimage\"},\"thumbnailUrl\":\"https:\\\/\\\/www.naturalscience.org\\\/wp-content\\\/uploads\\\/2021\\\/04\\\/AdobeStock_69637211-199x300.jpeg\",\"datePublished\":\"2021-12-29T11:46:03+00:00\",\"dateModified\":\"2024-07-16T13:16:47+00:00\",\"author\":{\"@id\":\"https:\\\/\\\/www.naturalscience.org\\\/#\\\/schema\\\/person\\\/f3e16bb7057b29f8593016bf70a42022\"},\"breadcrumb\":{\"@id\":\"https:\\\/\\\/www.naturalscience.org\\\/es\\\/news\\\/2021\\\/12\\\/el-agua-el-elixir-de-la-vida-amenazada-por-la-radiacion\\\/#breadcrumb\"},\"inLanguage\":\"es\",\"potentialAction\":[{\"@type\":\"ReadAction\",\"target\":[\"https:\\\/\\\/www.naturalscience.org\\\/es\\\/news\\\/2021\\\/12\\\/el-agua-el-elixir-de-la-vida-amenazada-por-la-radiacion\\\/\"]}]},{\"@type\":\"ImageObject\",\"inLanguage\":\"es\",\"@id\":\"https:\\\/\\\/www.naturalscience.org\\\/es\\\/news\\\/2021\\\/12\\\/el-agua-el-elixir-de-la-vida-amenazada-por-la-radiacion\\\/#primaryimage\",\"url\":\"https:\\\/\\\/www.naturalscience.org\\\/wp-content\\\/uploads\\\/2021\\\/04\\\/AdobeStock_69637211-199x300.jpeg\",\"contentUrl\":\"https:\\\/\\\/www.naturalscience.org\\\/wp-content\\\/uploads\\\/2021\\\/04\\\/AdobeStock_69637211-199x300.jpeg\"},{\"@type\":\"BreadcrumbList\",\"@id\":\"https:\\\/\\\/www.naturalscience.org\\\/es\\\/news\\\/2021\\\/12\\\/el-agua-el-elixir-de-la-vida-amenazada-por-la-radiacion\\\/#breadcrumb\",\"itemListElement\":[{\"@type\":\"ListItem\",\"position\":1,\"name\":\"Home\",\"item\":\"https:\\\/\\\/www.naturalscience.org\\\/es\\\/\"},{\"@type\":\"ListItem\",\"position\":2,\"name\":\"El Agua\u2013&nbsp;\u00bfEl Elixir de la Vida:&nbsp;\u00bfAmenazada por la Radiaci\u00f3n?\"}]},{\"@type\":\"WebSite\",\"@id\":\"https:\\\/\\\/www.naturalscience.org\\\/#website\",\"url\":\"https:\\\/\\\/www.naturalscience.org\\\/\",\"name\":\"The World Foundation for Natural Science\",\"description\":\"Restoring and Healing the World through Responsibility and Commitment in accord with Natural and Divine Law!\",\"potentialAction\":[{\"@type\":\"SearchAction\",\"target\":{\"@type\":\"EntryPoint\",\"urlTemplate\":\"https:\\\/\\\/www.naturalscience.org\\\/?s={search_term_string}\"},\"query-input\":{\"@type\":\"PropertyValueSpecification\",\"valueRequired\":true,\"valueName\":\"search_term_string\"}}],\"inLanguage\":\"es\"},{\"@type\":\"Person\",\"@id\":\"https:\\\/\\\/www.naturalscience.org\\\/#\\\/schema\\\/person\\\/f3e16bb7057b29f8593016bf70a42022\",\"name\":\"Monika Waldmann\",\"image\":{\"@type\":\"ImageObject\",\"inLanguage\":\"es\",\"@id\":\"https:\\\/\\\/secure.gravatar.com\\\/avatar\\\/54dfb6ad0fbcf54c252c37d8d2c1a44e41b462185db44d9c8124801f3b41b6ec?s=96&d=mm&r=g\",\"url\":\"https:\\\/\\\/secure.gravatar.com\\\/avatar\\\/54dfb6ad0fbcf54c252c37d8d2c1a44e41b462185db44d9c8124801f3b41b6ec?s=96&d=mm&r=g\",\"contentUrl\":\"https:\\\/\\\/secure.gravatar.com\\\/avatar\\\/54dfb6ad0fbcf54c252c37d8d2c1a44e41b462185db44d9c8124801f3b41b6ec?s=96&d=mm&r=g\",\"caption\":\"Monika Waldmann\"}}]}<\/script>\n<!-- \/ Yoast SEO plugin. -->","yoast_head_json":{"title":"El Agua\u2013 \u00bfEl Elixir de la Vida: \u00bfAmenazada por la Radiaci\u00f3n? - The World Foundation for Natural Science","robots":{"index":"index","follow":"follow","max-snippet":"max-snippet:-1","max-image-preview":"max-image-preview:large","max-video-preview":"max-video-preview:-1"},"canonical":"https:\/\/www.naturalscience.org\/es\/news\/2021\/12\/el-agua-el-elixir-de-la-vida-amenazada-por-la-radiacion\/","twitter_misc":{"Escrito por":"Monika Waldmann","Tiempo de lectura":"17 minutos"},"schema":{"@context":"https:\/\/schema.org","@graph":[{"@type":"Article","@id":"https:\/\/www.naturalscience.org\/es\/news\/2021\/12\/el-agua-el-elixir-de-la-vida-amenazada-por-la-radiacion\/#article","isPartOf":{"@id":"https:\/\/www.naturalscience.org\/es\/news\/2021\/12\/el-agua-el-elixir-de-la-vida-amenazada-por-la-radiacion\/"},"author":{"name":"Monika Waldmann","@id":"https:\/\/www.naturalscience.org\/#\/schema\/person\/f3e16bb7057b29f8593016bf70a42022"},"headline":"El Agua\u2013&nbsp;\u00bfEl Elixir de la Vida:&nbsp;\u00bfAmenazada por la Radiaci\u00f3n?","datePublished":"2021-12-29T11:46:03+00:00","dateModified":"2024-07-16T13:16:47+00:00","mainEntityOfPage":{"@id":"https:\/\/www.naturalscience.org\/es\/news\/2021\/12\/el-agua-el-elixir-de-la-vida-amenazada-por-la-radiacion\/"},"wordCount":3686,"image":{"@id":"https:\/\/www.naturalscience.org\/es\/news\/2021\/12\/el-agua-el-elixir-de-la-vida-amenazada-por-la-radiacion\/#primaryimage"},"thumbnailUrl":"https:\/\/www.naturalscience.org\/wp-content\/uploads\/2021\/04\/AdobeStock_69637211-199x300.jpeg","articleSection":["5G","Efectos y perjuicios","Microondas y Comunicaciones m\u00f3viles"],"inLanguage":"es"},{"@type":"WebPage","@id":"https:\/\/www.naturalscience.org\/es\/news\/2021\/12\/el-agua-el-elixir-de-la-vida-amenazada-por-la-radiacion\/","url":"https:\/\/www.naturalscience.org\/es\/news\/2021\/12\/el-agua-el-elixir-de-la-vida-amenazada-por-la-radiacion\/","name":"El Agua\u2013 \u00bfEl Elixir de la Vida: \u00bfAmenazada por la Radiaci\u00f3n? - The World Foundation for Natural Science","isPartOf":{"@id":"https:\/\/www.naturalscience.org\/#website"},"primaryImageOfPage":{"@id":"https:\/\/www.naturalscience.org\/es\/news\/2021\/12\/el-agua-el-elixir-de-la-vida-amenazada-por-la-radiacion\/#primaryimage"},"image":{"@id":"https:\/\/www.naturalscience.org\/es\/news\/2021\/12\/el-agua-el-elixir-de-la-vida-amenazada-por-la-radiacion\/#primaryimage"},"thumbnailUrl":"https:\/\/www.naturalscience.org\/wp-content\/uploads\/2021\/04\/AdobeStock_69637211-199x300.jpeg","datePublished":"2021-12-29T11:46:03+00:00","dateModified":"2024-07-16T13:16:47+00:00","author":{"@id":"https:\/\/www.naturalscience.org\/#\/schema\/person\/f3e16bb7057b29f8593016bf70a42022"},"breadcrumb":{"@id":"https:\/\/www.naturalscience.org\/es\/news\/2021\/12\/el-agua-el-elixir-de-la-vida-amenazada-por-la-radiacion\/#breadcrumb"},"inLanguage":"es","potentialAction":[{"@type":"ReadAction","target":["https:\/\/www.naturalscience.org\/es\/news\/2021\/12\/el-agua-el-elixir-de-la-vida-amenazada-por-la-radiacion\/"]}]},{"@type":"ImageObject","inLanguage":"es","@id":"https:\/\/www.naturalscience.org\/es\/news\/2021\/12\/el-agua-el-elixir-de-la-vida-amenazada-por-la-radiacion\/#primaryimage","url":"https:\/\/www.naturalscience.org\/wp-content\/uploads\/2021\/04\/AdobeStock_69637211-199x300.jpeg","contentUrl":"https:\/\/www.naturalscience.org\/wp-content\/uploads\/2021\/04\/AdobeStock_69637211-199x300.jpeg"},{"@type":"BreadcrumbList","@id":"https:\/\/www.naturalscience.org\/es\/news\/2021\/12\/el-agua-el-elixir-de-la-vida-amenazada-por-la-radiacion\/#breadcrumb","itemListElement":[{"@type":"ListItem","position":1,"name":"Home","item":"https:\/\/www.naturalscience.org\/es\/"},{"@type":"ListItem","position":2,"name":"El Agua\u2013&nbsp;\u00bfEl Elixir de la Vida:&nbsp;\u00bfAmenazada por la Radiaci\u00f3n?"}]},{"@type":"WebSite","@id":"https:\/\/www.naturalscience.org\/#website","url":"https:\/\/www.naturalscience.org\/","name":"The World Foundation for Natural Science","description":"Restoring and Healing the World through Responsibility and Commitment in accord with Natural and Divine Law!","potentialAction":[{"@type":"SearchAction","target":{"@type":"EntryPoint","urlTemplate":"https:\/\/www.naturalscience.org\/?s={search_term_string}"},"query-input":{"@type":"PropertyValueSpecification","valueRequired":true,"valueName":"search_term_string"}}],"inLanguage":"es"},{"@type":"Person","@id":"https:\/\/www.naturalscience.org\/#\/schema\/person\/f3e16bb7057b29f8593016bf70a42022","name":"Monika Waldmann","image":{"@type":"ImageObject","inLanguage":"es","@id":"https:\/\/secure.gravatar.com\/avatar\/54dfb6ad0fbcf54c252c37d8d2c1a44e41b462185db44d9c8124801f3b41b6ec?s=96&d=mm&r=g","url":"https:\/\/secure.gravatar.com\/avatar\/54dfb6ad0fbcf54c252c37d8d2c1a44e41b462185db44d9c8124801f3b41b6ec?s=96&d=mm&r=g","contentUrl":"https:\/\/secure.gravatar.com\/avatar\/54dfb6ad0fbcf54c252c37d8d2c1a44e41b462185db44d9c8124801f3b41b6ec?s=96&d=mm&r=g","caption":"Monika Waldmann"}}]}},"_links":{"self":[{"href":"https:\/\/www.naturalscience.org\/es\/wp-json\/wp\/v2\/posts\/37166","targetHints":{"allow":["GET"]}}],"collection":[{"href":"https:\/\/www.naturalscience.org\/es\/wp-json\/wp\/v2\/posts"}],"about":[{"href":"https:\/\/www.naturalscience.org\/es\/wp-json\/wp\/v2\/types\/post"}],"author":[{"embeddable":true,"href":"https:\/\/www.naturalscience.org\/es\/wp-json\/wp\/v2\/users\/11"}],"replies":[{"embeddable":true,"href":"https:\/\/www.naturalscience.org\/es\/wp-json\/wp\/v2\/comments?post=37166"}],"version-history":[{"count":8,"href":"https:\/\/www.naturalscience.org\/es\/wp-json\/wp\/v2\/posts\/37166\/revisions"}],"predecessor-version":[{"id":40796,"href":"https:\/\/www.naturalscience.org\/es\/wp-json\/wp\/v2\/posts\/37166\/revisions\/40796"}],"wp:attachment":[{"href":"https:\/\/www.naturalscience.org\/es\/wp-json\/wp\/v2\/media?parent=37166"}],"wp:term":[{"taxonomy":"category","embeddable":true,"href":"https:\/\/www.naturalscience.org\/es\/wp-json\/wp\/v2\/categories?post=37166"},{"taxonomy":"post_tag","embeddable":true,"href":"https:\/\/www.naturalscience.org\/es\/wp-json\/wp\/v2\/tags?post=37166"}],"curies":[{"name":"wp","href":"https:\/\/api.w.org\/{rel}","templated":true}]}}