{"id":33309,"date":"2020-06-08T08:26:11","date_gmt":"2020-06-08T06:26:11","guid":{"rendered":"https:\/\/www.naturalscience.org\/?p=33309"},"modified":"2021-11-09T11:57:39","modified_gmt":"2021-11-09T10:57:39","slug":"dia-mundial-de-los-oceanos-junio-8","status":"publish","type":"post","link":"https:\/\/www.naturalscience.org\/es\/news\/2020\/06\/dia-mundial-de-los-oceanos-junio-8\/","title":{"rendered":"D\u00eda Mundial de los Oc\u00e9anos &#8211; Junio 8"},"content":{"rendered":"<p>El D\u00eda Mundial de los Oc\u00e9anos, que se ha celebrado el 8 de junio desde el 2009, une y congrega al mundo para proteger y restaurar a nuestros oc\u00e9anos compartidos. En este d\u00eda la gente alrededor de nuestro planeta azul rinde homenaje y honra a los oc\u00e9anos que nos conectan a todos. El d\u00eda es un recordatorio de cu\u00e1n esenciales y dignos de protecci\u00f3n son los oc\u00e9anos para la vida en este planeta. En muchos lugares alrededor del mundo, muchas diferentes actividades se celebran tales como limpieza de playas, conferencias, encuentros, carpas p\u00fablicas y muchas m\u00e1s.<\/p>\n<p>Este a\u00f1o el enfoque consiste en reunir los esfuerzos de conservaci\u00f3n para fortalecer el movimiento mundial que convoca a los jefes de estado y de gobierno para proteger el 30% de nuestro planeta para el 2030. Esta solicitud urgente se llama&nbsp;\u00ab30 x 30\u00bb.<\/p>\n<p>Esta iniciativa refleja los hallazgos de los principales cient\u00edficos de que necesitamos la mitad del planeta en su estado natural para evitar la extinci\u00f3n de un mill\u00f3n de especies. Actualmente, s\u00f3lo el 15% de la superficie terrestre y el 10% de la superficie marina se han protegido. Por lo tanto, el D\u00eda Mundial de los Oc\u00e9anos propone empezar a proteger el 30% para el 2030. Pero no basta que s\u00f3lo los cient\u00edficos exijan esto. Se requiere que la gente de todo el mundo se re\u00fana y exija una acci\u00f3n urgente. Por este fin, el D\u00eda Mundial de los Oc\u00e9anos ha unido esfuerzos con muchas organizaciones que han lanzado una petici\u00f3n en l\u00ednea llamada \u201cCampa\u00f1a por la Naturaleza\u201d, que est\u00e1 comprometida con la conservaci\u00f3n del 30% del planeta: <a href=\"https:\/\/worldoceansday.org\/take-action\/petition\/\" target=\"_blank\" rel=\"noopener noreferrer\">https:\/\/worldoceansday.org\/take-action\/petition\/<\/a><\/p>\n<p>Este ambicioso objetivo est\u00e1 respaldado por el m\u00e1s reciente trabajo de los principales expertos cient\u00edficos de todo el mundo que han unido sus esfuerzos bajo el proyecto <a href=\"https:\/\/www.campaignfornature.org\/science-page\" target=\"_blank\" rel=\"noopener noreferrer\">\u201cCampa\u00f1a por la Naturaleza\u201d<\/a>.<\/p>\n<p>El objetivo de esta petici\u00f3n es persuadir a los gobiernos alrededor del mundo para llegar al acuerdo de proteger al menos el 30% de las \u00e1reas terrestres y mar\u00edtimas del planeta para el 2030 y lograr avances sobre los ecosistemas intactos en la pr\u00f3xima COP15 de la CDB (Cumbre de la COP15 del Convenio sobre la Diversidad Biol\u00f3gica). El establecimiento de \u00e1reas marinas protegidas es muy eficiente porque los oc\u00e9anos pueden regenerarse r\u00e1pidamente y las zonas circundantes no protegidas tambi\u00e9n se benefician de la abundancia del retorno de plantas y animales. (ejemplo: Cabo Pulmo National Marine Park)<\/p>\n<p>Firme la petici\u00f3n y \u00fanase a la acci\u00f3n en el D\u00eda Mundial de los Oc\u00e9anos. Instruya a sus conciudadanos sobre la urgencia de las \u00e1reas protegidas y libere a sus lagos, r\u00edos y mares locales de la basura en las riberas y playas.<\/p>\n<div class=\"embed-container\"><iframe loading=\"lazy\" src=\"https:\/\/www.youtube-nocookie.com\/embed\/YO-vRjn3_Bs\" allowfullscreen=\"allowfullscreen\" width=\"560\" height=\"315\" frameborder=\"0\"><\/iframe><\/div>\n","protected":false},"excerpt":{"rendered":"El D\u00eda Mundial de los Oc\u00e9anos, que se ha celebrado el 8 de junio desde el 2009, une y congrega al mundo para proteger y restaurar a nuestros oc\u00e9anos compartidos. En este d\u00eda la gente alrededor de nuestro planeta azul rinde homenaje y honra a los oc\u00e9anos que nos conectan a todos. El d\u00eda es [&hellip;]","protected":false},"author":9,"featured_media":0,"comment_status":"closed","ping_status":"closed","sticky":false,"template":"","format":"standard","meta":{"_acf_changed":false,"ngg_post_thumbnail":0,"footnotes":""},"categories":[194,193],"tags":[],"class_list":["post-33309","post","type-post","status-publish","format-standard","hentry","category-reservas-marinas","category-oceanos","wpautop"],"acf":[],"yoast_head":"<!-- This site is optimized with the Yoast SEO plugin v27.5 - https:\/\/yoast.com\/product\/yoast-seo-wordpress\/ -->\n<title>D\u00eda Mundial de los Oc\u00e9anos - Junio 8 - The World Foundation for Natural Science<\/title>\n<meta name=\"robots\" content=\"index, follow, max-snippet:-1, max-image-preview:large, max-video-preview:-1\" \/>\n<link rel=\"canonical\" href=\"https:\/\/www.naturalscience.org\/es\/news\/2020\/06\/dia-mundial-de-los-oceanos-junio-8\/\" \/>\n<meta name=\"twitter:label1\" content=\"Escrito por\" \/>\n\t<meta name=\"twitter:data1\" content=\"Jonas Zumkehr\" \/>\n\t<meta name=\"twitter:label2\" content=\"Tiempo de lectura\" \/>\n\t<meta name=\"twitter:data2\" content=\"2 minutos\" \/>\n<script type=\"application\/ld+json\" class=\"yoast-schema-graph\">{\"@context\":\"https:\\\/\\\/schema.org\",\"@graph\":[{\"@type\":\"Article\",\"@id\":\"https:\\\/\\\/www.naturalscience.org\\\/es\\\/news\\\/2020\\\/06\\\/dia-mundial-de-los-oceanos-junio-8\\\/#article\",\"isPartOf\":{\"@id\":\"https:\\\/\\\/www.naturalscience.org\\\/es\\\/news\\\/2020\\\/06\\\/dia-mundial-de-los-oceanos-junio-8\\\/\"},\"author\":{\"name\":\"Jonas Zumkehr\",\"@id\":\"https:\\\/\\\/www.naturalscience.org\\\/#\\\/schema\\\/person\\\/0be5d48465708d48c68f324f12edf220\"},\"headline\":\"D\u00eda Mundial de los Oc\u00e9anos &#8211; Junio 8\",\"datePublished\":\"2020-06-08T06:26:11+00:00\",\"dateModified\":\"2021-11-09T10:57:39+00:00\",\"mainEntityOfPage\":{\"@id\":\"https:\\\/\\\/www.naturalscience.org\\\/es\\\/news\\\/2020\\\/06\\\/dia-mundial-de-los-oceanos-junio-8\\\/\"},\"wordCount\":483,\"articleSection\":[\"Reservas marinas\",\"Oc\u00e9anos\"],\"inLanguage\":\"es\"},{\"@type\":\"WebPage\",\"@id\":\"https:\\\/\\\/www.naturalscience.org\\\/es\\\/news\\\/2020\\\/06\\\/dia-mundial-de-los-oceanos-junio-8\\\/\",\"url\":\"https:\\\/\\\/www.naturalscience.org\\\/es\\\/news\\\/2020\\\/06\\\/dia-mundial-de-los-oceanos-junio-8\\\/\",\"name\":\"D\u00eda Mundial de los Oc\u00e9anos - Junio 8 - The World Foundation for Natural Science\",\"isPartOf\":{\"@id\":\"https:\\\/\\\/www.naturalscience.org\\\/#website\"},\"datePublished\":\"2020-06-08T06:26:11+00:00\",\"dateModified\":\"2021-11-09T10:57:39+00:00\",\"author\":{\"@id\":\"https:\\\/\\\/www.naturalscience.org\\\/#\\\/schema\\\/person\\\/0be5d48465708d48c68f324f12edf220\"},\"breadcrumb\":{\"@id\":\"https:\\\/\\\/www.naturalscience.org\\\/es\\\/news\\\/2020\\\/06\\\/dia-mundial-de-los-oceanos-junio-8\\\/#breadcrumb\"},\"inLanguage\":\"es\",\"potentialAction\":[{\"@type\":\"ReadAction\",\"target\":[\"https:\\\/\\\/www.naturalscience.org\\\/es\\\/news\\\/2020\\\/06\\\/dia-mundial-de-los-oceanos-junio-8\\\/\"]}]},{\"@type\":\"BreadcrumbList\",\"@id\":\"https:\\\/\\\/www.naturalscience.org\\\/es\\\/news\\\/2020\\\/06\\\/dia-mundial-de-los-oceanos-junio-8\\\/#breadcrumb\",\"itemListElement\":[{\"@type\":\"ListItem\",\"position\":1,\"name\":\"Home\",\"item\":\"https:\\\/\\\/www.naturalscience.org\\\/es\\\/\"},{\"@type\":\"ListItem\",\"position\":2,\"name\":\"D\u00eda Mundial de los Oc\u00e9anos &#8211; Junio 8\"}]},{\"@type\":\"WebSite\",\"@id\":\"https:\\\/\\\/www.naturalscience.org\\\/#website\",\"url\":\"https:\\\/\\\/www.naturalscience.org\\\/\",\"name\":\"The World Foundation for Natural Science\",\"description\":\"Restoring and Healing the World through Responsibility and Commitment in accord with Natural and Divine Law!\",\"potentialAction\":[{\"@type\":\"SearchAction\",\"target\":{\"@type\":\"EntryPoint\",\"urlTemplate\":\"https:\\\/\\\/www.naturalscience.org\\\/?s={search_term_string}\"},\"query-input\":{\"@type\":\"PropertyValueSpecification\",\"valueRequired\":true,\"valueName\":\"search_term_string\"}}],\"inLanguage\":\"es\"},{\"@type\":\"Person\",\"@id\":\"https:\\\/\\\/www.naturalscience.org\\\/#\\\/schema\\\/person\\\/0be5d48465708d48c68f324f12edf220\",\"name\":\"Jonas Zumkehr\",\"image\":{\"@type\":\"ImageObject\",\"inLanguage\":\"es\",\"@id\":\"https:\\\/\\\/secure.gravatar.com\\\/avatar\\\/71cc080bd24f881147526d81de96e83defdea268b2022f6873ed28b913bc22fa?s=96&d=mm&r=g\",\"url\":\"https:\\\/\\\/secure.gravatar.com\\\/avatar\\\/71cc080bd24f881147526d81de96e83defdea268b2022f6873ed28b913bc22fa?s=96&d=mm&r=g\",\"contentUrl\":\"https:\\\/\\\/secure.gravatar.com\\\/avatar\\\/71cc080bd24f881147526d81de96e83defdea268b2022f6873ed28b913bc22fa?s=96&d=mm&r=g\",\"caption\":\"Jonas Zumkehr\"}}]}<\/script>\n<!-- \/ Yoast SEO plugin. -->","yoast_head_json":{"title":"D\u00eda Mundial de los Oc\u00e9anos - Junio 8 - The World Foundation for Natural Science","robots":{"index":"index","follow":"follow","max-snippet":"max-snippet:-1","max-image-preview":"max-image-preview:large","max-video-preview":"max-video-preview:-1"},"canonical":"https:\/\/www.naturalscience.org\/es\/news\/2020\/06\/dia-mundial-de-los-oceanos-junio-8\/","twitter_misc":{"Escrito por":"Jonas Zumkehr","Tiempo de lectura":"2 minutos"},"schema":{"@context":"https:\/\/schema.org","@graph":[{"@type":"Article","@id":"https:\/\/www.naturalscience.org\/es\/news\/2020\/06\/dia-mundial-de-los-oceanos-junio-8\/#article","isPartOf":{"@id":"https:\/\/www.naturalscience.org\/es\/news\/2020\/06\/dia-mundial-de-los-oceanos-junio-8\/"},"author":{"name":"Jonas Zumkehr","@id":"https:\/\/www.naturalscience.org\/#\/schema\/person\/0be5d48465708d48c68f324f12edf220"},"headline":"D\u00eda Mundial de los Oc\u00e9anos &#8211; Junio 8","datePublished":"2020-06-08T06:26:11+00:00","dateModified":"2021-11-09T10:57:39+00:00","mainEntityOfPage":{"@id":"https:\/\/www.naturalscience.org\/es\/news\/2020\/06\/dia-mundial-de-los-oceanos-junio-8\/"},"wordCount":483,"articleSection":["Reservas marinas","Oc\u00e9anos"],"inLanguage":"es"},{"@type":"WebPage","@id":"https:\/\/www.naturalscience.org\/es\/news\/2020\/06\/dia-mundial-de-los-oceanos-junio-8\/","url":"https:\/\/www.naturalscience.org\/es\/news\/2020\/06\/dia-mundial-de-los-oceanos-junio-8\/","name":"D\u00eda Mundial de los Oc\u00e9anos - Junio 8 - The World Foundation for Natural Science","isPartOf":{"@id":"https:\/\/www.naturalscience.org\/#website"},"datePublished":"2020-06-08T06:26:11+00:00","dateModified":"2021-11-09T10:57:39+00:00","author":{"@id":"https:\/\/www.naturalscience.org\/#\/schema\/person\/0be5d48465708d48c68f324f12edf220"},"breadcrumb":{"@id":"https:\/\/www.naturalscience.org\/es\/news\/2020\/06\/dia-mundial-de-los-oceanos-junio-8\/#breadcrumb"},"inLanguage":"es","potentialAction":[{"@type":"ReadAction","target":["https:\/\/www.naturalscience.org\/es\/news\/2020\/06\/dia-mundial-de-los-oceanos-junio-8\/"]}]},{"@type":"BreadcrumbList","@id":"https:\/\/www.naturalscience.org\/es\/news\/2020\/06\/dia-mundial-de-los-oceanos-junio-8\/#breadcrumb","itemListElement":[{"@type":"ListItem","position":1,"name":"Home","item":"https:\/\/www.naturalscience.org\/es\/"},{"@type":"ListItem","position":2,"name":"D\u00eda Mundial de los Oc\u00e9anos &#8211; Junio 8"}]},{"@type":"WebSite","@id":"https:\/\/www.naturalscience.org\/#website","url":"https:\/\/www.naturalscience.org\/","name":"The World Foundation for Natural Science","description":"Restoring and Healing the World through Responsibility and Commitment in accord with Natural and Divine Law!","potentialAction":[{"@type":"SearchAction","target":{"@type":"EntryPoint","urlTemplate":"https:\/\/www.naturalscience.org\/?s={search_term_string}"},"query-input":{"@type":"PropertyValueSpecification","valueRequired":true,"valueName":"search_term_string"}}],"inLanguage":"es"},{"@type":"Person","@id":"https:\/\/www.naturalscience.org\/#\/schema\/person\/0be5d48465708d48c68f324f12edf220","name":"Jonas Zumkehr","image":{"@type":"ImageObject","inLanguage":"es","@id":"https:\/\/secure.gravatar.com\/avatar\/71cc080bd24f881147526d81de96e83defdea268b2022f6873ed28b913bc22fa?s=96&d=mm&r=g","url":"https:\/\/secure.gravatar.com\/avatar\/71cc080bd24f881147526d81de96e83defdea268b2022f6873ed28b913bc22fa?s=96&d=mm&r=g","contentUrl":"https:\/\/secure.gravatar.com\/avatar\/71cc080bd24f881147526d81de96e83defdea268b2022f6873ed28b913bc22fa?s=96&d=mm&r=g","caption":"Jonas Zumkehr"}}]}},"_links":{"self":[{"href":"https:\/\/www.naturalscience.org\/es\/wp-json\/wp\/v2\/posts\/33309","targetHints":{"allow":["GET"]}}],"collection":[{"href":"https:\/\/www.naturalscience.org\/es\/wp-json\/wp\/v2\/posts"}],"about":[{"href":"https:\/\/www.naturalscience.org\/es\/wp-json\/wp\/v2\/types\/post"}],"author":[{"embeddable":true,"href":"https:\/\/www.naturalscience.org\/es\/wp-json\/wp\/v2\/users\/9"}],"replies":[{"embeddable":true,"href":"https:\/\/www.naturalscience.org\/es\/wp-json\/wp\/v2\/comments?post=33309"}],"version-history":[{"count":6,"href":"https:\/\/www.naturalscience.org\/es\/wp-json\/wp\/v2\/posts\/33309\/revisions"}],"predecessor-version":[{"id":36603,"href":"https:\/\/www.naturalscience.org\/es\/wp-json\/wp\/v2\/posts\/33309\/revisions\/36603"}],"wp:attachment":[{"href":"https:\/\/www.naturalscience.org\/es\/wp-json\/wp\/v2\/media?parent=33309"}],"wp:term":[{"taxonomy":"category","embeddable":true,"href":"https:\/\/www.naturalscience.org\/es\/wp-json\/wp\/v2\/categories?post=33309"},{"taxonomy":"post_tag","embeddable":true,"href":"https:\/\/www.naturalscience.org\/es\/wp-json\/wp\/v2\/tags?post=33309"}],"curies":[{"name":"wp","href":"https:\/\/api.w.org\/{rel}","templated":true}]}}