{"id":32253,"date":"2020-03-19T06:51:40","date_gmt":"2020-03-19T05:51:40","guid":{"rendered":"https:\/\/www.naturalscience.org\/?p=32253"},"modified":"2021-11-09T12:43:34","modified_gmt":"2021-11-09T11:43:34","slug":"coronavirus-y-la-5g","status":"publish","type":"post","link":"https:\/\/www.naturalscience.org\/es\/news\/2020\/03\/coronavirus-y-la-5g\/","title":{"rendered":"Coronavirus y la 5G"},"content":{"rendered":"<p>El coronavirus SARS-CoV-2 fue detectado por primera vez en diciembre de 2019 en la ciudad china de Wuhan, provincia de Hubei. El virus se difundi\u00f3 r\u00e1pidamente desde China a Corea del Sur y a Italia y finalmente por todo el mundo. Es interesante, que la difusi\u00f3n geogr\u00e1fica y la severidad de la enfermedad encaja con la \u201cruta\u201d de la 5G. Por ejemplo, los m\u00e1s altos \u00edndices de mortalidad fuera de China ocurrieron en lugares que ya est\u00e1n implementando la tecnolog\u00eda 5G, tales como Corea del Sur e Italia.<a href=\"https:\/\/www.electricsense.com\/5g-coronavirus\/\" target=\"_blank\" rel=\"noopener noreferrer\">1<\/a><\/p>\n<ul>\n<li>Lo que los medios de comunicaci\u00f3n no informaron en su cubrimiento sobre el coronavirus es el hecho de que China, en su af\u00e1n de tomar la delantera en la carrera de la 5G, a finales de 2019 hab\u00eda instalado 130.000 antenas de 5G por todo el pa\u00eds, con al menos 10.000 antenas instaladas s\u00f3lo en Wuhan.<a href=\"https:\/\/www.electricsense.com\/5g-coronavirus\/\" target=\"_blank\" rel=\"noopener noreferrer\">2<\/a> <a href=\"http:\/\/www.xinhuanet.com\/english\/2019-10\/31\/c_138517734.htm\" target=\"_blank\" rel=\"noopener noreferrer\">3<\/a> Wuhan es una de las varias ciudades chinas que fueron elegidas para probar la red de 5G ya en el 2018.<a href=\"https:\/\/technode.com\/2018\/04\/19\/5g-testing\/\" target=\"_blank\" rel=\"noopener noreferrer\">4<\/a><\/li>\n<li>Mientras algunos pa\u00edses tales como Corea del Sur, Australia y parte de los Estados Unidos, han empezado proyectos piloto, el gobierno chino se ha embarcado en el impulso planificado y coordinado centralmente para desplegar la tecnolog\u00eda en una forma comercial, tratando as\u00ed de asegurarse la delantera en la carrera global para instalar la red inal\u00e1mbrica de 5G. Mientras China a finales del a\u00f1o 2019 hab\u00eda puesto en funcionamiento 130.000 antenas, Corea del Sur fue la segunda con 75.000, seguida por los Estados Unidos con 10.000 antenas. Se estima que de las 600.000 estaciones base de 5G que se espera sean desplegadas a nivel mundial en el 2020, la mitad ser\u00e1 en China. <a href=\"https:\/\/techblog.comsoc.org\/2019\/10\/31\/china-to-launch-5g-mobile-networks-on-friday-with-a-huge-government-backed-push\/\" target=\"_blank\" rel=\"noopener noreferrer\">5<\/a> <a href=\"https:\/\/www.barrons.com\/articles\/the-real-5g-winner-could-be-china-51570228459?mod=article_inline\" target=\"_blank\" rel=\"noopener noreferrer\">6<\/a><\/li>\n<li>Las antenas de 5G tambi\u00e9n fueron instaladas en el techo de los hospitales recientemente construidos en Wuhan: \u201cHuawei est\u00e1 ayudando a luchar contra el coronavirus al instalar antenas de 5G en el Hospital Vulcan Mountain de Wuhan, el cual est\u00e1 construyendo China en tiempo record. Mediante la asosiaci\u00f3n con Hubei Mobile y Hubei Unicom, Huawei implement\u00f3 apoyo inform\u00e1tico en el hospital con una red de alta velocidad 5G.\u201d<a href=\"https:\/\/engnews24h.com\/huawei-installs-5g-in-china-hospital-to-fight-coronavirus\/\" target=\"_blank\" rel=\"noopener noreferrer\">7<\/a> \u201cHuawei con Hubei Mobile y Hubei Unicom construyen estaciones base 5G en el Hospital Vulcan Mountain de Wuhan para ayudar a luchar contra el brote de coronavirus.\u201d <a href=\"https:\/\/www.gizguide.com\/2020\/01\/huawei-5g-station-wuhan-fight-coronavirus.html\" target=\"_blank\" rel=\"noopener noreferrer\">8<\/a><\/li>\n<li>El primer gran foco de coronavirus en Europa ocurri\u00f3 en Italia. En el 2016 la Uni\u00f3n Europea lanz\u00f3 el \u201cEU 5G Action Plan\u201d en el cual a cada uno de los estados miembros se le pidi\u00f3 que equipara al menos a una ciudad importante con la 5G para finales del 2020. Italia seleccion\u00f3 a Tur\u00edn para las primeras pruebas de redes, las cuales empezaron a funcionar en el 2018.<a href=\"https:\/\/www.telecomtv.com\/content\/5g\/italy-first-in-race-to-declare-its-5g-city-14457\/\" target=\"_blank\" rel=\"noopener noreferrer\">9<\/a> En el 2019, la 5G tambi\u00e9n fue implementada en la ciudades de Mil\u00e1n, Tur\u00edn, Bolonia, Roma y N\u00e1poles.<a href=\"https:\/\/www.gsmarena.com\/italy_becomes_the_third_european_country_with_5g-news-37424.php\" target=\"_blank\" rel=\"noopener noreferrer\">10<\/a><\/li>\n<li>Hasta el momento, aparte de Irlanda, Italia es el \u00fanico pa\u00eds europeo que ha subastado las frecuencias de 5G (en el rango de los 27GHz)<a href=\"https:\/\/5gobservatory.eu\/5g-spectrum\/national-5g-spectrum-assignment\/#1563958389100-0edfce99-fd41\" target=\"_blank\" rel=\"noopener noreferrer\">11<\/a> Estas altas frecuencias han sidos escasamente investigadas y se desconocen sus impactos negativos adicionales sobre la salud.<\/li>\n<li>El Dr. Olle Johansson, neurocient\u00edfico del Instituto Karolinska en Estocolmo, Suecia, ha recopilado muchos estudios que muestran los impactos negativos de las frecuencias de radio ya desde el 2007.<a href=\"https:\/\/bioinitiative.org\/wp-content\/uploads\/pdfs\/sec08_2007_Evidence_%20Effects_%20Immune_System.pdf\" target=\"_blank\" rel=\"noopener noreferrer\">12<\/a><\/li>\n<li>El Dr. Martin L. Pall, Profesor Em\u00e9rito de Bioqu\u00edmica y Ciencias M\u00e9dicas B\u00e1sicas, Universidad del Estado de Washingon, explic\u00f3 que las frecuencias de radio alteran los canales de calcio controlados por voltaje en la membrana celular, alterando as\u00ed las concentraciones de calcio y magnesio en las c\u00e9lulas.<a href=\"https:\/\/peaceinspace.blogs.com\/files\/5g-emf-hazards--dr-martin-l.-pall--eu-emf2018-6-11us3.pdf\" target=\"_blank\" rel=\"noopener noreferrer\">13<\/a><\/li>\n<li>Comparada con otras frecuencias ,&nbsp;\u00bfcu\u00e1l es la diferencia de la 5G? Las frecuencias m\u00e1s elevadas, los tipos de modulaci\u00f3n mucho m\u00e1s complejos y la pulsaci\u00f3n de las se\u00f1ales de baja frecuencia probablemente tendr\u00e1n a\u00fan un mayor alcance sobre las consecuencias para la salud. En el 2019, m\u00e1s de 250 reconocidos cient\u00edficos recurrieron a la ONU para que finalmente tomar\u00e1 la investigaci\u00f3n en serio y protegiera mejor a la humanidad de la radiaci\u00f3n electromagn\u00e9tica.<a href=\"https:\/\/emfscientist.org\/\" target=\"_blank\" rel=\"noopener noreferrer\">14<\/a> La redes 5G no est\u00e1n siendo construidas para remplazar a las redes de telefon\u00eda m\u00f3vil existentes, sino como un complemento, lo que conduce a un aumento masivo de la exposici\u00f3n a la radiaci\u00f3n.<\/li>\n<li>\u00bfExiste una conexi\u00f3n entre la difusi\u00f3n del coronavirus y la 5G? Una cosa es cierta: La radiaci\u00f3n de alta frecuencia debilita al sistema inmunol\u00f3gico o incluso lo agota completamente, especialmente cuando hay condiciones de salud preexistentes o enfermedades cr\u00f3nicas.<a href=\"https:\/\/www.emfdata.org\" target=\"_blank\" rel=\"noopener noreferrer\">15<\/a> La 5G es lo que podr\u00edan llamar un contaminante medioambiental. Adicionado a otros contaminantes medioambientales como la contaminaci\u00f3n del aire o los pesticidas, la 5G, puede que sea la gota que colme el vaso.<\/li>\n<\/ul>\n<p><strong>Fuentes:<\/strong><\/p>\n<p>1 Durante 18 meses que estuvo en China, el estadounidense Paul Doyen recolect\u00f3 extensa evidencia sobre el coronavirus y la 5G. La mayor\u00eda de las afirmaciones se basan en buenas y originales fuentes documentadas; <a href=\"https:\/\/www.electricsense.com\/5g-coronavirus\/\" target=\"_blank\" rel=\"noopener noreferrer\">https:\/\/www.electricsense.com\/5g-coronavirus\/<\/a><\/p>\n<p>2 <a href=\"https:\/\/www.electricsense.com\/5g-coronavirus\/\" target=\"_blank\" rel=\"noopener noreferrer\">https:\/\/www.electricsense.com\/5g-coronavirus\/<\/a><\/p>\n<p>3 Yurou. (Oct. 31st, 2019).&nbsp;\u00abCentral China province launches commercial 5G applications.\u00bb (La Provincia Central de China lanza aplicaciones comerciales de 5G) Xinhua Net. <a href=\"http:\/\/www.xinhuanet.com\/english\/2019-10\/31\/c_138517734.htm\" target=\"_blank\" rel=\"noopener noreferrer\">http:\/\/www.xinhuanet.com\/english\/2019-10\/31\/c_138517734.htm<\/a> . Otras fuentes incluso hablan de 160.000 antenas.<\/p>\n<p>4 <a href=\"https:\/\/e27.co\/china-start-testing-5g-16-major-cities-20180419\/\" target=\"_blank\" rel=\"noopener noreferrer\">https:\/\/e27.co\/china-start-testing-5g-16-major-cities-20180419\/<\/a> y <a href=\"https:\/\/technode.com\/2018\/04\/19\/5g-testing\/\" target=\"_blank\" rel=\"noopener noreferrer\">https:\/\/technode.com\/2018\/04\/19\/5g-testing\/<\/a><\/p>\n<p>5 Weissberger, A. (Oct. 31st, 2019).&nbsp;\u00abChina to launch 5G mobile networks on Friday with a huge government backed push.\u00bb (China lanza la red m\u00f3vil de 5G el viernes con un enorme impulso respaldado por el gobierno.) IEEE ComSoc (Communications Society) Technology Blog. <a href=\"https:\/\/techblog.comsoc.org\/2019\/10\/31\/china-to-launch-5g-mobile-networks-on-friday-with-a-huge-government-backed-push\/\" target=\"_blank\" rel=\"noopener noreferrer\">https:\/\/techblog.comsoc.org\/2019\/10\/31\/china-to-launch-5g-mobile-networks-on-friday-with-a-huge-government-backed-push\/<\/a><\/p>\n<p>6 <a href=\"https:\/\/www.barrons.com\/articles\/the-real-5g-winner-could-be-china-51570228459?mod=article_inline\" target=\"_blank\" rel=\"noopener noreferrer\">https:\/\/www.barrons.com\/articles\/the-real-5g-winner-could-be-china-51570228459?mod=article_inline<\/a><\/p>\n<p>7 <a href=\"https:\/\/engnews24h.com\/huawei-installs-5g-in-china-hospital-to-fight-coronavirus\/\" target=\"_blank\" rel=\"noopener noreferrer\">https:\/\/engnews24h.com\/huawei-installs-5g-in-china-hospital-to-fight-coronavirus\/<\/a><\/p>\n<p>8 <a href=\"https:\/\/www.gizguide.com\/2020\/01\/huawei-5g-station-wuhan-fight-coronavirus.html\" target=\"_blank\" rel=\"noopener noreferrer\">https:\/\/www.gizguide.com\/2020\/01\/huawei-5g-station-wuhan-fight-coronavirus.html<\/a><\/p>\n<p>9 <a href=\"https:\/\/www.telecomtv.com\/content\/5g\/italy-first-in-race-to-declare-its-5g-city-14457\/\" target=\"_blank\" rel=\"noopener noreferrer\">https:\/\/www.telecomtv.com\/content\/5g\/italy-first-in-race-to-declare-its-5g-city-14457\/<\/a><\/p>\n<p>10 <a href=\"https:\/\/www.gsmarena.com\/italy_becomes_the_third_european_country_with_5g-news-37424.php\" target=\"_blank\" rel=\"noopener noreferrer\">https:\/\/www.gsmarena.com\/italy_becomes_the_third_european_country_with_5g-news-37424.php<\/a><\/p>\n<p>11 <a href=\"https:\/\/5gobservatory.eu\/5g-spectrum\/national-5g-spectrum-assignment\/#1563958389100-0edfce99-fd41\" target=\"_blank\" rel=\"noopener noreferrer\">https:\/\/5gobservatory.eu\/5g-spectrum\/national-5g-spectrum-assignment\/#1563958389100-0edfce99-fd41<\/a><\/p>\n<p>12 <a href=\"https:\/\/bioinitiative.org\/wp-content\/uploads\/pdfs\/sec08_2007_Evidence_%20Effects_%20Immune_System.pdf\" target=\"_blank\" rel=\"noopener noreferrer\">https:\/\/bioinitiative.org\/wp-content\/uploads\/pdfs\/sec08_2007_Evidence_%20Effects_%20Immune_System.pdf<\/a><\/p>\n<p>13 <a href=\"https:\/\/peaceinspace.blogs.com\/files\/5g-emf-hazards--dr-martin-l.-pall--eu-emf2018-6-11us3.pdf\" target=\"_blank\" rel=\"noopener noreferrer\">https:\/\/peaceinspace.blogs.com\/files\/5g-emf-hazards&#8211;dr-martin-l.-pall&#8211;eu-emf2018-6-11us3.pdf<\/a><\/p>\n<p>14 <a href=\"https:\/\/emfscientist.org\/\" target=\"_blank\" rel=\"noopener noreferrer\">https:\/\/emfscientist.org\/<\/a><\/p>\n<p>15 La base de datos de estudio <a href=\"https:\/\/www.emfdata.org\" target=\"_blank\" rel=\"noopener noreferrer\">https:\/\/www.emfdata.org<\/a> se puede encontrar con las palabras claves \u201cimmune system\u201d.<\/p>\n<p>&nbsp;<\/p>\n<p>&nbsp;<\/p>\n<p>&nbsp;<\/p>\n","protected":false},"excerpt":{"rendered":"El coronavirus SARS-CoV-2 fue detectado por primera vez en diciembre de 2019 en la ciudad china de Wuhan, provincia de Hubei. El virus se difundi\u00f3 r\u00e1pidamente desde China a Corea del Sur y a Italia y finalmente por todo el mundo. Es interesante, que la difusi\u00f3n geogr\u00e1fica y la severidad de la enfermedad encaja con [&hellip;]","protected":false},"author":11,"featured_media":0,"comment_status":"closed","ping_status":"closed","sticky":false,"template":"","format":"standard","meta":{"_acf_changed":false,"ngg_post_thumbnail":0,"footnotes":""},"categories":[487,520,173,174],"tags":[],"class_list":["post-32253","post","type-post","status-publish","format-standard","hentry","category-5g","category-coronavirus","category-salud","category-microondas-y-comunicaciones-moviles","wpautop"],"acf":[],"yoast_head":"<!-- This site is optimized with the Yoast SEO plugin v27.5 - https:\/\/yoast.com\/product\/yoast-seo-wordpress\/ -->\n<title>Coronavirus y la 5G - The World Foundation for Natural Science<\/title>\n<meta name=\"robots\" content=\"index, follow, max-snippet:-1, max-image-preview:large, max-video-preview:-1\" \/>\n<link rel=\"canonical\" href=\"https:\/\/www.naturalscience.org\/es\/news\/2020\/03\/coronavirus-y-la-5g\/\" \/>\n<meta name=\"twitter:label1\" content=\"Escrito por\" \/>\n\t<meta name=\"twitter:data1\" content=\"Monika Waldmann\" \/>\n\t<meta name=\"twitter:label2\" content=\"Tiempo de lectura\" \/>\n\t<meta name=\"twitter:data2\" content=\"5 minutos\" \/>\n<script type=\"application\/ld+json\" class=\"yoast-schema-graph\">{\"@context\":\"https:\\\/\\\/schema.org\",\"@graph\":[{\"@type\":\"Article\",\"@id\":\"https:\\\/\\\/www.naturalscience.org\\\/es\\\/news\\\/2020\\\/03\\\/coronavirus-y-la-5g\\\/#article\",\"isPartOf\":{\"@id\":\"https:\\\/\\\/www.naturalscience.org\\\/es\\\/news\\\/2020\\\/03\\\/coronavirus-y-la-5g\\\/\"},\"author\":{\"name\":\"Monika Waldmann\",\"@id\":\"https:\\\/\\\/www.naturalscience.org\\\/#\\\/schema\\\/person\\\/f3e16bb7057b29f8593016bf70a42022\"},\"headline\":\"Coronavirus y la 5G\",\"datePublished\":\"2020-03-19T05:51:40+00:00\",\"dateModified\":\"2021-11-09T11:43:34+00:00\",\"mainEntityOfPage\":{\"@id\":\"https:\\\/\\\/www.naturalscience.org\\\/es\\\/news\\\/2020\\\/03\\\/coronavirus-y-la-5g\\\/\"},\"wordCount\":1039,\"articleSection\":[\"5G\",\"Coronavirus\",\"Salud\",\"Microondas y Comunicaciones m\u00f3viles\"],\"inLanguage\":\"es\"},{\"@type\":\"WebPage\",\"@id\":\"https:\\\/\\\/www.naturalscience.org\\\/es\\\/news\\\/2020\\\/03\\\/coronavirus-y-la-5g\\\/\",\"url\":\"https:\\\/\\\/www.naturalscience.org\\\/es\\\/news\\\/2020\\\/03\\\/coronavirus-y-la-5g\\\/\",\"name\":\"Coronavirus y la 5G - The World Foundation for Natural Science\",\"isPartOf\":{\"@id\":\"https:\\\/\\\/www.naturalscience.org\\\/#website\"},\"datePublished\":\"2020-03-19T05:51:40+00:00\",\"dateModified\":\"2021-11-09T11:43:34+00:00\",\"author\":{\"@id\":\"https:\\\/\\\/www.naturalscience.org\\\/#\\\/schema\\\/person\\\/f3e16bb7057b29f8593016bf70a42022\"},\"breadcrumb\":{\"@id\":\"https:\\\/\\\/www.naturalscience.org\\\/es\\\/news\\\/2020\\\/03\\\/coronavirus-y-la-5g\\\/#breadcrumb\"},\"inLanguage\":\"es\",\"potentialAction\":[{\"@type\":\"ReadAction\",\"target\":[\"https:\\\/\\\/www.naturalscience.org\\\/es\\\/news\\\/2020\\\/03\\\/coronavirus-y-la-5g\\\/\"]}]},{\"@type\":\"BreadcrumbList\",\"@id\":\"https:\\\/\\\/www.naturalscience.org\\\/es\\\/news\\\/2020\\\/03\\\/coronavirus-y-la-5g\\\/#breadcrumb\",\"itemListElement\":[{\"@type\":\"ListItem\",\"position\":1,\"name\":\"Home\",\"item\":\"https:\\\/\\\/www.naturalscience.org\\\/es\\\/\"},{\"@type\":\"ListItem\",\"position\":2,\"name\":\"Coronavirus y la 5G\"}]},{\"@type\":\"WebSite\",\"@id\":\"https:\\\/\\\/www.naturalscience.org\\\/#website\",\"url\":\"https:\\\/\\\/www.naturalscience.org\\\/\",\"name\":\"The World Foundation for Natural Science\",\"description\":\"Restoring and Healing the World through Responsibility and Commitment in accord with Natural and Divine Law!\",\"potentialAction\":[{\"@type\":\"SearchAction\",\"target\":{\"@type\":\"EntryPoint\",\"urlTemplate\":\"https:\\\/\\\/www.naturalscience.org\\\/?s={search_term_string}\"},\"query-input\":{\"@type\":\"PropertyValueSpecification\",\"valueRequired\":true,\"valueName\":\"search_term_string\"}}],\"inLanguage\":\"es\"},{\"@type\":\"Person\",\"@id\":\"https:\\\/\\\/www.naturalscience.org\\\/#\\\/schema\\\/person\\\/f3e16bb7057b29f8593016bf70a42022\",\"name\":\"Monika Waldmann\",\"image\":{\"@type\":\"ImageObject\",\"inLanguage\":\"es\",\"@id\":\"https:\\\/\\\/secure.gravatar.com\\\/avatar\\\/54dfb6ad0fbcf54c252c37d8d2c1a44e41b462185db44d9c8124801f3b41b6ec?s=96&d=mm&r=g\",\"url\":\"https:\\\/\\\/secure.gravatar.com\\\/avatar\\\/54dfb6ad0fbcf54c252c37d8d2c1a44e41b462185db44d9c8124801f3b41b6ec?s=96&d=mm&r=g\",\"contentUrl\":\"https:\\\/\\\/secure.gravatar.com\\\/avatar\\\/54dfb6ad0fbcf54c252c37d8d2c1a44e41b462185db44d9c8124801f3b41b6ec?s=96&d=mm&r=g\",\"caption\":\"Monika Waldmann\"}}]}<\/script>\n<!-- \/ Yoast SEO plugin. -->","yoast_head_json":{"title":"Coronavirus y la 5G - The World Foundation for Natural Science","robots":{"index":"index","follow":"follow","max-snippet":"max-snippet:-1","max-image-preview":"max-image-preview:large","max-video-preview":"max-video-preview:-1"},"canonical":"https:\/\/www.naturalscience.org\/es\/news\/2020\/03\/coronavirus-y-la-5g\/","twitter_misc":{"Escrito por":"Monika Waldmann","Tiempo de lectura":"5 minutos"},"schema":{"@context":"https:\/\/schema.org","@graph":[{"@type":"Article","@id":"https:\/\/www.naturalscience.org\/es\/news\/2020\/03\/coronavirus-y-la-5g\/#article","isPartOf":{"@id":"https:\/\/www.naturalscience.org\/es\/news\/2020\/03\/coronavirus-y-la-5g\/"},"author":{"name":"Monika Waldmann","@id":"https:\/\/www.naturalscience.org\/#\/schema\/person\/f3e16bb7057b29f8593016bf70a42022"},"headline":"Coronavirus y la 5G","datePublished":"2020-03-19T05:51:40+00:00","dateModified":"2021-11-09T11:43:34+00:00","mainEntityOfPage":{"@id":"https:\/\/www.naturalscience.org\/es\/news\/2020\/03\/coronavirus-y-la-5g\/"},"wordCount":1039,"articleSection":["5G","Coronavirus","Salud","Microondas y Comunicaciones m\u00f3viles"],"inLanguage":"es"},{"@type":"WebPage","@id":"https:\/\/www.naturalscience.org\/es\/news\/2020\/03\/coronavirus-y-la-5g\/","url":"https:\/\/www.naturalscience.org\/es\/news\/2020\/03\/coronavirus-y-la-5g\/","name":"Coronavirus y la 5G - The World Foundation for Natural Science","isPartOf":{"@id":"https:\/\/www.naturalscience.org\/#website"},"datePublished":"2020-03-19T05:51:40+00:00","dateModified":"2021-11-09T11:43:34+00:00","author":{"@id":"https:\/\/www.naturalscience.org\/#\/schema\/person\/f3e16bb7057b29f8593016bf70a42022"},"breadcrumb":{"@id":"https:\/\/www.naturalscience.org\/es\/news\/2020\/03\/coronavirus-y-la-5g\/#breadcrumb"},"inLanguage":"es","potentialAction":[{"@type":"ReadAction","target":["https:\/\/www.naturalscience.org\/es\/news\/2020\/03\/coronavirus-y-la-5g\/"]}]},{"@type":"BreadcrumbList","@id":"https:\/\/www.naturalscience.org\/es\/news\/2020\/03\/coronavirus-y-la-5g\/#breadcrumb","itemListElement":[{"@type":"ListItem","position":1,"name":"Home","item":"https:\/\/www.naturalscience.org\/es\/"},{"@type":"ListItem","position":2,"name":"Coronavirus y la 5G"}]},{"@type":"WebSite","@id":"https:\/\/www.naturalscience.org\/#website","url":"https:\/\/www.naturalscience.org\/","name":"The World Foundation for Natural Science","description":"Restoring and Healing the World through Responsibility and Commitment in accord with Natural and Divine Law!","potentialAction":[{"@type":"SearchAction","target":{"@type":"EntryPoint","urlTemplate":"https:\/\/www.naturalscience.org\/?s={search_term_string}"},"query-input":{"@type":"PropertyValueSpecification","valueRequired":true,"valueName":"search_term_string"}}],"inLanguage":"es"},{"@type":"Person","@id":"https:\/\/www.naturalscience.org\/#\/schema\/person\/f3e16bb7057b29f8593016bf70a42022","name":"Monika Waldmann","image":{"@type":"ImageObject","inLanguage":"es","@id":"https:\/\/secure.gravatar.com\/avatar\/54dfb6ad0fbcf54c252c37d8d2c1a44e41b462185db44d9c8124801f3b41b6ec?s=96&d=mm&r=g","url":"https:\/\/secure.gravatar.com\/avatar\/54dfb6ad0fbcf54c252c37d8d2c1a44e41b462185db44d9c8124801f3b41b6ec?s=96&d=mm&r=g","contentUrl":"https:\/\/secure.gravatar.com\/avatar\/54dfb6ad0fbcf54c252c37d8d2c1a44e41b462185db44d9c8124801f3b41b6ec?s=96&d=mm&r=g","caption":"Monika Waldmann"}}]}},"_links":{"self":[{"href":"https:\/\/www.naturalscience.org\/es\/wp-json\/wp\/v2\/posts\/32253","targetHints":{"allow":["GET"]}}],"collection":[{"href":"https:\/\/www.naturalscience.org\/es\/wp-json\/wp\/v2\/posts"}],"about":[{"href":"https:\/\/www.naturalscience.org\/es\/wp-json\/wp\/v2\/types\/post"}],"author":[{"embeddable":true,"href":"https:\/\/www.naturalscience.org\/es\/wp-json\/wp\/v2\/users\/11"}],"replies":[{"embeddable":true,"href":"https:\/\/www.naturalscience.org\/es\/wp-json\/wp\/v2\/comments?post=32253"}],"version-history":[{"count":8,"href":"https:\/\/www.naturalscience.org\/es\/wp-json\/wp\/v2\/posts\/32253\/revisions"}],"predecessor-version":[{"id":36648,"href":"https:\/\/www.naturalscience.org\/es\/wp-json\/wp\/v2\/posts\/32253\/revisions\/36648"}],"wp:attachment":[{"href":"https:\/\/www.naturalscience.org\/es\/wp-json\/wp\/v2\/media?parent=32253"}],"wp:term":[{"taxonomy":"category","embeddable":true,"href":"https:\/\/www.naturalscience.org\/es\/wp-json\/wp\/v2\/categories?post=32253"},{"taxonomy":"post_tag","embeddable":true,"href":"https:\/\/www.naturalscience.org\/es\/wp-json\/wp\/v2\/tags?post=32253"}],"curies":[{"name":"wp","href":"https:\/\/api.w.org\/{rel}","templated":true}]}}