{"id":23930,"date":"2017-04-08T10:00:22","date_gmt":"2017-04-08T08:00:22","guid":{"rendered":"http:\/\/www.naturalscience.org\/es\/?p=23930"},"modified":"2021-11-09T13:51:44","modified_gmt":"2021-11-09T12:51:44","slug":"dia-de-la-tierra-2017","status":"publish","type":"post","link":"https:\/\/www.naturalscience.org\/es\/news\/2017\/04\/dia-de-la-tierra-2017\/","title":{"rendered":"D\u00eda de la Tierra 2017"},"content":{"rendered":"<p><strong>El D\u00eda de la Tierra se celebra el 22 de abril de cada a\u00f1o en m\u00e1s de 175 pa\u00edses y se realza el aprecio a nuestro medioambiente natural. Tambi\u00e9n se supone que nos hace reflexionar sobre nuestro comportamiento como consumidor.<\/strong><!--more--><\/p>\n<p>Especialmente en esta \u00e9poca del a\u00f1o, cuando la primavera en el hemisferio norte muestra su mejor cara, es un gran placer salir y contemplar la naturaleza que se despliega de nuevo con sus manifestaciones anuales de renacimiento. El verde exuberante de los prados con las primeras flores en su mayor\u00eda amarillas, los \u00e1rboles que brotan sus hojas y ya muestran su floraci\u00f3n, nos dan as\u00ed una idea de una pr\u00f3xima abundante cosecha en oto\u00f1o. El zumbido de los insectos acompa\u00f1ado por el canto de los p\u00e1jaros nos llama irresistiblemente a salir y respirar el aire maravillosamente fresco, lleno de energ\u00eda, y a extasiarnos con las maravillas de la naturaleza. La Madre Tierra nos presenta un ejemplo de su completa programaci\u00f3n para este a\u00f1o en curso.<\/p>\n<p>Con el fin de preservar esta belleza de la naturaleza y alimentar continuamente a los seres humanos con tanta variedad y abundancia, la Madre Tierra necesita de todos y cada uno de nosotros quienes estamos dispuestos a defender este planeta, para nuestros hijos y los hijos de nuestros hijos, con el fin que todav\u00eda tambi\u00e9n tengan un h\u00e1bitat d\u00f3nde vivir. Este d\u00eda est\u00e1 destinado a inspirarnos sobre c\u00f3mo y donde podemos ayudar a la Madre Tierra para que sea restaurada y sanada nuevamente. Simplemente no debemos darla por sentado, al pensar que podemos continuar como antes.<\/p>\n<p><a href=\"https:\/\/www.naturalscience.org\/es\/publicaciones\/promesa-a-la-madre-tierra\/\"><img loading=\"lazy\" decoding=\"async\" class=\"alignleft size-medium wp-image-19122\" src=\"https:\/\/www.naturalscience.org\/wp-content\/uploads\/2016\/04\/Pledge-to-Mother-Earth_ES_cover-212x300.jpg\" alt=\"Pledge-to-Mother-Earth_ES_cover\" width=\"212\" height=\"300\" srcset=\"https:\/\/www.naturalscience.org\/wp-content\/uploads\/2016\/04\/Pledge-to-Mother-Earth_ES_cover-212x300.jpg 212w, https:\/\/www.naturalscience.org\/wp-content\/uploads\/2016\/04\/Pledge-to-Mother-Earth_ES_cover-116x164.jpg 116w, https:\/\/www.naturalscience.org\/wp-content\/uploads\/2016\/04\/Pledge-to-Mother-Earth_ES_cover.jpg 705w\" sizes=\"auto, (max-width: 212px) 100vw, 212px\" \/><\/a>Para ese prop\u00f3sito The World Foundation for Natural Science le da la oportunidad de comprometerse activamente para contrarrestar las tendencias que se llevan a cabo en la direcci\u00f3n equivocada. Para este prop\u00f3sito nosotros le proporcionamos una cantidad de informaci\u00f3n \u00fatil para las soluciones en la forma de noticias en nuestra p\u00e1gina o en internet, Hojas informativas, conferencias, seminarios, Congresos, Boletines informativos y folletos para que adquiera los conocimientos necesarios y los transmita a sus familiares, amigos y allegados. Todos nosotros deber\u00edamos estar interesados en nuestro propio bienestar, porque no existe separaci\u00f3n entre nosotros y el planeta. Hay un efecto de onda expansivo en todo lo que hacemos, \u201c Lo que hago te influye y lo que haces me influye\u201d.<\/p>\n<p>\u00a1Bastante puede ser hecho a trav\u00e9s de nosotros! Para esto se necesita que todos quienes estamos dispuestos aunemos los esfuerzos en la misma direcci\u00f3n, con el fin de restablecer el equilibrio en la naturaleza. Todos podemos contribuir en algo de una manera u otra. Se puede empezar con <strong><a href=\"https:\/\/www.naturalscience.org\/es\/publicaciones\/promesa-a-la-madre-tierra\/\">\u201cUna Promesa a la Madre Tierra\u201d<\/a><\/strong>, y es, por supuesto, una gran alegr\u00eda para nosotros si usted apoya a The World Foundation for Natural Science como un miembro o nos ayuda con una donaci\u00f3n de modo que podamos cumplir nuestra misi\u00f3n.<\/p>\n<p><a href=\"https:\/\/www.naturalscience.org\/es\/publicaciones\/si-la-tierra-tuviese-solo-unos-pocos-metros-de-altura\/\"><img loading=\"lazy\" decoding=\"async\" class=\"alignright size-medium wp-image-23852\" src=\"https:\/\/www.naturalscience.org\/wp-content\/uploads\/2017\/04\/Poster-Earth-ita-cover-212x300.jpeg\" alt=\"Poster-Earth-ita-cover\" width=\"212\" height=\"300\" srcset=\"https:\/\/www.naturalscience.org\/wp-content\/uploads\/2017\/04\/Poster-Earth-ita-cover-212x300.jpeg 212w, https:\/\/www.naturalscience.org\/wp-content\/uploads\/2017\/04\/Poster-Earth-ita-cover-768x1086.jpeg 768w, https:\/\/www.naturalscience.org\/wp-content\/uploads\/2017\/04\/Poster-Earth-ita-cover-724x1024.jpeg 724w, https:\/\/www.naturalscience.org\/wp-content\/uploads\/2017\/04\/Poster-Earth-ita-cover-116x164.jpeg 116w, https:\/\/www.naturalscience.org\/wp-content\/uploads\/2017\/04\/Poster-Earth-ita-cover-283x400.jpeg 283w, https:\/\/www.naturalscience.org\/wp-content\/uploads\/2017\/04\/Poster-Earth-ita-cover-354x500.jpeg 354w, https:\/\/www.naturalscience.org\/wp-content\/uploads\/2017\/04\/Poster-Earth-ita-cover.jpeg 1653w\" sizes=\"auto, (max-width: 212px) 100vw, 212px\" \/><\/a>Lo invitamos a hacer de cada d\u00eda un \u201cD\u00eda de la Tierra\u201d junto con nosotros, al diariamente estar conscientes de nuestras acciones y nuestro aprecio por la Madre Tierra y comprometernos con ella. Varios miembros de The World Foundation for Natural Science van a ofrecer interesantes eventos con ocasi\u00f3n del D\u00eda de la Tierra para dar a la gente una nueva perspectiva para un mejor futuro para nuestro Planeta Tierra.&nbsp;\u00a1\u00danase a nosotros! Eche un vistazo general al <a href=\"https:\/\/www.naturalscience.org\/es\/calendario-de-eventos\/\">calendario de eventos<\/a> en nuestra p\u00e1gina de internet o ll\u00e1menos para poder informarle sobre los ofrecimientos en diferentes pa\u00edses y regiones, particularmente respecto al <a href=\"https:\/\/www.naturalscience.org\/es\/news\/2017\/04\/el-dia-del-arbol-2017\/\">\u201cD\u00eda del \u00c1rbol\u201d<\/a>, celebrado s\u00f3lo una semana despu\u00e9s, junto con la petici\u00f3n de: <strong>\u201cPlante un \u00c1rbol.\u201d<\/strong><\/p>\n<p>Como una inspiraci\u00f3n estamos complacidos de presentarle la imagen <strong><a href=\"https:\/\/www.naturalscience.org\/es\/publicaciones\/si-la-tierra-tuviese-solo-unos-pocos-metros-de-altura\/\">\u201cSi la tierra solo tuviera unos pocos metros de tama\u00f1o\u201d<\/a><\/strong> adem\u00e1s del fascinante video clip de <strong><a href=\"https:\/\/www.naturalscience.org\/es\/la-naturaleza-nos-habla\/\">\u201cLa Naturaleza nos habla\u201d<\/a><\/strong> y algunas fotos de nuestras actividades del \u201cD\u00eda de la Tierra\u201d del a\u00f1o pasado.<\/p>\n<h2>Eventos<\/h2>\n<p>&nbsp;<\/p>\n<h2>Colombia<\/h2>\n<table style=\"width: 637px;\">\n<thead>\n<tr>\n<td style=\"width: 119px;\">Fecha<br \/>\nHora<\/td>\n<td style=\"width: 136.85px;\">Lugar<\/td>\n<td style=\"width: 130.15px;\">Temas<\/td>\n<td style=\"width: 220px;\">Registro<\/td>\n<\/tr>\n<\/thead>\n<tbody>\n<tr>\n<td style=\"width: 119px;\">Abril 22, 2017, 1:30 \u2013 6:00 p.m.<\/td>\n<td style=\"width: 136.85px;\">Plenilunio Centro de Eventos y Convenciones<br \/>\nCalle 53 # 15 &#8211; 24 (3\u00b0 Piso), BOGOTA COLOMBIA, C\u00f3digo Postal # 111311<\/td>\n<td style=\"width: 130.15px;\">Seminario:<br \/>\nWFNS<br \/>\nPresentaci\u00f3n Beneficios del Agua y la Salud.<br \/>\nComida Inteligente en la Conservaci\u00f3n de la Salud.<br \/>\nUna Promesa a la Madre Tierra<\/td>\n<td style=\"width: 220px;\">\n<ul class=\"fa-ul\">\n<li><i class=\"fa fa-li fa-at\"><\/i> <a href=\"mailto:CO-Office@naturalscience.org\" target=\"_blank\" rel=\"noopener\">CO-Office@naturalscience.org<\/a><\/li>\n<li><i class=\"fa fa-li fa-phone\"><\/i> +57(313)725-1130<\/li>\n<li><i class=\"fa fa-li fa-file-text-o\"><\/i> <a href=\"https:\/\/www.naturalscience.org\/wp-content\/uploads\/2017\/04\/2017-22-04-WFNS-Bogota-Lecture-Earth-Day-Announcement-Web.pdf\">M\u00e1s informaci\u00f3n<\/a><\/li>\n<\/ul>\n<\/td>\n<\/tr>\n<tr>\n<td style=\"width: 119px;\">Abril 22, 2017, 3:00 &#8211; 6:00 p.m.<\/td>\n<td style=\"width: 136.85px;\">Centro Empresarial Suramericana, Carrera 27 # 36-14, Esquina, Bucaramanga, 680005, Colombia<\/td>\n<td style=\"width: 130.15px;\">Presentaci\u00f3n<br \/>\nEl Parto Natural: Un Buen Comienzo permite que la naturaleza haga su trabajo. Los Beneficios del Parto Natural y las Consecuencias de una ces\u00e1rea en la vida futura de un beb\u00e9.<br \/>\nVideo: La Sinfon\u00eda del Suelo\u201d<br \/>\nProporciona una visi\u00f3n de c\u00f3mo la humanidad est\u00e1 destruyendo este vital recurso natural, a trav\u00e9s de las pr\u00e1cticas agr\u00edcolas inapropiadas y c\u00f3mo la naturaleza nos ofrece una oportunidad para revertirlo<\/td>\n<td style=\"width: 220px;\">\n<ul class=\"fa-ul\">\n<li><i class=\"fa fa-li fa-at\"><\/i> <a href=\"mailto:CO-Office@naturalscience.org\" target=\"_blank\" rel=\"noopener\">CO-Office@naturalscience.org<\/a><\/li>\n<li><i class=\"fa fa-li fa-phone\"><\/i> +57(7)690-2586<\/li>\n<li><i class=\"fa fa-li fa-mobile\"><\/i> +57(315)678-6189<\/li>\n<\/ul>\n<\/td>\n<\/tr>\n<tr>\n<td style=\"width: 119px;\">Abril 26, 2017, 7:15 p.m. \u2013 9:00 p.m.<\/td>\n<td style=\"width: 136.85px;\">Centro Internacional de la CARDER, via la Florida, Carrera 12 numero 12E &#8211; 132<\/td>\n<td style=\"width: 130.15px;\">Conferencia<\/td>\n<td style=\"width: 220px;\">\n<ul class=\"fa-ul\">\n<li><i class=\"fa fa-li fa-at\"><\/i> <a href=\"mailto:CO-Office@naturalscience.org\" target=\"_blank\" rel=\"noopener\">CO-Office@naturalscience.org<\/a><\/li>\n<li><i class=\"fa fa-li fa-mobile\"><\/i> +57(320)797-126<\/li>\n<\/ul>\n<\/td>\n<\/tr>\n<tr>\n<td style=\"width: 119px;\">Abril 28, 2017, 9:00 -11:00 a.m.<\/td>\n<td style=\"width: 136.85px;\">Armenia<br \/>\nPreescolar Mundo del Juguete, Armenia, Quind\u00edo, Colombia<br \/>\nCra 6 Av Centenario Km 1 V\u00eda Sena Agropecuario, Armenia, Quind\u00edo-Colombia<\/td>\n<td style=\"width: 130.15px;\">Siembra de \u00c1rboles<\/td>\n<td style=\"width: 220px;\">\n<ul class=\"fa-ul\">\n<li><i class=\"fa fa-li fa-at\"><\/i> <a href=\"mailto:CO-Office@naturalscience.org\" target=\"_blank\" rel=\"noopener\">CO-Office@naturalscience.org<\/a><\/li>\n<li><i class=\"fa fa-li fa-phone\"><\/i> +57(6)750-1144<\/li>\n<li><i class=\"fa fa-li fa-mobile\"><\/i> +57(321)633-5952<\/li>\n<\/ul>\n<\/td>\n<\/tr>\n<tr>\n<td style=\"width: 119px;\">Abril 29, 2017, 8:00 a.m. \u2013 12:00 m.<\/td>\n<td style=\"width: 136.85px;\">Bucaramanga<br \/>\nSalida del Puente de la Novena al Barrio Mutis<br \/>\nSeparador Quebrada seca entre la Cra 27 y la Cra 33 Bucaramanga; Colombia<\/td>\n<td style=\"width: 130.15px;\">Siembra de \u00c1rboles<\/td>\n<td style=\"width: 220px;\">\n<ul class=\"fa-ul\">\n<li><i class=\"fa fa-li fa-at\"><\/i> <a href=\"mailto:CO-Office@naturalscience.org\" target=\"_blank\" rel=\"noopener\">CO-Office@naturalscience.org<\/a><\/li>\n<li><i class=\"fa fa-li fa-phone\"><\/i> +57(7)690-2586<\/li>\n<li><i class=\"fa fa-li fa-mobile\"><\/i> +57(315)678-6189<\/li>\n<\/ul>\n<\/td>\n<\/tr>\n<tr>\n<td style=\"width: 119px;\">Abril 29, 2017, 07:00 a.m.\u2013 12:00 m.<\/td>\n<td style=\"width: 136.85px;\">Finca &#8211; El Mirador Vereda Galdamez, Subachoque<br \/>\nLa reuni\u00f3n o la cita para ir a la finca es en la siguiente direcci\u00f3n:<br \/>\nCarrera 58 # 60C-16, Barrio San Fernando, Bogot\u00e1 DC<\/td>\n<td style=\"width: 130.15px;\">Siembra de \u00c1rboles<\/td>\n<td style=\"width: 220px;\">\n<ul class=\"fa-ul\">\n<li><i class=\"fa fa-li fa-at\"><\/i> <a href=\"mailto:CO-Office@naturalscience.org\" target=\"_blank\" rel=\"noopener\">CO-Office@naturalscience.org<\/a><\/li>\n<li><i class=\"fa fa-li fa-phone\"><\/i> +57(313)725-1130<\/li>\n<li><i class=\"fa fa-li fa-file-text-o\"><\/i> <a href=\"https:\/\/www.naturalscience.org\/wp-content\/uploads\/2017\/04\/2017-28-04-WFNS-Bogota-Lecture-Plant-A-Tree-Announcement-Web.pdf\">M\u00e1s informaci\u00f3n<\/a><\/li>\n<\/ul>\n<\/td>\n<\/tr>\n<\/tbody>\n<\/table>\n<p>&nbsp;<br \/>\n<a id=\"peru\"><\/a><\/p>\n<h2>Peru<\/h2>\n<table style=\"width: 637px;\">\n<thead>\n<tr>\n<td style=\"width: 119px;\">Fecha<br \/>\nHora<\/td>\n<td style=\"width: 136.85px;\">Lugar<\/td>\n<td style=\"width: 130.15px;\">Temas<\/td>\n<td style=\"width: 220px;\">Registro<\/td>\n<\/tr>\n<\/thead>\n<tbody>\n<tr>\n<td style=\"width: 119px;\">21 de Abril de 2017,<br \/>\n11:30 am &#8211; 01:00 pm<\/td>\n<td style=\"width: 136.85px;\">Colegio El Buen Sembrador,<br \/>\nProlongaci\u00f3n 3 de Octubre Mz Q lote 16 Km 20<br \/>\nT\u00fapac Amaru, Carabayllo. Lima<\/td>\n<td style=\"width: 130.15px;\">D\u00eda Mundial de la Tierra &#8211; Conferencia:&nbsp;\u00bfTienen derechos los animales?<\/td>\n<td style=\"width: 220px;\">\n<ul class=\"fa-ul\">\n<li><i class=\"fa fa-li fa-at\"><\/i> <a href=\"mailto:verdesvida7@hotmail.com\" target=\"_blank\" rel=\"noopener\">verdesvida7@hotmail.com<\/a><\/li>\n<li><i class=\"fa fa-li fa-phone\"><\/i> +51(01)-422 1408 \/ +51+985043358<\/li>\n<li><i class=\"fa fa-li fa-info\"><\/i> <a href=\"https:\/\/www.naturalscience.org\/es\/eventos\/2017-04-dia-mundial-de-la-tierra-tienen-derechos-los-animales\/\">M\u00e1s informaci\u00f3n<\/a><\/li>\n<\/ul>\n<\/td>\n<\/tr>\n<tr>\n<td style=\"width: 119px;\">23 de Abril de 2017,<br \/>\n09:00 am &#8211; 11:00 am<\/td>\n<td style=\"width: 136.85px;\">Colegio Per\u00fa Jap\u00f3n,<br \/>\nSector Torreblanca Km 24 T\u00fapac Amaru,<br \/>\nCarabayllo. Lima<\/td>\n<td style=\"width: 130.15px;\">D\u00eda Mundial de la Tierra &#8211; Conferencia:&nbsp;\u00bfTienen derechos los animales?<\/td>\n<td style=\"width: 220px;\">\n<ul class=\"fa-ul\">\n<li><i class=\"fa fa-li fa-at\"><\/i> <a href=\"mailto:verdesvida7@hotmail.com\" target=\"_blank\" rel=\"noopener\">verdesvida7@hotmail.com<\/a><\/li>\n<li><i class=\"fa fa-li fa-phone\"><\/i> +51(01)-422 1408 \/ +51+985043358<\/li>\n<li><i class=\"fa fa-li fa-info\"><\/i> <a href=\"https:\/\/www.naturalscience.org\/es\/eventos\/2017-04-dia-mundial-de-la-tierra-tienen-derechos-los-animales\/\">M\u00e1s informaci\u00f3n<\/a><\/li>\n<\/ul>\n<\/td>\n<\/tr>\n<tr>\n<td style=\"width: 119px;\">28 de Abril de 2017,<br \/>\n09:00 am &#8211; 01:00 pm<\/td>\n<td style=\"width: 136.85px;\">Colegio El Buen Sembrador,<br \/>\nProlongaci\u00f3n 3 de octubre Mz Q lote 16 Km 20<br \/>\nT\u00fapac Amaru, Carabayllo. Lima<\/td>\n<td style=\"width: 130.15px;\">D\u00eda Mundial del \u00c1rbol &#8211; Conferencia Taller: El Servicio de los Arboles<\/td>\n<td style=\"width: 220px;\">\n<ul class=\"fa-ul\">\n<li><i class=\"fa fa-li fa-at\"><\/i> <a href=\"mailto:verdesvida7@hotmail.com\" target=\"_blank\" rel=\"noopener\">verdesvida7@hotmail.com<\/a><\/li>\n<li><i class=\"fa fa-li fa-phone\"><\/i> +51(01)-422 1408 \/ +51+985043358<\/li>\n<li><i class=\"fa fa-li fa-info\"><\/i> <a href=\"https:\/\/www.naturalscience.org\/es\/eventos\/2017-04-dia-mundial-del-arbol-el-servicio-de-los-arboles\/\">M\u00e1s informaci\u00f3n<\/a><\/li>\n<\/ul>\n<\/td>\n<\/tr>\n<tr>\n<td style=\"width: 119px;\">29 de Abril de 2017,<br \/>\n05:00 pm &#8211; 07:00 pm<\/td>\n<td style=\"width: 136.85px;\">Colegio Mar\u00eda Reina de la Paz<br \/>\nJr. M\u00e1rtir Olaya 1039<br \/>\nSan Mart\u00edn de Porres. Lima<\/td>\n<td style=\"width: 130.15px;\">D\u00eda Mundial del \u00c1rbol &#8211; Conferencia: El Servicio de los Arboles<\/td>\n<td style=\"width: 220px;\">\n<ul class=\"fa-ul\">\n<li><i class=\"fa fa-li fa-at\"><\/i> <a href=\"mailto:verdesvida7@hotmail.com\" target=\"_blank\" rel=\"noopener\">verdesvida7@hotmail.com<\/a><\/li>\n<li><i class=\"fa fa-li fa-phone\"><\/i> +51(01)-422 1408 \/ +51+985043358<\/li>\n<li><i class=\"fa fa-li fa-info\"><\/i> <a href=\"https:\/\/www.naturalscience.org\/es\/eventos\/2017-04-dia-mundial-del-arbol-el-servicio-de-los-arboles\/\">M\u00e1s informaci\u00f3n<\/a><\/li>\n<\/ul>\n<\/td>\n<\/tr>\n<\/tbody>\n<\/table>\n<p>&nbsp;<\/p>\n<h2>Brasil<\/h2>\n<table style=\"width: 637px;\">\n<thead>\n<tr>\n<td style=\"width: 119px;\">Fecha<br \/>\nHora<\/td>\n<td style=\"width: 136.85px;\">Lugar<\/td>\n<td style=\"width: 130.15px;\">Temas<\/td>\n<td style=\"width: 220px;\">Registro<\/td>\n<\/tr>\n<\/thead>\n<tbody>\n<tr>\n<td style=\"width: 119px;\">Abril 29, 2017, 10:00 a.m.\u2013 16:00 p.m.<\/td>\n<td style=\"width: 136.85px;\">Rua Bela Floresta, 555 &#8211; Casa 15 &#8211; Vargem Pequena, Rio de Janeiro<\/td>\n<td style=\"width: 130.15px;\">Plantaci\u00f3n de \u00e1rboles, intercambio sobre la importancia de los \u00e1rboles en nuestra vida<\/td>\n<td style=\"width: 220px;\">\n<ul class=\"fa-ul\">\n<li><i class=\"fa fa-li fa-at\"><\/i> <a href=\"mailto:jemilediban@gmail.com\" target=\"_blank\" rel=\"noopener\">jemilediban@gmail.com<\/a><\/li>\n<li><i class=\"fa fa-li fa-phone\"><\/i> +55(21)229-29786<\/li>\n<\/ul>\n<\/td>\n<\/tr>\n<\/tbody>\n<\/table>\n<p>&nbsp;<\/p>\n<p><a href=\"https:\/\/www.naturalscience.org\/es\/la-naturaleza-nos-habla\/\"><img loading=\"lazy\" decoding=\"async\" class=\"alignnone size-full wp-image-17985\" src=\"https:\/\/www.naturalscience.org\/wp-content\/uploads\/2016\/03\/header-nature-is-speaking.jpg\" alt=\"header-nature-is-speaking\" width=\"970\" height=\"220\" srcset=\"https:\/\/www.naturalscience.org\/wp-content\/uploads\/2016\/03\/header-nature-is-speaking.jpg 970w, https:\/\/www.naturalscience.org\/wp-content\/uploads\/2016\/03\/header-nature-is-speaking-300x68.jpg 300w, https:\/\/www.naturalscience.org\/wp-content\/uploads\/2016\/03\/header-nature-is-speaking-768x174.jpg 768w, https:\/\/www.naturalscience.org\/wp-content\/uploads\/2016\/03\/header-nature-is-speaking-164x37.jpg 164w\" sizes=\"auto, (max-width: 970px) 100vw, 970px\" \/><\/a><\/p>\n<p>&nbsp;<\/p>\nngg_shortcode_0_placeholder\n<p>&nbsp;<\/p>\n<p>La pel\u00edcula \u201cLa Sinfon\u00eda del Suelo\u201d (\u201cSymphony of the Soil\u201d) demuestra que el suelo es una organismo vivo y la base para toda la vida en este planeta.<\/p>\n<p><iframe loading=\"lazy\" src=\"https:\/\/www.youtube-nocookie.com\/embed\/K5QYZ-LRXW4?rel=0\" allowfullscreen=\"allowfullscreen\" width=\"640\" height=\"360\" frameborder=\"0\"><\/iframe><\/p>\n","protected":false},"excerpt":{"rendered":"El D\u00eda de la Tierra se celebra el 22 de abril de cada a\u00f1o en m\u00e1s de 175 pa\u00edses y se realza el aprecio a nuestro medioambiente natural. Tambi\u00e9n se supone que nos hace reflexionar sobre nuestro comportamiento como consumidor. 23930","protected":false},"author":9,"featured_media":0,"comment_status":"closed","ping_status":"closed","sticky":false,"template":"","format":"standard","meta":{"_acf_changed":false,"ngg_post_thumbnail":0,"footnotes":""},"categories":[188,193,65],"tags":[],"class_list":["post-23930","post","type-post","status-publish","format-standard","hentry","category-agricultura-natural","category-oceanos","category-eventos","wpautop"],"acf":[],"yoast_head":"<!-- This site is optimized with the Yoast SEO plugin v27.5 - https:\/\/yoast.com\/product\/yoast-seo-wordpress\/ -->\n<title>D\u00eda de la Tierra 2017 - The World Foundation for Natural Science<\/title>\n<meta name=\"robots\" content=\"index, follow, max-snippet:-1, max-image-preview:large, max-video-preview:-1\" \/>\n<link rel=\"canonical\" href=\"https:\/\/www.naturalscience.org\/es\/news\/2017\/04\/dia-de-la-tierra-2017\/\" \/>\n<meta name=\"twitter:label1\" content=\"Escrito por\" \/>\n\t<meta name=\"twitter:data1\" content=\"Jonas Zumkehr\" \/>\n\t<meta name=\"twitter:label2\" content=\"Tiempo de lectura\" \/>\n\t<meta name=\"twitter:data2\" content=\"6 minutos\" \/>\n<script type=\"application\/ld+json\" class=\"yoast-schema-graph\">{\"@context\":\"https:\\\/\\\/schema.org\",\"@graph\":[{\"@type\":\"Article\",\"@id\":\"https:\\\/\\\/www.naturalscience.org\\\/es\\\/news\\\/2017\\\/04\\\/dia-de-la-tierra-2017\\\/#article\",\"isPartOf\":{\"@id\":\"https:\\\/\\\/www.naturalscience.org\\\/es\\\/news\\\/2017\\\/04\\\/dia-de-la-tierra-2017\\\/\"},\"author\":{\"name\":\"Jonas Zumkehr\",\"@id\":\"https:\\\/\\\/www.naturalscience.org\\\/#\\\/schema\\\/person\\\/0be5d48465708d48c68f324f12edf220\"},\"headline\":\"D\u00eda de la Tierra 2017\",\"datePublished\":\"2017-04-08T08:00:22+00:00\",\"dateModified\":\"2021-11-09T12:51:44+00:00\",\"mainEntityOfPage\":{\"@id\":\"https:\\\/\\\/www.naturalscience.org\\\/es\\\/news\\\/2017\\\/04\\\/dia-de-la-tierra-2017\\\/\"},\"wordCount\":1267,\"image\":{\"@id\":\"https:\\\/\\\/www.naturalscience.org\\\/es\\\/news\\\/2017\\\/04\\\/dia-de-la-tierra-2017\\\/#primaryimage\"},\"thumbnailUrl\":\"https:\\\/\\\/www.naturalscience.org\\\/wp-content\\\/uploads\\\/2016\\\/04\\\/Pledge-to-Mother-Earth_ES_cover-212x300.jpg\",\"articleSection\":[\"Agricultura natural\",\"Oc\u00e9anos\",\"Eventos\"],\"inLanguage\":\"es\"},{\"@type\":\"WebPage\",\"@id\":\"https:\\\/\\\/www.naturalscience.org\\\/es\\\/news\\\/2017\\\/04\\\/dia-de-la-tierra-2017\\\/\",\"url\":\"https:\\\/\\\/www.naturalscience.org\\\/es\\\/news\\\/2017\\\/04\\\/dia-de-la-tierra-2017\\\/\",\"name\":\"D\u00eda de la Tierra 2017 - The World Foundation for Natural Science\",\"isPartOf\":{\"@id\":\"https:\\\/\\\/www.naturalscience.org\\\/#website\"},\"primaryImageOfPage\":{\"@id\":\"https:\\\/\\\/www.naturalscience.org\\\/es\\\/news\\\/2017\\\/04\\\/dia-de-la-tierra-2017\\\/#primaryimage\"},\"image\":{\"@id\":\"https:\\\/\\\/www.naturalscience.org\\\/es\\\/news\\\/2017\\\/04\\\/dia-de-la-tierra-2017\\\/#primaryimage\"},\"thumbnailUrl\":\"https:\\\/\\\/www.naturalscience.org\\\/wp-content\\\/uploads\\\/2016\\\/04\\\/Pledge-to-Mother-Earth_ES_cover-212x300.jpg\",\"datePublished\":\"2017-04-08T08:00:22+00:00\",\"dateModified\":\"2021-11-09T12:51:44+00:00\",\"author\":{\"@id\":\"https:\\\/\\\/www.naturalscience.org\\\/#\\\/schema\\\/person\\\/0be5d48465708d48c68f324f12edf220\"},\"breadcrumb\":{\"@id\":\"https:\\\/\\\/www.naturalscience.org\\\/es\\\/news\\\/2017\\\/04\\\/dia-de-la-tierra-2017\\\/#breadcrumb\"},\"inLanguage\":\"es\",\"potentialAction\":[{\"@type\":\"ReadAction\",\"target\":[\"https:\\\/\\\/www.naturalscience.org\\\/es\\\/news\\\/2017\\\/04\\\/dia-de-la-tierra-2017\\\/\"]}]},{\"@type\":\"ImageObject\",\"inLanguage\":\"es\",\"@id\":\"https:\\\/\\\/www.naturalscience.org\\\/es\\\/news\\\/2017\\\/04\\\/dia-de-la-tierra-2017\\\/#primaryimage\",\"url\":\"https:\\\/\\\/www.naturalscience.org\\\/wp-content\\\/uploads\\\/2016\\\/04\\\/Pledge-to-Mother-Earth_ES_cover-212x300.jpg\",\"contentUrl\":\"https:\\\/\\\/www.naturalscience.org\\\/wp-content\\\/uploads\\\/2016\\\/04\\\/Pledge-to-Mother-Earth_ES_cover-212x300.jpg\"},{\"@type\":\"BreadcrumbList\",\"@id\":\"https:\\\/\\\/www.naturalscience.org\\\/es\\\/news\\\/2017\\\/04\\\/dia-de-la-tierra-2017\\\/#breadcrumb\",\"itemListElement\":[{\"@type\":\"ListItem\",\"position\":1,\"name\":\"Home\",\"item\":\"https:\\\/\\\/www.naturalscience.org\\\/es\\\/\"},{\"@type\":\"ListItem\",\"position\":2,\"name\":\"D\u00eda de la Tierra 2017\"}]},{\"@type\":\"WebSite\",\"@id\":\"https:\\\/\\\/www.naturalscience.org\\\/#website\",\"url\":\"https:\\\/\\\/www.naturalscience.org\\\/\",\"name\":\"The World Foundation for Natural Science\",\"description\":\"Restoring and Healing the World through Responsibility and Commitment in accord with Natural and Divine Law!\",\"potentialAction\":[{\"@type\":\"SearchAction\",\"target\":{\"@type\":\"EntryPoint\",\"urlTemplate\":\"https:\\\/\\\/www.naturalscience.org\\\/?s={search_term_string}\"},\"query-input\":{\"@type\":\"PropertyValueSpecification\",\"valueRequired\":true,\"valueName\":\"search_term_string\"}}],\"inLanguage\":\"es\"},{\"@type\":\"Person\",\"@id\":\"https:\\\/\\\/www.naturalscience.org\\\/#\\\/schema\\\/person\\\/0be5d48465708d48c68f324f12edf220\",\"name\":\"Jonas Zumkehr\",\"image\":{\"@type\":\"ImageObject\",\"inLanguage\":\"es\",\"@id\":\"https:\\\/\\\/secure.gravatar.com\\\/avatar\\\/71cc080bd24f881147526d81de96e83defdea268b2022f6873ed28b913bc22fa?s=96&d=mm&r=g\",\"url\":\"https:\\\/\\\/secure.gravatar.com\\\/avatar\\\/71cc080bd24f881147526d81de96e83defdea268b2022f6873ed28b913bc22fa?s=96&d=mm&r=g\",\"contentUrl\":\"https:\\\/\\\/secure.gravatar.com\\\/avatar\\\/71cc080bd24f881147526d81de96e83defdea268b2022f6873ed28b913bc22fa?s=96&d=mm&r=g\",\"caption\":\"Jonas Zumkehr\"}}]}<\/script>\n<!-- \/ Yoast SEO plugin. -->","yoast_head_json":{"title":"D\u00eda de la Tierra 2017 - The World Foundation for Natural Science","robots":{"index":"index","follow":"follow","max-snippet":"max-snippet:-1","max-image-preview":"max-image-preview:large","max-video-preview":"max-video-preview:-1"},"canonical":"https:\/\/www.naturalscience.org\/es\/news\/2017\/04\/dia-de-la-tierra-2017\/","twitter_misc":{"Escrito por":"Jonas Zumkehr","Tiempo de lectura":"6 minutos"},"schema":{"@context":"https:\/\/schema.org","@graph":[{"@type":"Article","@id":"https:\/\/www.naturalscience.org\/es\/news\/2017\/04\/dia-de-la-tierra-2017\/#article","isPartOf":{"@id":"https:\/\/www.naturalscience.org\/es\/news\/2017\/04\/dia-de-la-tierra-2017\/"},"author":{"name":"Jonas Zumkehr","@id":"https:\/\/www.naturalscience.org\/#\/schema\/person\/0be5d48465708d48c68f324f12edf220"},"headline":"D\u00eda de la Tierra 2017","datePublished":"2017-04-08T08:00:22+00:00","dateModified":"2021-11-09T12:51:44+00:00","mainEntityOfPage":{"@id":"https:\/\/www.naturalscience.org\/es\/news\/2017\/04\/dia-de-la-tierra-2017\/"},"wordCount":1267,"image":{"@id":"https:\/\/www.naturalscience.org\/es\/news\/2017\/04\/dia-de-la-tierra-2017\/#primaryimage"},"thumbnailUrl":"https:\/\/www.naturalscience.org\/wp-content\/uploads\/2016\/04\/Pledge-to-Mother-Earth_ES_cover-212x300.jpg","articleSection":["Agricultura natural","Oc\u00e9anos","Eventos"],"inLanguage":"es"},{"@type":"WebPage","@id":"https:\/\/www.naturalscience.org\/es\/news\/2017\/04\/dia-de-la-tierra-2017\/","url":"https:\/\/www.naturalscience.org\/es\/news\/2017\/04\/dia-de-la-tierra-2017\/","name":"D\u00eda de la Tierra 2017 - The World Foundation for Natural Science","isPartOf":{"@id":"https:\/\/www.naturalscience.org\/#website"},"primaryImageOfPage":{"@id":"https:\/\/www.naturalscience.org\/es\/news\/2017\/04\/dia-de-la-tierra-2017\/#primaryimage"},"image":{"@id":"https:\/\/www.naturalscience.org\/es\/news\/2017\/04\/dia-de-la-tierra-2017\/#primaryimage"},"thumbnailUrl":"https:\/\/www.naturalscience.org\/wp-content\/uploads\/2016\/04\/Pledge-to-Mother-Earth_ES_cover-212x300.jpg","datePublished":"2017-04-08T08:00:22+00:00","dateModified":"2021-11-09T12:51:44+00:00","author":{"@id":"https:\/\/www.naturalscience.org\/#\/schema\/person\/0be5d48465708d48c68f324f12edf220"},"breadcrumb":{"@id":"https:\/\/www.naturalscience.org\/es\/news\/2017\/04\/dia-de-la-tierra-2017\/#breadcrumb"},"inLanguage":"es","potentialAction":[{"@type":"ReadAction","target":["https:\/\/www.naturalscience.org\/es\/news\/2017\/04\/dia-de-la-tierra-2017\/"]}]},{"@type":"ImageObject","inLanguage":"es","@id":"https:\/\/www.naturalscience.org\/es\/news\/2017\/04\/dia-de-la-tierra-2017\/#primaryimage","url":"https:\/\/www.naturalscience.org\/wp-content\/uploads\/2016\/04\/Pledge-to-Mother-Earth_ES_cover-212x300.jpg","contentUrl":"https:\/\/www.naturalscience.org\/wp-content\/uploads\/2016\/04\/Pledge-to-Mother-Earth_ES_cover-212x300.jpg"},{"@type":"BreadcrumbList","@id":"https:\/\/www.naturalscience.org\/es\/news\/2017\/04\/dia-de-la-tierra-2017\/#breadcrumb","itemListElement":[{"@type":"ListItem","position":1,"name":"Home","item":"https:\/\/www.naturalscience.org\/es\/"},{"@type":"ListItem","position":2,"name":"D\u00eda de la Tierra 2017"}]},{"@type":"WebSite","@id":"https:\/\/www.naturalscience.org\/#website","url":"https:\/\/www.naturalscience.org\/","name":"The World Foundation for Natural Science","description":"Restoring and Healing the World through Responsibility and Commitment in accord with Natural and Divine Law!","potentialAction":[{"@type":"SearchAction","target":{"@type":"EntryPoint","urlTemplate":"https:\/\/www.naturalscience.org\/?s={search_term_string}"},"query-input":{"@type":"PropertyValueSpecification","valueRequired":true,"valueName":"search_term_string"}}],"inLanguage":"es"},{"@type":"Person","@id":"https:\/\/www.naturalscience.org\/#\/schema\/person\/0be5d48465708d48c68f324f12edf220","name":"Jonas Zumkehr","image":{"@type":"ImageObject","inLanguage":"es","@id":"https:\/\/secure.gravatar.com\/avatar\/71cc080bd24f881147526d81de96e83defdea268b2022f6873ed28b913bc22fa?s=96&d=mm&r=g","url":"https:\/\/secure.gravatar.com\/avatar\/71cc080bd24f881147526d81de96e83defdea268b2022f6873ed28b913bc22fa?s=96&d=mm&r=g","contentUrl":"https:\/\/secure.gravatar.com\/avatar\/71cc080bd24f881147526d81de96e83defdea268b2022f6873ed28b913bc22fa?s=96&d=mm&r=g","caption":"Jonas Zumkehr"}}]}},"_links":{"self":[{"href":"https:\/\/www.naturalscience.org\/es\/wp-json\/wp\/v2\/posts\/23930","targetHints":{"allow":["GET"]}}],"collection":[{"href":"https:\/\/www.naturalscience.org\/es\/wp-json\/wp\/v2\/posts"}],"about":[{"href":"https:\/\/www.naturalscience.org\/es\/wp-json\/wp\/v2\/types\/post"}],"author":[{"embeddable":true,"href":"https:\/\/www.naturalscience.org\/es\/wp-json\/wp\/v2\/users\/9"}],"replies":[{"embeddable":true,"href":"https:\/\/www.naturalscience.org\/es\/wp-json\/wp\/v2\/comments?post=23930"}],"version-history":[{"count":16,"href":"https:\/\/www.naturalscience.org\/es\/wp-json\/wp\/v2\/posts\/23930\/revisions"}],"predecessor-version":[{"id":36689,"href":"https:\/\/www.naturalscience.org\/es\/wp-json\/wp\/v2\/posts\/23930\/revisions\/36689"}],"wp:attachment":[{"href":"https:\/\/www.naturalscience.org\/es\/wp-json\/wp\/v2\/media?parent=23930"}],"wp:term":[{"taxonomy":"category","embeddable":true,"href":"https:\/\/www.naturalscience.org\/es\/wp-json\/wp\/v2\/categories?post=23930"},{"taxonomy":"post_tag","embeddable":true,"href":"https:\/\/www.naturalscience.org\/es\/wp-json\/wp\/v2\/tags?post=23930"}],"curies":[{"name":"wp","href":"https:\/\/api.w.org\/{rel}","templated":true}]}}