{"id":42169,"date":"2025-05-06T17:56:39","date_gmt":"2025-05-06T15:56:39","guid":{"rendered":"https:\/\/www.naturalscience.org\/?p=42169"},"modified":"2026-04-30T19:44:52","modified_gmt":"2026-04-30T17:44:52","slug":"arbor-day-2025-2","status":"publish","type":"post","link":"https:\/\/www.naturalscience.org\/de\/news\/2025\/05\/arbor-day-2025-2\/","title":{"rendered":"So wurde der Tag des Baumes gefeiert"},"content":{"rendered":"<p>Anl\u00e4sslich des Tags des Baumes fanden rund um die Welt verschiedene Aktionen statt, um diesen besonderen Tag geb\u00fchrend zu feiern. Im Vordergrund stand nat\u00fcrlich das Pflanzen von B\u00e4umen, aber die Teilnehmerinnen und Teilnehmer bestaunten auch bei Park- und Waldspazierg\u00e4ngen diesen eindr\u00fccklichen Teil der Natur. Wir w\u00fcnschen Ihnen viel Freude beim Anschauen unserer Bildergalerie!<\/p>\nngg_shortcode_0_placeholder\n","protected":false},"excerpt":{"rendered":"Anl\u00e4sslich des Tags des Baumes fanden rund um die Welt verschiedene Aktionen statt, um diesen besonderen Tag geb\u00fchrend zu feiern. Im Vordergrund stand nat\u00fcrlich das Pflanzen von B\u00e4umen, aber die Teilnehmerinnen und Teilnehmer bestaunten auch bei Park- und Waldspazierg\u00e4ngen diesen eindr\u00fccklichen Teil der Natur. Wir w\u00fcnschen Ihnen viel Freude beim Anschauen unserer Bildergalerie!","protected":false},"author":14,"featured_media":0,"comment_status":"closed","ping_status":"closed","sticky":false,"template":"","format":"standard","meta":{"_acf_changed":false,"ngg_post_thumbnail":0,"footnotes":""},"categories":[541,41],"tags":[],"class_list":["post-42169","post","type-post","status-publish","format-standard","hentry","category-tag-des-baumes","category-wald","wpautop"],"acf":[],"yoast_head":"<!-- This site is optimized with the Yoast SEO plugin v27.5 - https:\/\/yoast.com\/product\/yoast-seo-wordpress\/ -->\n<title>So wurde der Tag des Baumes gefeiert - The World Foundation for Natural Science<\/title>\n<meta name=\"robots\" content=\"index, follow, max-snippet:-1, max-image-preview:large, max-video-preview:-1\" \/>\n<link rel=\"canonical\" href=\"https:\/\/www.naturalscience.org\/de\/news\/2025\/05\/arbor-day-2025-2\/\" \/>\n<meta name=\"twitter:label1\" content=\"Verfasst von\" \/>\n\t<meta name=\"twitter:data1\" content=\"Silvan Wenk\" \/>\n\t<meta name=\"twitter:label2\" content=\"Gesch\u00e4tzte Lesezeit\" \/>\n\t<meta name=\"twitter:data2\" content=\"1\u00a0Minute\" \/>\n<script type=\"application\/ld+json\" class=\"yoast-schema-graph\">{\"@context\":\"https:\\\/\\\/schema.org\",\"@graph\":[{\"@type\":\"Article\",\"@id\":\"https:\\\/\\\/www.naturalscience.org\\\/de\\\/news\\\/2025\\\/05\\\/arbor-day-2025-2\\\/#article\",\"isPartOf\":{\"@id\":\"https:\\\/\\\/www.naturalscience.org\\\/de\\\/news\\\/2025\\\/05\\\/arbor-day-2025-2\\\/\"},\"author\":{\"name\":\"Silvan Wenk\",\"@id\":\"https:\\\/\\\/www.naturalscience.org\\\/#\\\/schema\\\/person\\\/dfbe1635a8af9ea15aa94c0d986406e3\"},\"headline\":\"So wurde der Tag des Baumes gefeiert\",\"datePublished\":\"2025-05-06T15:56:39+00:00\",\"dateModified\":\"2026-04-30T17:44:52+00:00\",\"mainEntityOfPage\":{\"@id\":\"https:\\\/\\\/www.naturalscience.org\\\/de\\\/news\\\/2025\\\/05\\\/arbor-day-2025-2\\\/\"},\"wordCount\":69,\"articleSection\":[\"Tag des Baumes\",\"Wald\"],\"inLanguage\":\"de\"},{\"@type\":\"WebPage\",\"@id\":\"https:\\\/\\\/www.naturalscience.org\\\/de\\\/news\\\/2025\\\/05\\\/arbor-day-2025-2\\\/\",\"url\":\"https:\\\/\\\/www.naturalscience.org\\\/de\\\/news\\\/2025\\\/05\\\/arbor-day-2025-2\\\/\",\"name\":\"So wurde der Tag des Baumes gefeiert - The World Foundation for Natural Science\",\"isPartOf\":{\"@id\":\"https:\\\/\\\/www.naturalscience.org\\\/#website\"},\"datePublished\":\"2025-05-06T15:56:39+00:00\",\"dateModified\":\"2026-04-30T17:44:52+00:00\",\"author\":{\"@id\":\"https:\\\/\\\/www.naturalscience.org\\\/#\\\/schema\\\/person\\\/dfbe1635a8af9ea15aa94c0d986406e3\"},\"breadcrumb\":{\"@id\":\"https:\\\/\\\/www.naturalscience.org\\\/de\\\/news\\\/2025\\\/05\\\/arbor-day-2025-2\\\/#breadcrumb\"},\"inLanguage\":\"de\",\"potentialAction\":[{\"@type\":\"ReadAction\",\"target\":[\"https:\\\/\\\/www.naturalscience.org\\\/de\\\/news\\\/2025\\\/05\\\/arbor-day-2025-2\\\/\"]}]},{\"@type\":\"BreadcrumbList\",\"@id\":\"https:\\\/\\\/www.naturalscience.org\\\/de\\\/news\\\/2025\\\/05\\\/arbor-day-2025-2\\\/#breadcrumb\",\"itemListElement\":[{\"@type\":\"ListItem\",\"position\":1,\"name\":\"Home\",\"item\":\"https:\\\/\\\/www.naturalscience.org\\\/de\\\/\"},{\"@type\":\"ListItem\",\"position\":2,\"name\":\"So wurde der Tag des Baumes gefeiert\"}]},{\"@type\":\"WebSite\",\"@id\":\"https:\\\/\\\/www.naturalscience.org\\\/#website\",\"url\":\"https:\\\/\\\/www.naturalscience.org\\\/\",\"name\":\"The World Foundation for Natural Science\",\"description\":\"Restoring and Healing the World through Responsibility and Commitment in accord with Natural and Divine Law!\",\"potentialAction\":[{\"@type\":\"SearchAction\",\"target\":{\"@type\":\"EntryPoint\",\"urlTemplate\":\"https:\\\/\\\/www.naturalscience.org\\\/?s={search_term_string}\"},\"query-input\":{\"@type\":\"PropertyValueSpecification\",\"valueRequired\":true,\"valueName\":\"search_term_string\"}}],\"inLanguage\":\"de\"},{\"@type\":\"Person\",\"@id\":\"https:\\\/\\\/www.naturalscience.org\\\/#\\\/schema\\\/person\\\/dfbe1635a8af9ea15aa94c0d986406e3\",\"name\":\"Silvan Wenk\",\"image\":{\"@type\":\"ImageObject\",\"inLanguage\":\"de\",\"@id\":\"https:\\\/\\\/secure.gravatar.com\\\/avatar\\\/555f222be9c5bcda0f202b6a00663f8615f37ea49e3e97fce8207cd765ba3866?s=96&d=mm&r=g\",\"url\":\"https:\\\/\\\/secure.gravatar.com\\\/avatar\\\/555f222be9c5bcda0f202b6a00663f8615f37ea49e3e97fce8207cd765ba3866?s=96&d=mm&r=g\",\"contentUrl\":\"https:\\\/\\\/secure.gravatar.com\\\/avatar\\\/555f222be9c5bcda0f202b6a00663f8615f37ea49e3e97fce8207cd765ba3866?s=96&d=mm&r=g\",\"caption\":\"Silvan Wenk\"}}]}<\/script>\n<!-- \/ Yoast SEO plugin. -->","yoast_head_json":{"title":"So wurde der Tag des Baumes gefeiert - The World Foundation for Natural Science","robots":{"index":"index","follow":"follow","max-snippet":"max-snippet:-1","max-image-preview":"max-image-preview:large","max-video-preview":"max-video-preview:-1"},"canonical":"https:\/\/www.naturalscience.org\/de\/news\/2025\/05\/arbor-day-2025-2\/","twitter_misc":{"Verfasst von":"Silvan Wenk","Gesch\u00e4tzte Lesezeit":"1\u00a0Minute"},"schema":{"@context":"https:\/\/schema.org","@graph":[{"@type":"Article","@id":"https:\/\/www.naturalscience.org\/de\/news\/2025\/05\/arbor-day-2025-2\/#article","isPartOf":{"@id":"https:\/\/www.naturalscience.org\/de\/news\/2025\/05\/arbor-day-2025-2\/"},"author":{"name":"Silvan Wenk","@id":"https:\/\/www.naturalscience.org\/#\/schema\/person\/dfbe1635a8af9ea15aa94c0d986406e3"},"headline":"So wurde der Tag des Baumes gefeiert","datePublished":"2025-05-06T15:56:39+00:00","dateModified":"2026-04-30T17:44:52+00:00","mainEntityOfPage":{"@id":"https:\/\/www.naturalscience.org\/de\/news\/2025\/05\/arbor-day-2025-2\/"},"wordCount":69,"articleSection":["Tag des Baumes","Wald"],"inLanguage":"de"},{"@type":"WebPage","@id":"https:\/\/www.naturalscience.org\/de\/news\/2025\/05\/arbor-day-2025-2\/","url":"https:\/\/www.naturalscience.org\/de\/news\/2025\/05\/arbor-day-2025-2\/","name":"So wurde der Tag des Baumes gefeiert - The World Foundation for Natural Science","isPartOf":{"@id":"https:\/\/www.naturalscience.org\/#website"},"datePublished":"2025-05-06T15:56:39+00:00","dateModified":"2026-04-30T17:44:52+00:00","author":{"@id":"https:\/\/www.naturalscience.org\/#\/schema\/person\/dfbe1635a8af9ea15aa94c0d986406e3"},"breadcrumb":{"@id":"https:\/\/www.naturalscience.org\/de\/news\/2025\/05\/arbor-day-2025-2\/#breadcrumb"},"inLanguage":"de","potentialAction":[{"@type":"ReadAction","target":["https:\/\/www.naturalscience.org\/de\/news\/2025\/05\/arbor-day-2025-2\/"]}]},{"@type":"BreadcrumbList","@id":"https:\/\/www.naturalscience.org\/de\/news\/2025\/05\/arbor-day-2025-2\/#breadcrumb","itemListElement":[{"@type":"ListItem","position":1,"name":"Home","item":"https:\/\/www.naturalscience.org\/de\/"},{"@type":"ListItem","position":2,"name":"So wurde der Tag des Baumes gefeiert"}]},{"@type":"WebSite","@id":"https:\/\/www.naturalscience.org\/#website","url":"https:\/\/www.naturalscience.org\/","name":"The World Foundation for Natural Science","description":"Restoring and Healing the World through Responsibility and Commitment in accord with Natural and Divine Law!","potentialAction":[{"@type":"SearchAction","target":{"@type":"EntryPoint","urlTemplate":"https:\/\/www.naturalscience.org\/?s={search_term_string}"},"query-input":{"@type":"PropertyValueSpecification","valueRequired":true,"valueName":"search_term_string"}}],"inLanguage":"de"},{"@type":"Person","@id":"https:\/\/www.naturalscience.org\/#\/schema\/person\/dfbe1635a8af9ea15aa94c0d986406e3","name":"Silvan Wenk","image":{"@type":"ImageObject","inLanguage":"de","@id":"https:\/\/secure.gravatar.com\/avatar\/555f222be9c5bcda0f202b6a00663f8615f37ea49e3e97fce8207cd765ba3866?s=96&d=mm&r=g","url":"https:\/\/secure.gravatar.com\/avatar\/555f222be9c5bcda0f202b6a00663f8615f37ea49e3e97fce8207cd765ba3866?s=96&d=mm&r=g","contentUrl":"https:\/\/secure.gravatar.com\/avatar\/555f222be9c5bcda0f202b6a00663f8615f37ea49e3e97fce8207cd765ba3866?s=96&d=mm&r=g","caption":"Silvan Wenk"}}]}},"_links":{"self":[{"href":"https:\/\/www.naturalscience.org\/de\/wp-json\/wp\/v2\/posts\/42169","targetHints":{"allow":["GET"]}}],"collection":[{"href":"https:\/\/www.naturalscience.org\/de\/wp-json\/wp\/v2\/posts"}],"about":[{"href":"https:\/\/www.naturalscience.org\/de\/wp-json\/wp\/v2\/types\/post"}],"author":[{"embeddable":true,"href":"https:\/\/www.naturalscience.org\/de\/wp-json\/wp\/v2\/users\/14"}],"replies":[{"embeddable":true,"href":"https:\/\/www.naturalscience.org\/de\/wp-json\/wp\/v2\/comments?post=42169"}],"version-history":[{"count":11,"href":"https:\/\/www.naturalscience.org\/de\/wp-json\/wp\/v2\/posts\/42169\/revisions"}],"predecessor-version":[{"id":43944,"href":"https:\/\/www.naturalscience.org\/de\/wp-json\/wp\/v2\/posts\/42169\/revisions\/43944"}],"wp:attachment":[{"href":"https:\/\/www.naturalscience.org\/de\/wp-json\/wp\/v2\/media?parent=42169"}],"wp:term":[{"taxonomy":"category","embeddable":true,"href":"https:\/\/www.naturalscience.org\/de\/wp-json\/wp\/v2\/categories?post=42169"},{"taxonomy":"post_tag","embeddable":true,"href":"https:\/\/www.naturalscience.org\/de\/wp-json\/wp\/v2\/tags?post=42169"}],"curies":[{"name":"wp","href":"https:\/\/api.w.org\/{rel}","templated":true}]}}