{"id":37103,"date":"2021-12-16T19:52:57","date_gmt":"2021-12-16T18:52:57","guid":{"rendered":"https:\/\/www.naturalscience.org\/?p=37103"},"modified":"2024-07-09T16:53:56","modified_gmt":"2024-07-09T14:53:56","slug":"deutlicher-zusammenhang-zwischen-5g-und-covid-19","status":"publish","type":"post","link":"https:\/\/www.naturalscience.org\/de\/news\/2021\/12\/deutlicher-zusammenhang-zwischen-5g-und-covid-19\/","title":{"rendered":"Deutlicher Zusammenhang zwischen 5G und Covid-19!"},"content":{"rendered":"<p>Bislang wurden Umweltfaktoren als m\u00f6glicher Ausl\u00f6ser oder Verst\u00e4rker einer Covid-19-Erkrankung ignoriert. Politik, Forschung und Gesundheitswesen konzentrier(t)en sich ausschlie\u00dflich auf den SARS-CoV-2-Erreger und infolgedessen auf die Impfung als vermeintlich einzigen Weg aus der Krise.<\/p>\n<p>Dies, obwohl bekannt ist, dass die Strahlung drahtloser Kommunikationstechnologien ein allgegenw\u00e4rtiger Stressfaktor ist, der unter anderem mit erh\u00f6htem Krebsrisiko, DNA-Sch\u00e4den oder auch Lern- und Ged\u00e4chtnisst\u00f6rungen in Verbindung gebracht wird. Im April 2021 zeigte zudem eine Untersuchung der kanadischen Trent University, dass in US-St\u00e4dten mit 5G-Abdeckung signifikant mehr Menschen an Covid-19 erkrankten und starben, als in St\u00e4dten, in denen die Bev\u00f6lkerung nicht dieser Strahlenbelastung ausgesetzt war.<span class=\"footnote_referrer\"><a role=\"button\" tabindex=\"0\" onclick=\"footnote_moveToReference_37103_1('footnote_plugin_reference_37103_1_1');\" onkeypress=\"footnote_moveToReference_37103_1('footnote_plugin_reference_37103_1_1');\" ><sup id=\"footnote_plugin_tooltip_37103_1_1\" class=\"footnote_plugin_tooltip_text\">1)<\/sup><\/a><span id=\"footnote_plugin_tooltip_text_37103_1_1\" class=\"footnote_tooltip\">Tsiang A, Havas M. (2021): COVID-19 Attributed Cases and Deaths are Statistically Higher in States and Counties with 5th Generation Millimeter Wave Wireless Telecommunications in the United States. Med Res Arch 2021;9:2371.<\/span><\/span><script type=\"text\/javascript\"> jQuery('#footnote_plugin_tooltip_37103_1_1').tooltip({ tip: '#footnote_plugin_tooltip_text_37103_1_1', tipClass: 'footnote_tooltip', effect: 'fade', predelay: 0, fadeInSpeed: 200, delay: 400, fadeOutSpeed: 200, position: 'top right', relative: true, offset: [10, 10], });<\/script><\/p>\n<p>Eine im September 2021 erschienene Studie<span class=\"footnote_referrer\"><a role=\"button\" tabindex=\"0\" onclick=\"footnote_moveToReference_37103_1('footnote_plugin_reference_37103_1_2');\" onkeypress=\"footnote_moveToReference_37103_1('footnote_plugin_reference_37103_1_2');\" ><sup id=\"footnote_plugin_tooltip_37103_1_2\" class=\"footnote_plugin_tooltip_text\">2)<\/sup><\/a><span id=\"footnote_plugin_tooltip_text_37103_1_2\" class=\"footnote_tooltip\">Rubik, B., &amp; Brown, R. R. (2021). Evidence for a connection between coronavirus disease-19 and exposure to radiofrequency radiation from wireless communications including 5G. Journal of clinical and translational research, 7(5), 666\u2013681.<\/span><\/span><script type=\"text\/javascript\"> jQuery('#footnote_plugin_tooltip_37103_1_2').tooltip({ tip: '#footnote_plugin_tooltip_text_37103_1_2', tipClass: 'footnote_tooltip', effect: 'fade', predelay: 0, fadeInSpeed: 200, delay: 400, fadeOutSpeed: 200, position: 'top right', relative: true, offset: [10, 10], });<\/script> untersuchte diesen statistisch bedeutsamen Zusammenhang genauer. Die Mediziner Beverly Rubik und Robert P. Brown werteten zu diesem Zweck \u00fcber 250 Forschungsartikel aus, die sich mit den Auswirkungen von Funkstrahlung in sehr geringen Dosen und \u00fcber eine lange Zeit auf Zellen, Tiere und Menschen besch\u00e4ftigten. Ihre Analyse ergab eine deutliche \u00dcberschneidung zwischen den Auswirkungen von drahtlosen Kommunikationstechnologien auf den menschlichen K\u00f6rper und der Symptomatik einer Covid-19-Erkrankung. Mit anderen Worten: <strong>Die elektromagnetische Strahlung von Mobilfunktechnologien, einschlie\u00dflich und insbesondere von 5G, kann dieselben Symptome wie Covid-19 verursachen!<\/strong><\/p>\n<p>Zu diesen Symptomen geh\u00f6ren beispielsweise:<\/p>\n<ul>\n<li>Blutver\u00e4nderungen wie Geldrollenbildung (Verklumpung des Blutes, beeintr\u00e4chtigt die Sauerstoffaufnahme und Blutzirkulation) und eine Reduktion des H\u00e4moglobins<\/li>\n<li>St\u00f6rung des Immunsystems, inklusive Unterdr\u00fcckung der Immunantwort und Autoimmunit\u00e4t<\/li>\n<li>starke Entz\u00fcndungen (Hyperinflammation)<\/li>\n<li>Erh\u00f6hung des zellul\u00e4ren oxidativen Stresses (u. a. durch eine Verminderung des Glutathionspiegels) und vermehrte Entstehung von freien Radikalen (f\u00fchrt zu Verletzungen von Blutgef\u00e4\u00dfen und zu Organsch\u00e4den)<\/li>\n<li>Erh\u00f6hung des intrazellul\u00e4ren Kalziumspiegels (erleichtert das Eindringen und die Vermehrung von Viren)<\/li>\n<li>Verschlimmerung von Herz-Rhythmus-St\u00f6rungen und Herzkrankheiten<\/li>\n<\/ul>\n<p><img loading=\"lazy\" decoding=\"async\" class=\"aligncenter wp-image-37105 size-size-400\" src=\"https:\/\/www.naturalscience.org\/wp-content\/uploads\/2021\/12\/AdobeStock_417135631-400x263.jpeg\" alt=\"\" width=\"400\" height=\"263\" srcset=\"https:\/\/www.naturalscience.org\/wp-content\/uploads\/2021\/12\/AdobeStock_417135631-400x263.jpeg 400w, https:\/\/www.naturalscience.org\/wp-content\/uploads\/2021\/12\/AdobeStock_417135631-300x197.jpeg 300w, https:\/\/www.naturalscience.org\/wp-content\/uploads\/2021\/12\/AdobeStock_417135631-1024x674.jpeg 1024w, https:\/\/www.naturalscience.org\/wp-content\/uploads\/2021\/12\/AdobeStock_417135631-768x505.jpeg 768w, https:\/\/www.naturalscience.org\/wp-content\/uploads\/2021\/12\/AdobeStock_417135631-1536x1011.jpeg 1536w, https:\/\/www.naturalscience.org\/wp-content\/uploads\/2021\/12\/AdobeStock_417135631-2048x1348.jpeg 2048w, https:\/\/www.naturalscience.org\/wp-content\/uploads\/2021\/12\/AdobeStock_417135631-164x108.jpeg 164w, https:\/\/www.naturalscience.org\/wp-content\/uploads\/2021\/12\/AdobeStock_417135631-500x329.jpeg 500w\" sizes=\"auto, (max-width: 400px) 100vw, 400px\" \/>Die Autoren kommen aufgrund dieser Ergebnisse zum Schluss, dass die Dauerbelastung unserer K\u00f6rper durch Mobilfunktechnologien die Ausbreitung und den Schweregrad von Covid-19 verst\u00e4rkt haben d\u00fcrfte und ein signifikanter Faktor f\u00fcr die Fall- und Sterbezahlen bei Covid-19 ist. Obwohl die gefundene Korrelation noch kein Beweis f\u00fcr eine Kausalit\u00e4t darstelle, empfehlen Rubik &amp; Brown dringend, <strong>dass man die Intensit\u00e4t der k\u00fcnstlichen elektromagnetischen Strahlung, der man ausgesetzt ist (etwa durch Mobilfunk, WLAN, BlueTooth, GPS, DECT-Telefone oder Babyphone) so stark wie m\u00f6glich reduzieren soll.<\/strong> Dies gilt insbesondere f\u00fcr Menschen, die an einer Corona-Infektion oder Covid-19-Erkrankung leiden.<\/p>\n<p>Hier gilt es hinzuzuf\u00fcgen, dass auch der Ausbau von Funktechnologien, vor allem 5G und WLAN, in Krankenh\u00e4usern und der vermehrte Einsatz von drahtlosen Ger\u00e4ten auf Intensivstationen sofort gestoppt und diese Orte von Funktechnologien frei gehalten werden sollten, damit ein ungest\u00f6rter Heilungsprozess stattfinden kann.<\/p>\n<p>The World Foundation for Natural Science <a href=\"https:\/\/www.naturalscience.org\/de\/themen\/mikrowellen\/\" target=\"_blank\" rel=\"noopener\">warnt seit bald drei Jahrzehnten vor den Gefahren der Mikrowellen- beziehungsweise Mobilfunkstrahlung.<\/a> In unserem <a href=\"https:\/\/www.naturalscience.org\/de\/publikationen\/der-beitrag-der-fuenften-mobilfunkgeneration-5g-zur-corona-pandemie\/\" target=\"_blank\" rel=\"noopener\">FactSheet \u201eDer Beitrag der f\u00fcnften Mobilfunkgeneration 5G zur Corona-Pandemie\u201c<\/a> berichteten wir im Mai 2020 im Speziellen \u00fcber den Zusammenhang zwischen dem Ausbau der 5. Mobilfunkgeneration (5G) und der Corona-Pandemie. Wir verwiesen auf die vielen Studien, die belegen, wie das Immunsystem durch k\u00fcnstliche elektromagnetische Felder (wie sie vom Mobilfunk inklusive 5G oder WLAN verursacht werden) geschw\u00e4cht und sogar die Vermehrung von Corona-Viren in Zellen gef\u00f6rdert wird.<\/p>\n<p>Unsere Kurzfilmreihe \u201eWie k\u00fcnstliche elektromagnetische Strahlung dem Leben schadet\u201c zeigt auf eindr\u00fcckliche Weise auf, wie sich 5G und 5G-Satelliten auf <a href=\"https:\/\/www.naturalscience.org\/de\/themen\/mikrowellen\/auswirkungen-und-schaedigung\/\" target=\"_blank\" rel=\"noopener\">Tiere, Pflanzen, den Menschen, das Wasser und auch die Erdatmosph\u00e4re<\/a> auswirken.<\/p>\n<div class=\"speaker-mute footnotes_reference_container\"> <div class=\"footnote_container_prepare\"><p><span role=\"button\" tabindex=\"0\" class=\"footnote_reference_container_label pointer\" onclick=\"footnote_expand_collapse_reference_container_37103_1();\">References<\/span><span role=\"button\" tabindex=\"0\" class=\"footnote_reference_container_collapse_button\" style=\"display: none;\" onclick=\"footnote_expand_collapse_reference_container_37103_1();\">[<a id=\"footnote_reference_container_collapse_button_37103_1\">+<\/a>]<\/span><\/p><\/div> <div id=\"footnote_references_container_37103_1\" style=\"\"><table class=\"footnotes_table footnote-reference-container\"><caption class=\"accessibility\">References<\/caption> <tbody> \r\n\r\n<tr class=\"footnotes_plugin_reference_row\"> <th scope=\"row\" class=\"footnote_plugin_index_combi pointer\"  onclick=\"footnote_moveToAnchor_37103_1('footnote_plugin_tooltip_37103_1_1');\"><a id=\"footnote_plugin_reference_37103_1_1\" class=\"footnote_backlink\"><span class=\"footnote_index_arrow\">&#8593;<\/span>1<\/a><\/th> <td class=\"footnote_plugin_text\">Tsiang A, Havas M. (2021): COVID-19 Attributed Cases and Deaths are Statistically Higher in States and Counties with 5th Generation Millimeter Wave Wireless Telecommunications in the United States. Med Res Arch 2021;9:2371.<\/td><\/tr>\r\n\r\n<tr class=\"footnotes_plugin_reference_row\"> <th scope=\"row\" class=\"footnote_plugin_index_combi pointer\"  onclick=\"footnote_moveToAnchor_37103_1('footnote_plugin_tooltip_37103_1_2');\"><a id=\"footnote_plugin_reference_37103_1_2\" class=\"footnote_backlink\"><span class=\"footnote_index_arrow\">&#8593;<\/span>2<\/a><\/th> <td class=\"footnote_plugin_text\">Rubik, B., &amp; Brown, R. R. (2021). Evidence for a connection between coronavirus disease-19 and exposure to radiofrequency radiation from wireless communications including 5G. Journal of clinical and translational research, 7(5), 666\u2013681.<\/td><\/tr>\r\n\r\n <\/tbody> <\/table> <\/div><\/div><script type=\"text\/javascript\"> function footnote_expand_reference_container_37103_1() { jQuery('#footnote_references_container_37103_1').show(); jQuery('#footnote_reference_container_collapse_button_37103_1').text('\u2212'); } function footnote_collapse_reference_container_37103_1() { jQuery('#footnote_references_container_37103_1').hide(); jQuery('#footnote_reference_container_collapse_button_37103_1').text('+'); } function footnote_expand_collapse_reference_container_37103_1() { if (jQuery('#footnote_references_container_37103_1').is(':hidden')) { footnote_expand_reference_container_37103_1(); } else { footnote_collapse_reference_container_37103_1(); } } function footnote_moveToReference_37103_1(p_str_TargetID) { footnote_expand_reference_container_37103_1(); var l_obj_Target = jQuery('#' + p_str_TargetID); if (l_obj_Target.length) { jQuery( 'html, body' ).delay( 0 ); jQuery('html, body').animate({ scrollTop: l_obj_Target.offset().top - window.innerHeight * 0.2 }, 380); } } function footnote_moveToAnchor_37103_1(p_str_TargetID) { footnote_expand_reference_container_37103_1(); var l_obj_Target = jQuery('#' + p_str_TargetID); if (l_obj_Target.length) { jQuery( 'html, body' ).delay( 0 ); jQuery('html, body').animate({ scrollTop: l_obj_Target.offset().top - window.innerHeight * 0.2 }, 380); } }<\/script>","protected":false},"excerpt":{"rendered":"Bislang wurden Umweltfaktoren als m\u00f6glicher Ausl\u00f6ser oder Verst\u00e4rker einer Covid-19-Erkrankung ignoriert. Politik, Forschung und Gesundheitswesen konzentrier(t)en sich ausschlie\u00dflich auf den SARS-CoV-2-Erreger und infolgedessen auf die Impfung als vermeintlich einzigen Weg aus der Krise. Dies, obwohl bekannt ist, dass die Strahlung drahtloser Kommunikationstechnologien ein allgegenw\u00e4rtiger Stressfaktor ist, der unter anderem mit erh\u00f6htem Krebsrisiko, DNA-Sch\u00e4den oder auch [&hellip;]","protected":false},"author":11,"featured_media":0,"comment_status":"closed","ping_status":"closed","sticky":false,"template":"","format":"standard","meta":{"_acf_changed":false,"ngg_post_thumbnail":0,"footnotes":""},"categories":[518,524,20,486,21],"tags":[],"class_list":["post-37103","post","type-post","status-publish","format-standard","hentry","category-coronavirus","category-auswirkungen-und-schaedigung","category-gesundheit","category-5g","category-mikrowellen-mobilfunk","wpautop"],"acf":[],"yoast_head":"<!-- This site is optimized with the Yoast SEO plugin v27.5 - https:\/\/yoast.com\/product\/yoast-seo-wordpress\/ -->\n<title>Deutlicher Zusammenhang zwischen 5G und Covid-19! - The World Foundation for Natural Science<\/title>\n<meta name=\"robots\" content=\"index, follow, max-snippet:-1, max-image-preview:large, max-video-preview:-1\" \/>\n<link rel=\"canonical\" href=\"https:\/\/www.naturalscience.org\/de\/news\/2021\/12\/deutlicher-zusammenhang-zwischen-5g-und-covid-19\/\" \/>\n<meta name=\"twitter:label1\" content=\"Verfasst von\" \/>\n\t<meta name=\"twitter:data1\" content=\"Monika Waldmann\" \/>\n\t<meta name=\"twitter:label2\" content=\"Gesch\u00e4tzte Lesezeit\" \/>\n\t<meta name=\"twitter:data2\" content=\"3\u00a0Minuten\" \/>\n<script type=\"application\/ld+json\" class=\"yoast-schema-graph\">{\"@context\":\"https:\\\/\\\/schema.org\",\"@graph\":[{\"@type\":\"Article\",\"@id\":\"https:\\\/\\\/www.naturalscience.org\\\/de\\\/news\\\/2021\\\/12\\\/deutlicher-zusammenhang-zwischen-5g-und-covid-19\\\/#article\",\"isPartOf\":{\"@id\":\"https:\\\/\\\/www.naturalscience.org\\\/de\\\/news\\\/2021\\\/12\\\/deutlicher-zusammenhang-zwischen-5g-und-covid-19\\\/\"},\"author\":{\"name\":\"Monika Waldmann\",\"@id\":\"https:\\\/\\\/www.naturalscience.org\\\/#\\\/schema\\\/person\\\/f3e16bb7057b29f8593016bf70a42022\"},\"headline\":\"Deutlicher Zusammenhang zwischen 5G und Covid-19!\",\"datePublished\":\"2021-12-16T18:52:57+00:00\",\"dateModified\":\"2024-07-09T14:53:56+00:00\",\"mainEntityOfPage\":{\"@id\":\"https:\\\/\\\/www.naturalscience.org\\\/de\\\/news\\\/2021\\\/12\\\/deutlicher-zusammenhang-zwischen-5g-und-covid-19\\\/\"},\"wordCount\":633,\"image\":{\"@id\":\"https:\\\/\\\/www.naturalscience.org\\\/de\\\/news\\\/2021\\\/12\\\/deutlicher-zusammenhang-zwischen-5g-und-covid-19\\\/#primaryimage\"},\"thumbnailUrl\":\"https:\\\/\\\/www.naturalscience.org\\\/wp-content\\\/uploads\\\/2021\\\/12\\\/AdobeStock_417135631-400x263.jpeg\",\"articleSection\":[\"Coronavirus\",\"Auswirkungen und Sch\u00e4digung\",\"Gesundheit\",\"5G\",\"Mikrowellen &amp; Mobilfunk\"],\"inLanguage\":\"de\"},{\"@type\":\"WebPage\",\"@id\":\"https:\\\/\\\/www.naturalscience.org\\\/de\\\/news\\\/2021\\\/12\\\/deutlicher-zusammenhang-zwischen-5g-und-covid-19\\\/\",\"url\":\"https:\\\/\\\/www.naturalscience.org\\\/de\\\/news\\\/2021\\\/12\\\/deutlicher-zusammenhang-zwischen-5g-und-covid-19\\\/\",\"name\":\"Deutlicher Zusammenhang zwischen 5G und Covid-19! - The World Foundation for Natural Science\",\"isPartOf\":{\"@id\":\"https:\\\/\\\/www.naturalscience.org\\\/#website\"},\"primaryImageOfPage\":{\"@id\":\"https:\\\/\\\/www.naturalscience.org\\\/de\\\/news\\\/2021\\\/12\\\/deutlicher-zusammenhang-zwischen-5g-und-covid-19\\\/#primaryimage\"},\"image\":{\"@id\":\"https:\\\/\\\/www.naturalscience.org\\\/de\\\/news\\\/2021\\\/12\\\/deutlicher-zusammenhang-zwischen-5g-und-covid-19\\\/#primaryimage\"},\"thumbnailUrl\":\"https:\\\/\\\/www.naturalscience.org\\\/wp-content\\\/uploads\\\/2021\\\/12\\\/AdobeStock_417135631-400x263.jpeg\",\"datePublished\":\"2021-12-16T18:52:57+00:00\",\"dateModified\":\"2024-07-09T14:53:56+00:00\",\"author\":{\"@id\":\"https:\\\/\\\/www.naturalscience.org\\\/#\\\/schema\\\/person\\\/f3e16bb7057b29f8593016bf70a42022\"},\"breadcrumb\":{\"@id\":\"https:\\\/\\\/www.naturalscience.org\\\/de\\\/news\\\/2021\\\/12\\\/deutlicher-zusammenhang-zwischen-5g-und-covid-19\\\/#breadcrumb\"},\"inLanguage\":\"de\",\"potentialAction\":[{\"@type\":\"ReadAction\",\"target\":[\"https:\\\/\\\/www.naturalscience.org\\\/de\\\/news\\\/2021\\\/12\\\/deutlicher-zusammenhang-zwischen-5g-und-covid-19\\\/\"]}]},{\"@type\":\"ImageObject\",\"inLanguage\":\"de\",\"@id\":\"https:\\\/\\\/www.naturalscience.org\\\/de\\\/news\\\/2021\\\/12\\\/deutlicher-zusammenhang-zwischen-5g-und-covid-19\\\/#primaryimage\",\"url\":\"https:\\\/\\\/www.naturalscience.org\\\/wp-content\\\/uploads\\\/2021\\\/12\\\/AdobeStock_417135631-400x263.jpeg\",\"contentUrl\":\"https:\\\/\\\/www.naturalscience.org\\\/wp-content\\\/uploads\\\/2021\\\/12\\\/AdobeStock_417135631-400x263.jpeg\"},{\"@type\":\"BreadcrumbList\",\"@id\":\"https:\\\/\\\/www.naturalscience.org\\\/de\\\/news\\\/2021\\\/12\\\/deutlicher-zusammenhang-zwischen-5g-und-covid-19\\\/#breadcrumb\",\"itemListElement\":[{\"@type\":\"ListItem\",\"position\":1,\"name\":\"Home\",\"item\":\"https:\\\/\\\/www.naturalscience.org\\\/de\\\/\"},{\"@type\":\"ListItem\",\"position\":2,\"name\":\"Deutlicher Zusammenhang zwischen 5G und Covid-19!\"}]},{\"@type\":\"WebSite\",\"@id\":\"https:\\\/\\\/www.naturalscience.org\\\/#website\",\"url\":\"https:\\\/\\\/www.naturalscience.org\\\/\",\"name\":\"The World Foundation for Natural Science\",\"description\":\"Restoring and Healing the World through Responsibility and Commitment in accord with Natural and Divine Law!\",\"potentialAction\":[{\"@type\":\"SearchAction\",\"target\":{\"@type\":\"EntryPoint\",\"urlTemplate\":\"https:\\\/\\\/www.naturalscience.org\\\/?s={search_term_string}\"},\"query-input\":{\"@type\":\"PropertyValueSpecification\",\"valueRequired\":true,\"valueName\":\"search_term_string\"}}],\"inLanguage\":\"de\"},{\"@type\":\"Person\",\"@id\":\"https:\\\/\\\/www.naturalscience.org\\\/#\\\/schema\\\/person\\\/f3e16bb7057b29f8593016bf70a42022\",\"name\":\"Monika Waldmann\",\"image\":{\"@type\":\"ImageObject\",\"inLanguage\":\"de\",\"@id\":\"https:\\\/\\\/secure.gravatar.com\\\/avatar\\\/54dfb6ad0fbcf54c252c37d8d2c1a44e41b462185db44d9c8124801f3b41b6ec?s=96&d=mm&r=g\",\"url\":\"https:\\\/\\\/secure.gravatar.com\\\/avatar\\\/54dfb6ad0fbcf54c252c37d8d2c1a44e41b462185db44d9c8124801f3b41b6ec?s=96&d=mm&r=g\",\"contentUrl\":\"https:\\\/\\\/secure.gravatar.com\\\/avatar\\\/54dfb6ad0fbcf54c252c37d8d2c1a44e41b462185db44d9c8124801f3b41b6ec?s=96&d=mm&r=g\",\"caption\":\"Monika Waldmann\"}}]}<\/script>\n<!-- \/ Yoast SEO plugin. -->","yoast_head_json":{"title":"Deutlicher Zusammenhang zwischen 5G und Covid-19! - The World Foundation for Natural Science","robots":{"index":"index","follow":"follow","max-snippet":"max-snippet:-1","max-image-preview":"max-image-preview:large","max-video-preview":"max-video-preview:-1"},"canonical":"https:\/\/www.naturalscience.org\/de\/news\/2021\/12\/deutlicher-zusammenhang-zwischen-5g-und-covid-19\/","twitter_misc":{"Verfasst von":"Monika Waldmann","Gesch\u00e4tzte Lesezeit":"3\u00a0Minuten"},"schema":{"@context":"https:\/\/schema.org","@graph":[{"@type":"Article","@id":"https:\/\/www.naturalscience.org\/de\/news\/2021\/12\/deutlicher-zusammenhang-zwischen-5g-und-covid-19\/#article","isPartOf":{"@id":"https:\/\/www.naturalscience.org\/de\/news\/2021\/12\/deutlicher-zusammenhang-zwischen-5g-und-covid-19\/"},"author":{"name":"Monika Waldmann","@id":"https:\/\/www.naturalscience.org\/#\/schema\/person\/f3e16bb7057b29f8593016bf70a42022"},"headline":"Deutlicher Zusammenhang zwischen 5G und Covid-19!","datePublished":"2021-12-16T18:52:57+00:00","dateModified":"2024-07-09T14:53:56+00:00","mainEntityOfPage":{"@id":"https:\/\/www.naturalscience.org\/de\/news\/2021\/12\/deutlicher-zusammenhang-zwischen-5g-und-covid-19\/"},"wordCount":633,"image":{"@id":"https:\/\/www.naturalscience.org\/de\/news\/2021\/12\/deutlicher-zusammenhang-zwischen-5g-und-covid-19\/#primaryimage"},"thumbnailUrl":"https:\/\/www.naturalscience.org\/wp-content\/uploads\/2021\/12\/AdobeStock_417135631-400x263.jpeg","articleSection":["Coronavirus","Auswirkungen und Sch\u00e4digung","Gesundheit","5G","Mikrowellen &amp; Mobilfunk"],"inLanguage":"de"},{"@type":"WebPage","@id":"https:\/\/www.naturalscience.org\/de\/news\/2021\/12\/deutlicher-zusammenhang-zwischen-5g-und-covid-19\/","url":"https:\/\/www.naturalscience.org\/de\/news\/2021\/12\/deutlicher-zusammenhang-zwischen-5g-und-covid-19\/","name":"Deutlicher Zusammenhang zwischen 5G und Covid-19! - The World Foundation for Natural Science","isPartOf":{"@id":"https:\/\/www.naturalscience.org\/#website"},"primaryImageOfPage":{"@id":"https:\/\/www.naturalscience.org\/de\/news\/2021\/12\/deutlicher-zusammenhang-zwischen-5g-und-covid-19\/#primaryimage"},"image":{"@id":"https:\/\/www.naturalscience.org\/de\/news\/2021\/12\/deutlicher-zusammenhang-zwischen-5g-und-covid-19\/#primaryimage"},"thumbnailUrl":"https:\/\/www.naturalscience.org\/wp-content\/uploads\/2021\/12\/AdobeStock_417135631-400x263.jpeg","datePublished":"2021-12-16T18:52:57+00:00","dateModified":"2024-07-09T14:53:56+00:00","author":{"@id":"https:\/\/www.naturalscience.org\/#\/schema\/person\/f3e16bb7057b29f8593016bf70a42022"},"breadcrumb":{"@id":"https:\/\/www.naturalscience.org\/de\/news\/2021\/12\/deutlicher-zusammenhang-zwischen-5g-und-covid-19\/#breadcrumb"},"inLanguage":"de","potentialAction":[{"@type":"ReadAction","target":["https:\/\/www.naturalscience.org\/de\/news\/2021\/12\/deutlicher-zusammenhang-zwischen-5g-und-covid-19\/"]}]},{"@type":"ImageObject","inLanguage":"de","@id":"https:\/\/www.naturalscience.org\/de\/news\/2021\/12\/deutlicher-zusammenhang-zwischen-5g-und-covid-19\/#primaryimage","url":"https:\/\/www.naturalscience.org\/wp-content\/uploads\/2021\/12\/AdobeStock_417135631-400x263.jpeg","contentUrl":"https:\/\/www.naturalscience.org\/wp-content\/uploads\/2021\/12\/AdobeStock_417135631-400x263.jpeg"},{"@type":"BreadcrumbList","@id":"https:\/\/www.naturalscience.org\/de\/news\/2021\/12\/deutlicher-zusammenhang-zwischen-5g-und-covid-19\/#breadcrumb","itemListElement":[{"@type":"ListItem","position":1,"name":"Home","item":"https:\/\/www.naturalscience.org\/de\/"},{"@type":"ListItem","position":2,"name":"Deutlicher Zusammenhang zwischen 5G und Covid-19!"}]},{"@type":"WebSite","@id":"https:\/\/www.naturalscience.org\/#website","url":"https:\/\/www.naturalscience.org\/","name":"The World Foundation for Natural Science","description":"Restoring and Healing the World through Responsibility and Commitment in accord with Natural and Divine Law!","potentialAction":[{"@type":"SearchAction","target":{"@type":"EntryPoint","urlTemplate":"https:\/\/www.naturalscience.org\/?s={search_term_string}"},"query-input":{"@type":"PropertyValueSpecification","valueRequired":true,"valueName":"search_term_string"}}],"inLanguage":"de"},{"@type":"Person","@id":"https:\/\/www.naturalscience.org\/#\/schema\/person\/f3e16bb7057b29f8593016bf70a42022","name":"Monika Waldmann","image":{"@type":"ImageObject","inLanguage":"de","@id":"https:\/\/secure.gravatar.com\/avatar\/54dfb6ad0fbcf54c252c37d8d2c1a44e41b462185db44d9c8124801f3b41b6ec?s=96&d=mm&r=g","url":"https:\/\/secure.gravatar.com\/avatar\/54dfb6ad0fbcf54c252c37d8d2c1a44e41b462185db44d9c8124801f3b41b6ec?s=96&d=mm&r=g","contentUrl":"https:\/\/secure.gravatar.com\/avatar\/54dfb6ad0fbcf54c252c37d8d2c1a44e41b462185db44d9c8124801f3b41b6ec?s=96&d=mm&r=g","caption":"Monika Waldmann"}}]}},"_links":{"self":[{"href":"https:\/\/www.naturalscience.org\/de\/wp-json\/wp\/v2\/posts\/37103","targetHints":{"allow":["GET"]}}],"collection":[{"href":"https:\/\/www.naturalscience.org\/de\/wp-json\/wp\/v2\/posts"}],"about":[{"href":"https:\/\/www.naturalscience.org\/de\/wp-json\/wp\/v2\/types\/post"}],"author":[{"embeddable":true,"href":"https:\/\/www.naturalscience.org\/de\/wp-json\/wp\/v2\/users\/11"}],"replies":[{"embeddable":true,"href":"https:\/\/www.naturalscience.org\/de\/wp-json\/wp\/v2\/comments?post=37103"}],"version-history":[{"count":2,"href":"https:\/\/www.naturalscience.org\/de\/wp-json\/wp\/v2\/posts\/37103\/revisions"}],"predecessor-version":[{"id":40709,"href":"https:\/\/www.naturalscience.org\/de\/wp-json\/wp\/v2\/posts\/37103\/revisions\/40709"}],"wp:attachment":[{"href":"https:\/\/www.naturalscience.org\/de\/wp-json\/wp\/v2\/media?parent=37103"}],"wp:term":[{"taxonomy":"category","embeddable":true,"href":"https:\/\/www.naturalscience.org\/de\/wp-json\/wp\/v2\/categories?post=37103"},{"taxonomy":"post_tag","embeddable":true,"href":"https:\/\/www.naturalscience.org\/de\/wp-json\/wp\/v2\/tags?post=37103"}],"curies":[{"name":"wp","href":"https:\/\/api.w.org\/{rel}","templated":true}]}}