{"id":34565,"date":"2021-03-02T16:13:07","date_gmt":"2021-03-02T15:13:07","guid":{"rendered":"https:\/\/www.naturalscience.org\/?p=34565"},"modified":"2021-06-12T20:25:10","modified_gmt":"2021-06-12T18:25:10","slug":"asymptomatisch-bis-das-gegenteil-bewiesen-ist-sars-cov-2-tests-ihre-fehlanwendung-und-durch-sie-verursachte-falschdarstellung","status":"publish","type":"post","link":"https:\/\/www.naturalscience.org\/de\/news\/2021\/03\/asymptomatisch-bis-das-gegenteil-bewiesen-ist-sars-cov-2-tests-ihre-fehlanwendung-und-durch-sie-verursachte-falschdarstellung\/","title":{"rendered":"Asymptomatisch, bis das Gegenteil bewiesen ist:  SARS-CoV-2-Tests: ihre Fehlanwendung und durch sie verursachte Falschdarstellung"},"content":{"rendered":"<p>Seit dem Ausbruch der sogenannten Covid-19-Pandemie haben sich L\u00e4nder auf der ganzen Welt beeilt, Wege zu finden, um das SARS-Cov-2-Virus zu identifizieren. Man denkt, dass der Schl\u00fcssel, um die Ausbreitung des Virus zu stoppen, darin besteht, Menschen zu finden, die Symptome zeigen, durch einen Test die Best\u00e4tigung daf\u00fcr zu erhalten, dass die Person infiziert ist, und dann diese Person zu isolieren, bis sie wieder gesund ist. Das ist eine sehr vern\u00fcnftige Strategie und eine, die wir alle ganz selbstverst\u00e4ndlich angewandt haben. Wenn wir eine schlimme Erk\u00e4ltung oder die Grippe haben, bleiben wir zu Hause, damit wir das Virus nicht an unsere Kollegen und Freunde weitergeben. Wenn wir wieder gesund sind, nehmen wir die Arbeit und die Freizeitaktivit\u00e4ten wieder auf wie vorher. Einige unserer Freunde, Kollegen und Verwandten f\u00fchlen sich m\u00f6glicherweise ebenfalls unwohl, aber das ist normal und unsere Reaktion darauf war auch normal, bis jetzt.<\/p>\n<p>Traditionellerweise gilt man in der medizinischen Praxis, wenn man keine Symptome einer Krankheit zeigt, als faktisch frei von dieser Krankheit, und es ist \u00e4u\u00dferst unwahrscheinlich, dass man diese Krankheit verbreiten kann. Eine Meta-Analyse von Studien \u00fcber pr\u00e4symptomatische und asymptomatische Grippe-Patienten aus dem Jahr 2009 best\u00e4tigt dies:<\/p>\n<p>\u201eAuf Grundlage der verf\u00fcgbaren Literatur haben wir festgestellt, dass es, wenn \u00fcberhaupt, nur sp\u00e4rliche Beweise daf\u00fcr gibt, dass asymptomatische oder pr\u00e4symptomatische Personen eine wichtige Rolle bei der Grippe\u00fcbertragung spielen. Daher haben neuere Artikel zur Pandemieplanung, von denen einige \u00dcbertragungsmodelle verwenden, den Effekt der pr\u00e4symptomatischen oder asymptomatischen Grippe\u00fcbertragung m\u00f6glicherweise \u00fcbersch\u00e4tzt.\u201d<span class=\"footnote_referrer\"><a role=\"button\" tabindex=\"0\" onclick=\"footnote_moveToReference_34565_1('footnote_plugin_reference_34565_1_1');\" onkeypress=\"footnote_moveToReference_34565_1('footnote_plugin_reference_34565_1_1');\" ><sup id=\"footnote_plugin_tooltip_34565_1_1\" class=\"footnote_plugin_tooltip_text\">1)<\/sup><\/a><span id=\"footnote_plugin_tooltip_text_34565_1_1\" class=\"footnote_tooltip\">E. Patrozou and L. Mermel (2009), Does Influenza Transmission Occur from Asymptomatic Infection or Prior to Symptom Onset? Public Health Reports Mar-Apr; 124(2): 193\u2013196, <a href=\"https:\/\/journals.sagepub.com\/doi\/10.1177\/003335490912400205\" target=\"_blank\" rel=\"noopener noreferrer\">doi: 10.1177\/003335490912400205<\/a><\/span><\/span><script type=\"text\/javascript\"> jQuery('#footnote_plugin_tooltip_34565_1_1').tooltip({ tip: '#footnote_plugin_tooltip_text_34565_1_1', tipClass: 'footnote_tooltip', effect: 'fade', predelay: 0, fadeInSpeed: 200, delay: 400, fadeOutSpeed: 200, position: 'top right', relative: true, offset: [10, 10], });<\/script><\/p>\n<p>Lassen Sie uns eines klarstellen: Wenn Sie keine SARS-CoV-2-Symptome haben \u2013 das hei\u00dft, Sie husten nicht, Sie haben kein Fieber, Sie leiden nicht unter Geruchs- oder Geschmacksverlust \u2013, dann sind Sie nicht infekti\u00f6s. Insofern ist das massenhafte Testen von Menschen ohne Symptome \u2013 als \u201easymptomatisch\u201d bezeichnet \u2013 eine Zeitverschwendung. Keiner wird ansteckend sein. Diese Tatsache wird durch Studien belegt, die an Menschen durchgef\u00fchrt wurden, die f\u00fcr SARS-CoV-2 -\u201easymptomatisch\u201d erkl\u00e4rt wurden. Bei fast keinem wurde eine \u00dcbertragung des Coronavirus festgestellt. Lesen Sie mehr dazu in unserem Artikel \u00fcber <a href=\"https:\/\/www.naturalscience.org\/de\/news\/2020\/12\/die-gesundheitsrisiken-von-gesichtsmasken\/\" target=\"_blank\" rel=\"noopener noreferrer\">Gesichtsmasken<\/a>.<\/p>\n<p>Tats\u00e4chlich wird dies durch eine gro\u00df angelegte Studie in Wuhan, China, im Jahr 2020 best\u00e4tigt, als allen B\u00fcrgern nach dem Ausbruch des Coronavirus ein Lockdown auferlegt wurde. Zehn Millionen Menschen wurden auf SARS-CoV-2 getestet und fast niemand war positiv, obwohl Wuhan das Epizentrum des Virus war. Von der sehr kleinen Zahl der positiv getesteten Personen, die keine Symptome hatten, etwa 300 von 10&#8217;000&#8217;000, wurde keiner deren engen Kontakte positiv getestet.<span class=\"footnote_referrer\"><a role=\"button\" tabindex=\"0\" onclick=\"footnote_moveToReference_34565_1('footnote_plugin_reference_34565_1_2');\" onkeypress=\"footnote_moveToReference_34565_1('footnote_plugin_reference_34565_1_2');\" ><sup id=\"footnote_plugin_tooltip_34565_1_2\" class=\"footnote_plugin_tooltip_text\">2)<\/sup><\/a><span id=\"footnote_plugin_tooltip_text_34565_1_2\" class=\"footnote_tooltip\">Cao, S., Gan, Y., Wang, C. et al. Post-lockdown SARS-CoV-2 nucleic acid screening in nearly ten million residents of Wuhan, China. Nat Commun 11, 5917 (2020).<a href=\"https:\/\/doi.org\/10.1038\/s41467-020-19802-w\" target=\"_blank\" rel=\"noopener noreferrer\"> <span class=\"footnote_url_wrap\">https:\/\/doi.org\/10.1038\/s41467-020-19802-w<\/span><\/a><\/span><\/span><script type=\"text\/javascript\"> jQuery('#footnote_plugin_tooltip_34565_1_2').tooltip({ tip: '#footnote_plugin_tooltip_text_34565_1_2', tipClass: 'footnote_tooltip', effect: 'fade', predelay: 0, fadeInSpeed: 200, delay: 400, fadeOutSpeed: 200, position: 'top right', relative: true, offset: [10, 10], });<\/script><\/p>\n<h3>Test-Arten<\/h3>\n<p>Zwei Tests sind zu Grundpfeilern der Gesundheitsdienste auf der ganzen Welt geworden bei derem Bestreben, mit SARS-CoV-2 \u201einfizierte\u201d Personen zu identifizieren und zu isolieren. Dabei handelt es sich um den sogenannten \u201eGoldstandard\u201d, den reversen Transkriptions-Polymerase-Kettenreaktionstest (PCR = Polymerase Chain Reaction) und neuerdings um den Lateral-Flow-Schnelltest (LFT).<\/p>\n<p>Die grundlegenden Unterschiede zwischen diesen Tests sind:<\/p>\n<ul style=\"list-style-type: disc;\">\n<li>Der PCR-Test identifiziert RNA-Str\u00e4nge von Coronaviren \u2013 Ribonukleins\u00e4ure (RNA) teilt der DNA mit, sie solle Proteine bilden, um dem K\u00f6rper dabei zu helfen, zu funktionieren und zu wachsen, und um als toxisch identifizierte Elemente zu entfernen<\/li>\n<li>Der Lateral-Flow-Schnelltest identifiziert Antigene \u2013 ein Antigen ist eine toxische oder fremde Substanz im K\u00f6rper, die Antik\u00f6rper produziert.<\/li>\n<li>Der PCR-Test verwendet Speichel und Nasenfl\u00fcssigkeit \u2013 und jetzt auch F\u00e4kalien!<span class=\"footnote_referrer\"><a role=\"button\" tabindex=\"0\" onclick=\"footnote_moveToReference_34565_1('footnote_plugin_reference_34565_1_3');\" onkeypress=\"footnote_moveToReference_34565_1('footnote_plugin_reference_34565_1_3');\" ><sup id=\"footnote_plugin_tooltip_34565_1_3\" class=\"footnote_plugin_tooltip_text\">3)<\/sup><\/a><span id=\"footnote_plugin_tooltip_text_34565_1_3\" class=\"footnote_tooltip\">The Washington Post (27 Jan 2021), China rolls out anal swab coronavirus test, saying it\u2019s more accurate than throat method, <a href=\"https:\/\/www.washingtonpost.com\/world\/asia_pacific\/anal-swab-china-coronavirus\/2021\/01\/27\/cc284f56-6054-11eb-a177-7765f29a9524_story.html\" target=\"_blank\" rel=\"noopener noreferrer\"><span class=\"footnote_url_wrap\">https:\/\/www.washingtonpost.com\/world\/asia_pacific\/anal-swab-china-coronavirus\/2021\/01\/27\/cc284f56-6054-11eb-a177-7765f29a9524_story.html<\/span><\/a><\/span><\/span><script type=\"text\/javascript\"> jQuery('#footnote_plugin_tooltip_34565_1_3').tooltip({ tip: '#footnote_plugin_tooltip_text_34565_1_3', tipClass: 'footnote_tooltip', effect: 'fade', predelay: 0, fadeInSpeed: 200, delay: 400, fadeOutSpeed: 200, position: 'top right', relative: true, offset: [10, 10], });<\/script> \u2013 und kann innerhalb von 24 Stunden ein Ergebnis liefern.<\/li>\n<li>Der LFT-Test verwendet ebenfalls einen Abstrich von Rachen und Nase und liefert ein Ergebnis innerhalb von 30 Minuten.<\/li>\n<li>Laut der britischen Regierung \u201eist der Lateral-Flow-Test n\u00fctzlich, um herauszufinden, ob eine Person gerade infekti\u00f6s und in der Lage ist, das Virus auf andere zu \u00fcbertragen\u201d, und: \u201eDer PCR ist n\u00fctzlich, um einen Verdachtsfall von Coronavirus zu best\u00e4tigen, bei dem die Person sich bereits in Selbstisolation befindet und Symptome zeigt .\u201d<span class=\"footnote_referrer\"><a role=\"button\" tabindex=\"0\" onclick=\"footnote_moveToReference_34565_1('footnote_plugin_reference_34565_1_4');\" onkeypress=\"footnote_moveToReference_34565_1('footnote_plugin_reference_34565_1_4');\" ><sup id=\"footnote_plugin_tooltip_34565_1_4\" class=\"footnote_plugin_tooltip_text\">4)<\/sup><\/a><span id=\"footnote_plugin_tooltip_text_34565_1_4\" class=\"footnote_tooltip\">UK Government (11 Feb 2021), Understanding lateral flow antigen testing for people without symptoms <a href=\"https:\/\/www.gov.uk\/guidance\/understanding-lateral-flow-antigen-testing-for-people-without-symptoms\" target=\"_blank\" rel=\"noopener noreferrer\"><span class=\"footnote_url_wrap\">https:\/\/www.gov.uk\/guidance\/understanding-lateral-flow-antigen-testing-for-people-without-symptoms<\/span><\/a><\/span><\/span><script type=\"text\/javascript\"> jQuery('#footnote_plugin_tooltip_34565_1_4').tooltip({ tip: '#footnote_plugin_tooltip_text_34565_1_4', tipClass: 'footnote_tooltip', effect: 'fade', predelay: 0, fadeInSpeed: 200, delay: 400, fadeOutSpeed: 200, position: 'top right', relative: true, offset: [10, 10], });<\/script><\/li>\n<\/ul>\n<p>Das Zitat der britischen Regierung, das von der Gov.UK-Webseite stammt, wirft erhebliche Fragen zur Vorgehensweise auf, nicht nur im Vereinigten K\u00f6nigreich, sondern global. Wenn diese Tests zur Identifizierung einer <em>akuten Infektion oder zur Best\u00e4tigung<\/em> derselben gedacht sind, warum werden dann vollkommen gesunde Menschen aufgefordert, sich testen zu lassen? Wie wir bereits dargelegt haben, kann man ein Atemwegsvirus nicht verbreiten, wenn man keine Symptome hat. Es ist auch interessant festzustellen, dass die US-Gesundheitsbeh\u00f6rde (Centers for Disease Control and Prevention, CDC), die britische Regierung (Zahlen repr\u00e4sentativ f\u00fcr England) und die Weltgesundheitsorganisation WHO alle angeben, dass <em>die Grippe<\/em> verschwunden sei!<span class=\"footnote_referrer\"><a role=\"button\" tabindex=\"0\" onclick=\"footnote_moveToReference_34565_1('footnote_plugin_reference_34565_1_5');\" onkeypress=\"footnote_moveToReference_34565_1('footnote_plugin_reference_34565_1_5');\" ><sup id=\"footnote_plugin_tooltip_34565_1_5\" class=\"footnote_plugin_tooltip_text\">5)<\/sup><\/a><span id=\"footnote_plugin_tooltip_text_34565_1_5\" class=\"footnote_tooltip\">CDC: <a href=\"https:\/\/www.cdc.gov\/flu\/weekly\/index.htm\" target=\"_blank\" rel=\"noopener noreferrer\"><span class=\"footnote_url_wrap\">https:\/\/www.cdc.gov\/flu\/weekly\/index.htm<\/span><\/a> and please note that the CDC has effectively collated deaths from pneumonia, influenza and SARS-Cov-2 into one. They are counting influenza as SARS-Cov-2. WHO: <a href=\"https:\/\/www.who.int\/influenza\/surveillance_monitoring\/updates\/2021_02_15_surveillance_update_387.pdf\" target=\"_blank\" rel=\"noopener noreferrer\"><span class=\"footnote_url_wrap\">https:\/\/www.who.int\/influenza\/surveillance_monitoring\/updates\/2021_02_15_surveillance_update_387.pdf<\/span><\/a> note on page 3 graph shows zero cases on influenza March-April 2020 onwards worldwide. Is the WHO counting influenza as SARS-Cov-2? England: <a href=\"https:\/\/assets.publishing.service.gov.uk\/government\/uploads\/system\/uploads\/attachment_data\/file\/962596\/Weekly_Flu_and_COVID-19_report_w7.pdf\" target=\"_blank\" rel=\"noopener noreferrer\"><span class=\"footnote_url_wrap\">https:\/\/assets.publishing.service.gov.uk\/government\/uploads\/system\/uploads\/attachment_data\/file\/962596\/Weekly_Flu_and_COVID-19_report_w7.pdf<\/span><\/a> Page 17, figure 13 shows influenza is as close to zero as to be zero. The report combines SARS-Cov-2 with influenza so again we wonder if influenza is being counted as SARS-Cov-2.<\/span><\/span><script type=\"text\/javascript\"> jQuery('#footnote_plugin_tooltip_34565_1_5').tooltip({ tip: '#footnote_plugin_tooltip_text_34565_1_5', tipClass: 'footnote_tooltip', effect: 'fade', predelay: 0, fadeInSpeed: 200, delay: 400, fadeOutSpeed: 200, position: 'top right', relative: true, offset: [10, 10], });<\/script> Wenn es keine F\u00e4lle von Grippe gibt, sollte sich dann \u00fcberhaupt jemand darum k\u00fcmmern, sich gegen Grippe impfen zu lassen? Werden bei diesen Tests F\u00e4lle von Grippe gefunden aber als Covid bezeichnet?<\/p>\n<h3>Sollten Sie sich mit PCR oder LFT testen lassen?<\/h3>\n<p>In einer ver\u00f6ffentlichten Studie von Wissenschaftlern der Universit\u00e4t Liverpool stellen diese fest:<br \/>\n\u201e&#8230; dass es nicht sinnvoll ist, die Sensitivit\u00e4t von Antigen-Schnelltests mit der von Polymerase-Kettenreaktions-Tests (PCR) zu vergleichen, weil PCR testet, ob eine Person infiziert ist oder war, w\u00e4hrend Lateral-Flow-Schnelltests (LFT) testen, ob eine Person gerade ansteckend ist.\u201d<span class=\"footnote_referrer\"><a role=\"button\" tabindex=\"0\" onclick=\"footnote_moveToReference_34565_1('footnote_plugin_reference_34565_1_6');\" onkeypress=\"footnote_moveToReference_34565_1('footnote_plugin_reference_34565_1_6');\" ><sup id=\"footnote_plugin_tooltip_34565_1_6\" class=\"footnote_plugin_tooltip_text\">6)<\/sup><\/a><span id=\"footnote_plugin_tooltip_text_34565_1_6\" class=\"footnote_tooltip\">Liverpool University (18 Feb 2021), Researchers clarify lateral flow rapid antigen testing sensitivity issues, <a href=\"https:\/\/news.liverpool.ac.uk\/2021\/02\/18\/researchers-clarify-lateral-flow-rapid-antigen-testing-sensitivity-issues\/\" target=\"_blank\" rel=\"noopener noreferrer\"><span class=\"footnote_url_wrap\">https:\/\/news.liverpool.ac.uk\/2021\/02\/18\/researchers-clarify-lateral-flow-rapid-antigen-testing-sensitivity-issues\/<\/span><\/a><\/span><\/span><script type=\"text\/javascript\"> jQuery('#footnote_plugin_tooltip_34565_1_6').tooltip({ tip: '#footnote_plugin_tooltip_text_34565_1_6', tipClass: 'footnote_tooltip', effect: 'fade', predelay: 0, fadeInSpeed: 200, delay: 400, fadeOutSpeed: 200, position: 'top right', relative: true, offset: [10, 10], });<\/script>&nbsp;<\/p>\n<p>Wie schon gesagt wurde, aber es lohnt sich, dies zu wiederholen: Sie sind nicht ansteckend, wenn Sie keine Symptome haben. In der Tat erkl\u00e4rte Sir Patrick Vallance, der leitende Wissenschaftler des Vereinigten K\u00f6nigreichs, am 10. Februar 2021:<\/p>\n<p>\u201eWenn Sie Lateral-Flow-Tests mit PCR vergleichen, werden Sie mehr positive Ergebnisse mit PCR erhalten, weil PCR sehr, sehr empfindlich ist, er kann sehr niedrige Virusmengen aufsp\u00fcren,<strong> die vielleicht nicht einmal infekti\u00f6s sind, es k\u00f6nnen einfach nur geringe Mengen sein<\/strong>. PCR wird also immer mehr aufsp\u00fcren als der Lateral-Flow. Lateral-Flow-Schnelltests eignen sich gut daf\u00fcr, Menschen mit hoher Viruslast aufzusp\u00fcren, die besonders infekti\u00f6s sind.\u201d \u2013 Zitat entnommen aus UKColumn.org am 19. Februar 2021, (Hervorhebung hinzugef\u00fcgt).<span class=\"footnote_referrer\"><a role=\"button\" tabindex=\"0\" onclick=\"footnote_moveToReference_34565_1('footnote_plugin_reference_34565_1_7');\" onkeypress=\"footnote_moveToReference_34565_1('footnote_plugin_reference_34565_1_7');\" ><sup id=\"footnote_plugin_tooltip_34565_1_7\" class=\"footnote_plugin_tooltip_text\">7)<\/sup><\/a><span id=\"footnote_plugin_tooltip_text_34565_1_7\" class=\"footnote_tooltip\"><a href=\"https:\/\/www.ukcolumn.org\/ukcolumn-news\/uk-column-news-19th-february-2021\" target=\"_blank\" rel=\"noopener noreferrer\"><span class=\"footnote_url_wrap\">https:\/\/www.ukcolumn.org\/ukcolumn-news\/uk-column-news-19th-february-2021<\/span><\/a><\/span><\/span><script type=\"text\/javascript\"> jQuery('#footnote_plugin_tooltip_34565_1_7').tooltip({ tip: '#footnote_plugin_tooltip_text_34565_1_7', tipClass: 'footnote_tooltip', effect: 'fade', predelay: 0, fadeInSpeed: 200, delay: 400, fadeOutSpeed: 200, position: 'top right', relative: true, offset: [10, 10], });<\/script><\/p>\n<p>Zur Verdeutlichung: PCR-Tests erfassen keine infekti\u00f6sen F\u00e4lle, wenn sie <em>eine niedrige Viruslast feststellen<\/em>. Eine niedrige Viruslast zeigt nur an, dass Sie vor Kurzem ein Coronavirus \u2013 wie etwa eine gew\u00f6hnliche Erk\u00e4ltung \u2013 hatten, vielleicht vor ein paar Wochen oder Monaten, und Sie sind jetzt nicht mit SARS-CoV-2 infekti\u00f6s. Die Weltgesundheitsorganisation hat ebenfalls best\u00e4tigt, dass PCR-Tests falsch-positive Ergebnisse liefern, wenn sie nicht sachgem\u00e4\u00df angewendet werden.<span class=\"footnote_referrer\"><a role=\"button\" tabindex=\"0\" onclick=\"footnote_moveToReference_34565_1('footnote_plugin_reference_34565_1_8');\" onkeypress=\"footnote_moveToReference_34565_1('footnote_plugin_reference_34565_1_8');\" ><sup id=\"footnote_plugin_tooltip_34565_1_8\" class=\"footnote_plugin_tooltip_text\">8)<\/sup><\/a><span id=\"footnote_plugin_tooltip_text_34565_1_8\" class=\"footnote_tooltip\">WHO Information Notice for IVD Users 2020\/05, Nucleic acid testing (NAT) technologies that use polymerase chain reaction (PCR) for detection of SARS-CoV-2, <a href=\"https:\/\/www.who.int\/news\/item\/20-01-2021-who-information-notice-for-ivd-users-2020-05\" target=\"_blank\" rel=\"noopener noreferrer\"><span class=\"footnote_url_wrap\">https:\/\/www.who.int\/news\/item\/20-01-2021-who-information-notice-for-ivd-users-2020-05<\/span><\/a><\/span><\/span><script type=\"text\/javascript\"> jQuery('#footnote_plugin_tooltip_34565_1_8').tooltip({ tip: '#footnote_plugin_tooltip_text_34565_1_8', tipClass: 'footnote_tooltip', effect: 'fade', predelay: 0, fadeInSpeed: 200, delay: 400, fadeOutSpeed: 200, position: 'top right', relative: true, offset: [10, 10], });<\/script><\/p>\n<p>Warum sollten Sie einen Test machen, wenn Sie gesund sind? \u201eKeine Symptome \u2013 kein Test\u201d ist medizinisch logisch. Gehen Sie mit einem Gesundheitsproblem zum Arzt, wenn Sie sich vollkommen gesund f\u00fchlen, oder gehen Sie nur, wenn Sie sich in irgendeiner Weise kr\u00e4nklich f\u00fchlen?<\/p>\n<p>Wenn man bedenkt, dass die globale Lockdownpolitik durch sogenannte \u201epositive F\u00e4lle\u201d vorangetrieben wurde, sind diese Tests dann angemessen und genau?<\/p>\n<h3>PCR-Tests<\/h3>\n<p><img loading=\"lazy\" decoding=\"async\" class=\" wp-image-34550\" src=\"https:\/\/www.naturalscience.org\/wp-content\/uploads\/2021\/02\/AdobeStock_339130416-300x150.jpeg\" alt=\"\" width=\"440\" height=\"220\" srcset=\"https:\/\/www.naturalscience.org\/wp-content\/uploads\/2021\/02\/AdobeStock_339130416-300x150.jpeg 300w, https:\/\/www.naturalscience.org\/wp-content\/uploads\/2021\/02\/AdobeStock_339130416-1024x511.jpeg 1024w, https:\/\/www.naturalscience.org\/wp-content\/uploads\/2021\/02\/AdobeStock_339130416-768x384.jpeg 768w, https:\/\/www.naturalscience.org\/wp-content\/uploads\/2021\/02\/AdobeStock_339130416-1536x767.jpeg 1536w, https:\/\/www.naturalscience.org\/wp-content\/uploads\/2021\/02\/AdobeStock_339130416-2048x1023.jpeg 2048w, https:\/\/www.naturalscience.org\/wp-content\/uploads\/2021\/02\/AdobeStock_339130416-164x82.jpeg 164w, https:\/\/www.naturalscience.org\/wp-content\/uploads\/2021\/02\/AdobeStock_339130416-400x200.jpeg 400w, https:\/\/www.naturalscience.org\/wp-content\/uploads\/2021\/02\/AdobeStock_339130416-500x250.jpeg 500w\" sizes=\"auto, (max-width: 440px) 100vw, 440px\" \/><\/p>\n<p>Reverse Transkriptions-Polymerase-Kettenreaktions-Tests \u2013 RT-PCR \u2013 kurz: PCR-Tests wurden von Kary Mullis 1986<span class=\"footnote_referrer\"><a role=\"button\" tabindex=\"0\" onclick=\"footnote_moveToReference_34565_1('footnote_plugin_reference_34565_1_9');\" onkeypress=\"footnote_moveToReference_34565_1('footnote_plugin_reference_34565_1_9');\" ><sup id=\"footnote_plugin_tooltip_34565_1_9\" class=\"footnote_plugin_tooltip_text\">9)<\/sup><\/a><span id=\"footnote_plugin_tooltip_text_34565_1_9\" class=\"footnote_tooltip\">K. Mullis et al., Specific Enzymatic Amplification of DNA In Vitro: The Polymerase Chain Reaction, <em>Cold Spring Harb Symp Quant Biol<\/em> 1986. 51: 263-273<\/span><\/span><script type=\"text\/javascript\"> jQuery('#footnote_plugin_tooltip_34565_1_9').tooltip({ tip: '#footnote_plugin_tooltip_text_34565_1_9', tipClass: 'footnote_tooltip', effect: 'fade', predelay: 0, fadeInSpeed: 200, delay: 400, fadeOutSpeed: 200, position: 'top right', relative: true, offset: [10, 10], });<\/script> erfunden, wof\u00fcr Mullis 1993 den Nobelpreis f\u00fcr Chemie erhielt. Der PCR-Test wurde so konzipiert, dass er in der Lage war, DNA-Str\u00e4nge in vitro zu isolieren und zu vervielf\u00e4ltigen. Dies war ein gewaltiger Durchbruch f\u00fcr die Molekularbiologie und die Gentechnik<\/p>\n<p>Mit dem Ausbruch der sogenannten Pandemie wurde der PCR-Test neu erfunden, um damit festzustellen, ob eine Person Coronavirus-<em>RNA<\/em> besitzt, und unabh\u00e4ngig von ihrem \u00e4u\u00dferen Gesundheitszustand wird die Person als Tr\u00e4ger des Coronavirus bezeichnet; das hei\u00dft, die Person gilt als infiziert und ist als solche ansteckend.<\/p>\n<p>Wenn ein Rachen- und Nasenabstrich genommen wird, wird dieser mit dem PCR-Test analysiert. Der Schleim aus dem Abstrich wird bis zu dem Punkt vervielf\u00e4ltigt, an dem RNA-Str\u00e4nge identifiziert werden k\u00f6nnen. Mit jedem Vervielf\u00e4ltigungszyklus wird die RNA weiter aufgeschl\u00fcsselt, um ein klares Bild von der Zusammensetzung der untersuchten Probe zu erhalten. Es wurde allgemein anerkannt, dass die Anzahl der PCR-Vervielf\u00e4ltigungszyklen nicht h\u00f6her als 34 sein sollte, weil bei einer h\u00f6heren Zahl das Instrument die RNA soweit vervielfachen w\u00fcrde, dass jeder Strang, egal wie schwach, als \u201eaktives\u201d Virus identifiziert werden k\u00f6nnte. Ein PCR-Test bei diesem Zyklusschwellenwert \u2013 oder h\u00f6her! \u2013 bedeutet, dass der Test zu 100&nbsp;% unbrauchbar ist, um zu erkennen, wann ein Ergebnis wirklich positiv ist. <span class=\"footnote_referrer\"><a role=\"button\" tabindex=\"0\" onclick=\"footnote_moveToReference_34565_1('footnote_plugin_reference_34565_1_10');\" onkeypress=\"footnote_moveToReference_34565_1('footnote_plugin_reference_34565_1_10');\" ><sup id=\"footnote_plugin_tooltip_34565_1_10\" class=\"footnote_plugin_tooltip_text\">10)<\/sup><\/a><span id=\"footnote_plugin_tooltip_text_34565_1_10\" class=\"footnote_tooltip\">Stand for Health Freedom, The Problems With PCR Testing: Why Public Officials Shouldn\u2019t Base Restrictions On PCR Tests, <a href=\"http:\/\/www.standforhealthfreedom.com\" target=\"_blank\" rel=\"noopener noreferrer\">www.standforhealthfreedom.com<\/a> updated 21 Jan 2021.<\/span><\/span><script type=\"text\/javascript\"> jQuery('#footnote_plugin_tooltip_34565_1_10').tooltip({ tip: '#footnote_plugin_tooltip_text_34565_1_10', tipClass: 'footnote_tooltip', effect: 'fade', predelay: 0, fadeInSpeed: 200, delay: 400, fadeOutSpeed: 200, position: 'top right', relative: true, offset: [10, 10], });<\/script><\/p>\n<p>Es ist allgemein anerkannt, dass, wenn beim PCR-Test mehr als 34 Vervielf\u00e4ltigungszyklen gemacht werden, jegliche zu vervielf\u00e4ltigende RNA so abgemildert oder schwach ist, dass sie nicht aktiv ist. Aber sie wird immer noch als positiv ausgewiesen, weil sie als Teil der Probe identifiziert wurde. Aus diesem Grund ver\u00f6ffentlichte die New York Times einen Artikel mit der Aussage, dass 90&nbsp;% der positiven Ergebnisse durchaus negativ sein k\u00f6nnten.<span class=\"footnote_referrer\"><a role=\"button\" tabindex=\"0\" onclick=\"footnote_moveToReference_34565_1('footnote_plugin_reference_34565_1_11');\" onkeypress=\"footnote_moveToReference_34565_1('footnote_plugin_reference_34565_1_11');\" ><sup id=\"footnote_plugin_tooltip_34565_1_11\" class=\"footnote_plugin_tooltip_text\">11)<\/sup><\/a><span id=\"footnote_plugin_tooltip_text_34565_1_11\" class=\"footnote_tooltip\">New York Times (29 Aug 2020) Your Coronavirus Test Is Positive. Maybe It Shouldn\u2019t Be. <a href=\"https:\/\/www.nytimes.com\/2020\/08\/29\/health\/coronavirus-testing.html\" target=\"_blank\" rel=\"noopener noreferrer\"><span class=\"footnote_url_wrap\">https:\/\/www.nytimes.com\/2020\/08\/29\/health\/coronavirus-testing.html<\/span><\/a><\/span><\/span><script type=\"text\/javascript\"> jQuery('#footnote_plugin_tooltip_34565_1_11').tooltip({ tip: '#footnote_plugin_tooltip_text_34565_1_11', tipClass: 'footnote_tooltip', effect: 'fade', predelay: 0, fadeInSpeed: 200, delay: 400, fadeOutSpeed: 200, position: 'top right', relative: true, offset: [10, 10], });<\/script> Die Weltgesundheitsorganisation hat am 21. Januar 2021 die Fehlanwendung des Vervielf\u00e4ltigungszyklus von PCR-Tests und die daraus resultierenden Falschdarstellungen best\u00e4tigt,<span class=\"footnote_referrer\"><a role=\"button\" tabindex=\"0\" onclick=\"footnote_moveToReference_34565_1('footnote_plugin_reference_34565_1_12');\" onkeypress=\"footnote_moveToReference_34565_1('footnote_plugin_reference_34565_1_12');\" ><sup id=\"footnote_plugin_tooltip_34565_1_12\" class=\"footnote_plugin_tooltip_text\">12)<\/sup><\/a><span id=\"footnote_plugin_tooltip_text_34565_1_12\" class=\"footnote_tooltip\">WHO Information Notice for IVD Users 2020\/05, Nucleic acid testing (NAT) technologies that use polymerase chain reaction (PCR) for detection of SARS-CoV-2, <a href=\"https:\/\/www.who.int\/news\/item\/20-01-2021-who-information-notice-for-ivd-users-2020-05\" target=\"_blank\" rel=\"noopener noreferrer\"><span class=\"footnote_url_wrap\">https:\/\/www.who.int\/news\/item\/20-01-2021-who-information-notice-for-ivd-users-2020-05<\/span> <\/a><\/span><\/span><script type=\"text\/javascript\"> jQuery('#footnote_plugin_tooltip_34565_1_12').tooltip({ tip: '#footnote_plugin_tooltip_text_34565_1_12', tipClass: 'footnote_tooltip', effect: 'fade', predelay: 0, fadeInSpeed: 200, delay: 400, fadeOutSpeed: 200, position: 'top right', relative: true, offset: [10, 10], });<\/script> obwohl sie selbst urspr\u00fcnglich einen Vervielf\u00e4ltigungszyklus von 45 empfohlen hatte.<span class=\"footnote_referrer\"><a role=\"button\" tabindex=\"0\" onclick=\"footnote_moveToReference_34565_1('footnote_plugin_reference_34565_1_13');\" onkeypress=\"footnote_moveToReference_34565_1('footnote_plugin_reference_34565_1_13');\" ><sup id=\"footnote_plugin_tooltip_34565_1_13\" class=\"footnote_plugin_tooltip_text\">13)<\/sup><\/a><span id=\"footnote_plugin_tooltip_text_34565_1_13\" class=\"footnote_tooltip\">The WHO source: <a href=\"https:\/\/www.who.int\/docs\/default-source\/coronaviruse\/real-time-rt-pcr-assays-for-the-detection-of-sars-cov-2-institut-pasteur-paris.pdf\" target=\"_blank\" rel=\"noopener noreferrer\"><span class=\"footnote_url_wrap\">https:\/\/www.who.int\/docs\/default-source\/coronaviruse\/real-time-rt-pcr-assays-for-the-detection-of-sars-cov-2-institut-pasteur-paris.pdf<\/span><\/a> references V. Corman et al. Detection of 2019 novel coronavirus (2019-nCoV) by real-time RT-PCR, Eurosurveillance, Volume 25, Issue 3, 23\/Jan\/2020 <a href=\"https:\/\/www.eurosurveillance.org\/content\/10.2807\/1560-7917.ES.2020.25.3.2000045\" target=\"_blank\" rel=\"noopener noreferrer\"><span class=\"footnote_url_wrap\">https:\/\/www.eurosurveillance.org\/content\/10.2807\/1560-7917.ES.2020.25.3.2000045<\/span><\/a><\/span><\/span><script type=\"text\/javascript\"> jQuery('#footnote_plugin_tooltip_34565_1_13').tooltip({ tip: '#footnote_plugin_tooltip_text_34565_1_13', tipClass: 'footnote_tooltip', effect: 'fade', predelay: 0, fadeInSpeed: 200, delay: 400, fadeOutSpeed: 200, position: 'top right', relative: true, offset: [10, 10], });<\/script><\/p>\n<p>K\u00f6nnte es also sein, dass die \u00fcberwiegende Mehrheit der weltweiten positiven Ergebnisse negativ ist? Wie viele echte positive Ergebnisse gibt es? Die gesamte Lockdown- und Impfstoff-Agenda der Regierungen weltweit beruht auf einer hohen Anzahl positiver \u201eF\u00e4lle\u201d. Es braucht diese hohe \u201eFall\u201c-Zahl f\u00fcr die Angst, welche die Regierungen durch ihre Mainstream-Medien bei den B\u00fcrgern f\u00f6rdern. Aber wie wir gesehen haben, werden die \u201epositiven\u201d Ergebnisse der PCR-Tests nun offiziell als unzuverl\u00e4ssig angesehen. Um zu verdeutlichen, warum das so ist, erkl\u00e4rt die Organisation <em>Stand For Health Freedom<\/em>:<\/p>\n<ul style=\"list-style-type: disc;\">\n<li>\u201eWenn man bei 33 Zyklen [eines PCR-Tests] angelangt ist, sind 80% falsch-positiv.<\/li>\n<li>Bis zu 90% der positiven Tests bei einer Zyklusschwelle von 40 w\u00e4ren bei einer Zyklusschwelle von 30 negativ<\/li>\n<li>Die Wahrscheinlichkeit, dass die Person bei mehr als 35 Zyklen ein \u201efalsch-positives\u201d Ergebnis erh\u00e4lt, liegt bei 97% oder h\u00f6her.\u201d<span class=\"footnote_referrer\"><a role=\"button\" tabindex=\"0\" onclick=\"footnote_moveToReference_34565_1('footnote_plugin_reference_34565_1_14');\" onkeypress=\"footnote_moveToReference_34565_1('footnote_plugin_reference_34565_1_14');\" ><sup id=\"footnote_plugin_tooltip_34565_1_14\" class=\"footnote_plugin_tooltip_text\">14)<\/sup><\/a><span id=\"footnote_plugin_tooltip_text_34565_1_14\" class=\"footnote_tooltip\"> Stand for Health Freedom, The Problems With PCR Testing: Why Public Officials Shouldn\u2019t Base Restrictions On PCR Tests, <a href=\"http:\/\/www.standforhealthfreedom.com\" target=\"_blank\" rel=\"noopener noreferrer\">www.standforhealthfreedom.com<\/a> updated 21 Jan 2021.<\/span><\/span><script type=\"text\/javascript\"> jQuery('#footnote_plugin_tooltip_34565_1_14').tooltip({ tip: '#footnote_plugin_tooltip_text_34565_1_14', tipClass: 'footnote_tooltip', effect: 'fade', predelay: 0, fadeInSpeed: 200, delay: 400, fadeOutSpeed: 200, position: 'top right', relative: true, offset: [10, 10], });<\/script><\/li>\n<\/ul>\n<p>Regierungen und Gesundheitsbeh\u00f6rden behaupten, dass ein positives Ergebnis ein Fall von Infektion ist. Medizinisch gesehen ist dies nicht wahr, wie wir dargelegt haben. Wenn Sie ein positives Ergebnis von einem PCR-Test erhalten, aber keine Symptome haben, ist dies medizinisch gesehen kein Fall. Ein Fall bedeutet eine tats\u00e4chliche, nachweisbare Infektion. Wenn Sie keinerlei Symptome haben, k\u00f6nnen Sie aufgrund des exzessiven Vervielf\u00e4ltigungszyklus trotzdem ein positives Ergebnis erhalten. Die RNA-Last (Menge und St\u00e4rke) bei diesen \u201eF\u00e4llen\u201d ist schwach, was bedeutet, dass Sie zuvor schon einmal ein Coronavirus hatten \u2013 zum Beispiel eine gew\u00f6hnliche Erk\u00e4ltung. Der PCR-Test weist alte RNA nach, die zu schwach ist, um irgendeinen Effekt auf Ihre Gesundheit zu haben. Es ist nicht vorgesehen, dass RNA als freier Wirkstoff im K\u00f6rper lange \u00fcberlebt, d. h. \u00fcber ihre Aufgabe, Proteine zu bilden, hinaus. Wenn RNA freigesetzt wird, wird sie sehr schnell durch Enzyme mit der Bezeichnung \u201eRNase\u201c abgebaut. Das Immunsystem identifiziert lose RNA als feindlich und l\u00f6scht sie aus.<\/p>\n<p>Wenn Sie ein positives Ergebnis haben, aber keine Symptome aufweisen, sind Sie dann infekti\u00f6s? Nein, medizinisch sind Sie es nicht. Politisch sind Sie es. Wenn Sie ein negatives PCR-Ergebnis erhalten, sollten Sie sich dann die M\u00fche machen, einen weiteren Test durchzuf\u00fchren? Die Beweislage spricht dagegen. In einer multizentrischen Kohortenstudie wurden etwa 22&#8217;000 Patienten mit dem PCR-Test auf SARS-CoV-2 getestet. Von diesen wurden 1676 innerhalb von sieben Tagen erneut getestet. Von denen, die erneut getestet wurden, erhielten nur 2&nbsp;% ein positives Ergebnis.<span class=\"footnote_referrer\"><a role=\"button\" tabindex=\"0\" onclick=\"footnote_moveToReference_34565_1('footnote_plugin_reference_34565_1_15');\" onkeypress=\"footnote_moveToReference_34565_1('footnote_plugin_reference_34565_1_15');\" ><sup id=\"footnote_plugin_tooltip_34565_1_15\" class=\"footnote_plugin_tooltip_text\">15)<\/sup><\/a><span id=\"footnote_plugin_tooltip_text_34565_1_15\" class=\"footnote_tooltip\">D. Challener et al. (2020), Low Utility of Repeat Real-Time PCR Testing for SARS-CoV-2 in Clinical Specimens, Mayo Clinic Proceedings, Volume 95, Issue 9, September 2020, Pages 1942-1945, <a href=\"https:\/\/doi.org\/10.1016\/j.mayocp.2020.06.020\" target=\"_blank\" rel=\"noopener noreferrer\"><span class=\"footnote_url_wrap\">https:\/\/doi.org\/10.1016\/j.mayocp.2020.06.020<\/span><\/a><\/span><\/span><script type=\"text\/javascript\"> jQuery('#footnote_plugin_tooltip_34565_1_15').tooltip({ tip: '#footnote_plugin_tooltip_text_34565_1_15', tipClass: 'footnote_tooltip', effect: 'fade', predelay: 0, fadeInSpeed: 200, delay: 400, fadeOutSpeed: 200, position: 'top right', relative: true, offset: [10, 10], });<\/script> Die Schlussfolgerung daraus ist, dass man, wenn man negativ ist, nicht pl\u00f6tzlich positiv sein wird.<\/p>\n<h3>Sind Lateral-Flow-Antik\u00f6rpertests besser als der PCR-Test?<\/h3>\n<p><img loading=\"lazy\" decoding=\"async\" class=\"size-medium wp-image-34551\" src=\"https:\/\/www.naturalscience.org\/wp-content\/uploads\/2021\/02\/AdobeStock_339936262-300x200.jpeg\" alt=\"\" width=\"300\" height=\"200\" srcset=\"https:\/\/www.naturalscience.org\/wp-content\/uploads\/2021\/02\/AdobeStock_339936262-300x200.jpeg 300w, https:\/\/www.naturalscience.org\/wp-content\/uploads\/2021\/02\/AdobeStock_339936262-1024x683.jpeg 1024w, https:\/\/www.naturalscience.org\/wp-content\/uploads\/2021\/02\/AdobeStock_339936262-768x512.jpeg 768w, https:\/\/www.naturalscience.org\/wp-content\/uploads\/2021\/02\/AdobeStock_339936262-1536x1024.jpeg 1536w, https:\/\/www.naturalscience.org\/wp-content\/uploads\/2021\/02\/AdobeStock_339936262-2048x1365.jpeg 2048w, https:\/\/www.naturalscience.org\/wp-content\/uploads\/2021\/02\/AdobeStock_339936262-164x109.jpeg 164w, https:\/\/www.naturalscience.org\/wp-content\/uploads\/2021\/02\/AdobeStock_339936262-400x267.jpeg 400w, https:\/\/www.naturalscience.org\/wp-content\/uploads\/2021\/02\/AdobeStock_339936262-500x333.jpeg 500w\" sizes=\"auto, (max-width: 300px) 100vw, 300px\" \/><\/p>\n<p>Lateral-Flow-Schnelltests sind Antik\u00f6rpertests. Das Problem dabei ist, dass Antik\u00f6rper erst zwischen einer und drei Wochen <em>nach<\/em> dem Auftreten von Symptomen in Erscheinung treten, was bedeutet, dass, wenn Antik\u00f6rper durch einen Lateral-Flow-Test nachgewiesen werden, die Person nicht mehr so ansteckend ist und sich wahrscheinlich auf dem Weg der Besserung befindet.<span class=\"footnote_referrer\"><a role=\"button\" tabindex=\"0\" onclick=\"footnote_moveToReference_34565_1('footnote_plugin_reference_34565_1_16');\" onkeypress=\"footnote_moveToReference_34565_1('footnote_plugin_reference_34565_1_16');\" ><sup id=\"footnote_plugin_tooltip_34565_1_16\" class=\"footnote_plugin_tooltip_text\">16)<\/sup><\/a><span id=\"footnote_plugin_tooltip_text_34565_1_16\" class=\"footnote_tooltip\"> CDC (1 Aug 2020), Interim Guidelines for COVID-19 Antibody Testing <a href=\"https:\/\/www.cdc.gov\/coronavirus\/2019-ncov\/lab\/resources\/antibody-tests-guidelines.html\" target=\"_blank\" rel=\"noopener noreferrer\"><span class=\"footnote_url_wrap\">https:\/\/www.cdc.gov\/coronavirus\/2019-ncov\/lab\/resources\/antibody-tests-guidelines.html<\/span><\/a><\/span><\/span><script type=\"text\/javascript\"> jQuery('#footnote_plugin_tooltip_34565_1_16').tooltip({ tip: '#footnote_plugin_tooltip_text_34565_1_16', tipClass: 'footnote_tooltip', effect: 'fade', predelay: 0, fadeInSpeed: 200, delay: 400, fadeOutSpeed: 200, position: 'top right', relative: true, offset: [10, 10], });<\/script> K\u00f6nnen Lateral-Flow-Tests angesichts der Tatsache, dass sie zur Feststellung der akuten Infektiosit\u00e4t verwendet werden, als zweckm\u00e4\u00dfig erachtet werden? Auch produziert der K\u00f6rper nach einer Infektion nicht immer Antik\u00f6rper. Es wurde bereits gezeigt, dass die T-Zellen-Immunit\u00e4t einer Coronavirus-Infektion entgegenwirken kann. (Mehr \u00fcber T-Zellen-Immunit\u00e4t und das Coronavirus finden Sie <a href=\"https:\/\/www.naturalscience.org\/de\/news\/2020\/11\/sars-cov-2-impfungen-sollten-sie-sich-impfen-lassen-und-das-jedes-jahr-teil-i-von-ii\/\" target=\"_blank\" rel=\"noopener noreferrer\">hier<\/a>.) Die Untauglichkeit von Lateral-Flow-Tests wurde deutlich, als Sch\u00fcler in ganz Gro\u00dfbritannien vor der Abreise in die Weihnachtsferien getestet wurden und 58&nbsp;% der positiven Testergebnisse in Wirklichkeit falsch waren.<span class=\"footnote_referrer\"><a role=\"button\" tabindex=\"0\" onclick=\"footnote_moveToReference_34565_1('footnote_plugin_reference_34565_1_17');\" onkeypress=\"footnote_moveToReference_34565_1('footnote_plugin_reference_34565_1_17');\" ><sup id=\"footnote_plugin_tooltip_34565_1_17\" class=\"footnote_plugin_tooltip_text\">17)<\/sup><\/a><span id=\"footnote_plugin_tooltip_text_34565_1_17\" class=\"footnote_tooltip\">S. Armstrong (23 Dec 2020), Covid-19: Tests on students are highly inaccurate, early findings show, BMJ 2020;371:m4941 doi: <a href=\"https:\/\/doi.org\/10.1136\/bmj.m4941\" target=\"_blank\" rel=\"noopener noreferrer\"><span class=\"footnote_url_wrap\">https:\/\/doi.org\/10.1136\/bmj.m4941<\/span><\/a><\/span><\/span><script type=\"text\/javascript\"> jQuery('#footnote_plugin_tooltip_34565_1_17').tooltip({ tip: '#footnote_plugin_tooltip_text_34565_1_17', tipClass: 'footnote_tooltip', effect: 'fade', predelay: 0, fadeInSpeed: 200, delay: 400, fadeOutSpeed: 200, position: 'top right', relative: true, offset: [10, 10], });<\/script><\/p>\n<h3>Was sollen Sie tun?<\/h3>\n<p>Erstens: Erhalten Sie sich Ihre Gesundheit! The World Foundation for Natural Science bietet viele nat\u00fcrliche M\u00f6glichkeiten an, um Ihr Immunsystem zu st\u00e4rken.<span class=\"footnote_referrer\"><a role=\"button\" tabindex=\"0\" onclick=\"footnote_moveToReference_34565_1('footnote_plugin_reference_34565_1_18');\" onkeypress=\"footnote_moveToReference_34565_1('footnote_plugin_reference_34565_1_18');\" ><sup id=\"footnote_plugin_tooltip_34565_1_18\" class=\"footnote_plugin_tooltip_text\">18)<\/sup><\/a><span id=\"footnote_plugin_tooltip_text_34565_1_18\" class=\"footnote_tooltip\">Zum Beispiel: <a href=\"https:\/\/www.naturalscience.org\/de\/news\/2021\/01\/winter-wildkraeuter-staerkung-fuer-das-immunsystem\/\" target=\"_blank\" rel=\"noopener noreferrer\"><span class=\"footnote_url_wrap\">https:\/\/www.naturalscience.org\/de\/news\/2021\/01\/winter-wildkraeuter-staerkung-fuer-das-immunsystem\/<\/span><\/a><\/span><\/span><script type=\"text\/javascript\"> jQuery('#footnote_plugin_tooltip_34565_1_18').tooltip({ tip: '#footnote_plugin_tooltip_text_34565_1_18', tipClass: 'footnote_tooltip', effect: 'fade', predelay: 0, fadeInSpeed: 200, delay: 400, fadeOutSpeed: 200, position: 'top right', relative: true, offset: [10, 10], });<\/script> IWenn Sie sich unwohl f\u00fchlen und Ihre Symptome mit denen des Coronavirus \u00fcbereinstimmen, sollten Sie einen Test machen, um dies zu \u00fcberpr\u00fcfen? M\u00f6glicherweise verlangt das Ihr Arbeitgeber oder Ihre Regierung von Ihnen. Wie auch immer das Ergebnis ausf\u00e4llt, verfallen Sie nicht der Angst, die in den Medien verbreitet wird. \u00dcberlegen Sie stattdessen, welche hom\u00f6opathischen und nat\u00fcrlichen Mittel Sie einnehmen k\u00f6nnen, um <a href=\"https:\/\/www.naturalscience.org\/de\/themen\/gesundheit\/coronavirus\/\" target=\"_blank\" rel=\"noopener noreferrer\">gesund<\/a> zu werden.<\/p>\n<p>Wenn Sie keine Symptome haben und keinen Grund haben, sich testen zu lassen, dann lassen Sie es. Wenn Sie gesund sind, konzentrieren Sie sich auf die Pr\u00e4vention, um noch ges\u00fcnder zu werden.<\/p>\n<p>Informieren Sie Ihren Regierungsvertreter \u00fcber die Ungenauigkeit der verwendeten Tests und auch \u00fcber deren Missbrauch als Waffe der Politik, nicht der Gesundheit.<\/p>\n<div class=\"speaker-mute footnotes_reference_container\"> <div class=\"footnote_container_prepare\"><p><span role=\"button\" tabindex=\"0\" class=\"footnote_reference_container_label pointer\" onclick=\"footnote_expand_collapse_reference_container_34565_1();\">References<\/span><span role=\"button\" tabindex=\"0\" class=\"footnote_reference_container_collapse_button\" style=\"display: none;\" onclick=\"footnote_expand_collapse_reference_container_34565_1();\">[<a id=\"footnote_reference_container_collapse_button_34565_1\">+<\/a>]<\/span><\/p><\/div> <div id=\"footnote_references_container_34565_1\" style=\"\"><table class=\"footnotes_table footnote-reference-container\"><caption class=\"accessibility\">References<\/caption> <tbody> \r\n\r\n<tr class=\"footnotes_plugin_reference_row\"> <th scope=\"row\" class=\"footnote_plugin_index_combi pointer\"  onclick=\"footnote_moveToAnchor_34565_1('footnote_plugin_tooltip_34565_1_1');\"><a id=\"footnote_plugin_reference_34565_1_1\" class=\"footnote_backlink\"><span class=\"footnote_index_arrow\">&#8593;<\/span>1<\/a><\/th> <td class=\"footnote_plugin_text\">E. Patrozou and L. Mermel (2009), Does Influenza Transmission Occur from Asymptomatic Infection or Prior to Symptom Onset? Public Health Reports Mar-Apr; 124(2): 193\u2013196, <a href=\"https:\/\/journals.sagepub.com\/doi\/10.1177\/003335490912400205\" target=\"_blank\" rel=\"noopener noreferrer\">doi: 10.1177\/003335490912400205<\/a><\/td><\/tr>\r\n\r\n<tr class=\"footnotes_plugin_reference_row\"> <th scope=\"row\" class=\"footnote_plugin_index_combi pointer\"  onclick=\"footnote_moveToAnchor_34565_1('footnote_plugin_tooltip_34565_1_2');\"><a id=\"footnote_plugin_reference_34565_1_2\" class=\"footnote_backlink\"><span class=\"footnote_index_arrow\">&#8593;<\/span>2<\/a><\/th> <td class=\"footnote_plugin_text\">Cao, S., Gan, Y., Wang, C. et al. Post-lockdown SARS-CoV-2 nucleic acid screening in nearly ten million residents of Wuhan, China. Nat Commun 11, 5917 (2020).<a href=\"https:\/\/doi.org\/10.1038\/s41467-020-19802-w\" target=\"_blank\" rel=\"noopener noreferrer\"> <span class=\"footnote_url_wrap\">https:\/\/doi.org\/10.1038\/s41467-020-19802-w<\/span><\/a><\/td><\/tr>\r\n\r\n<tr class=\"footnotes_plugin_reference_row\"> <th scope=\"row\" class=\"footnote_plugin_index_combi pointer\"  onclick=\"footnote_moveToAnchor_34565_1('footnote_plugin_tooltip_34565_1_3');\"><a id=\"footnote_plugin_reference_34565_1_3\" class=\"footnote_backlink\"><span class=\"footnote_index_arrow\">&#8593;<\/span>3<\/a><\/th> <td class=\"footnote_plugin_text\">The Washington Post (27 Jan 2021), China rolls out anal swab coronavirus test, saying it\u2019s more accurate than throat method, <a href=\"https:\/\/www.washingtonpost.com\/world\/asia_pacific\/anal-swab-china-coronavirus\/2021\/01\/27\/cc284f56-6054-11eb-a177-7765f29a9524_story.html\" target=\"_blank\" rel=\"noopener noreferrer\"><span class=\"footnote_url_wrap\">https:\/\/www.washingtonpost.com\/world\/asia_pacific\/anal-swab-china-coronavirus\/2021\/01\/27\/cc284f56-6054-11eb-a177-7765f29a9524_story.html<\/span><\/a><\/td><\/tr>\r\n\r\n<tr class=\"footnotes_plugin_reference_row\"> <th scope=\"row\" class=\"footnote_plugin_index_combi pointer\"  onclick=\"footnote_moveToAnchor_34565_1('footnote_plugin_tooltip_34565_1_4');\"><a id=\"footnote_plugin_reference_34565_1_4\" class=\"footnote_backlink\"><span class=\"footnote_index_arrow\">&#8593;<\/span>4<\/a><\/th> <td class=\"footnote_plugin_text\">UK Government (11 Feb 2021), Understanding lateral flow antigen testing for people without symptoms <a href=\"https:\/\/www.gov.uk\/guidance\/understanding-lateral-flow-antigen-testing-for-people-without-symptoms\" target=\"_blank\" rel=\"noopener noreferrer\"><span class=\"footnote_url_wrap\">https:\/\/www.gov.uk\/guidance\/understanding-lateral-flow-antigen-testing-for-people-without-symptoms<\/span><\/a><\/td><\/tr>\r\n\r\n<tr class=\"footnotes_plugin_reference_row\"> <th scope=\"row\" class=\"footnote_plugin_index_combi pointer\"  onclick=\"footnote_moveToAnchor_34565_1('footnote_plugin_tooltip_34565_1_5');\"><a id=\"footnote_plugin_reference_34565_1_5\" class=\"footnote_backlink\"><span class=\"footnote_index_arrow\">&#8593;<\/span>5<\/a><\/th> <td class=\"footnote_plugin_text\">CDC: <a href=\"https:\/\/www.cdc.gov\/flu\/weekly\/index.htm\" target=\"_blank\" rel=\"noopener noreferrer\"><span class=\"footnote_url_wrap\">https:\/\/www.cdc.gov\/flu\/weekly\/index.htm<\/span><\/a> and please note that the CDC has effectively collated deaths from pneumonia, influenza and SARS-Cov-2 into one. They are counting influenza as SARS-Cov-2. WHO: <a href=\"https:\/\/www.who.int\/influenza\/surveillance_monitoring\/updates\/2021_02_15_surveillance_update_387.pdf\" target=\"_blank\" rel=\"noopener noreferrer\"><span class=\"footnote_url_wrap\">https:\/\/www.who.int\/influenza\/surveillance_monitoring\/updates\/2021_02_15_surveillance_update_387.pdf<\/span><\/a> note on page 3 graph shows zero cases on influenza March-April 2020 onwards worldwide. Is the WHO counting influenza as SARS-Cov-2? England: <a href=\"https:\/\/assets.publishing.service.gov.uk\/government\/uploads\/system\/uploads\/attachment_data\/file\/962596\/Weekly_Flu_and_COVID-19_report_w7.pdf\" target=\"_blank\" rel=\"noopener noreferrer\"><span class=\"footnote_url_wrap\">https:\/\/assets.publishing.service.gov.uk\/government\/uploads\/system\/uploads\/attachment_data\/file\/962596\/Weekly_Flu_and_COVID-19_report_w7.pdf<\/span><\/a> Page 17, figure 13 shows influenza is as close to zero as to be zero. The report combines SARS-Cov-2 with influenza so again we wonder if influenza is being counted as SARS-Cov-2.<\/td><\/tr>\r\n\r\n<tr class=\"footnotes_plugin_reference_row\"> <th scope=\"row\" class=\"footnote_plugin_index_combi pointer\"  onclick=\"footnote_moveToAnchor_34565_1('footnote_plugin_tooltip_34565_1_6');\"><a id=\"footnote_plugin_reference_34565_1_6\" class=\"footnote_backlink\"><span class=\"footnote_index_arrow\">&#8593;<\/span>6<\/a><\/th> <td class=\"footnote_plugin_text\">Liverpool University (18 Feb 2021), Researchers clarify lateral flow rapid antigen testing sensitivity issues, <a href=\"https:\/\/news.liverpool.ac.uk\/2021\/02\/18\/researchers-clarify-lateral-flow-rapid-antigen-testing-sensitivity-issues\/\" target=\"_blank\" rel=\"noopener noreferrer\"><span class=\"footnote_url_wrap\">https:\/\/news.liverpool.ac.uk\/2021\/02\/18\/researchers-clarify-lateral-flow-rapid-antigen-testing-sensitivity-issues\/<\/span><\/a><\/td><\/tr>\r\n\r\n<tr class=\"footnotes_plugin_reference_row\"> <th scope=\"row\" class=\"footnote_plugin_index_combi pointer\"  onclick=\"footnote_moveToAnchor_34565_1('footnote_plugin_tooltip_34565_1_7');\"><a id=\"footnote_plugin_reference_34565_1_7\" class=\"footnote_backlink\"><span class=\"footnote_index_arrow\">&#8593;<\/span>7<\/a><\/th> <td class=\"footnote_plugin_text\"><a href=\"https:\/\/www.ukcolumn.org\/ukcolumn-news\/uk-column-news-19th-february-2021\" target=\"_blank\" rel=\"noopener noreferrer\"><span class=\"footnote_url_wrap\">https:\/\/www.ukcolumn.org\/ukcolumn-news\/uk-column-news-19th-february-2021<\/span><\/a><\/td><\/tr>\r\n\r\n<tr class=\"footnotes_plugin_reference_row\"> <th scope=\"row\" class=\"footnote_plugin_index_combi pointer\"  onclick=\"footnote_moveToAnchor_34565_1('footnote_plugin_tooltip_34565_1_8');\"><a id=\"footnote_plugin_reference_34565_1_8\" class=\"footnote_backlink\"><span class=\"footnote_index_arrow\">&#8593;<\/span>8<\/a><\/th> <td class=\"footnote_plugin_text\">WHO Information Notice for IVD Users 2020\/05, Nucleic acid testing (NAT) technologies that use polymerase chain reaction (PCR) for detection of SARS-CoV-2, <a href=\"https:\/\/www.who.int\/news\/item\/20-01-2021-who-information-notice-for-ivd-users-2020-05\" target=\"_blank\" rel=\"noopener noreferrer\"><span class=\"footnote_url_wrap\">https:\/\/www.who.int\/news\/item\/20-01-2021-who-information-notice-for-ivd-users-2020-05<\/span><\/a><\/td><\/tr>\r\n\r\n<tr class=\"footnotes_plugin_reference_row\"> <th scope=\"row\" class=\"footnote_plugin_index_combi pointer\"  onclick=\"footnote_moveToAnchor_34565_1('footnote_plugin_tooltip_34565_1_9');\"><a id=\"footnote_plugin_reference_34565_1_9\" class=\"footnote_backlink\"><span class=\"footnote_index_arrow\">&#8593;<\/span>9<\/a><\/th> <td class=\"footnote_plugin_text\">K. Mullis et al., Specific Enzymatic Amplification of DNA In Vitro: The Polymerase Chain Reaction, <em>Cold Spring Harb Symp Quant Biol<\/em> 1986. 51: 263-273<\/td><\/tr>\r\n\r\n<tr class=\"footnotes_plugin_reference_row\"> <th scope=\"row\" class=\"footnote_plugin_index_combi pointer\"  onclick=\"footnote_moveToAnchor_34565_1('footnote_plugin_tooltip_34565_1_10');\"><a id=\"footnote_plugin_reference_34565_1_10\" class=\"footnote_backlink\"><span class=\"footnote_index_arrow\">&#8593;<\/span>10<\/a><\/th> <td class=\"footnote_plugin_text\">Stand for Health Freedom, The Problems With PCR Testing: Why Public Officials Shouldn\u2019t Base Restrictions On PCR Tests, <a href=\"http:\/\/www.standforhealthfreedom.com\" target=\"_blank\" rel=\"noopener noreferrer\">www.standforhealthfreedom.com<\/a> updated 21 Jan 2021.<\/td><\/tr>\r\n\r\n<tr class=\"footnotes_plugin_reference_row\"> <th scope=\"row\" class=\"footnote_plugin_index_combi pointer\"  onclick=\"footnote_moveToAnchor_34565_1('footnote_plugin_tooltip_34565_1_11');\"><a id=\"footnote_plugin_reference_34565_1_11\" class=\"footnote_backlink\"><span class=\"footnote_index_arrow\">&#8593;<\/span>11<\/a><\/th> <td class=\"footnote_plugin_text\">New York Times (29 Aug 2020) Your Coronavirus Test Is Positive. Maybe It Shouldn\u2019t Be. <a href=\"https:\/\/www.nytimes.com\/2020\/08\/29\/health\/coronavirus-testing.html\" target=\"_blank\" rel=\"noopener noreferrer\"><span class=\"footnote_url_wrap\">https:\/\/www.nytimes.com\/2020\/08\/29\/health\/coronavirus-testing.html<\/span><\/a><\/td><\/tr>\r\n\r\n<tr class=\"footnotes_plugin_reference_row\"> <th scope=\"row\" class=\"footnote_plugin_index_combi pointer\"  onclick=\"footnote_moveToAnchor_34565_1('footnote_plugin_tooltip_34565_1_12');\"><a id=\"footnote_plugin_reference_34565_1_12\" class=\"footnote_backlink\"><span class=\"footnote_index_arrow\">&#8593;<\/span>12<\/a><\/th> <td class=\"footnote_plugin_text\">WHO Information Notice for IVD Users 2020\/05, Nucleic acid testing (NAT) technologies that use polymerase chain reaction (PCR) for detection of SARS-CoV-2, <a href=\"https:\/\/www.who.int\/news\/item\/20-01-2021-who-information-notice-for-ivd-users-2020-05\" target=\"_blank\" rel=\"noopener noreferrer\"><span class=\"footnote_url_wrap\">https:\/\/www.who.int\/news\/item\/20-01-2021-who-information-notice-for-ivd-users-2020-05<\/span> <\/a><\/td><\/tr>\r\n\r\n<tr class=\"footnotes_plugin_reference_row\"> <th scope=\"row\" class=\"footnote_plugin_index_combi pointer\"  onclick=\"footnote_moveToAnchor_34565_1('footnote_plugin_tooltip_34565_1_13');\"><a id=\"footnote_plugin_reference_34565_1_13\" class=\"footnote_backlink\"><span class=\"footnote_index_arrow\">&#8593;<\/span>13<\/a><\/th> <td class=\"footnote_plugin_text\">The WHO source: <a href=\"https:\/\/www.who.int\/docs\/default-source\/coronaviruse\/real-time-rt-pcr-assays-for-the-detection-of-sars-cov-2-institut-pasteur-paris.pdf\" target=\"_blank\" rel=\"noopener noreferrer\"><span class=\"footnote_url_wrap\">https:\/\/www.who.int\/docs\/default-source\/coronaviruse\/real-time-rt-pcr-assays-for-the-detection-of-sars-cov-2-institut-pasteur-paris.pdf<\/span><\/a> references V. Corman et al. Detection of 2019 novel coronavirus (2019-nCoV) by real-time RT-PCR, Eurosurveillance, Volume 25, Issue 3, 23\/Jan\/2020 <a href=\"https:\/\/www.eurosurveillance.org\/content\/10.2807\/1560-7917.ES.2020.25.3.2000045\" target=\"_blank\" rel=\"noopener noreferrer\"><span class=\"footnote_url_wrap\">https:\/\/www.eurosurveillance.org\/content\/10.2807\/1560-7917.ES.2020.25.3.2000045<\/span><\/a><\/td><\/tr>\r\n\r\n<tr class=\"footnotes_plugin_reference_row\"> <th scope=\"row\" class=\"footnote_plugin_index_combi pointer\"  onclick=\"footnote_moveToAnchor_34565_1('footnote_plugin_tooltip_34565_1_14');\"><a id=\"footnote_plugin_reference_34565_1_14\" class=\"footnote_backlink\"><span class=\"footnote_index_arrow\">&#8593;<\/span>14<\/a><\/th> <td class=\"footnote_plugin_text\"> Stand for Health Freedom, The Problems With PCR Testing: Why Public Officials Shouldn\u2019t Base Restrictions On PCR Tests, <a href=\"http:\/\/www.standforhealthfreedom.com\" target=\"_blank\" rel=\"noopener noreferrer\">www.standforhealthfreedom.com<\/a> updated 21 Jan 2021.<\/td><\/tr>\r\n\r\n<tr class=\"footnotes_plugin_reference_row\"> <th scope=\"row\" class=\"footnote_plugin_index_combi pointer\"  onclick=\"footnote_moveToAnchor_34565_1('footnote_plugin_tooltip_34565_1_15');\"><a id=\"footnote_plugin_reference_34565_1_15\" class=\"footnote_backlink\"><span class=\"footnote_index_arrow\">&#8593;<\/span>15<\/a><\/th> <td class=\"footnote_plugin_text\">D. Challener et al. (2020), Low Utility of Repeat Real-Time PCR Testing for SARS-CoV-2 in Clinical Specimens, Mayo Clinic Proceedings, Volume 95, Issue 9, September 2020, Pages 1942-1945, <a href=\"https:\/\/doi.org\/10.1016\/j.mayocp.2020.06.020\" target=\"_blank\" rel=\"noopener noreferrer\"><span class=\"footnote_url_wrap\">https:\/\/doi.org\/10.1016\/j.mayocp.2020.06.020<\/span><\/a><\/td><\/tr>\r\n\r\n<tr class=\"footnotes_plugin_reference_row\"> <th scope=\"row\" class=\"footnote_plugin_index_combi pointer\"  onclick=\"footnote_moveToAnchor_34565_1('footnote_plugin_tooltip_34565_1_16');\"><a id=\"footnote_plugin_reference_34565_1_16\" class=\"footnote_backlink\"><span class=\"footnote_index_arrow\">&#8593;<\/span>16<\/a><\/th> <td class=\"footnote_plugin_text\"> CDC (1 Aug 2020), Interim Guidelines for COVID-19 Antibody Testing <a href=\"https:\/\/www.cdc.gov\/coronavirus\/2019-ncov\/lab\/resources\/antibody-tests-guidelines.html\" target=\"_blank\" rel=\"noopener noreferrer\"><span class=\"footnote_url_wrap\">https:\/\/www.cdc.gov\/coronavirus\/2019-ncov\/lab\/resources\/antibody-tests-guidelines.html<\/span><\/a><\/td><\/tr>\r\n\r\n<tr class=\"footnotes_plugin_reference_row\"> <th scope=\"row\" class=\"footnote_plugin_index_combi pointer\"  onclick=\"footnote_moveToAnchor_34565_1('footnote_plugin_tooltip_34565_1_17');\"><a id=\"footnote_plugin_reference_34565_1_17\" class=\"footnote_backlink\"><span class=\"footnote_index_arrow\">&#8593;<\/span>17<\/a><\/th> <td class=\"footnote_plugin_text\">S. Armstrong (23 Dec 2020), Covid-19: Tests on students are highly inaccurate, early findings show, BMJ 2020;371:m4941 doi: <a href=\"https:\/\/doi.org\/10.1136\/bmj.m4941\" target=\"_blank\" rel=\"noopener noreferrer\"><span class=\"footnote_url_wrap\">https:\/\/doi.org\/10.1136\/bmj.m4941<\/span><\/a><\/td><\/tr>\r\n\r\n<tr class=\"footnotes_plugin_reference_row\"> <th scope=\"row\" class=\"footnote_plugin_index_combi pointer\"  onclick=\"footnote_moveToAnchor_34565_1('footnote_plugin_tooltip_34565_1_18');\"><a id=\"footnote_plugin_reference_34565_1_18\" class=\"footnote_backlink\"><span class=\"footnote_index_arrow\">&#8593;<\/span>18<\/a><\/th> <td class=\"footnote_plugin_text\">Zum Beispiel: <a href=\"https:\/\/www.naturalscience.org\/de\/news\/2021\/01\/winter-wildkraeuter-staerkung-fuer-das-immunsystem\/\" target=\"_blank\" rel=\"noopener noreferrer\"><span class=\"footnote_url_wrap\">https:\/\/www.naturalscience.org\/de\/news\/2021\/01\/winter-wildkraeuter-staerkung-fuer-das-immunsystem\/<\/span><\/a><\/td><\/tr>\r\n\r\n <\/tbody> <\/table> <\/div><\/div><script type=\"text\/javascript\"> function footnote_expand_reference_container_34565_1() { jQuery('#footnote_references_container_34565_1').show(); jQuery('#footnote_reference_container_collapse_button_34565_1').text('\u2212'); } function footnote_collapse_reference_container_34565_1() { jQuery('#footnote_references_container_34565_1').hide(); jQuery('#footnote_reference_container_collapse_button_34565_1').text('+'); } function footnote_expand_collapse_reference_container_34565_1() { if (jQuery('#footnote_references_container_34565_1').is(':hidden')) { footnote_expand_reference_container_34565_1(); } else { footnote_collapse_reference_container_34565_1(); } } function footnote_moveToReference_34565_1(p_str_TargetID) { footnote_expand_reference_container_34565_1(); var l_obj_Target = jQuery('#' + p_str_TargetID); if (l_obj_Target.length) { jQuery( 'html, body' ).delay( 0 ); jQuery('html, body').animate({ scrollTop: l_obj_Target.offset().top - window.innerHeight * 0.2 }, 380); } } function footnote_moveToAnchor_34565_1(p_str_TargetID) { footnote_expand_reference_container_34565_1(); var l_obj_Target = jQuery('#' + p_str_TargetID); if (l_obj_Target.length) { jQuery( 'html, body' ).delay( 0 ); jQuery('html, body').animate({ scrollTop: l_obj_Target.offset().top - window.innerHeight * 0.2 }, 380); } }<\/script>","protected":false},"excerpt":{"rendered":"Seit dem Ausbruch der sogenannten Covid-19-Pandemie haben sich L\u00e4nder auf der ganzen Welt beeilt, Wege zu finden, um das SARS-Cov-2-Virus zu identifizieren. Man denkt, dass der Schl\u00fcssel, um die Ausbreitung des Virus zu stoppen, darin besteht, Menschen zu finden, die Symptome zeigen, durch einen Test die Best\u00e4tigung daf\u00fcr zu erhalten, dass die Person infiziert ist, [&hellip;]","protected":false},"author":11,"featured_media":0,"comment_status":"closed","ping_status":"closed","sticky":false,"template":"","format":"standard","meta":{"_acf_changed":false,"ngg_post_thumbnail":0,"footnotes":""},"categories":[518,20],"tags":[536],"class_list":["post-34565","post","type-post","status-publish","format-standard","hentry","category-coronavirus","category-gesundheit","tag-covid-19-de","wpautop"],"acf":[],"yoast_head":"<!-- This site is optimized with the Yoast SEO plugin v27.5 - https:\/\/yoast.com\/product\/yoast-seo-wordpress\/ -->\n<title>Asymptomatisch, bis das Gegenteil bewiesen ist: SARS-CoV-2-Tests: ihre Fehlanwendung und durch sie verursachte Falschdarstellung - The World Foundation for Natural Science<\/title>\n<meta name=\"robots\" content=\"index, follow, max-snippet:-1, max-image-preview:large, max-video-preview:-1\" \/>\n<link rel=\"canonical\" href=\"https:\/\/www.naturalscience.org\/de\/news\/2021\/03\/asymptomatisch-bis-das-gegenteil-bewiesen-ist-sars-cov-2-tests-ihre-fehlanwendung-und-durch-sie-verursachte-falschdarstellung\/\" \/>\n<meta name=\"twitter:label1\" content=\"Verfasst von\" \/>\n\t<meta name=\"twitter:data1\" content=\"Monika Waldmann\" \/>\n\t<meta name=\"twitter:label2\" content=\"Gesch\u00e4tzte Lesezeit\" \/>\n\t<meta name=\"twitter:data2\" content=\"13\u00a0Minuten\" \/>\n<script type=\"application\/ld+json\" class=\"yoast-schema-graph\">{\"@context\":\"https:\\\/\\\/schema.org\",\"@graph\":[{\"@type\":\"Article\",\"@id\":\"https:\\\/\\\/www.naturalscience.org\\\/de\\\/news\\\/2021\\\/03\\\/asymptomatisch-bis-das-gegenteil-bewiesen-ist-sars-cov-2-tests-ihre-fehlanwendung-und-durch-sie-verursachte-falschdarstellung\\\/#article\",\"isPartOf\":{\"@id\":\"https:\\\/\\\/www.naturalscience.org\\\/de\\\/news\\\/2021\\\/03\\\/asymptomatisch-bis-das-gegenteil-bewiesen-ist-sars-cov-2-tests-ihre-fehlanwendung-und-durch-sie-verursachte-falschdarstellung\\\/\"},\"author\":{\"name\":\"Monika Waldmann\",\"@id\":\"https:\\\/\\\/www.naturalscience.org\\\/#\\\/schema\\\/person\\\/f3e16bb7057b29f8593016bf70a42022\"},\"headline\":\"Asymptomatisch, bis das Gegenteil bewiesen ist: SARS-CoV-2-Tests: ihre Fehlanwendung und durch sie verursachte Falschdarstellung\",\"datePublished\":\"2021-03-02T15:13:07+00:00\",\"dateModified\":\"2021-06-12T18:25:10+00:00\",\"mainEntityOfPage\":{\"@id\":\"https:\\\/\\\/www.naturalscience.org\\\/de\\\/news\\\/2021\\\/03\\\/asymptomatisch-bis-das-gegenteil-bewiesen-ist-sars-cov-2-tests-ihre-fehlanwendung-und-durch-sie-verursachte-falschdarstellung\\\/\"},\"wordCount\":2627,\"image\":{\"@id\":\"https:\\\/\\\/www.naturalscience.org\\\/de\\\/news\\\/2021\\\/03\\\/asymptomatisch-bis-das-gegenteil-bewiesen-ist-sars-cov-2-tests-ihre-fehlanwendung-und-durch-sie-verursachte-falschdarstellung\\\/#primaryimage\"},\"thumbnailUrl\":\"https:\\\/\\\/www.naturalscience.org\\\/wp-content\\\/uploads\\\/2021\\\/02\\\/AdobeStock_339130416-300x150.jpeg\",\"keywords\":[\"covid-19\"],\"articleSection\":[\"Coronavirus\",\"Gesundheit\"],\"inLanguage\":\"de\"},{\"@type\":\"WebPage\",\"@id\":\"https:\\\/\\\/www.naturalscience.org\\\/de\\\/news\\\/2021\\\/03\\\/asymptomatisch-bis-das-gegenteil-bewiesen-ist-sars-cov-2-tests-ihre-fehlanwendung-und-durch-sie-verursachte-falschdarstellung\\\/\",\"url\":\"https:\\\/\\\/www.naturalscience.org\\\/de\\\/news\\\/2021\\\/03\\\/asymptomatisch-bis-das-gegenteil-bewiesen-ist-sars-cov-2-tests-ihre-fehlanwendung-und-durch-sie-verursachte-falschdarstellung\\\/\",\"name\":\"Asymptomatisch, bis das Gegenteil bewiesen ist: SARS-CoV-2-Tests: ihre Fehlanwendung und durch sie verursachte Falschdarstellung - The World Foundation for Natural Science\",\"isPartOf\":{\"@id\":\"https:\\\/\\\/www.naturalscience.org\\\/#website\"},\"primaryImageOfPage\":{\"@id\":\"https:\\\/\\\/www.naturalscience.org\\\/de\\\/news\\\/2021\\\/03\\\/asymptomatisch-bis-das-gegenteil-bewiesen-ist-sars-cov-2-tests-ihre-fehlanwendung-und-durch-sie-verursachte-falschdarstellung\\\/#primaryimage\"},\"image\":{\"@id\":\"https:\\\/\\\/www.naturalscience.org\\\/de\\\/news\\\/2021\\\/03\\\/asymptomatisch-bis-das-gegenteil-bewiesen-ist-sars-cov-2-tests-ihre-fehlanwendung-und-durch-sie-verursachte-falschdarstellung\\\/#primaryimage\"},\"thumbnailUrl\":\"https:\\\/\\\/www.naturalscience.org\\\/wp-content\\\/uploads\\\/2021\\\/02\\\/AdobeStock_339130416-300x150.jpeg\",\"datePublished\":\"2021-03-02T15:13:07+00:00\",\"dateModified\":\"2021-06-12T18:25:10+00:00\",\"author\":{\"@id\":\"https:\\\/\\\/www.naturalscience.org\\\/#\\\/schema\\\/person\\\/f3e16bb7057b29f8593016bf70a42022\"},\"breadcrumb\":{\"@id\":\"https:\\\/\\\/www.naturalscience.org\\\/de\\\/news\\\/2021\\\/03\\\/asymptomatisch-bis-das-gegenteil-bewiesen-ist-sars-cov-2-tests-ihre-fehlanwendung-und-durch-sie-verursachte-falschdarstellung\\\/#breadcrumb\"},\"inLanguage\":\"de\",\"potentialAction\":[{\"@type\":\"ReadAction\",\"target\":[\"https:\\\/\\\/www.naturalscience.org\\\/de\\\/news\\\/2021\\\/03\\\/asymptomatisch-bis-das-gegenteil-bewiesen-ist-sars-cov-2-tests-ihre-fehlanwendung-und-durch-sie-verursachte-falschdarstellung\\\/\"]}]},{\"@type\":\"ImageObject\",\"inLanguage\":\"de\",\"@id\":\"https:\\\/\\\/www.naturalscience.org\\\/de\\\/news\\\/2021\\\/03\\\/asymptomatisch-bis-das-gegenteil-bewiesen-ist-sars-cov-2-tests-ihre-fehlanwendung-und-durch-sie-verursachte-falschdarstellung\\\/#primaryimage\",\"url\":\"https:\\\/\\\/www.naturalscience.org\\\/wp-content\\\/uploads\\\/2021\\\/02\\\/AdobeStock_339130416-300x150.jpeg\",\"contentUrl\":\"https:\\\/\\\/www.naturalscience.org\\\/wp-content\\\/uploads\\\/2021\\\/02\\\/AdobeStock_339130416-300x150.jpeg\"},{\"@type\":\"BreadcrumbList\",\"@id\":\"https:\\\/\\\/www.naturalscience.org\\\/de\\\/news\\\/2021\\\/03\\\/asymptomatisch-bis-das-gegenteil-bewiesen-ist-sars-cov-2-tests-ihre-fehlanwendung-und-durch-sie-verursachte-falschdarstellung\\\/#breadcrumb\",\"itemListElement\":[{\"@type\":\"ListItem\",\"position\":1,\"name\":\"Home\",\"item\":\"https:\\\/\\\/www.naturalscience.org\\\/de\\\/\"},{\"@type\":\"ListItem\",\"position\":2,\"name\":\"Asymptomatisch, bis das Gegenteil bewiesen ist: SARS-CoV-2-Tests: ihre Fehlanwendung und durch sie verursachte Falschdarstellung\"}]},{\"@type\":\"WebSite\",\"@id\":\"https:\\\/\\\/www.naturalscience.org\\\/#website\",\"url\":\"https:\\\/\\\/www.naturalscience.org\\\/\",\"name\":\"The World Foundation for Natural Science\",\"description\":\"Restoring and Healing the World through Responsibility and Commitment in accord with Natural and Divine Law!\",\"potentialAction\":[{\"@type\":\"SearchAction\",\"target\":{\"@type\":\"EntryPoint\",\"urlTemplate\":\"https:\\\/\\\/www.naturalscience.org\\\/?s={search_term_string}\"},\"query-input\":{\"@type\":\"PropertyValueSpecification\",\"valueRequired\":true,\"valueName\":\"search_term_string\"}}],\"inLanguage\":\"de\"},{\"@type\":\"Person\",\"@id\":\"https:\\\/\\\/www.naturalscience.org\\\/#\\\/schema\\\/person\\\/f3e16bb7057b29f8593016bf70a42022\",\"name\":\"Monika Waldmann\",\"image\":{\"@type\":\"ImageObject\",\"inLanguage\":\"de\",\"@id\":\"https:\\\/\\\/secure.gravatar.com\\\/avatar\\\/54dfb6ad0fbcf54c252c37d8d2c1a44e41b462185db44d9c8124801f3b41b6ec?s=96&d=mm&r=g\",\"url\":\"https:\\\/\\\/secure.gravatar.com\\\/avatar\\\/54dfb6ad0fbcf54c252c37d8d2c1a44e41b462185db44d9c8124801f3b41b6ec?s=96&d=mm&r=g\",\"contentUrl\":\"https:\\\/\\\/secure.gravatar.com\\\/avatar\\\/54dfb6ad0fbcf54c252c37d8d2c1a44e41b462185db44d9c8124801f3b41b6ec?s=96&d=mm&r=g\",\"caption\":\"Monika Waldmann\"}}]}<\/script>\n<!-- \/ Yoast SEO plugin. -->","yoast_head_json":{"title":"Asymptomatisch, bis das Gegenteil bewiesen ist: SARS-CoV-2-Tests: ihre Fehlanwendung und durch sie verursachte Falschdarstellung - The World Foundation for Natural Science","robots":{"index":"index","follow":"follow","max-snippet":"max-snippet:-1","max-image-preview":"max-image-preview:large","max-video-preview":"max-video-preview:-1"},"canonical":"https:\/\/www.naturalscience.org\/de\/news\/2021\/03\/asymptomatisch-bis-das-gegenteil-bewiesen-ist-sars-cov-2-tests-ihre-fehlanwendung-und-durch-sie-verursachte-falschdarstellung\/","twitter_misc":{"Verfasst von":"Monika Waldmann","Gesch\u00e4tzte Lesezeit":"13\u00a0Minuten"},"schema":{"@context":"https:\/\/schema.org","@graph":[{"@type":"Article","@id":"https:\/\/www.naturalscience.org\/de\/news\/2021\/03\/asymptomatisch-bis-das-gegenteil-bewiesen-ist-sars-cov-2-tests-ihre-fehlanwendung-und-durch-sie-verursachte-falschdarstellung\/#article","isPartOf":{"@id":"https:\/\/www.naturalscience.org\/de\/news\/2021\/03\/asymptomatisch-bis-das-gegenteil-bewiesen-ist-sars-cov-2-tests-ihre-fehlanwendung-und-durch-sie-verursachte-falschdarstellung\/"},"author":{"name":"Monika Waldmann","@id":"https:\/\/www.naturalscience.org\/#\/schema\/person\/f3e16bb7057b29f8593016bf70a42022"},"headline":"Asymptomatisch, bis das Gegenteil bewiesen ist: SARS-CoV-2-Tests: ihre Fehlanwendung und durch sie verursachte Falschdarstellung","datePublished":"2021-03-02T15:13:07+00:00","dateModified":"2021-06-12T18:25:10+00:00","mainEntityOfPage":{"@id":"https:\/\/www.naturalscience.org\/de\/news\/2021\/03\/asymptomatisch-bis-das-gegenteil-bewiesen-ist-sars-cov-2-tests-ihre-fehlanwendung-und-durch-sie-verursachte-falschdarstellung\/"},"wordCount":2627,"image":{"@id":"https:\/\/www.naturalscience.org\/de\/news\/2021\/03\/asymptomatisch-bis-das-gegenteil-bewiesen-ist-sars-cov-2-tests-ihre-fehlanwendung-und-durch-sie-verursachte-falschdarstellung\/#primaryimage"},"thumbnailUrl":"https:\/\/www.naturalscience.org\/wp-content\/uploads\/2021\/02\/AdobeStock_339130416-300x150.jpeg","keywords":["covid-19"],"articleSection":["Coronavirus","Gesundheit"],"inLanguage":"de"},{"@type":"WebPage","@id":"https:\/\/www.naturalscience.org\/de\/news\/2021\/03\/asymptomatisch-bis-das-gegenteil-bewiesen-ist-sars-cov-2-tests-ihre-fehlanwendung-und-durch-sie-verursachte-falschdarstellung\/","url":"https:\/\/www.naturalscience.org\/de\/news\/2021\/03\/asymptomatisch-bis-das-gegenteil-bewiesen-ist-sars-cov-2-tests-ihre-fehlanwendung-und-durch-sie-verursachte-falschdarstellung\/","name":"Asymptomatisch, bis das Gegenteil bewiesen ist: SARS-CoV-2-Tests: ihre Fehlanwendung und durch sie verursachte Falschdarstellung - The World Foundation for Natural Science","isPartOf":{"@id":"https:\/\/www.naturalscience.org\/#website"},"primaryImageOfPage":{"@id":"https:\/\/www.naturalscience.org\/de\/news\/2021\/03\/asymptomatisch-bis-das-gegenteil-bewiesen-ist-sars-cov-2-tests-ihre-fehlanwendung-und-durch-sie-verursachte-falschdarstellung\/#primaryimage"},"image":{"@id":"https:\/\/www.naturalscience.org\/de\/news\/2021\/03\/asymptomatisch-bis-das-gegenteil-bewiesen-ist-sars-cov-2-tests-ihre-fehlanwendung-und-durch-sie-verursachte-falschdarstellung\/#primaryimage"},"thumbnailUrl":"https:\/\/www.naturalscience.org\/wp-content\/uploads\/2021\/02\/AdobeStock_339130416-300x150.jpeg","datePublished":"2021-03-02T15:13:07+00:00","dateModified":"2021-06-12T18:25:10+00:00","author":{"@id":"https:\/\/www.naturalscience.org\/#\/schema\/person\/f3e16bb7057b29f8593016bf70a42022"},"breadcrumb":{"@id":"https:\/\/www.naturalscience.org\/de\/news\/2021\/03\/asymptomatisch-bis-das-gegenteil-bewiesen-ist-sars-cov-2-tests-ihre-fehlanwendung-und-durch-sie-verursachte-falschdarstellung\/#breadcrumb"},"inLanguage":"de","potentialAction":[{"@type":"ReadAction","target":["https:\/\/www.naturalscience.org\/de\/news\/2021\/03\/asymptomatisch-bis-das-gegenteil-bewiesen-ist-sars-cov-2-tests-ihre-fehlanwendung-und-durch-sie-verursachte-falschdarstellung\/"]}]},{"@type":"ImageObject","inLanguage":"de","@id":"https:\/\/www.naturalscience.org\/de\/news\/2021\/03\/asymptomatisch-bis-das-gegenteil-bewiesen-ist-sars-cov-2-tests-ihre-fehlanwendung-und-durch-sie-verursachte-falschdarstellung\/#primaryimage","url":"https:\/\/www.naturalscience.org\/wp-content\/uploads\/2021\/02\/AdobeStock_339130416-300x150.jpeg","contentUrl":"https:\/\/www.naturalscience.org\/wp-content\/uploads\/2021\/02\/AdobeStock_339130416-300x150.jpeg"},{"@type":"BreadcrumbList","@id":"https:\/\/www.naturalscience.org\/de\/news\/2021\/03\/asymptomatisch-bis-das-gegenteil-bewiesen-ist-sars-cov-2-tests-ihre-fehlanwendung-und-durch-sie-verursachte-falschdarstellung\/#breadcrumb","itemListElement":[{"@type":"ListItem","position":1,"name":"Home","item":"https:\/\/www.naturalscience.org\/de\/"},{"@type":"ListItem","position":2,"name":"Asymptomatisch, bis das Gegenteil bewiesen ist: SARS-CoV-2-Tests: ihre Fehlanwendung und durch sie verursachte Falschdarstellung"}]},{"@type":"WebSite","@id":"https:\/\/www.naturalscience.org\/#website","url":"https:\/\/www.naturalscience.org\/","name":"The World Foundation for Natural Science","description":"Restoring and Healing the World through Responsibility and Commitment in accord with Natural and Divine Law!","potentialAction":[{"@type":"SearchAction","target":{"@type":"EntryPoint","urlTemplate":"https:\/\/www.naturalscience.org\/?s={search_term_string}"},"query-input":{"@type":"PropertyValueSpecification","valueRequired":true,"valueName":"search_term_string"}}],"inLanguage":"de"},{"@type":"Person","@id":"https:\/\/www.naturalscience.org\/#\/schema\/person\/f3e16bb7057b29f8593016bf70a42022","name":"Monika Waldmann","image":{"@type":"ImageObject","inLanguage":"de","@id":"https:\/\/secure.gravatar.com\/avatar\/54dfb6ad0fbcf54c252c37d8d2c1a44e41b462185db44d9c8124801f3b41b6ec?s=96&d=mm&r=g","url":"https:\/\/secure.gravatar.com\/avatar\/54dfb6ad0fbcf54c252c37d8d2c1a44e41b462185db44d9c8124801f3b41b6ec?s=96&d=mm&r=g","contentUrl":"https:\/\/secure.gravatar.com\/avatar\/54dfb6ad0fbcf54c252c37d8d2c1a44e41b462185db44d9c8124801f3b41b6ec?s=96&d=mm&r=g","caption":"Monika Waldmann"}}]}},"_links":{"self":[{"href":"https:\/\/www.naturalscience.org\/de\/wp-json\/wp\/v2\/posts\/34565","targetHints":{"allow":["GET"]}}],"collection":[{"href":"https:\/\/www.naturalscience.org\/de\/wp-json\/wp\/v2\/posts"}],"about":[{"href":"https:\/\/www.naturalscience.org\/de\/wp-json\/wp\/v2\/types\/post"}],"author":[{"embeddable":true,"href":"https:\/\/www.naturalscience.org\/de\/wp-json\/wp\/v2\/users\/11"}],"replies":[{"embeddable":true,"href":"https:\/\/www.naturalscience.org\/de\/wp-json\/wp\/v2\/comments?post=34565"}],"version-history":[{"count":6,"href":"https:\/\/www.naturalscience.org\/de\/wp-json\/wp\/v2\/posts\/34565\/revisions"}],"predecessor-version":[{"id":35423,"href":"https:\/\/www.naturalscience.org\/de\/wp-json\/wp\/v2\/posts\/34565\/revisions\/35423"}],"wp:attachment":[{"href":"https:\/\/www.naturalscience.org\/de\/wp-json\/wp\/v2\/media?parent=34565"}],"wp:term":[{"taxonomy":"category","embeddable":true,"href":"https:\/\/www.naturalscience.org\/de\/wp-json\/wp\/v2\/categories?post=34565"},{"taxonomy":"post_tag","embeddable":true,"href":"https:\/\/www.naturalscience.org\/de\/wp-json\/wp\/v2\/tags?post=34565"}],"curies":[{"name":"wp","href":"https:\/\/api.w.org\/{rel}","templated":true}]}}