{"id":33366,"date":"2020-06-18T08:44:54","date_gmt":"2020-06-18T06:44:54","guid":{"rendered":"https:\/\/www.naturalscience.org\/?p=33366"},"modified":"2021-06-12T20:40:30","modified_gmt":"2021-06-12T18:40:30","slug":"sind-impfungen-wirklich-der-einzige-weg-um-die-menschheit-vor-pandemien-zu-schuetzen","status":"publish","type":"post","link":"https:\/\/www.naturalscience.org\/de\/news\/2020\/06\/sind-impfungen-wirklich-der-einzige-weg-um-die-menschheit-vor-pandemien-zu-schuetzen\/","title":{"rendered":"Sind Impfungen wirklich der einzige Weg, um die Menschheit vor Pandemien zu sch\u00fctzen?"},"content":{"rendered":"<p>Die Corona-Pandemie hinterl\u00e4sst global deutliche Spuren in Gesellschaft, Wirtschaft und Medizin \u2013 und auch im Bewusstsein und im sozialen Umgang der Menschen untereinander. Die einen beginnen, komplexe Zusammenh\u00e4nge zu hinterfragen, viele verlassen sich allein auf die Aussagen der offiziellen Stellen und Medienberichte und wieder andere verharren ganz in der Angst vor dem Erreger, der Krankheit oder der Zukunft.<\/p>\n<p>Weltweit wird nun von vielen Entscheidungstr\u00e4gern in Politik, Wirtschaft und Medizin einhellig die Meinung ge\u00e4u\u00dfert, dass die aktuelle Pandemie nur endg\u00fcltig gestoppt werden k\u00f6nne, wenn ein Impfstoff gegen das Coronavirus entwickelt, verf\u00fcgbar und fl\u00e4chendeckend eingesetzt werde. Solche und \u00e4hnliche Aussagen von Virologen, Epidemiologen oder Politikern werden von den Medien in der Regel unreflektiert wiedergegeben.<strong> Es sind kaum kritische Stimmen zu vernehmen<\/strong>, au\u00dfer in den unabh\u00e4ngigen Medien.<\/p>\n<p>Die Coronakrise wirft brennende Fragen auf (vgl. auch Artikel-Ende), die wir als Individuum sowie als Kollektiv stellen m\u00fcssen, zum einen, um die j\u00fcngsten Vorg\u00e4nge mit ihren Gr\u00fcnden und weitreichenden Folgen zu verstehen \u2013 und zum anderen, <strong>um von Verantwortlichen und Entscheidungstr\u00e4gern klare und ehrliche Antworten zu bekommen<\/strong>, sodass wir gemeinsam Lehren daraus ziehen k\u00f6nnen. Zun\u00e4chst aber gibt es einige Hintergr\u00fcnde zu erl\u00e4utern, die rund um das Thema der insbesondere in den letzten 15 Jahren initiierten Impfbestrebungen auffallen, sobald man beginnt, genauer hinzusehen.<\/p>\n<p><strong><img loading=\"lazy\" decoding=\"async\" class=\"size-medium wp-image-33370 aligncenter\" src=\"https:\/\/www.naturalscience.org\/wp-content\/uploads\/2020\/06\/AdobeStock_324543972_Editorial_Use_Only-300x200.jpeg\" alt=\"\" width=\"300\" height=\"200\" srcset=\"https:\/\/www.naturalscience.org\/wp-content\/uploads\/2020\/06\/AdobeStock_324543972_Editorial_Use_Only-300x200.jpeg 300w, https:\/\/www.naturalscience.org\/wp-content\/uploads\/2020\/06\/AdobeStock_324543972_Editorial_Use_Only-1024x683.jpeg 1024w, https:\/\/www.naturalscience.org\/wp-content\/uploads\/2020\/06\/AdobeStock_324543972_Editorial_Use_Only-768x512.jpeg 768w, https:\/\/www.naturalscience.org\/wp-content\/uploads\/2020\/06\/AdobeStock_324543972_Editorial_Use_Only-1536x1024.jpeg 1536w, https:\/\/www.naturalscience.org\/wp-content\/uploads\/2020\/06\/AdobeStock_324543972_Editorial_Use_Only-2048x1365.jpeg 2048w, https:\/\/www.naturalscience.org\/wp-content\/uploads\/2020\/06\/AdobeStock_324543972_Editorial_Use_Only-164x109.jpeg 164w, https:\/\/www.naturalscience.org\/wp-content\/uploads\/2020\/06\/AdobeStock_324543972_Editorial_Use_Only-400x267.jpeg 400w, https:\/\/www.naturalscience.org\/wp-content\/uploads\/2020\/06\/AdobeStock_324543972_Editorial_Use_Only-500x333.jpeg 500w\" sizes=\"auto, (max-width: 300px) 100vw, 300px\" \/>Die Weltgesundheitsorganisation WHO, die zu rund 80 Prozent durch Spendengelder und Stiftungen \u2013 und damit interessengebunden \u2013 finanziert wird <\/strong><span class=\"footnote_referrer\"><a role=\"button\" tabindex=\"0\" onclick=\"footnote_moveToReference_33366_1('footnote_plugin_reference_33366_1_1');\" onkeypress=\"footnote_moveToReference_33366_1('footnote_plugin_reference_33366_1_1');\" ><sup id=\"footnote_plugin_tooltip_33366_1_1\" class=\"footnote_plugin_tooltip_text\">1)<\/sup><\/a><span id=\"footnote_plugin_tooltip_text_33366_1_1\" class=\"footnote_tooltip\">Frumkina, N. (2020): Wer finanziert die WHO?, Tagesschau, online article from 23.04.2020, siehe auch: <a href=\"https:\/\/www.tagesschau.de\/faktenfinder\/who-finanzierung-101.html\" target=\"_blank\" rel=\"noopener noreferrer\"><span class=\"footnote_url_wrap\">https:\/\/www.tagesschau.de\/faktenfinder\/who-finanzierung-101.html<\/span><\/a>, siehe auch: Day M, Who&#8217;s funding WHO? BMJ. 2007;334(7589):338 340. \/ doi:10.1136 \/ bmj.39119.519664.BE<\/span><\/span><script type=\"text\/javascript\"> jQuery('#footnote_plugin_tooltip_33366_1_1').tooltip({ tip: '#footnote_plugin_tooltip_text_33366_1_1', tipClass: 'footnote_tooltip', effect: 'fade', predelay: 0, fadeInSpeed: 200, delay: 400, fadeOutSpeed: 200, position: 'top right', relative: true, offset: [10, 10], });<\/script>, und ihr wichtigster privater Sponsor, Microsoft-Gr\u00fcnder Bill Gates mit seiner Bill &amp; Melinda Gates-Stiftung <span class=\"footnote_referrer\"><a role=\"button\" tabindex=\"0\" onclick=\"footnote_moveToReference_33366_1('footnote_plugin_reference_33366_1_2');\" onkeypress=\"footnote_moveToReference_33366_1('footnote_plugin_reference_33366_1_2');\" ><sup id=\"footnote_plugin_tooltip_33366_1_2\" class=\"footnote_plugin_tooltip_text\">2)<\/sup><\/a><span id=\"footnote_plugin_tooltip_text_33366_1_2\" class=\"footnote_tooltip\">Kadama P.Y., B. Lee, H. Hamdani, P. Rundall, J. Schaber, B. Jeffrey et al. (2017): Conflict of interest safeguards far too weak to protect WHO from influence of regulated industries (the case of the Bill and Melinda Gates Foundation), Open Letter to the Executive Board of the World Health Organization, January 2017<\/span><\/span><script type=\"text\/javascript\"> jQuery('#footnote_plugin_tooltip_33366_1_2').tooltip({ tip: '#footnote_plugin_tooltip_text_33366_1_2', tipClass: 'footnote_tooltip', effect: 'fade', predelay: 0, fadeInSpeed: 200, delay: 400, fadeOutSpeed: 200, position: 'top right', relative: true, offset: [10, 10], });<\/script>, stehen bei den Bem\u00fchungen zu Massenimpfprogrammen seit Jahren im Mittelpunkt. Gates ist seit vielen Jahren bei vielen Impfprogrammen federf\u00fchrend. Jedoch werden seine Person und sein Engagement mittlerweile aufgrund diverser Pannen, Gerichtsverfahren und Negativschlagzeilen auch sehr kontrovers diskutiert. Aktuell ist Gates sehr aktiv im Sponsoring und in der F\u00f6rderung der Entwicklung eines Impfstoffes gegen COVID-19 und wirkt dementsprechend in den Medien erneut als starker Publikumsmagnet und Meinungsmacher.<\/p>\n<p><strong>Auf der globalen Ebene bleibt derweil die Frage unbeantwortet, in welche Interessenkonflikte sich die WHO eigentlich hineinman\u00f6vriert hat.<\/strong> Die Gewinner des globalen Kapitalismus scheinen dar\u00fcber zu befinden, wie die Probleme der Verlierer zu l\u00f6sen sind. Milliardenschwere Trusts und selbsternannte Philanthropen \u00e0 la Bill und Melinda Gates oder Warren Buffett bestimmen die sozialen und humanit\u00e4ren Sektoren, die zugleich von der Idee gepr\u00e4gt sind, dass Gesch\u00e4ftsleute und Gesch\u00e4ftsmethoden besonders daf\u00fcr geeignet seien, weltweit das Leben der Menschen zu verbessern <span class=\"footnote_referrer\"><a role=\"button\" tabindex=\"0\" onclick=\"footnote_moveToReference_33366_1('footnote_plugin_reference_33366_1_3');\" onkeypress=\"footnote_moveToReference_33366_1('footnote_plugin_reference_33366_1_3');\" ><sup id=\"footnote_plugin_tooltip_33366_1_3\" class=\"footnote_plugin_tooltip_text\">3)<\/sup><\/a><span id=\"footnote_plugin_tooltip_text_33366_1_3\" class=\"footnote_tooltip\">Kleinebeckel, A. (2020): The Money Question, Telepolis, online article from 19.03.2020, siehe auch:<a href=\"https:\/\/www.heise.de\/tp\/features\/The-Money-Question-4684441.html\" target=\"_blank\" rel=\"noopener noreferrer\"> <span class=\"footnote_url_wrap\">https:\/\/www.heise.de\/tp\/features\/The-Money-Question-4684441.html<\/span><\/a><\/span><\/span><script type=\"text\/javascript\"> jQuery('#footnote_plugin_tooltip_33366_1_3').tooltip({ tip: '#footnote_plugin_tooltip_text_33366_1_3', tipClass: 'footnote_tooltip', effect: 'fade', predelay: 0, fadeInSpeed: 200, delay: 400, fadeOutSpeed: 200, position: 'top right', relative: true, offset: [10, 10], });<\/script>.<\/p>\n<p>F\u00fcr Bill Gates geh\u00f6ren Impfstoffe zu einer gr\u00f6\u00dferen globalen Strategie: Sie sollen die Gesundheit in Dritt-Welt-L\u00e4ndern verbessern und dort somit eine Verringerung des Bev\u00f6lkerungswachstums von bis zu 15 Prozent verursachen. Nebenbei argumentiert Gates, dass zum Erreichen dieser Ziele auch Ma\u00dfnahmen im Gesundheitswesen und der Reproduktionsmedizin n\u00f6tig w\u00e4ren, dazu nachfolgend mehr.<\/p>\n<p><img loading=\"lazy\" decoding=\"async\" class=\"size-medium wp-image-33374 alignleft\" src=\"https:\/\/www.naturalscience.org\/wp-content\/uploads\/2020\/06\/AdobeStock_76643934-300x199.jpg\" alt=\"\" width=\"300\" height=\"199\" srcset=\"https:\/\/www.naturalscience.org\/wp-content\/uploads\/2020\/06\/AdobeStock_76643934-300x199.jpg 300w, https:\/\/www.naturalscience.org\/wp-content\/uploads\/2020\/06\/AdobeStock_76643934-1024x678.jpg 1024w, https:\/\/www.naturalscience.org\/wp-content\/uploads\/2020\/06\/AdobeStock_76643934-768x509.jpg 768w, https:\/\/www.naturalscience.org\/wp-content\/uploads\/2020\/06\/AdobeStock_76643934-164x109.jpg 164w, https:\/\/www.naturalscience.org\/wp-content\/uploads\/2020\/06\/AdobeStock_76643934-400x265.jpg 400w, https:\/\/www.naturalscience.org\/wp-content\/uploads\/2020\/06\/AdobeStock_76643934-500x331.jpg 500w, https:\/\/www.naturalscience.org\/wp-content\/uploads\/2020\/06\/AdobeStock_76643934.jpg 1200w\" sizes=\"auto, (max-width: 300px) 100vw, 300px\" \/><\/p>\n<p><strong>Auf diese Weise soll auch die Kontrolle \u00fcber die globale Gesundheitspolitik gef\u00f6rdert werden.<\/strong> Gates\u2019 \u00dcberzeugung von der absoluten Notwendigkeit von Impfstoffen wird durch seinen Glauben angetrieben, dass die Welt durch Technologie zu retten sei <span class=\"footnote_referrer\"><a role=\"button\" tabindex=\"0\" onclick=\"footnote_moveToReference_33366_1('footnote_plugin_reference_33366_1_4');\" onkeypress=\"footnote_moveToReference_33366_1('footnote_plugin_reference_33366_1_4');\" ><sup id=\"footnote_plugin_tooltip_33366_1_4\" class=\"footnote_plugin_tooltip_text\">4)<\/sup><\/a><span id=\"footnote_plugin_tooltip_text_33366_1_4\" class=\"footnote_tooltip\">Kennedy R.F. (2020): Gates\u2019 Globalist Vaccine Agenda: A Win-Win for Pharma and Mandatory Vaccination, Children\u2019s Health Defense, online article from 09.04.2020, siehe auch: <a href=\"https:\/\/childrenshealthdefense.org\/news\/government-corruption\/gates-globalist-vaccine-agenda-a-win-win-for-pharma-and-mandatory-vaccination\/\" target=\"_blank\" rel=\"noopener noreferrer\"><span class=\"footnote_url_wrap\">https:\/\/childrenshealthdefense.org\/news\/government-corruption\/gates-globalist-vaccine-agenda-a-win-win-for-pharma-and-mandatory-vaccination\/<\/span><\/a><\/span><\/span><script type=\"text\/javascript\"> jQuery('#footnote_plugin_tooltip_33366_1_4').tooltip({ tip: '#footnote_plugin_tooltip_text_33366_1_4', tipClass: 'footnote_tooltip', effect: 'fade', predelay: 0, fadeInSpeed: 200, delay: 400, fadeOutSpeed: 200, position: 'top right', relative: true, offset: [10, 10], });<\/script>. So hatte er zum Beispiel versprochen, von den ben\u00f6tigten 1,2 Milliarden Dollar f\u00fcr die Ausrottung der Kinderl\u00e4hmung selbst einen Anteil von 450 Millionen <span class=\"footnote_referrer\"><a role=\"button\" tabindex=\"0\" onclick=\"footnote_moveToReference_33366_1('footnote_plugin_reference_33366_1_5');\" onkeypress=\"footnote_moveToReference_33366_1('footnote_plugin_reference_33366_1_5');\" ><sup id=\"footnote_plugin_tooltip_33366_1_5\" class=\"footnote_plugin_tooltip_text\">5)<\/sup><\/a><span id=\"footnote_plugin_tooltip_text_33366_1_5\" class=\"footnote_tooltip\">PND (2017): Gates, Others Pledge $1.2 Billion to Eradicate Polio, Philanthropy News Digest, online article from 13.06.2017, siehe auch: <span class=\"footnote_url_wrap\">https:\/\/philanthropynewsdigest.org\/news\/gates-others-pledge-1.2-billion-to-eradicate-polio<\/span><\/span><\/span><script type=\"text\/javascript\"> jQuery('#footnote_plugin_tooltip_33366_1_5').tooltip({ tip: '#footnote_plugin_tooltip_text_33366_1_5', tipClass: 'footnote_tooltip', effect: 'fade', predelay: 0, fadeInSpeed: 200, delay: 400, fadeOutSpeed: 200, position: 'top right', relative: true, offset: [10, 10], });<\/script> aufzubringen. Damit \u00fcbernahm er faktisch die Kontrolle \u00fcber Indiens Nationale Technische Beratungsgruppe f\u00fcr Immunisierung (NTAGI). Diese schrieb unter anderem f\u00fcr Kinder <strong>vor dem f\u00fcnften Lebensjahr bis zu 27 Impfungen <\/strong><span class=\"footnote_referrer\"><a role=\"button\" tabindex=\"0\" onclick=\"footnote_moveToReference_33366_1('footnote_plugin_reference_33366_1_6');\" onkeypress=\"footnote_moveToReference_33366_1('footnote_plugin_reference_33366_1_6');\" ><sup id=\"footnote_plugin_tooltip_33366_1_6\" class=\"footnote_plugin_tooltip_text\">6)<\/sup><\/a><span id=\"footnote_plugin_tooltip_text_33366_1_6\" class=\"footnote_tooltip\">MMWR (2010): Progress Toward Poliomyelitis Eradication \u2014 India, January 2009\u2013October 2010, Morbidity and Mortality Weekly Report (MMWR) December 10, 2010 \/ Vol. 59 \/ No. 48, Centers for Disease Control and Prevention 1600 Clifton Road Atlanta, GA 30329-4027, USA, siehe auch: <a href=\"https:\/\/www.cdc.gov\/mmwr\/preview\/mmwrhtml\/mm5948a3.htm\" target=\"_blank\" rel=\"noopener noreferrer\"><span class=\"footnote_url_wrap\">https:\/\/www.cdc.gov\/mmwr\/preview\/mmwrhtml\/mm5948a3.htm<\/span><\/a>, siehe Grafik 2.<\/span><\/span><script type=\"text\/javascript\"> jQuery('#footnote_plugin_tooltip_33366_1_6').tooltip({ tip: '#footnote_plugin_tooltip_text_33366_1_6', tipClass: 'footnote_tooltip', effect: 'fade', predelay: 0, fadeInSpeed: 200, delay: 400, fadeOutSpeed: 200, position: 'top right', relative: true, offset: [10, 10], });<\/script><strong> gegen Polio<\/strong> durch sich \u00fcberschneidende Impfprogramme vor.<\/p>\n<h2>L\u00e4hmungen durch Impfungen<\/h2>\n<p>Der letzte Fall von Kinderl\u00e4hmung (Poliomyelitis oder Akute schlaffe Paralyse AFP) wurde in Indien 2011 gemeldet. Hingegen blieben die Zahlen der mit Polio verwandten Erkrankung, der Non-Polio-AFP (NPAFP) unerkl\u00e4rlich hoch. Die zu erwartende Rate der NPAFP lag bei 1-2 F\u00e4llen pro 100&#8217;000 Menschen, doch die Anzahl tats\u00e4chlich gez\u00e4hlter F\u00e4lle betrug 13,35\/100&#8217;000. Dies machte die indischen Forscher und Mediziner stutzig. Eine 2018 ver\u00f6ffentlichte Studie <span class=\"footnote_referrer\"><a role=\"button\" tabindex=\"0\" onclick=\"footnote_moveToReference_33366_1('footnote_plugin_reference_33366_1_7');\" onkeypress=\"footnote_moveToReference_33366_1('footnote_plugin_reference_33366_1_7');\" ><sup id=\"footnote_plugin_tooltip_33366_1_7\" class=\"footnote_plugin_tooltip_text\">7)<\/sup><\/a><span id=\"footnote_plugin_tooltip_text_33366_1_7\" class=\"footnote_tooltip\">Dhiman, R.; Prakash, S.C.; Sreenivas, V.; Puliyel, J. Correlation between Non-Polio Acute Flaccid Paralysis Rates with Pulse Polio Frequency in India. Int. J. Environ. Res. Public Health 2018, 15, 1755, DOI: 10.3390\/ijerph15081755<\/span><\/span><script type=\"text\/javascript\"> jQuery('#footnote_plugin_tooltip_33366_1_7').tooltip({ tip: '#footnote_plugin_tooltip_text_33366_1_7', tipClass: 'footnote_tooltip', effect: 'fade', predelay: 0, fadeInSpeed: 200, delay: 400, fadeOutSpeed: 200, position: 'top right', relative: true, offset: [10, 10], });<\/script> ergab, dass die Anzahl der abgegebenen Polio-Impfdosen (Schluckimpfungen) mit dem Auftreten der NPAFP korrelierte. So waren die NPAFP-F\u00e4lle in den indischen Bundesstaaten Uttar Pradesh und Bihar besonders zahlreich, also genau dort, wo am meisten gegen Polio geimpft wurde. <strong>Wurde die Anzahl der Impfdosen reduziert, gingen die Erkrankungszahlen ebenfalls rapide zur\u00fcck.<\/strong><\/p>\n<p>Diese ern\u00fcchternde Erkenntnis wird mittlerweile auch von der Wissenschaft best\u00e4tigt: \u201eDas ist eigentlich ein interessantes R\u00e4tsel. <strong>Genau das Werkzeug, das Sie f\u00fcr die Polio-Ausrottung einsetzen, ist die Ursache des Problems\u201d<\/strong>, sagt Raul Andino, Professor f\u00fcr Mikrobiologie an der Universit\u00e4t von Kalifornien in San Francisco zu den Auswirkungen des Polio-Impfstoffes <span class=\"footnote_referrer\"><a role=\"button\" tabindex=\"0\" onclick=\"footnote_moveToReference_33366_1('footnote_plugin_reference_33366_1_8');\" onkeypress=\"footnote_moveToReference_33366_1('footnote_plugin_reference_33366_1_8');\" ><sup id=\"footnote_plugin_tooltip_33366_1_8\" class=\"footnote_plugin_tooltip_text\">8)<\/sup><\/a><span id=\"footnote_plugin_tooltip_text_33366_1_8\" class=\"footnote_tooltip\">Beaubien, J. (2017): Mutant Strains Of Polio Vaccine Now Cause More Paralysis Than Wild Polio, National Public Radio, online article from 28.06.2017, siehe auch: <a href=\"https:\/\/www.npr.org\/sections\/goatsandsoda\/2017\/06\/28\/534403083\/mutant-strains-of-polio-vaccine-now-cause-more-paralysis-than-wild-polio?t=1590829858375\" target=\"_blank\" rel=\"noopener noreferrer\"><span class=\"footnote_url_wrap\">https:\/\/www.npr.org\/sections\/goatsandsoda\/2017\/06\/28\/534403083\/mutant-strains-of-polio-vaccine-now-cause-more-paralysis-than-wild-polio?t=1590829858375<\/span><\/a><\/span><\/span><script type=\"text\/javascript\"> jQuery('#footnote_plugin_tooltip_33366_1_8').tooltip({ tip: '#footnote_plugin_tooltip_text_33366_1_8', tipClass: 'footnote_tooltip', effect: 'fade', predelay: 0, fadeInSpeed: 200, delay: 400, fadeOutSpeed: 200, position: 'top right', relative: true, offset: [10, 10], });<\/script>.<\/p>\n<p><strong>Indien macht die Gates-Impfkampagne f\u00fcr solch verheerende Epidemien wie jene der NPAFP mitverantwortlich.<\/strong> Die NPAFP betraf zwischen 2000 und 2017 491&#8217;000 Kinder mehr<sup>7<\/sup>, als nach den normalen Berechnungen zu erwarten war.<\/p>\n<p>Die j\u00fcngsten Ausbr\u00fcche der als \u201ebesiegt\u201d geglaubten Polio-Erkrankung im Kongo <span class=\"footnote_referrer\"><a role=\"button\" tabindex=\"0\" onclick=\"footnote_moveToReference_33366_1('footnote_plugin_reference_33366_1_9');\" onkeypress=\"footnote_moveToReference_33366_1('footnote_plugin_reference_33366_1_9');\" ><sup id=\"footnote_plugin_tooltip_33366_1_9\" class=\"footnote_plugin_tooltip_text\">9)<\/sup><\/a><span id=\"footnote_plugin_tooltip_text_33366_1_9\" class=\"footnote_tooltip\">Roberts, L. (2018): Alarming polio outbreak spreads in Congo, threatening global eradication efforts, Science Magazine, online article from 02.07.2018, siehe auch: <a href=\"https:\/\/www.sciencemag.org\/news\/2018\/07\/polio-outbreaks-congo-threaten-global-eradication\" target=\"_blank\" rel=\"noopener noreferrer\"><span class=\"footnote_url_wrap\">https:\/\/www.sciencemag.org\/news\/2018\/07\/polio-outbreaks-congo-threaten-global-eradication<\/span><\/a><\/span><\/span><script type=\"text\/javascript\"> jQuery('#footnote_plugin_tooltip_33366_1_9').tooltip({ tip: '#footnote_plugin_tooltip_text_33366_1_9', tipClass: 'footnote_tooltip', effect: 'fade', predelay: 0, fadeInSpeed: 200, delay: 400, fadeOutSpeed: 200, position: 'top right', relative: true, offset: [10, 10], });<\/script> und auf den Philippinen <span class=\"footnote_referrer\"><a role=\"button\" tabindex=\"0\" onclick=\"footnote_moveToReference_33366_1('footnote_plugin_reference_33366_1_10');\" onkeypress=\"footnote_moveToReference_33366_1('footnote_plugin_reference_33366_1_10');\" ><sup id=\"footnote_plugin_tooltip_33366_1_10\" class=\"footnote_plugin_tooltip_text\">10)<\/sup><\/a><span id=\"footnote_plugin_tooltip_text_33366_1_10\" class=\"footnote_tooltip\">WHO (2019): Polio outbreak\u2013 The Philippines, Disease outbreak news, World Health Organisation, online article from 24. 09.2019, siehe auch: <a href=\"https:\/\/www.who.int\/csr\/don\/24-september-2019-polio-outbreak-the-philippines\/en\/\" target=\"_blank\" rel=\"noopener noreferrer\"><span class=\"footnote_url_wrap\">https:\/\/www.who.int\/csr\/don\/24-september-2019-polio-outbreak-the-philippines\/en\/<\/span><\/a><\/span><\/span><script type=\"text\/javascript\"> jQuery('#footnote_plugin_tooltip_33366_1_10').tooltip({ tip: '#footnote_plugin_tooltip_text_33366_1_10', tipClass: 'footnote_tooltip', effect: 'fade', predelay: 0, fadeInSpeed: 200, delay: 400, fadeOutSpeed: 200, position: 'top right', relative: true, offset: [10, 10], });<\/script> stehen alle im Zusammenhang mit Impfstoffen, was auch die WHO zugeben musste. Tats\u00e4chlich waren 2018 <strong>rund 70% der weltweiten Poliof\u00e4lle auf Impfungen zur\u00fcckzuf\u00fchren.<\/strong><sup>4<\/sup><\/p>\n<p>Ein prominenter und scharfer Kritiker der Impfprogramme der Bill &amp; Melinda Gates-Stiftung ist der US-amerikanische Anwalt, Aktivist und Autor Robert F. Kennedy Jr. \u2013 Sohn von Robert F. Kennedy und Neffe des ehemaligen Pr\u00e4sidenten John F. Kennedy \u2013 in seiner Funktion als Vorsitzender der Kinderhilfsorganisation \u201eChildren\u2019s Health Defense\u201c. Kennedy verfolgt die Aktivit\u00e4ten der Gates-Stiftung seit Jahren. In einem seiner neuesten Newsletter-Beitr\u00e4ge kritisiert er den \u201eBill-Gates-Effekt\u201d, wie er es nennt, und zitiert aus einer Studie von Mogensen et al von 2017 <span class=\"footnote_referrer\"><a role=\"button\" tabindex=\"0\" onclick=\"footnote_moveToReference_33366_1('footnote_plugin_reference_33366_1_11');\" onkeypress=\"footnote_moveToReference_33366_1('footnote_plugin_reference_33366_1_11');\" ><sup id=\"footnote_plugin_tooltip_33366_1_11\" class=\"footnote_plugin_tooltip_text\">11)<\/sup><\/a><span id=\"footnote_plugin_tooltip_text_33366_1_11\" class=\"footnote_tooltip\">Mogensen SW., Andersen A., Rodrigues A., Benn CS., Aaby P. The Introduction of Diphtheria-Tetanus-Pertussis and Oral Polio Vaccine Among Young Infants in an Urban African Community: A Natural Experiment. EBioMedicine. 2017;17:192-198. doi:10.1016\/j.ebiom.2017.01.041<\/span><\/span><script type=\"text\/javascript\"> jQuery('#footnote_plugin_tooltip_33366_1_11').tooltip({ tip: '#footnote_plugin_tooltip_text_33366_1_11', tipClass: 'footnote_tooltip', effect: 'fade', predelay: 0, fadeInSpeed: 200, delay: 400, fadeOutSpeed: 200, position: 'top right', relative: true, offset: [10, 10], });<\/script>. Diese belegt, dass die von Gates zweckgebunden finanzierte DTP-Impfkampagne (Diphterie-Tetanus-Pertussis) der WHO in Afrika bei den geimpften Kindern nachfolgend eine erh\u00f6hte Sterblichkeit ausgel\u00f6st hat. Kennedy schreibt, <strong>die Forscher vermuteten, dass der DTP-Impfstoff mehr Kinder t\u00f6tet als die Krankheiten, gegen die er wirken soll.<\/strong><\/p>\n<p>Kennedy: \u201eBill Gates und seine Stellvertreter, GAVI und die WHO, machten DTP f\u00fcr afrikanische Babys zur Priorit\u00e4t. Die d\u00e4nische Regierung und die Novo Nordisk Foundation gaben diese Studie, die von einem Team der weltweit f\u00fchrenden Experten f\u00fcr Impfungen in Afrika ausgef\u00fchrt wurde, in Auftrag. Die beiden prominentesten Autoren, Dr. Soren Mogensen und Dr. Peter Aaby, sind beides entschiedene Impfbef\u00fcrworter. Sie waren schockiert, als sie Daten von einem jahrelangen, sogenannten \u201enat\u00fcrlichen Experiment\u201d in Guinea-Bissau untersuchten, wo 50% der Kinder vor dem f\u00fcnften Lebensjahr sterben. In diesem westafrikanischen Land wurde die H\u00e4lfte der Kinder im Alter von drei Monaten und die andere H\u00e4lfte im Alter von sechs Monaten mit dem DTP-Impfstoff geimpft. Dr. Mogensen und sein Team stellten fest, <strong>dass mit dem DTP-Impfstoff geimpfte M\u00e4dchen zehnmal h\u00e4ufiger starben als ungeimpfte Kinder.<\/strong> Zwar waren die geimpften Kinder vor Diphtherie, Tetanus und Keuchhusten gesch\u00fctzt, doch waren sie weitaus anf\u00e4lliger f\u00fcr andere t\u00f6dliche Krankheiten als nicht geimpfte Gleichaltrige. Der Impfstoff beeintr\u00e4chtigte offenbar ihr Immunsystem.<span class=\"footnote_referrer\"><a role=\"button\" tabindex=\"0\" onclick=\"footnote_moveToReference_33366_1('footnote_plugin_reference_33366_1_12');\" onkeypress=\"footnote_moveToReference_33366_1('footnote_plugin_reference_33366_1_12');\" ><sup id=\"footnote_plugin_tooltip_33366_1_12\" class=\"footnote_plugin_tooltip_text\">12)<\/sup><\/a><span id=\"footnote_plugin_tooltip_text_33366_1_12\" class=\"footnote_tooltip\">Kennedy, R.F. (2020): The Bill Gates Effect: WHO\u2019s DTP Vaccine Killed More Children in Africa Than the Diseases it Targeted, Children\u2019s Health Defense, online article from 23.04.2020, siehe auch: <a href=\"https:\/\/childrenshealthdefense.org\/news\/the-bill-gates-effect-whos-dtp-vaccine-kills-more-children-in-africa-than-the-diseases-it-targets\/\" target=\"_blank\" rel=\"noopener noreferrer\"><span class=\"footnote_url_wrap\">https:\/\/childrenshealthdefense.org\/news\/the-bill-gates-effect-whos-dtp-vaccine-kills-more-children-in-africa-than-the-diseases-it-targets\/<\/span><\/a><\/span><\/span><script type=\"text\/javascript\"> jQuery('#footnote_plugin_tooltip_33366_1_12').tooltip({ tip: '#footnote_plugin_tooltip_text_33366_1_12', tipClass: 'footnote_tooltip', effect: 'fade', predelay: 0, fadeInSpeed: 200, delay: 400, fadeOutSpeed: 200, position: 'top right', relative: true, offset: [10, 10], });<\/script>\u201d<\/p>\n<h2>Ethische Verst\u00f6\u00dfe bei Impfkampagnen<\/h2>\n<p>W\u00e4hrend der MenAfriVac-Kampagne 2012 auf dem afrikanischen Kontinent erlitten mit dem Wissen und unter Einbezug von WHO, GAVI, PATH, UNICEF und der Bill &amp; Melinda Gates-Stiftung <strong>mindestens 40 der rund 500 geimpften Kinder akute Nebenwirkungen mit L\u00e4hmungserscheinungen,<\/strong> ohne dass diese Vorf\u00e4lle von diesen Organisationen oder von den Medien kommentiert worden w\u00e4ren.<span class=\"footnote_referrer\"><a role=\"button\" tabindex=\"0\" onclick=\"footnote_moveToReference_33366_1('footnote_plugin_reference_33366_1_13');\" onkeypress=\"footnote_moveToReference_33366_1('footnote_plugin_reference_33366_1_13');\" ><sup id=\"footnote_plugin_tooltip_33366_1_13\" class=\"footnote_plugin_tooltip_text\">13)<\/sup><\/a><span id=\"footnote_plugin_tooltip_text_33366_1_13\" class=\"footnote_tooltip\">England, C. (2013): Minimum of 40 Children Paralyzed After New Meningitis Vaccine, La Leva di Archimede &#8211; Association for freedom of choice, online article from 06.01.2013, siehe auch: <a href=\"http:\/\/www.laleva.org\/eng\/2013\/01\/minimum_of_40_children_paralyzed_after_new_meningitis_vaccine.html\" target=\"_blank\" rel=\"noopener noreferrer\"><span class=\"footnote_url_wrap\">http:\/\/www.laleva.org\/eng\/2013\/01\/minimum_of_40_children_paralyzed_after_new_meningitis_vaccine.html<\/span><\/a><\/span><\/span><script type=\"text\/javascript\"> jQuery('#footnote_plugin_tooltip_33366_1_13').tooltip({ tip: '#footnote_plugin_tooltip_text_33366_1_13', tipClass: 'footnote_tooltip', effect: 'fade', predelay: 0, fadeInSpeed: 200, delay: 400, fadeOutSpeed: 200, position: 'top right', relative: true, offset: [10, 10], });<\/script><\/p>\n<p>Auch 2013 hatte die indische Regierung in einem Bericht <span class=\"footnote_referrer\"><a role=\"button\" tabindex=\"0\" onclick=\"footnote_moveToReference_33366_1('footnote_plugin_reference_33366_1_14');\" onkeypress=\"footnote_moveToReference_33366_1('footnote_plugin_reference_33366_1_14');\" ><sup id=\"footnote_plugin_tooltip_33366_1_14\" class=\"footnote_plugin_tooltip_text\">14)<\/sup><\/a><span id=\"footnote_plugin_tooltip_text_33366_1_14\" class=\"footnote_tooltip\">Parliament of India &#8211; Rajya Sabha (2013): 72 nd REPORT &#8211; Alleged Irregularities in the Conduct of Studies using Human Papilloma Virus (HPV) Vaccine by Path in India. Department of Health Research, Ministry of Health and Family Welfare. Department-Related Parliamentary Standing on Health And Family welfare, siehe auch: <a href=\"http:\/\/164.100.47.5\/newcommittee\/reports\/EnglishCommittees\/Committee%20on%20Health%20and%20Family%20Welfare\/72.pdf\" target=\"_blank\" rel=\"noopener noreferrer\"><span class=\"footnote_url_wrap\">http:\/\/164.100.47.5\/newcommittee\/reports\/EnglishCommittees\/Committee%20on%20Health%20and%20Family%20Welfare\/72.pdf<\/span><\/a><\/span><\/span><script type=\"text\/javascript\"> jQuery('#footnote_plugin_tooltip_33366_1_14').tooltip({ tip: '#footnote_plugin_tooltip_text_33366_1_14', tipClass: 'footnote_tooltip', effect: 'fade', predelay: 0, fadeInSpeed: 200, delay: 400, fadeOutSpeed: 200, position: 'top right', relative: true, offset: [10, 10], });<\/script> den von Gates finanzierten Programmen weitreichende ethische Verst\u00f6\u00dfe vorgeworfen. Es wurde u.a. festgestellt, dass den zust\u00e4ndigen Beh\u00f6rden <strong>in einem Gro\u00dfteil der F\u00e4lle keine ordnungsgem\u00e4\u00dfen Einverst\u00e4ndniserkl\u00e4rungen f\u00fcr eine Impfung<\/strong> vorlagen. Die meisten M\u00e4dchen stammten aus indigenen Gruppen, die eine eigene Sprache sprechen. Es fand <strong>keine Aufkl\u00e4rung<\/strong> in ihrer Sprache noch auf ihrem Bildungsniveau statt. In anderen F\u00e4llen gaben Schuldirektoren im Namen der Sch\u00fclerinnen ihre Einwilligung in die Behandlung.<\/p>\n<p>Im Jahr 2014 beschuldigte Kenias katholische \u00c4rztevereinigung die WHO, Millionen kenianischer Frauen ohne deren Wissen oder Einverst\u00e4ndnis mit einer \u201eTetanus\u201d-Impfstoffkampagne chemisch zu sterilisieren. Auch Bill Gates \u00e4u\u00dfert sich seit Jahren sehr offen \u00fcber Ma\u00dfnahmen zur Geburtenkontrolle.<span class=\"footnote_referrer\"><a role=\"button\" tabindex=\"0\" onclick=\"footnote_moveToReference_33366_1('footnote_plugin_reference_33366_1_15');\" onkeypress=\"footnote_moveToReference_33366_1('footnote_plugin_reference_33366_1_15');\" ><sup id=\"footnote_plugin_tooltip_33366_1_15\" class=\"footnote_plugin_tooltip_text\">15)<\/sup><\/a><span id=\"footnote_plugin_tooltip_text_33366_1_15\" class=\"footnote_tooltip\">Oller, John &amp; Shaw, Christopher &amp; Tomljenovic, Lucija &amp; Karanja, Stephen &amp; Ngare, Wahome &amp; Clement, Felicia &amp; Pillette, Jamie. (2017). HCG Found in WHO Tetanus Vaccine in Kenya Raises Concern in the Developing World. Open Access Library Journal. 04. 1-30. 10.4236\/oalib.1103937. siehe auch: <a href=\"https:\/\/www.researchgate.net\/publication\/320641479_HCG_Found_in_WHO_Tetanus_Vaccine_in_Kenya_Raises_Concern_in_the_Developing_World\" target=\"_blank\" rel=\"noopener noreferrer\"><span class=\"footnote_url_wrap\">https:\/\/www.researchgate.net\/publication\/320641479_HCG_Found_in_WHO_Tetanus_Vaccine_in_Kenya_Raises_Concern_in_the_Developing_World<\/span><\/a><\/span><\/span><script type=\"text\/javascript\"> jQuery('#footnote_plugin_tooltip_33366_1_15').tooltip({ tip: '#footnote_plugin_tooltip_text_33366_1_15', tipClass: 'footnote_tooltip', effect: 'fade', predelay: 0, fadeInSpeed: 200, delay: 400, fadeOutSpeed: 200, position: 'top right', relative: true, offset: [10, 10], });<\/script> <strong>Unabh\u00e4ngige Labors fanden in den getesteten Impfstoffen eine Sterilit\u00e4tsformel mit dem Hormon HCG.<\/strong> Nachdem sie die Anschuldigungen zun\u00e4chst zur\u00fcckgewiesen hatte, <strong>gab die WHO schlie\u00dflich zu, dass sie seit \u00fcber einem Jahrzehnt Sterilit\u00e4tsimpfstoffe entwickelt hatte.<\/strong><span class=\"footnote_referrer\"><a role=\"button\" tabindex=\"0\" onclick=\"footnote_moveToReference_33366_1('footnote_plugin_reference_33366_1_16');\" onkeypress=\"footnote_moveToReference_33366_1('footnote_plugin_reference_33366_1_16');\" ><sup id=\"footnote_plugin_tooltip_33366_1_16\" class=\"footnote_plugin_tooltip_text\">16)<\/sup><\/a><span id=\"footnote_plugin_tooltip_text_33366_1_16\" class=\"footnote_tooltip\">Nardi, G. (2020): Geheimaktion: WHO und Unicef wollten Millionen Frauen geheim sterilisieren. Katholisches &#8211; Magazin f\u00fcr Kirche und Kultur, online article from 03.06.2020, siehe auch: <a href=\"https:\/\/katholisches.info\/2014\/11\/13\/geheimaktion-who-und-unicef-wollten-millionen-frauen-geheim-sterilisieren\/\" target=\"_blank\" rel=\"noopener noreferrer\"><span class=\"footnote_url_wrap\">https:\/\/katholisches.info\/2014\/11\/13\/geheimaktion-who-und-unicef-wollten-millionen-frauen-geheim-sterilisieren\/<\/span><\/a><\/span><\/span><script type=\"text\/javascript\"> jQuery('#footnote_plugin_tooltip_33366_1_16').tooltip({ tip: '#footnote_plugin_tooltip_text_33366_1_16', tipClass: 'footnote_tooltip', effect: 'fade', predelay: 0, fadeInSpeed: 200, delay: 400, fadeOutSpeed: 200, position: 'top right', relative: true, offset: [10, 10], });<\/script> \u00c4hnliche Anschuldigungen kommen aus Nicaragua, Mexiko und den Philippinen.<span class=\"footnote_referrer\"><a role=\"button\" tabindex=\"0\" onclick=\"footnote_moveToReference_33366_1('footnote_plugin_reference_33366_1_17');\" onkeypress=\"footnote_moveToReference_33366_1('footnote_plugin_reference_33366_1_17');\" ><sup id=\"footnote_plugin_tooltip_33366_1_17\" class=\"footnote_plugin_tooltip_text\">17)<\/sup><\/a><span id=\"footnote_plugin_tooltip_text_33366_1_17\" class=\"footnote_tooltip\">Tetanus vaccine may be laced with anti-fertility drug. International \/ developing countries. Vaccine Wkly. 1995;9 10. Online article from 29.05.1995;9-10, siehe auch: <a href=\"https:\/\/www.ncbi.nlm.nih.gov\/pubmed\/12346214\" target=\"_blank\" rel=\"noopener noreferrer\"><span class=\"footnote_url_wrap\">https:\/\/www.ncbi.nlm.nih.gov\/pubmed\/12346214<\/span><\/a><\/span><\/span><script type=\"text\/javascript\"> jQuery('#footnote_plugin_tooltip_33366_1_17').tooltip({ tip: '#footnote_plugin_tooltip_text_33366_1_17', tipClass: 'footnote_tooltip', effect: 'fade', predelay: 0, fadeInSpeed: 200, delay: 400, fadeOutSpeed: 200, position: 'top right', relative: true, offset: [10, 10], });<\/script><\/p>\n<p>In einem Rundbrief der Buko-Pharmakampagne von 2016<span class=\"footnote_referrer\"><a role=\"button\" tabindex=\"0\" onclick=\"footnote_moveToReference_33366_1('footnote_plugin_reference_33366_1_18');\" onkeypress=\"footnote_moveToReference_33366_1('footnote_plugin_reference_33366_1_18');\" ><sup id=\"footnote_plugin_tooltip_33366_1_18\" class=\"footnote_plugin_tooltip_text\">18)<\/sup><\/a><span id=\"footnote_plugin_tooltip_text_33366_1_18\" class=\"footnote_tooltip\">BUKO (2016): Rundbrief der BUKO Pharma-Kampagne Nr. 4, Juni 2016, ISSN 1618-4572, siehe auch: <a href=\"https:\/\/www.bukopharma.de\/images\/pharmabrief\/Pharma-Brief_Archiv\/2016\/Phbf2016_04.pdf\" target=\"_blank\" rel=\"noopener noreferrer\"><span class=\"footnote_url_wrap\">https:\/\/www.bukopharma.de\/images\/pharmabrief\/Pharma-Brief_Archiv\/2016\/Phbf2016_04.pdf<\/span><\/a><\/span><\/span><script type=\"text\/javascript\"> jQuery('#footnote_plugin_tooltip_33366_1_18').tooltip({ tip: '#footnote_plugin_tooltip_text_33366_1_18', tipClass: 'footnote_tooltip', effect: 'fade', predelay: 0, fadeInSpeed: 200, delay: 400, fadeOutSpeed: 200, position: 'top right', relative: true, offset: [10, 10], });<\/script> ist Folgendes zu lesen: \u201eDer Einfluss der Gates-Stiftung wird auch innerhalb der WHO zum Teil sehr kritisch gesehen. So beklagte sich Arata Kochi, Chef des Malaria-Programms der WHO, bereits 2008 \u00fcber die von der Gates-Stiftung dominierte Malaria-Forschung. Die F\u00f6rderpraxis von Gates ersticke die Vielfalt der Meinungen von WissenschaftlerInnen und schw\u00e4che die F\u00fchrungsrolle der Weltgesundheitsorganisation. Zwar sei das Geld der Gates-Stiftung wichtig, k\u00f6nne aber weitreichende unbeabsichtigte Konsequenzen haben. Eine davon skizzierte der fr\u00fchere Gesch\u00e4ftsf\u00fchrer der Gates-Stiftung, Jeff Raikes, 2010: <strong>&#8218;Wir ersetzen nicht die UN. Aber manche Leute w\u00fcrden sagen, wir sind eine neue Form einer multilateralen Organisation<\/strong><span class=\"footnote_referrer\"><a role=\"button\" tabindex=\"0\" onclick=\"footnote_moveToReference_33366_1('footnote_plugin_reference_33366_1_19');\" onkeypress=\"footnote_moveToReference_33366_1('footnote_plugin_reference_33366_1_19');\" ><sup id=\"footnote_plugin_tooltip_33366_1_19\" class=\"footnote_plugin_tooltip_text\">19)<\/sup><\/a><span id=\"footnote_plugin_tooltip_text_33366_1_19\" class=\"footnote_tooltip\">Pickard, G. (2010): Will Gates Foundation Replace the UN? UN Post. online article from 2010, siehe auch: <a href=\"https:\/\/unpost.net\/will-gates-foundation-replace-the-un\/\" target=\"_blank\" rel=\"noopener noreferrer\"><span class=\"footnote_url_wrap\">https:\/\/unpost.net\/will-gates-foundation-replace-the-un\/<\/span><\/a><\/span><\/span><script type=\"text\/javascript\"> jQuery('#footnote_plugin_tooltip_33366_1_19').tooltip({ tip: '#footnote_plugin_tooltip_text_33366_1_19', tipClass: 'footnote_tooltip', effect: 'fade', predelay: 0, fadeInSpeed: 200, delay: 400, fadeOutSpeed: 200, position: 'top right', relative: true, offset: [10, 10], });<\/script><strong>.&#8216; \u201c<\/strong><\/p>\n<p>Bereits im Jahr 2010 sagte Gates der WHO 10 Milliarden Dollar<span class=\"footnote_referrer\"><a role=\"button\" tabindex=\"0\" onclick=\"footnote_moveToReference_33366_1('footnote_plugin_reference_33366_1_20');\" onkeypress=\"footnote_moveToReference_33366_1('footnote_plugin_reference_33366_1_20');\" ><sup id=\"footnote_plugin_tooltip_33366_1_20\" class=\"footnote_plugin_tooltip_text\">20)<\/sup><\/a><span id=\"footnote_plugin_tooltip_text_33366_1_20\" class=\"footnote_tooltip\">Presseportal (2010): Bill und Melinda Gates stellen 10 Milliarden US-Dollar f\u00fcr &#8222;Jahrzehnt der Impfstoffe&#8220; bereit, online article from 29.01.2010, siehe auch: <a href=\"https:\/\/www.presseportal.de\/pm\/16536\/1552808\" target=\"_blank\" rel=\"noopener noreferrer\"><span class=\"footnote_url_wrap\">https:\/\/www.presseportal.de\/pm\/16536\/1552808<\/span><\/a><\/span><\/span><script type=\"text\/javascript\"> jQuery('#footnote_plugin_tooltip_33366_1_20').tooltip({ tip: '#footnote_plugin_tooltip_text_33366_1_20', tipClass: 'footnote_tooltip', effect: 'fade', predelay: 0, fadeInSpeed: 200, delay: 400, fadeOutSpeed: 200, position: 'top right', relative: true, offset: [10, 10], });<\/script> zu und k\u00fcndigte an, \u201edieses Jahrzehnt zum Jahrzehnt der Impfstoffe zu machen\u201d. Ausgedehnte Impfprogramme bringt Gates immer wieder in Zusammenhang mit einer Reduktion des weltweiten Bev\u00f6lkerungswachstums: \u201eAuf der Welt gibt es heute 6,8 Milliarden Menschen \u2013 die Tendenz geht Richtung neun Milliarden. Wenn wir jetzt wirklich gute Arbeit bei neuen Impfstoffen, im Gesundheitswesen und in der Reproduktionsmedizin leisten, k\u00f6nnten wir dies um vielleicht 10 oder 15 Prozent senken<span class=\"footnote_referrer\"><a role=\"button\" tabindex=\"0\" onclick=\"footnote_moveToReference_33366_1('footnote_plugin_reference_33366_1_21');\" onkeypress=\"footnote_moveToReference_33366_1('footnote_plugin_reference_33366_1_21');\" ><sup id=\"footnote_plugin_tooltip_33366_1_21\" class=\"footnote_plugin_tooltip_text\">21)<\/sup><\/a><span id=\"footnote_plugin_tooltip_text_33366_1_21\" class=\"footnote_tooltip\">Rohwedder, W. (2020): Menschenfreund oder Gesch\u00e4ftemacher?, Tagesschau, online article from 15.04.2020, siehe auch: <a href=\"https:\/\/www.tagesschau.de\/faktenfinder\/ausland\/gates-stiftung-corona-101.html\" target=\"_blank\" rel=\"noopener noreferrer\"><span class=\"footnote_url_wrap\">https:\/\/www.tagesschau.de\/faktenfinder\/ausland\/gates-stiftung-corona-101.html<\/span><\/a><\/span><\/span><script type=\"text\/javascript\"> jQuery('#footnote_plugin_tooltip_33366_1_21').tooltip({ tip: '#footnote_plugin_tooltip_text_33366_1_21', tipClass: 'footnote_tooltip', effect: 'fade', predelay: 0, fadeInSpeed: 200, delay: 400, fadeOutSpeed: 200, position: 'top right', relative: true, offset: [10, 10], });<\/script>.\u201d<\/p>\n<p>In einem Statement erl\u00e4uterte die Stiftung bereits 2009, wie das gemeint ist: \u201eEine \u00fcberraschende Erkenntnis f\u00fcr uns war es, dass eine Verringerung der Sterblichkeitsrate das Bev\u00f6lkerungswachstum reduziert.<sup>21<\/sup>\u201d Eine hohe Kinderzahl sei bisher die einzige Garantie f\u00fcr die Eltern, im Alter unterst\u00fctzt zu werden. Wenn die Zahl der Kinder, die bis zum Erwachsenenalter \u00fcberleben, steige, k\u00f6nnen Eltern dieses Ziel erreichen, ohne so viele Kinder zu haben, von denen ein gro\u00dfer Teil stirbt. Ob nun Impfprogramme mit ihrer Vielzahl von unerw\u00fcnschten Nebenwirkungen, Todesf\u00e4llen und Negativmeldungen tats\u00e4chlich die L\u00f6sung f\u00fcr die genannten Probleme sind, oder ob in betroffenen L\u00e4ndern nicht doch eher in Bildung, Infrastruktur, Versorgung und nachhaltigen Umweltschutz investiert werden sollte, ist der Meinung eines jeden Einzelnen \u00fcberlassen.<\/p>\n<h2>Andere Projekte zur Eind\u00e4mmung von Krankheiten werden vernachl\u00e4ssigt<\/h2>\n<p><img loading=\"lazy\" decoding=\"async\" class=\"size-medium wp-image-33372 alignright\" src=\"https:\/\/www.naturalscience.org\/wp-content\/uploads\/2020\/06\/AdobeStock_309490441-300x200.jpg\" alt=\"\" width=\"300\" height=\"200\" srcset=\"https:\/\/www.naturalscience.org\/wp-content\/uploads\/2020\/06\/AdobeStock_309490441-300x200.jpg 300w, https:\/\/www.naturalscience.org\/wp-content\/uploads\/2020\/06\/AdobeStock_309490441-1024x683.jpg 1024w, https:\/\/www.naturalscience.org\/wp-content\/uploads\/2020\/06\/AdobeStock_309490441-768x512.jpg 768w, https:\/\/www.naturalscience.org\/wp-content\/uploads\/2020\/06\/AdobeStock_309490441-1536x1024.jpg 1536w, https:\/\/www.naturalscience.org\/wp-content\/uploads\/2020\/06\/AdobeStock_309490441-2048x1365.jpg 2048w, https:\/\/www.naturalscience.org\/wp-content\/uploads\/2020\/06\/AdobeStock_309490441-164x109.jpg 164w, https:\/\/www.naturalscience.org\/wp-content\/uploads\/2020\/06\/AdobeStock_309490441-400x267.jpg 400w, https:\/\/www.naturalscience.org\/wp-content\/uploads\/2020\/06\/AdobeStock_309490441-500x333.jpg 500w\" sizes=\"auto, (max-width: 300px) 100vw, 300px\" \/>Gates wird auch vorgeworfen, die WHO durch seinen Einfluss <strong>von Projekten abzulenken, die nachweislich Infektionskrankheiten eind\u00e4mmen: sauberes Wasser, Hygiene, Ern\u00e4hrung und wirtschaftliche Entwicklung.<\/strong> Die Gates-Stiftung gibt von ihrem 5 Milliarden Dollar-Budget nur etwa 650 Millionen Dollar<span class=\"footnote_referrer\"><a role=\"button\" tabindex=\"0\" onclick=\"footnote_moveToReference_33366_1('footnote_plugin_reference_33366_1_22');\" onkeypress=\"footnote_moveToReference_33366_1('footnote_plugin_reference_33366_1_22');\" ><sup id=\"footnote_plugin_tooltip_33366_1_22\" class=\"footnote_plugin_tooltip_text\">22)<\/sup><\/a><span id=\"footnote_plugin_tooltip_text_33366_1_22\" class=\"footnote_tooltip\">Bill and Melinda Gates Foundation (2018): Annual Report 2018, siehe auch: <a href=\"https:\/\/www.gatesfoundation.org\/Who-We-Are\/Resources-and-Media\/Annual-Reports\/Annual-Report-2018\" target=\"_blank\" rel=\"noopener noreferrer\"><span class=\"footnote_url_wrap\">https:\/\/www.gatesfoundation.org\/Who-We-Are\/Resources-and-Media\/Annual-Reports\/Annual-Report-2018<\/span><\/a><\/span><\/span><script type=\"text\/javascript\"> jQuery('#footnote_plugin_tooltip_33366_1_22').tooltip({ tip: '#footnote_plugin_tooltip_text_33366_1_22', tipClass: 'footnote_tooltip', effect: 'fade', predelay: 0, fadeInSpeed: 200, delay: 400, fadeOutSpeed: 200, position: 'top right', relative: true, offset: [10, 10], });<\/script> f\u00fcr diese Bereiche aus. Die WHO scheint durch Gates\u2019 Einfluss also haupts\u00e4chlich auf folgendes Credo fokussiert zu sein: Gute Gesundheit kommt einzig durch die (Impf-)Spritze.<\/p>\n<p>Handelt es sich hier nur um eine sehr einseitige, auf den Glaubenss\u00e4tzen der Notwendigkeit des Beherrschens und des Bek\u00e4mpfens der Natur durch den Menschen aufbauende Ideologie oder gar um eine ausschlie\u00dflich \u00f6konomisch motivierte Haltung? Wenn wir beginnen, \u00fcber die Komplexit\u00e4t unseres Leben nachzudenken, sollten wir diese Frage vielleicht stellen: <strong>Ist es nicht eher angebracht, eine ausgeglichene und nat\u00fcrliche Lebensweise zu f\u00f6rdern,<\/strong> die aufbaut auf gesunder Ern\u00e4hrung, regelm\u00e4\u00dfiger Bewegung, tiefem Atmen, guter Schlafqualit\u00e4t, sauberen Umweltbedingungen und liebevollen zwischenmenschlichen Beziehungen?<\/p>\n<p>Rund um die Person von Bill Gates hat sich offensichtlich eine Konzentration von Geld und Macht gebildet, die uns zu denken geben sollte, insbesondere da er seinen Einfluss auf internationale Bestrebungen und Programme rund um die globale Gesundheit durch zweckgebundene Finanzierung geltend macht. Neben WHO und UNICEF stehen auch die beiden Organisationen GAVI und PATH (zwei \u00f6ffentlich-privat finanzierte Allianzen zur F\u00f6rderung von Impfprogrammen) auf der Liste der Spendenempf\u00e4nger, bei denen die Gates-Stiftung direkt oder indirekt als Geldgeber in Erscheinung tritt.<span class=\"footnote_referrer\"><a role=\"button\" tabindex=\"0\" onclick=\"footnote_moveToReference_33366_1('footnote_plugin_reference_33366_1_23');\" onkeypress=\"footnote_moveToReference_33366_1('footnote_plugin_reference_33366_1_23');\" ><sup id=\"footnote_plugin_tooltip_33366_1_23\" class=\"footnote_plugin_tooltip_text\">23)<\/sup><\/a><span id=\"footnote_plugin_tooltip_text_33366_1_23\" class=\"footnote_tooltip\">World Health Organization (2019): Voluntary contributions by fund and by contributor, 72nd WORLD HEALTH ASSEMBLY, Provisional agenda item 15.2, 09.05.2019, A72\/INF.\/5, siehe auch: <a href=\"https:\/\/www.who.int\/about\/finances-accountability\/reports\/A72_INF5-en.pdf\" target=\"_blank\" rel=\"noopener noreferrer\"><span class=\"footnote_url_wrap\">https:\/\/www.who.int\/about\/finances-accountability\/reports\/A72_INF5-en.pdf<\/span><\/a><\/span><\/span><script type=\"text\/javascript\"> jQuery('#footnote_plugin_tooltip_33366_1_23').tooltip({ tip: '#footnote_plugin_tooltip_text_33366_1_23', tipClass: 'footnote_tooltip', effect: 'fade', predelay: 0, fadeInSpeed: 200, delay: 400, fadeOutSpeed: 200, position: 'top right', relative: true, offset: [10, 10], });<\/script> Zus\u00e4tzlich spendete Gates 50 Millionen Dollar an Pharmaunternehmen,<span class=\"footnote_referrer\"><a role=\"button\" tabindex=\"0\" onclick=\"footnote_moveToReference_33366_1('footnote_plugin_reference_33366_1_24');\" onkeypress=\"footnote_moveToReference_33366_1('footnote_plugin_reference_33366_1_24');\" ><sup id=\"footnote_plugin_tooltip_33366_1_24\" class=\"footnote_plugin_tooltip_text\">24)<\/sup><\/a><span id=\"footnote_plugin_tooltip_text_33366_1_24\" class=\"footnote_tooltip\">Bill and Melinda Gates Foundation (2020): Bill &amp; Melinda Gates Foundation, Wellcome, and Mastercard Launch Initiative to Speed Development and Access to Therapies for COVID-19, Press Release 10.03.2020, Seattle, siehe auch: <a href=\"https:\/\/www.gatesfoundation.org\/Media-Center\/Press-Releases\/2020\/03\/COVID-19-Therapeutics-Accelerator\" target=\"_blank\" rel=\"noopener noreferrer\"><span class=\"footnote_url_wrap\">https:\/\/www.gatesfoundation.org\/Media-Center\/Press-Releases\/2020\/03\/COVID-19-Therapeutics-Accelerator<\/span><\/a><\/span><\/span><script type=\"text\/javascript\"> jQuery('#footnote_plugin_tooltip_33366_1_24').tooltip({ tip: '#footnote_plugin_tooltip_text_33366_1_24', tipClass: 'footnote_tooltip', effect: 'fade', predelay: 0, fadeInSpeed: 200, delay: 400, fadeOutSpeed: 200, position: 'top right', relative: true, offset: [10, 10], });<\/script> um die Entwicklung eines Coronavirus-Impfstoffs zu beschleunigen.<\/p>\n<p>Wenn man noch tiefer gr\u00e4bt, stellt man fest, <strong>dass Gesch\u00e4ftsgewinne aus Big Food und Big Pharma die WHO finanzieren!<\/strong><span class=\"footnote_referrer\"><a role=\"button\" tabindex=\"0\" onclick=\"footnote_moveToReference_33366_1('footnote_plugin_reference_33366_1_25');\" onkeypress=\"footnote_moveToReference_33366_1('footnote_plugin_reference_33366_1_25');\" ><sup id=\"footnote_plugin_tooltip_33366_1_25\" class=\"footnote_plugin_tooltip_text\">25)<\/sup><\/a><span id=\"footnote_plugin_tooltip_text_33366_1_25\" class=\"footnote_tooltip\">Kruchem, T. (2019): Die WHO am Bettelstab: Was gesund ist, bestimmt Bill Gates, Sendung vom 22.1.2019, 8:30 Uhr, SWR2 Wissen, SWR2, siehe auch: <a href=\"https:\/\/www.swr.de\/swr2\/wissen\/who-am-bettelstab-was-gesund-ist-bestimmt-bill-gates-100.html\" target=\"_blank\" rel=\"noopener noreferrer\"><span class=\"footnote_url_wrap\">https:\/\/www.swr.de\/swr2\/wissen\/who-am-bettelstab-was-gesund-ist-bestimmt-bill-gates-100.html<\/span><\/a><\/span><\/span><script type=\"text\/javascript\"> jQuery('#footnote_plugin_tooltip_33366_1_25').tooltip({ tip: '#footnote_plugin_tooltip_text_33366_1_25', tipClass: 'footnote_tooltip', effect: 'fade', predelay: 0, fadeInSpeed: 200, delay: 400, fadeOutSpeed: 200, position: 'top right', relative: true, offset: [10, 10], });<\/script> Denn Bill Gates erwirtschaftet seine Milliarden durch Kapitalanlagen in bestimmten Industriezweigen. Kritiker bem\u00e4ngeln, dass diese Branchen allesamt etwas mit krankmachenden Bedingungen zu tun haben. So h\u00e4lt die Gates-Stiftung Aktien von Coca-Cola im Wert von 500 Millionen Dollar und Aktien des weltgr\u00f6\u00dften Supermarktkonzerns Walmart im Wert von einer Milliarde Dollar. Hinzu kommen Beteiligungen an den Nahrungsmittelkonzernen PepsiCo, Unilever, Kraft-Heinz, Mondelez und Tyson Foods; an den Alkoholkonzernen Anheuser-Busch und Pernod; an den Pharmakonzernen Glaxo Smith Kline, Novartis, Roche, Sanofi, Gilead und Pfizer, ihres Zeichens z.T. auch Impfstoffhersteller.<\/p>\n<p>Die Stiftung h\u00e4lt au\u00dferdem Anteile im Wert von fast zw\u00f6lf Milliarden Dollar am Berkshire Hathaway Trust des Investors Warren Buffett. Der Trust wiederum besitzt Aktien von Coca-Cola im Wert von 17 Milliarden Dollar und von Kraft-Heinz im Wert von 29 Milliarden Dollar. <strong>Wenn wir hier nicht von Interessenkonflikten sprechen k\u00f6nnen, wo dann?<\/strong><\/p>\n<p>Unbestritten ist, dass Impfungen ein lukratives Gesch\u00e4ft f\u00fcr Hersteller und Investoren darstellen. Inwieweit dies einen Einfluss auf Wirtschaft, Politik, Medien und dadurch auf die \u00f6ffentliche Meinung und Wahrnehmung aus\u00fcbt, ist schwer zu erfassen. Bemerkenswert ist jedoch, dass Mitglieder der jeweils durch die einzelnen L\u00e4nder organisierten Kommissionen (z. B. der St\u00e4ndigen Impfkommission STIKO in Deutschland), welche f\u00fcr die offiziellen Impfempfehlungen der L\u00e4nder zust\u00e4ndig sind, meist sehr eng mit Impfstoffherstellern zusammenarbeiten oder sogar selbst an Zulassungsstudien beteiligt sind.<span class=\"footnote_referrer\"><a role=\"button\" tabindex=\"0\" onclick=\"footnote_moveToReference_33366_1('footnote_plugin_reference_33366_1_26');\" onkeypress=\"footnote_moveToReference_33366_1('footnote_plugin_reference_33366_1_26');\" ><sup id=\"footnote_plugin_tooltip_33366_1_26\" class=\"footnote_plugin_tooltip_text\">26)<\/sup><\/a><span id=\"footnote_plugin_tooltip_text_33366_1_26\" class=\"footnote_tooltip\">Rabe, S. (2018): Transparenz bei der STIKO &#8211; die Hintergr\u00fcnde, Impf-Info, online article from 21.06.2018, siehe auch: <a href=\"https:\/\/www.impf-info.de\/12-allgemeines\/200-transparenz-bei-der-stiko-die-hintergr%C3%BCnde.html\" target=\"_blank\" rel=\"noopener noreferrer\"><span class=\"footnote_url_wrap\">https:\/\/www.impf-info.de\/12-allgemeines\/200-transparenz-bei-der-stiko-die-hintergr%C3%BCnde.html<\/span><\/a><\/span><\/span><script type=\"text\/javascript\"> jQuery('#footnote_plugin_tooltip_33366_1_26').tooltip({ tip: '#footnote_plugin_tooltip_text_33366_1_26', tipClass: 'footnote_tooltip', effect: 'fade', predelay: 0, fadeInSpeed: 200, delay: 400, fadeOutSpeed: 200, position: 'top right', relative: true, offset: [10, 10], });<\/script> Der Vorwurf der Interessenkonflikte und Voreingenommenheit der Mitglieder wird in den Medien immer wieder thematisiert. Dieser sto\u00dfende Umstand und auch umstrittene Impfempfehlungen der Kommissionen werden von unabh\u00e4ngigen Experten regelm\u00e4\u00dfig als \u201ezu pharmafreundlich\u201d bezeichnet. Die generelle Kritik an deren Arbeit kommt von vielen Seiten wie z. B. von Wissenschaftlern, \u00c4rzten, Fachzeitschriften und sogar von Krankenkassen.<span class=\"footnote_referrer\"><a role=\"button\" tabindex=\"0\" onclick=\"footnote_moveToReference_33366_1('footnote_plugin_reference_33366_1_27');\" onkeypress=\"footnote_moveToReference_33366_1('footnote_plugin_reference_33366_1_27');\" ><sup id=\"footnote_plugin_tooltip_33366_1_27\" class=\"footnote_plugin_tooltip_text\">27)<\/sup><\/a><span id=\"footnote_plugin_tooltip_text_33366_1_27\" class=\"footnote_tooltip\">Bl\u00f6\u00df, T. (2004): Impfungen: Kommission in der Kritik. In: Dtsch Arztebl 2004; 101(45): A-2996 \/ B-2534 \/ C-2418, siehe auch: <a href=\"https:\/\/www.aerzteblatt.de\/archiv\/44143\/Impfungen-Kommission-in-der-Kritik\" target=\"_blank\" rel=\"noopener noreferrer\"><span class=\"footnote_url_wrap\">https:\/\/www.aerzteblatt.de\/archiv\/44143\/Impfungen-Kommission-in-der-Kritik<\/span><\/a><\/span><\/span><script type=\"text\/javascript\"> jQuery('#footnote_plugin_tooltip_33366_1_27').tooltip({ tip: '#footnote_plugin_tooltip_text_33366_1_27', tipClass: 'footnote_tooltip', effect: 'fade', predelay: 0, fadeInSpeed: 200, delay: 400, fadeOutSpeed: 200, position: 'top right', relative: true, offset: [10, 10], });<\/script>, <span class=\"footnote_referrer\"><a role=\"button\" tabindex=\"0\" onclick=\"footnote_moveToReference_33366_1('footnote_plugin_reference_33366_1_28');\" onkeypress=\"footnote_moveToReference_33366_1('footnote_plugin_reference_33366_1_28');\" ><sup id=\"footnote_plugin_tooltip_33366_1_28\" class=\"footnote_plugin_tooltip_text\">28)<\/sup><\/a><span id=\"footnote_plugin_tooltip_text_33366_1_28\" class=\"footnote_tooltip\">Straumann, F. (2010): Impfexperten weniger verstrickt als bef\u00fcrchtet, Tages-Anzeiger, press article from 21.10.2010, siehe auch: <a href=\"https:\/\/www.oeffentlichkeitsgesetz.ch\/downloads\/geschichten\/artikel\/2010-10-21-Tages-Anzeiger-Impfungen.pdf\" target=\"_blank\" rel=\"noopener noreferrer\"><span class=\"footnote_url_wrap\">https:\/\/www.oeffentlichkeitsgesetz.ch\/downloads\/geschichten\/artikel\/2010-10-21-Tages-Anzeiger-Impfungen.pdf<\/span><\/a><\/span><\/span><script type=\"text\/javascript\"> jQuery('#footnote_plugin_tooltip_33366_1_28').tooltip({ tip: '#footnote_plugin_tooltip_text_33366_1_28', tipClass: 'footnote_tooltip', effect: 'fade', predelay: 0, fadeInSpeed: 200, delay: 400, fadeOutSpeed: 200, position: 'top right', relative: true, offset: [10, 10], });<\/script> Auch dazu m\u00fcssen wir uns alle eine eigene Meinung bilden.<\/p>\n<p><img loading=\"lazy\" decoding=\"async\" class=\"size-medium wp-image-33378\" src=\"https:\/\/www.naturalscience.org\/wp-content\/uploads\/2020\/06\/AdobeStock_63067603-300x300.jpg\" alt=\"\" width=\"300\" height=\"300\" srcset=\"https:\/\/www.naturalscience.org\/wp-content\/uploads\/2020\/06\/AdobeStock_63067603-300x300.jpg 300w, https:\/\/www.naturalscience.org\/wp-content\/uploads\/2020\/06\/AdobeStock_63067603-1024x1024.jpg 1024w, https:\/\/www.naturalscience.org\/wp-content\/uploads\/2020\/06\/AdobeStock_63067603-164x164.jpg 164w, https:\/\/www.naturalscience.org\/wp-content\/uploads\/2020\/06\/AdobeStock_63067603-768x769.jpg 768w, https:\/\/www.naturalscience.org\/wp-content\/uploads\/2020\/06\/AdobeStock_63067603-1536x1536.jpg 1536w, https:\/\/www.naturalscience.org\/wp-content\/uploads\/2020\/06\/AdobeStock_63067603-2046x2048.jpg 2046w, https:\/\/www.naturalscience.org\/wp-content\/uploads\/2020\/06\/AdobeStock_63067603-400x400.jpg 400w, https:\/\/www.naturalscience.org\/wp-content\/uploads\/2020\/06\/AdobeStock_63067603-500x500.jpg 500w\" sizes=\"auto, (max-width: 300px) 100vw, 300px\" \/><\/p>\n<h2><em><strong><br \/>\n<\/strong><\/em>Einige wichtige Fragen<\/h2>\n<p>Angesichts dieser Fakten gilt es also zu \u00fcberlegen:<\/p>\n<ul style=\"list-style-type: square;\">\n<li><strong>Sind Viren, Bakterien und andere Erreger wirklich die lebensgef\u00e4hrdenden Krankmacher,<\/strong> welche, sollte die Menschheit weiter existieren wollen, einer rigorosen Bek\u00e4mpfung und Ausrottung bed\u00fcrfen?<\/li>\n<li><strong>Oder sind solche Organismen vielmehr lebenswichtige Helfer der Natur,<\/strong> die vielerlei Mechanismen der Steuerung und Anpassung bis hin zur Kommunikation zwischen Zellen und Lebenwesen \u00fcberhaupt erst erm\u00f6glichen? Wenn man die bahnbrechenden Erkenntnisse aus der Mikrobiomforschung des letzten Jahrzehnts bez\u00fcglich der zahllosen bakteriellen Bewohner unseres K\u00f6rpers sowie \u00fcber deren vielf\u00e4ltigste und \u00fcberlebenswichtige Funktionen f\u00fcr einen gesunden Organismus zusammenfasst, deutet alles klar in diese Richtung \u2013 abgesehen von wenigen Ausnahmen wirklich gef\u00e4hrlicher Erreger, wo eine Infektion ohne ad\u00e4quate Behandlung in kurzer Zeit gro\u00dfen Schaden anrichten kann.<span class=\"footnote_referrer\"><a role=\"button\" tabindex=\"0\" onclick=\"footnote_moveToReference_33366_1('footnote_plugin_reference_33366_1_29');\" onkeypress=\"footnote_moveToReference_33366_1('footnote_plugin_reference_33366_1_29');\" ><sup id=\"footnote_plugin_tooltip_33366_1_29\" class=\"footnote_plugin_tooltip_text\">29)<\/sup><\/a><span id=\"footnote_plugin_tooltip_text_33366_1_29\" class=\"footnote_tooltip\">Lloyd-Price, J., Abu-Ali, G., Huttenhower, C., (2016): The healthy human microbiome, Genome Medicine 8, Article No. 51, siehe auch: <a href=\"https:\/\/genomemedicine.biomedcentral.com\/articles\/10.1186\/s13073-016-0307-y?utm_campaign=BMCF_TrendMD_2019_GenomeMedicine&amp;utm_source=TrendMD&amp;utm_medium=cpc\" target=\"_blank\" rel=\"noopener noreferrer\"><span class=\"footnote_url_wrap\">https:\/\/genomemedicine.biomedcentral.com\/articles\/10.1186\/s13073-016-0307-y?utm_campaign=BMCF_TrendMD_2019_GenomeMedicine&amp;utm_source=TrendMD&amp;utm_medium=cpc<\/span><\/a><\/span><\/span><script type=\"text\/javascript\"> jQuery('#footnote_plugin_tooltip_33366_1_29').tooltip({ tip: '#footnote_plugin_tooltip_text_33366_1_29', tipClass: 'footnote_tooltip', effect: 'fade', predelay: 0, fadeInSpeed: 200, delay: 400, fadeOutSpeed: 200, position: 'top right', relative: true, offset: [10, 10], });<\/script><\/li>\n<li>M\u00fcssen wir <strong>das Weltbild der menschenfeindlichen und bedrohlichen Natur,<\/strong> die durch Mutationen und Naturgewalten die Existenz der Menschheit zunehmend zu gef\u00e4hrden scheint und die es daher zu kontrollieren, zu beherrschen und zu b\u00e4ndigen gilt, nicht auch einmal bewusst und \u00f6ffentlich in Frage stellen?<\/li>\n<li>Kann es wirklich sein, dass die Menschheit ihr <strong>\u00dcberleben nur noch mittels Zwangsma\u00dfnahmen, Abschottung, <a href=\"https:\/\/www.naturalscience.org\/de\/news\/2020\/04\/physisch-auf-distanz-sozial-verbunden\/\" target=\"_blank\" rel=\"noopener noreferrer\">sozialer Isolation<\/a><\/strong>, <strong>globaler \u00dcberwachung<\/strong> und durch die weltweite Anwendung von pharmazeutischen Produkten wie Impfungen und k\u00fcnstlicher Immunisierung sichern kann?<\/li>\n<li>Wieso wird weltweit von offiziellen Gremien und Zust\u00e4ndigen die ausschlie\u00dfliche Meinung vertreten, dass es f\u00fcr die Covid-19-Erkrankungen noch keine spezifische Behandlung gebe<span class=\"footnote_referrer\"><a role=\"button\" tabindex=\"0\" onclick=\"footnote_moveToReference_33366_1('footnote_plugin_reference_33366_1_30');\" onkeypress=\"footnote_moveToReference_33366_1('footnote_plugin_reference_33366_1_30');\" ><sup id=\"footnote_plugin_tooltip_33366_1_30\" class=\"footnote_plugin_tooltip_text\">30)<\/sup><\/a><span id=\"footnote_plugin_tooltip_text_33366_1_30\" class=\"footnote_tooltip\">BAG (2020): Krankheit COVID-19, Symptome und Behandlung, Ursprung neues Coronavirus, Bundesamt f\u00fcr Gesundheit der Schweiz, online article from 03.06.2020, siehe auch: <a href=\"https:\/\/www.bag.admin.ch\/bag\/de\/home\/krankheiten\/ausbrueche-epidemien-pandemien\/aktuelle-ausbrueche-epidemien\/novel-cov\/krankheit-symptome-behandlung-ursprung.html\" target=\"_blank\" rel=\"noopener noreferrer\"><span class=\"footnote_url_wrap\">https:\/\/www.bag.admin.ch\/bag\/de\/home\/krankheiten\/ausbrueche-epidemien-pandemien\/aktuelle-ausbrueche-epidemien\/novel-cov\/krankheit-symptome-behandlung-ursprung.html<\/span><\/a><\/span><\/span><script type=\"text\/javascript\"> jQuery('#footnote_plugin_tooltip_33366_1_30').tooltip({ tip: '#footnote_plugin_tooltip_text_33366_1_30', tipClass: 'footnote_tooltip', effect: 'fade', predelay: 0, fadeInSpeed: 200, delay: 400, fadeOutSpeed: 200, position: 'top right', relative: true, offset: [10, 10], });<\/script>, trotz der gut dokumentierten Tatsache, <strong>dass bereits viele <a href=\"https:\/\/www.naturalscience.org\/de\/news\/2020\/04\/suessholzextrakt-eine-therapieoption-fuer-covid-19-erkrankungen\/\" target=\"_blank\" rel=\"noopener noreferrer\">therapeutische<\/a> und <a href=\"https:\/\/www.naturalscience.org\/de\/news\/2020\/03\/coronavirus-wie-koennen-sie-einer-erkrankung-vorbeugen\/\" target=\"_blank\" rel=\"noopener noreferrer\">pr\u00e4ventive Ma\u00dfnahmen bekannt sind<\/a>, mit welchen sich bei Konditionen wie der aktuellen Coronavirus-Erkrankung gute Resultate erzielen lassen?<\/strong><\/li>\n<li>Sind bereits alle<a href=\"https:\/\/www.naturalscience.org\/de\/news\/2020\/03\/hausmittel-zur-staerkung\/\" target=\"_blank\" rel=\"noopener noreferrer\"> naturheilkundlichen Verfahren<\/a> und <a href=\"https:\/\/www.naturalscience.org\/de\/news\/2020\/03\/grippe-praevention-und-behandlung-mit-homoeopathischen-mitteln\/\" target=\"_blank\" rel=\"noopener noreferrer\">Heilmittel<\/a> sowie eine nat\u00fcrliche Lebensf\u00fchrung zur Pr\u00e4vention und Behandlung von Grippesymptomen und Atemwegserkrankungen in der breiten Anwendung eingehend <strong>auf Wirksamkeit und Effektivit\u00e4t gepr\u00fcft<\/strong> und als unwirksam befunden worden, sodass solche eingleisigen Vorschl\u00e4ge \u00fcberhaupt zu rechtfertigen w\u00e4ren?<\/li>\n<li>K\u00f6nnen wir als Gesellschaft die <strong>unz\u00e4hligen kritischen Stimmen und Fallbeispiele zu k\u00f6rperlichen und geistigen Sch\u00e4den durch Impfungen<\/strong> in dieser Situation einfach weiterhin ignorieren?<\/li>\n<li>M\u00fcssten nicht gerade jetzt die Verantwortlichen in Wissenschaft, Medizin, Politik und Medien alles daran setzen, um vor der breitfl\u00e4chigen Anwendung solcher Ma\u00dfnahmen genauestens zu untersuchen, <strong>wie es um die eigentliche Wirkung und um die kurz- und langfristige gesundheitliche Unbedenklichkeit dieser pharmazeutischen Produkte steht?<\/strong><\/li>\n<li>K\u00f6nnen die Regierungen garantieren, dass in Bezug auf angek\u00fcndigte fl\u00e4chendeckende Impfprogramme <strong>die Freiheit der Wahl, das Menschenrecht auf k\u00f6rperliche Unversehrtheit und die Rechte der freien Meinungs\u00e4u\u00dferung des einzelnen Individuums<\/strong> geachtet werden und eine Ablehnung etwaiger Ma\u00dfnahmen nicht zu Einschr\u00e4nkungen und der Diskriminierung der betroffenen Person f\u00fchren wird?<\/li>\n<li><strong>Wer tr\u00e4gt die Verantwortung f\u00fcr die Konsequenzen von m\u00f6glichen unerw\u00fcnschten Wirkungen solcher Impfprogramme?<\/strong><\/li>\n<li><strong>Kann zweifelsfrei belegt werden, dass Umwelteinfl\u00fcsse<\/strong> wie <a href=\"https:\/\/www.naturalscience.org\/de\/news\/2020\/05\/der-beitrag-der-fuenften-mobilfunkgeneration-5g-zur-corona-pandemie\/\" target=\"_blank\" rel=\"noopener noreferrer\">Mikrowellenstrahlung<\/a>, chemische Gifte, Schwermetalle, Luftverschmutzung oder auch psychische Belastungen genauso wie N\u00e4hrstoffmangel, einseitige Ern\u00e4hrung oder dauerhafter Gebrauch von pharmazeutischen Medikamenten <strong><em>keinen<\/em> Einfluss auf die Funktion unseres Immunsystems haben<\/strong> und sie damit zumindest als indirekte Mitverursacher der weltweiten Pandemie ausgeschlossen werden k\u00f6nnen?<\/li>\n<li>Wenn nein, <strong>was plant die Regierung, um solche Wissensl\u00fccken zu schlie\u00dfen<\/strong> und die tats\u00e4chlichen Zusammenh\u00e4nge zu erforschen?<\/li>\n<li>Welche weiterf\u00fchrenden Ma\u00dfnahmen sind seitens der Regierungen zur <strong>Pandemie-Pr\u00e4vention<\/strong> im Sinne der individuellen Immunsystem-St\u00e4rkung, des Umweltschutzes und der Aufkl\u00e4rung der Allgemeinheit hinsichtlich einer nat\u00fcrlichen Lebensf\u00fchrung geplant?<\/li>\n<li>Steht die <strong>F\u00f6rderung und Erforschung naturgem\u00e4\u00dfer Heilmethoden<\/strong> f\u00fcr die Behandlung von pandemischen Erkrankungen bereits auf der Liste der politischen und medizinischen Agenda?<\/li>\n<\/ul>\n<p>Diese Liste von Fragen rund um die Corona-Pandemie ist keineswegs abschlie\u00dfend. Generell gilt es zu betonen, <strong>dass es unter allen Umst\u00e4nden die absolute und unantastbare Freiheit der Wahl des Einzelnen bleiben muss, ob er oder sie sich impfen lassen will oder nicht<\/strong> \u2013 ganz egal gegen welche Art von Erreger. <strong>Auch d\u00fcrfen dem oder der Nicht-Geimpften aus seiner oder ihrer Entscheidung keinerlei Benachteiligungen irgendwelcher Form erwachsen,<\/strong> welche von Staat, Gesellschaft, Wirtschaft oder einer anderen Autorit\u00e4t impliziert werden k\u00f6nnten. Es bedarf jetzt eines kritischen Hinterfragens von Entscheidungen, die derzeit getroffen werden, und eines wachen Verstandes, um Zusammenh\u00e4nge analysieren zu k\u00f6nnen, um zu einer <strong>pers\u00f6nlichen und freien Entscheidung<\/strong> zu gelangen.<\/p>\n<div class=\"speaker-mute footnotes_reference_container\"> <div class=\"footnote_container_prepare\"><p><span role=\"button\" tabindex=\"0\" class=\"footnote_reference_container_label pointer\" onclick=\"footnote_expand_collapse_reference_container_33366_1();\">References<\/span><span role=\"button\" tabindex=\"0\" class=\"footnote_reference_container_collapse_button\" style=\"display: none;\" onclick=\"footnote_expand_collapse_reference_container_33366_1();\">[<a id=\"footnote_reference_container_collapse_button_33366_1\">+<\/a>]<\/span><\/p><\/div> <div id=\"footnote_references_container_33366_1\" style=\"\"><table class=\"footnotes_table footnote-reference-container\"><caption class=\"accessibility\">References<\/caption> <tbody> \r\n\r\n<tr class=\"footnotes_plugin_reference_row\"> <th scope=\"row\" class=\"footnote_plugin_index_combi pointer\"  onclick=\"footnote_moveToAnchor_33366_1('footnote_plugin_tooltip_33366_1_1');\"><a id=\"footnote_plugin_reference_33366_1_1\" class=\"footnote_backlink\"><span class=\"footnote_index_arrow\">&#8593;<\/span>1<\/a><\/th> <td class=\"footnote_plugin_text\">Frumkina, N. (2020): Wer finanziert die WHO?, Tagesschau, online article from 23.04.2020, siehe auch: <a href=\"https:\/\/www.tagesschau.de\/faktenfinder\/who-finanzierung-101.html\" target=\"_blank\" rel=\"noopener noreferrer\"><span class=\"footnote_url_wrap\">https:\/\/www.tagesschau.de\/faktenfinder\/who-finanzierung-101.html<\/span><\/a>, siehe auch: Day M, Who&#8217;s funding WHO? BMJ. 2007;334(7589):338 340. \/ doi:10.1136 \/ bmj.39119.519664.BE<\/td><\/tr>\r\n\r\n<tr class=\"footnotes_plugin_reference_row\"> <th scope=\"row\" class=\"footnote_plugin_index_combi pointer\"  onclick=\"footnote_moveToAnchor_33366_1('footnote_plugin_tooltip_33366_1_2');\"><a id=\"footnote_plugin_reference_33366_1_2\" class=\"footnote_backlink\"><span class=\"footnote_index_arrow\">&#8593;<\/span>2<\/a><\/th> <td class=\"footnote_plugin_text\">Kadama P.Y., B. Lee, H. Hamdani, P. Rundall, J. Schaber, B. Jeffrey et al. (2017): Conflict of interest safeguards far too weak to protect WHO from influence of regulated industries (the case of the Bill and Melinda Gates Foundation), Open Letter to the Executive Board of the World Health Organization, January 2017<\/td><\/tr>\r\n\r\n<tr class=\"footnotes_plugin_reference_row\"> <th scope=\"row\" class=\"footnote_plugin_index_combi pointer\"  onclick=\"footnote_moveToAnchor_33366_1('footnote_plugin_tooltip_33366_1_3');\"><a id=\"footnote_plugin_reference_33366_1_3\" class=\"footnote_backlink\"><span class=\"footnote_index_arrow\">&#8593;<\/span>3<\/a><\/th> <td class=\"footnote_plugin_text\">Kleinebeckel, A. (2020): The Money Question, Telepolis, online article from 19.03.2020, siehe auch:<a href=\"https:\/\/www.heise.de\/tp\/features\/The-Money-Question-4684441.html\" target=\"_blank\" rel=\"noopener noreferrer\"> <span class=\"footnote_url_wrap\">https:\/\/www.heise.de\/tp\/features\/The-Money-Question-4684441.html<\/span><\/a><\/td><\/tr>\r\n\r\n<tr class=\"footnotes_plugin_reference_row\"> <th scope=\"row\" class=\"footnote_plugin_index_combi pointer\"  onclick=\"footnote_moveToAnchor_33366_1('footnote_plugin_tooltip_33366_1_4');\"><a id=\"footnote_plugin_reference_33366_1_4\" class=\"footnote_backlink\"><span class=\"footnote_index_arrow\">&#8593;<\/span>4<\/a><\/th> <td class=\"footnote_plugin_text\">Kennedy R.F. (2020): Gates\u2019 Globalist Vaccine Agenda: A Win-Win for Pharma and Mandatory Vaccination, Children\u2019s Health Defense, online article from 09.04.2020, siehe auch: <a href=\"https:\/\/childrenshealthdefense.org\/news\/government-corruption\/gates-globalist-vaccine-agenda-a-win-win-for-pharma-and-mandatory-vaccination\/\" target=\"_blank\" rel=\"noopener noreferrer\"><span class=\"footnote_url_wrap\">https:\/\/childrenshealthdefense.org\/news\/government-corruption\/gates-globalist-vaccine-agenda-a-win-win-for-pharma-and-mandatory-vaccination\/<\/span><\/a><\/td><\/tr>\r\n\r\n<tr class=\"footnotes_plugin_reference_row\"> <th scope=\"row\" class=\"footnote_plugin_index_combi pointer\"  onclick=\"footnote_moveToAnchor_33366_1('footnote_plugin_tooltip_33366_1_5');\"><a id=\"footnote_plugin_reference_33366_1_5\" class=\"footnote_backlink\"><span class=\"footnote_index_arrow\">&#8593;<\/span>5<\/a><\/th> <td class=\"footnote_plugin_text\">PND (2017): Gates, Others Pledge $1.2 Billion to Eradicate Polio, Philanthropy News Digest, online article from 13.06.2017, siehe auch: <span class=\"footnote_url_wrap\">https:\/\/philanthropynewsdigest.org\/news\/gates-others-pledge-1.2-billion-to-eradicate-polio<\/span><\/td><\/tr>\r\n\r\n<tr class=\"footnotes_plugin_reference_row\"> <th scope=\"row\" class=\"footnote_plugin_index_combi pointer\"  onclick=\"footnote_moveToAnchor_33366_1('footnote_plugin_tooltip_33366_1_6');\"><a id=\"footnote_plugin_reference_33366_1_6\" class=\"footnote_backlink\"><span class=\"footnote_index_arrow\">&#8593;<\/span>6<\/a><\/th> <td class=\"footnote_plugin_text\">MMWR (2010): Progress Toward Poliomyelitis Eradication \u2014 India, January 2009\u2013October 2010, Morbidity and Mortality Weekly Report (MMWR) December 10, 2010 \/ Vol. 59 \/ No. 48, Centers for Disease Control and Prevention 1600 Clifton Road Atlanta, GA 30329-4027, USA, siehe auch: <a href=\"https:\/\/www.cdc.gov\/mmwr\/preview\/mmwrhtml\/mm5948a3.htm\" target=\"_blank\" rel=\"noopener noreferrer\"><span class=\"footnote_url_wrap\">https:\/\/www.cdc.gov\/mmwr\/preview\/mmwrhtml\/mm5948a3.htm<\/span><\/a>, siehe Grafik 2.<\/td><\/tr>\r\n\r\n<tr class=\"footnotes_plugin_reference_row\"> <th scope=\"row\" class=\"footnote_plugin_index_combi pointer\"  onclick=\"footnote_moveToAnchor_33366_1('footnote_plugin_tooltip_33366_1_7');\"><a id=\"footnote_plugin_reference_33366_1_7\" class=\"footnote_backlink\"><span class=\"footnote_index_arrow\">&#8593;<\/span>7<\/a><\/th> <td class=\"footnote_plugin_text\">Dhiman, R.; Prakash, S.C.; Sreenivas, V.; Puliyel, J. Correlation between Non-Polio Acute Flaccid Paralysis Rates with Pulse Polio Frequency in India. Int. J. Environ. Res. Public Health 2018, 15, 1755, DOI: 10.3390\/ijerph15081755<\/td><\/tr>\r\n\r\n<tr class=\"footnotes_plugin_reference_row\"> <th scope=\"row\" class=\"footnote_plugin_index_combi pointer\"  onclick=\"footnote_moveToAnchor_33366_1('footnote_plugin_tooltip_33366_1_8');\"><a id=\"footnote_plugin_reference_33366_1_8\" class=\"footnote_backlink\"><span class=\"footnote_index_arrow\">&#8593;<\/span>8<\/a><\/th> <td class=\"footnote_plugin_text\">Beaubien, J. (2017): Mutant Strains Of Polio Vaccine Now Cause More Paralysis Than Wild Polio, National Public Radio, online article from 28.06.2017, siehe auch: <a href=\"https:\/\/www.npr.org\/sections\/goatsandsoda\/2017\/06\/28\/534403083\/mutant-strains-of-polio-vaccine-now-cause-more-paralysis-than-wild-polio?t=1590829858375\" target=\"_blank\" rel=\"noopener noreferrer\"><span class=\"footnote_url_wrap\">https:\/\/www.npr.org\/sections\/goatsandsoda\/2017\/06\/28\/534403083\/mutant-strains-of-polio-vaccine-now-cause-more-paralysis-than-wild-polio?t=1590829858375<\/span><\/a><\/td><\/tr>\r\n\r\n<tr class=\"footnotes_plugin_reference_row\"> <th scope=\"row\" class=\"footnote_plugin_index_combi pointer\"  onclick=\"footnote_moveToAnchor_33366_1('footnote_plugin_tooltip_33366_1_9');\"><a id=\"footnote_plugin_reference_33366_1_9\" class=\"footnote_backlink\"><span class=\"footnote_index_arrow\">&#8593;<\/span>9<\/a><\/th> <td class=\"footnote_plugin_text\">Roberts, L. (2018): Alarming polio outbreak spreads in Congo, threatening global eradication efforts, Science Magazine, online article from 02.07.2018, siehe auch: <a href=\"https:\/\/www.sciencemag.org\/news\/2018\/07\/polio-outbreaks-congo-threaten-global-eradication\" target=\"_blank\" rel=\"noopener noreferrer\"><span class=\"footnote_url_wrap\">https:\/\/www.sciencemag.org\/news\/2018\/07\/polio-outbreaks-congo-threaten-global-eradication<\/span><\/a><\/td><\/tr>\r\n\r\n<tr class=\"footnotes_plugin_reference_row\"> <th scope=\"row\" class=\"footnote_plugin_index_combi pointer\"  onclick=\"footnote_moveToAnchor_33366_1('footnote_plugin_tooltip_33366_1_10');\"><a id=\"footnote_plugin_reference_33366_1_10\" class=\"footnote_backlink\"><span class=\"footnote_index_arrow\">&#8593;<\/span>10<\/a><\/th> <td class=\"footnote_plugin_text\">WHO (2019): Polio outbreak\u2013 The Philippines, Disease outbreak news, World Health Organisation, online article from 24. 09.2019, siehe auch: <a href=\"https:\/\/www.who.int\/csr\/don\/24-september-2019-polio-outbreak-the-philippines\/en\/\" target=\"_blank\" rel=\"noopener noreferrer\"><span class=\"footnote_url_wrap\">https:\/\/www.who.int\/csr\/don\/24-september-2019-polio-outbreak-the-philippines\/en\/<\/span><\/a><\/td><\/tr>\r\n\r\n<tr class=\"footnotes_plugin_reference_row\"> <th scope=\"row\" class=\"footnote_plugin_index_combi pointer\"  onclick=\"footnote_moveToAnchor_33366_1('footnote_plugin_tooltip_33366_1_11');\"><a id=\"footnote_plugin_reference_33366_1_11\" class=\"footnote_backlink\"><span class=\"footnote_index_arrow\">&#8593;<\/span>11<\/a><\/th> <td class=\"footnote_plugin_text\">Mogensen SW., Andersen A., Rodrigues A., Benn CS., Aaby P. The Introduction of Diphtheria-Tetanus-Pertussis and Oral Polio Vaccine Among Young Infants in an Urban African Community: A Natural Experiment. EBioMedicine. 2017;17:192-198. doi:10.1016\/j.ebiom.2017.01.041<\/td><\/tr>\r\n\r\n<tr class=\"footnotes_plugin_reference_row\"> <th scope=\"row\" class=\"footnote_plugin_index_combi pointer\"  onclick=\"footnote_moveToAnchor_33366_1('footnote_plugin_tooltip_33366_1_12');\"><a id=\"footnote_plugin_reference_33366_1_12\" class=\"footnote_backlink\"><span class=\"footnote_index_arrow\">&#8593;<\/span>12<\/a><\/th> <td class=\"footnote_plugin_text\">Kennedy, R.F. (2020): The Bill Gates Effect: WHO\u2019s DTP Vaccine Killed More Children in Africa Than the Diseases it Targeted, Children\u2019s Health Defense, online article from 23.04.2020, siehe auch: <a href=\"https:\/\/childrenshealthdefense.org\/news\/the-bill-gates-effect-whos-dtp-vaccine-kills-more-children-in-africa-than-the-diseases-it-targets\/\" target=\"_blank\" rel=\"noopener noreferrer\"><span class=\"footnote_url_wrap\">https:\/\/childrenshealthdefense.org\/news\/the-bill-gates-effect-whos-dtp-vaccine-kills-more-children-in-africa-than-the-diseases-it-targets\/<\/span><\/a><\/td><\/tr>\r\n\r\n<tr class=\"footnotes_plugin_reference_row\"> <th scope=\"row\" class=\"footnote_plugin_index_combi pointer\"  onclick=\"footnote_moveToAnchor_33366_1('footnote_plugin_tooltip_33366_1_13');\"><a id=\"footnote_plugin_reference_33366_1_13\" class=\"footnote_backlink\"><span class=\"footnote_index_arrow\">&#8593;<\/span>13<\/a><\/th> <td class=\"footnote_plugin_text\">England, C. (2013): Minimum of 40 Children Paralyzed After New Meningitis Vaccine, La Leva di Archimede &#8211; Association for freedom of choice, online article from 06.01.2013, siehe auch: <a href=\"http:\/\/www.laleva.org\/eng\/2013\/01\/minimum_of_40_children_paralyzed_after_new_meningitis_vaccine.html\" target=\"_blank\" rel=\"noopener noreferrer\"><span class=\"footnote_url_wrap\">http:\/\/www.laleva.org\/eng\/2013\/01\/minimum_of_40_children_paralyzed_after_new_meningitis_vaccine.html<\/span><\/a><\/td><\/tr>\r\n\r\n<tr class=\"footnotes_plugin_reference_row\"> <th scope=\"row\" class=\"footnote_plugin_index_combi pointer\"  onclick=\"footnote_moveToAnchor_33366_1('footnote_plugin_tooltip_33366_1_14');\"><a id=\"footnote_plugin_reference_33366_1_14\" class=\"footnote_backlink\"><span class=\"footnote_index_arrow\">&#8593;<\/span>14<\/a><\/th> <td class=\"footnote_plugin_text\">Parliament of India &#8211; Rajya Sabha (2013): 72 nd REPORT &#8211; Alleged Irregularities in the Conduct of Studies using Human Papilloma Virus (HPV) Vaccine by Path in India. Department of Health Research, Ministry of Health and Family Welfare. Department-Related Parliamentary Standing on Health And Family welfare, siehe auch: <a href=\"http:\/\/164.100.47.5\/newcommittee\/reports\/EnglishCommittees\/Committee%20on%20Health%20and%20Family%20Welfare\/72.pdf\" target=\"_blank\" rel=\"noopener noreferrer\"><span class=\"footnote_url_wrap\">http:\/\/164.100.47.5\/newcommittee\/reports\/EnglishCommittees\/Committee%20on%20Health%20and%20Family%20Welfare\/72.pdf<\/span><\/a><\/td><\/tr>\r\n\r\n<tr class=\"footnotes_plugin_reference_row\"> <th scope=\"row\" class=\"footnote_plugin_index_combi pointer\"  onclick=\"footnote_moveToAnchor_33366_1('footnote_plugin_tooltip_33366_1_15');\"><a id=\"footnote_plugin_reference_33366_1_15\" class=\"footnote_backlink\"><span class=\"footnote_index_arrow\">&#8593;<\/span>15<\/a><\/th> <td class=\"footnote_plugin_text\">Oller, John &amp; Shaw, Christopher &amp; Tomljenovic, Lucija &amp; Karanja, Stephen &amp; Ngare, Wahome &amp; Clement, Felicia &amp; Pillette, Jamie. (2017). HCG Found in WHO Tetanus Vaccine in Kenya Raises Concern in the Developing World. Open Access Library Journal. 04. 1-30. 10.4236\/oalib.1103937. siehe auch: <a href=\"https:\/\/www.researchgate.net\/publication\/320641479_HCG_Found_in_WHO_Tetanus_Vaccine_in_Kenya_Raises_Concern_in_the_Developing_World\" target=\"_blank\" rel=\"noopener noreferrer\"><span class=\"footnote_url_wrap\">https:\/\/www.researchgate.net\/publication\/320641479_HCG_Found_in_WHO_Tetanus_Vaccine_in_Kenya_Raises_Concern_in_the_Developing_World<\/span><\/a><\/td><\/tr>\r\n\r\n<tr class=\"footnotes_plugin_reference_row\"> <th scope=\"row\" class=\"footnote_plugin_index_combi pointer\"  onclick=\"footnote_moveToAnchor_33366_1('footnote_plugin_tooltip_33366_1_16');\"><a id=\"footnote_plugin_reference_33366_1_16\" class=\"footnote_backlink\"><span class=\"footnote_index_arrow\">&#8593;<\/span>16<\/a><\/th> <td class=\"footnote_plugin_text\">Nardi, G. (2020): Geheimaktion: WHO und Unicef wollten Millionen Frauen geheim sterilisieren. Katholisches &#8211; Magazin f\u00fcr Kirche und Kultur, online article from 03.06.2020, siehe auch: <a href=\"https:\/\/katholisches.info\/2014\/11\/13\/geheimaktion-who-und-unicef-wollten-millionen-frauen-geheim-sterilisieren\/\" target=\"_blank\" rel=\"noopener noreferrer\"><span class=\"footnote_url_wrap\">https:\/\/katholisches.info\/2014\/11\/13\/geheimaktion-who-und-unicef-wollten-millionen-frauen-geheim-sterilisieren\/<\/span><\/a><\/td><\/tr>\r\n\r\n<tr class=\"footnotes_plugin_reference_row\"> <th scope=\"row\" class=\"footnote_plugin_index_combi pointer\"  onclick=\"footnote_moveToAnchor_33366_1('footnote_plugin_tooltip_33366_1_17');\"><a id=\"footnote_plugin_reference_33366_1_17\" class=\"footnote_backlink\"><span class=\"footnote_index_arrow\">&#8593;<\/span>17<\/a><\/th> <td class=\"footnote_plugin_text\">Tetanus vaccine may be laced with anti-fertility drug. International \/ developing countries. Vaccine Wkly. 1995;9 10. Online article from 29.05.1995;9-10, siehe auch: <a href=\"https:\/\/www.ncbi.nlm.nih.gov\/pubmed\/12346214\" target=\"_blank\" rel=\"noopener noreferrer\"><span class=\"footnote_url_wrap\">https:\/\/www.ncbi.nlm.nih.gov\/pubmed\/12346214<\/span><\/a><\/td><\/tr>\r\n\r\n<tr class=\"footnotes_plugin_reference_row\"> <th scope=\"row\" class=\"footnote_plugin_index_combi pointer\"  onclick=\"footnote_moveToAnchor_33366_1('footnote_plugin_tooltip_33366_1_18');\"><a id=\"footnote_plugin_reference_33366_1_18\" class=\"footnote_backlink\"><span class=\"footnote_index_arrow\">&#8593;<\/span>18<\/a><\/th> <td class=\"footnote_plugin_text\">BUKO (2016): Rundbrief der BUKO Pharma-Kampagne Nr. 4, Juni 2016, ISSN 1618-4572, siehe auch: <a href=\"https:\/\/www.bukopharma.de\/images\/pharmabrief\/Pharma-Brief_Archiv\/2016\/Phbf2016_04.pdf\" target=\"_blank\" rel=\"noopener noreferrer\"><span class=\"footnote_url_wrap\">https:\/\/www.bukopharma.de\/images\/pharmabrief\/Pharma-Brief_Archiv\/2016\/Phbf2016_04.pdf<\/span><\/a><\/td><\/tr>\r\n\r\n<tr class=\"footnotes_plugin_reference_row\"> <th scope=\"row\" class=\"footnote_plugin_index_combi pointer\"  onclick=\"footnote_moveToAnchor_33366_1('footnote_plugin_tooltip_33366_1_19');\"><a id=\"footnote_plugin_reference_33366_1_19\" class=\"footnote_backlink\"><span class=\"footnote_index_arrow\">&#8593;<\/span>19<\/a><\/th> <td class=\"footnote_plugin_text\">Pickard, G. (2010): Will Gates Foundation Replace the UN? UN Post. online article from 2010, siehe auch: <a href=\"https:\/\/unpost.net\/will-gates-foundation-replace-the-un\/\" target=\"_blank\" rel=\"noopener noreferrer\"><span class=\"footnote_url_wrap\">https:\/\/unpost.net\/will-gates-foundation-replace-the-un\/<\/span><\/a><\/td><\/tr>\r\n\r\n<tr class=\"footnotes_plugin_reference_row\"> <th scope=\"row\" class=\"footnote_plugin_index_combi pointer\"  onclick=\"footnote_moveToAnchor_33366_1('footnote_plugin_tooltip_33366_1_20');\"><a id=\"footnote_plugin_reference_33366_1_20\" class=\"footnote_backlink\"><span class=\"footnote_index_arrow\">&#8593;<\/span>20<\/a><\/th> <td class=\"footnote_plugin_text\">Presseportal (2010): Bill und Melinda Gates stellen 10 Milliarden US-Dollar f\u00fcr &#8222;Jahrzehnt der Impfstoffe&#8220; bereit, online article from 29.01.2010, siehe auch: <a href=\"https:\/\/www.presseportal.de\/pm\/16536\/1552808\" target=\"_blank\" rel=\"noopener noreferrer\"><span class=\"footnote_url_wrap\">https:\/\/www.presseportal.de\/pm\/16536\/1552808<\/span><\/a><\/td><\/tr>\r\n\r\n<tr class=\"footnotes_plugin_reference_row\"> <th scope=\"row\" class=\"footnote_plugin_index_combi pointer\"  onclick=\"footnote_moveToAnchor_33366_1('footnote_plugin_tooltip_33366_1_21');\"><a id=\"footnote_plugin_reference_33366_1_21\" class=\"footnote_backlink\"><span class=\"footnote_index_arrow\">&#8593;<\/span>21<\/a><\/th> <td class=\"footnote_plugin_text\">Rohwedder, W. (2020): Menschenfreund oder Gesch\u00e4ftemacher?, Tagesschau, online article from 15.04.2020, siehe auch: <a href=\"https:\/\/www.tagesschau.de\/faktenfinder\/ausland\/gates-stiftung-corona-101.html\" target=\"_blank\" rel=\"noopener noreferrer\"><span class=\"footnote_url_wrap\">https:\/\/www.tagesschau.de\/faktenfinder\/ausland\/gates-stiftung-corona-101.html<\/span><\/a><\/td><\/tr>\r\n\r\n<tr class=\"footnotes_plugin_reference_row\"> <th scope=\"row\" class=\"footnote_plugin_index_combi pointer\"  onclick=\"footnote_moveToAnchor_33366_1('footnote_plugin_tooltip_33366_1_22');\"><a id=\"footnote_plugin_reference_33366_1_22\" class=\"footnote_backlink\"><span class=\"footnote_index_arrow\">&#8593;<\/span>22<\/a><\/th> <td class=\"footnote_plugin_text\">Bill and Melinda Gates Foundation (2018): Annual Report 2018, siehe auch: <a href=\"https:\/\/www.gatesfoundation.org\/Who-We-Are\/Resources-and-Media\/Annual-Reports\/Annual-Report-2018\" target=\"_blank\" rel=\"noopener noreferrer\"><span class=\"footnote_url_wrap\">https:\/\/www.gatesfoundation.org\/Who-We-Are\/Resources-and-Media\/Annual-Reports\/Annual-Report-2018<\/span><\/a><\/td><\/tr>\r\n\r\n<tr class=\"footnotes_plugin_reference_row\"> <th scope=\"row\" class=\"footnote_plugin_index_combi pointer\"  onclick=\"footnote_moveToAnchor_33366_1('footnote_plugin_tooltip_33366_1_23');\"><a id=\"footnote_plugin_reference_33366_1_23\" class=\"footnote_backlink\"><span class=\"footnote_index_arrow\">&#8593;<\/span>23<\/a><\/th> <td class=\"footnote_plugin_text\">World Health Organization (2019): Voluntary contributions by fund and by contributor, 72nd WORLD HEALTH ASSEMBLY, Provisional agenda item 15.2, 09.05.2019, A72\/INF.\/5, siehe auch: <a href=\"https:\/\/www.who.int\/about\/finances-accountability\/reports\/A72_INF5-en.pdf\" target=\"_blank\" rel=\"noopener noreferrer\"><span class=\"footnote_url_wrap\">https:\/\/www.who.int\/about\/finances-accountability\/reports\/A72_INF5-en.pdf<\/span><\/a><\/td><\/tr>\r\n\r\n<tr class=\"footnotes_plugin_reference_row\"> <th scope=\"row\" class=\"footnote_plugin_index_combi pointer\"  onclick=\"footnote_moveToAnchor_33366_1('footnote_plugin_tooltip_33366_1_24');\"><a id=\"footnote_plugin_reference_33366_1_24\" class=\"footnote_backlink\"><span class=\"footnote_index_arrow\">&#8593;<\/span>24<\/a><\/th> <td class=\"footnote_plugin_text\">Bill and Melinda Gates Foundation (2020): Bill &amp; Melinda Gates Foundation, Wellcome, and Mastercard Launch Initiative to Speed Development and Access to Therapies for COVID-19, Press Release 10.03.2020, Seattle, siehe auch: <a href=\"https:\/\/www.gatesfoundation.org\/Media-Center\/Press-Releases\/2020\/03\/COVID-19-Therapeutics-Accelerator\" target=\"_blank\" rel=\"noopener noreferrer\"><span class=\"footnote_url_wrap\">https:\/\/www.gatesfoundation.org\/Media-Center\/Press-Releases\/2020\/03\/COVID-19-Therapeutics-Accelerator<\/span><\/a><\/td><\/tr>\r\n\r\n<tr class=\"footnotes_plugin_reference_row\"> <th scope=\"row\" class=\"footnote_plugin_index_combi pointer\"  onclick=\"footnote_moveToAnchor_33366_1('footnote_plugin_tooltip_33366_1_25');\"><a id=\"footnote_plugin_reference_33366_1_25\" class=\"footnote_backlink\"><span class=\"footnote_index_arrow\">&#8593;<\/span>25<\/a><\/th> <td class=\"footnote_plugin_text\">Kruchem, T. (2019): Die WHO am Bettelstab: Was gesund ist, bestimmt Bill Gates, Sendung vom 22.1.2019, 8:30 Uhr, SWR2 Wissen, SWR2, siehe auch: <a href=\"https:\/\/www.swr.de\/swr2\/wissen\/who-am-bettelstab-was-gesund-ist-bestimmt-bill-gates-100.html\" target=\"_blank\" rel=\"noopener noreferrer\"><span class=\"footnote_url_wrap\">https:\/\/www.swr.de\/swr2\/wissen\/who-am-bettelstab-was-gesund-ist-bestimmt-bill-gates-100.html<\/span><\/a><\/td><\/tr>\r\n\r\n<tr class=\"footnotes_plugin_reference_row\"> <th scope=\"row\" class=\"footnote_plugin_index_combi pointer\"  onclick=\"footnote_moveToAnchor_33366_1('footnote_plugin_tooltip_33366_1_26');\"><a id=\"footnote_plugin_reference_33366_1_26\" class=\"footnote_backlink\"><span class=\"footnote_index_arrow\">&#8593;<\/span>26<\/a><\/th> <td class=\"footnote_plugin_text\">Rabe, S. (2018): Transparenz bei der STIKO &#8211; die Hintergr\u00fcnde, Impf-Info, online article from 21.06.2018, siehe auch: <a href=\"https:\/\/www.impf-info.de\/12-allgemeines\/200-transparenz-bei-der-stiko-die-hintergr%C3%BCnde.html\" target=\"_blank\" rel=\"noopener noreferrer\"><span class=\"footnote_url_wrap\">https:\/\/www.impf-info.de\/12-allgemeines\/200-transparenz-bei-der-stiko-die-hintergr%C3%BCnde.html<\/span><\/a><\/td><\/tr>\r\n\r\n<tr class=\"footnotes_plugin_reference_row\"> <th scope=\"row\" class=\"footnote_plugin_index_combi pointer\"  onclick=\"footnote_moveToAnchor_33366_1('footnote_plugin_tooltip_33366_1_27');\"><a id=\"footnote_plugin_reference_33366_1_27\" class=\"footnote_backlink\"><span class=\"footnote_index_arrow\">&#8593;<\/span>27<\/a><\/th> <td class=\"footnote_plugin_text\">Bl\u00f6\u00df, T. (2004): Impfungen: Kommission in der Kritik. In: Dtsch Arztebl 2004; 101(45): A-2996 \/ B-2534 \/ C-2418, siehe auch: <a href=\"https:\/\/www.aerzteblatt.de\/archiv\/44143\/Impfungen-Kommission-in-der-Kritik\" target=\"_blank\" rel=\"noopener noreferrer\"><span class=\"footnote_url_wrap\">https:\/\/www.aerzteblatt.de\/archiv\/44143\/Impfungen-Kommission-in-der-Kritik<\/span><\/a><\/td><\/tr>\r\n\r\n<tr class=\"footnotes_plugin_reference_row\"> <th scope=\"row\" class=\"footnote_plugin_index_combi pointer\"  onclick=\"footnote_moveToAnchor_33366_1('footnote_plugin_tooltip_33366_1_28');\"><a id=\"footnote_plugin_reference_33366_1_28\" class=\"footnote_backlink\"><span class=\"footnote_index_arrow\">&#8593;<\/span>28<\/a><\/th> <td class=\"footnote_plugin_text\">Straumann, F. (2010): Impfexperten weniger verstrickt als bef\u00fcrchtet, Tages-Anzeiger, press article from 21.10.2010, siehe auch: <a href=\"https:\/\/www.oeffentlichkeitsgesetz.ch\/downloads\/geschichten\/artikel\/2010-10-21-Tages-Anzeiger-Impfungen.pdf\" target=\"_blank\" rel=\"noopener noreferrer\"><span class=\"footnote_url_wrap\">https:\/\/www.oeffentlichkeitsgesetz.ch\/downloads\/geschichten\/artikel\/2010-10-21-Tages-Anzeiger-Impfungen.pdf<\/span><\/a><\/td><\/tr>\r\n\r\n<tr class=\"footnotes_plugin_reference_row\"> <th scope=\"row\" class=\"footnote_plugin_index_combi pointer\"  onclick=\"footnote_moveToAnchor_33366_1('footnote_plugin_tooltip_33366_1_29');\"><a id=\"footnote_plugin_reference_33366_1_29\" class=\"footnote_backlink\"><span class=\"footnote_index_arrow\">&#8593;<\/span>29<\/a><\/th> <td class=\"footnote_plugin_text\">Lloyd-Price, J., Abu-Ali, G., Huttenhower, C., (2016): The healthy human microbiome, Genome Medicine 8, Article No. 51, siehe auch: <a href=\"https:\/\/genomemedicine.biomedcentral.com\/articles\/10.1186\/s13073-016-0307-y?utm_campaign=BMCF_TrendMD_2019_GenomeMedicine&amp;utm_source=TrendMD&amp;utm_medium=cpc\" target=\"_blank\" rel=\"noopener noreferrer\"><span class=\"footnote_url_wrap\">https:\/\/genomemedicine.biomedcentral.com\/articles\/10.1186\/s13073-016-0307-y?utm_campaign=BMCF_TrendMD_2019_GenomeMedicine&amp;utm_source=TrendMD&amp;utm_medium=cpc<\/span><\/a><\/td><\/tr>\r\n\r\n<tr class=\"footnotes_plugin_reference_row\"> <th scope=\"row\" class=\"footnote_plugin_index_combi pointer\"  onclick=\"footnote_moveToAnchor_33366_1('footnote_plugin_tooltip_33366_1_30');\"><a id=\"footnote_plugin_reference_33366_1_30\" class=\"footnote_backlink\"><span class=\"footnote_index_arrow\">&#8593;<\/span>30<\/a><\/th> <td class=\"footnote_plugin_text\">BAG (2020): Krankheit COVID-19, Symptome und Behandlung, Ursprung neues Coronavirus, Bundesamt f\u00fcr Gesundheit der Schweiz, online article from 03.06.2020, siehe auch: <a href=\"https:\/\/www.bag.admin.ch\/bag\/de\/home\/krankheiten\/ausbrueche-epidemien-pandemien\/aktuelle-ausbrueche-epidemien\/novel-cov\/krankheit-symptome-behandlung-ursprung.html\" target=\"_blank\" rel=\"noopener noreferrer\"><span class=\"footnote_url_wrap\">https:\/\/www.bag.admin.ch\/bag\/de\/home\/krankheiten\/ausbrueche-epidemien-pandemien\/aktuelle-ausbrueche-epidemien\/novel-cov\/krankheit-symptome-behandlung-ursprung.html<\/span><\/a><\/td><\/tr>\r\n\r\n <\/tbody> <\/table> <\/div><\/div><script type=\"text\/javascript\"> function footnote_expand_reference_container_33366_1() { jQuery('#footnote_references_container_33366_1').show(); jQuery('#footnote_reference_container_collapse_button_33366_1').text('\u2212'); } function footnote_collapse_reference_container_33366_1() { jQuery('#footnote_references_container_33366_1').hide(); jQuery('#footnote_reference_container_collapse_button_33366_1').text('+'); } function footnote_expand_collapse_reference_container_33366_1() { if (jQuery('#footnote_references_container_33366_1').is(':hidden')) { footnote_expand_reference_container_33366_1(); } else { footnote_collapse_reference_container_33366_1(); } } function footnote_moveToReference_33366_1(p_str_TargetID) { footnote_expand_reference_container_33366_1(); var l_obj_Target = jQuery('#' + p_str_TargetID); if (l_obj_Target.length) { jQuery( 'html, body' ).delay( 0 ); jQuery('html, body').animate({ scrollTop: l_obj_Target.offset().top - window.innerHeight * 0.2 }, 380); } } function footnote_moveToAnchor_33366_1(p_str_TargetID) { footnote_expand_reference_container_33366_1(); var l_obj_Target = jQuery('#' + p_str_TargetID); if (l_obj_Target.length) { jQuery( 'html, body' ).delay( 0 ); jQuery('html, body').animate({ scrollTop: l_obj_Target.offset().top - window.innerHeight * 0.2 }, 380); } }<\/script>","protected":false},"excerpt":{"rendered":"Die Corona-Pandemie hinterl\u00e4sst global deutliche Spuren in Gesellschaft, Wirtschaft und Medizin \u2013 und auch im Bewusstsein und im sozialen Umgang der Menschen untereinander. Die einen beginnen, komplexe Zusammenh\u00e4nge zu hinterfragen, viele verlassen sich allein auf die Aussagen der offiziellen Stellen und Medienberichte und wieder andere verharren ganz in der Angst vor dem Erreger, der Krankheit [&hellip;]","protected":false},"author":11,"featured_media":0,"comment_status":"closed","ping_status":"closed","sticky":false,"template":"","format":"standard","meta":{"_acf_changed":false,"ngg_post_thumbnail":0,"footnotes":""},"categories":[518,20],"tags":[],"class_list":["post-33366","post","type-post","status-publish","format-standard","hentry","category-coronavirus","category-gesundheit","wpautop"],"acf":[],"yoast_head":"<!-- This site is optimized with the Yoast SEO plugin v27.4 - https:\/\/yoast.com\/product\/yoast-seo-wordpress\/ -->\n<title>Sind Impfungen wirklich der einzige Weg, um die Menschheit vor Pandemien zu sch\u00fctzen? - The World Foundation for Natural Science<\/title>\n<meta name=\"robots\" content=\"index, follow, max-snippet:-1, max-image-preview:large, max-video-preview:-1\" \/>\n<link rel=\"canonical\" href=\"https:\/\/www.naturalscience.org\/de\/news\/2020\/06\/sind-impfungen-wirklich-der-einzige-weg-um-die-menschheit-vor-pandemien-zu-schuetzen\/\" \/>\n<meta name=\"twitter:label1\" content=\"Verfasst von\" \/>\n\t<meta name=\"twitter:data1\" content=\"Monika Waldmann\" \/>\n\t<meta name=\"twitter:label2\" content=\"Gesch\u00e4tzte Lesezeit\" \/>\n\t<meta name=\"twitter:data2\" content=\"19\u00a0Minuten\" \/>\n<script type=\"application\/ld+json\" class=\"yoast-schema-graph\">{\"@context\":\"https:\\\/\\\/schema.org\",\"@graph\":[{\"@type\":\"Article\",\"@id\":\"https:\\\/\\\/www.naturalscience.org\\\/de\\\/news\\\/2020\\\/06\\\/sind-impfungen-wirklich-der-einzige-weg-um-die-menschheit-vor-pandemien-zu-schuetzen\\\/#article\",\"isPartOf\":{\"@id\":\"https:\\\/\\\/www.naturalscience.org\\\/de\\\/news\\\/2020\\\/06\\\/sind-impfungen-wirklich-der-einzige-weg-um-die-menschheit-vor-pandemien-zu-schuetzen\\\/\"},\"author\":{\"name\":\"Monika Waldmann\",\"@id\":\"https:\\\/\\\/www.naturalscience.org\\\/#\\\/schema\\\/person\\\/f3e16bb7057b29f8593016bf70a42022\"},\"headline\":\"Sind Impfungen wirklich der einzige Weg, um die Menschheit vor Pandemien zu sch\u00fctzen?\",\"datePublished\":\"2020-06-18T06:44:54+00:00\",\"dateModified\":\"2021-06-12T18:40:30+00:00\",\"mainEntityOfPage\":{\"@id\":\"https:\\\/\\\/www.naturalscience.org\\\/de\\\/news\\\/2020\\\/06\\\/sind-impfungen-wirklich-der-einzige-weg-um-die-menschheit-vor-pandemien-zu-schuetzen\\\/\"},\"wordCount\":3878,\"image\":{\"@id\":\"https:\\\/\\\/www.naturalscience.org\\\/de\\\/news\\\/2020\\\/06\\\/sind-impfungen-wirklich-der-einzige-weg-um-die-menschheit-vor-pandemien-zu-schuetzen\\\/#primaryimage\"},\"thumbnailUrl\":\"https:\\\/\\\/www.naturalscience.org\\\/wp-content\\\/uploads\\\/2020\\\/06\\\/AdobeStock_324543972_Editorial_Use_Only-300x200.jpeg\",\"articleSection\":[\"Coronavirus\",\"Gesundheit\"],\"inLanguage\":\"de\"},{\"@type\":\"WebPage\",\"@id\":\"https:\\\/\\\/www.naturalscience.org\\\/de\\\/news\\\/2020\\\/06\\\/sind-impfungen-wirklich-der-einzige-weg-um-die-menschheit-vor-pandemien-zu-schuetzen\\\/\",\"url\":\"https:\\\/\\\/www.naturalscience.org\\\/de\\\/news\\\/2020\\\/06\\\/sind-impfungen-wirklich-der-einzige-weg-um-die-menschheit-vor-pandemien-zu-schuetzen\\\/\",\"name\":\"Sind Impfungen wirklich der einzige Weg, um die Menschheit vor Pandemien zu sch\u00fctzen? - The World Foundation for Natural Science\",\"isPartOf\":{\"@id\":\"https:\\\/\\\/www.naturalscience.org\\\/#website\"},\"primaryImageOfPage\":{\"@id\":\"https:\\\/\\\/www.naturalscience.org\\\/de\\\/news\\\/2020\\\/06\\\/sind-impfungen-wirklich-der-einzige-weg-um-die-menschheit-vor-pandemien-zu-schuetzen\\\/#primaryimage\"},\"image\":{\"@id\":\"https:\\\/\\\/www.naturalscience.org\\\/de\\\/news\\\/2020\\\/06\\\/sind-impfungen-wirklich-der-einzige-weg-um-die-menschheit-vor-pandemien-zu-schuetzen\\\/#primaryimage\"},\"thumbnailUrl\":\"https:\\\/\\\/www.naturalscience.org\\\/wp-content\\\/uploads\\\/2020\\\/06\\\/AdobeStock_324543972_Editorial_Use_Only-300x200.jpeg\",\"datePublished\":\"2020-06-18T06:44:54+00:00\",\"dateModified\":\"2021-06-12T18:40:30+00:00\",\"author\":{\"@id\":\"https:\\\/\\\/www.naturalscience.org\\\/#\\\/schema\\\/person\\\/f3e16bb7057b29f8593016bf70a42022\"},\"breadcrumb\":{\"@id\":\"https:\\\/\\\/www.naturalscience.org\\\/de\\\/news\\\/2020\\\/06\\\/sind-impfungen-wirklich-der-einzige-weg-um-die-menschheit-vor-pandemien-zu-schuetzen\\\/#breadcrumb\"},\"inLanguage\":\"de\",\"potentialAction\":[{\"@type\":\"ReadAction\",\"target\":[\"https:\\\/\\\/www.naturalscience.org\\\/de\\\/news\\\/2020\\\/06\\\/sind-impfungen-wirklich-der-einzige-weg-um-die-menschheit-vor-pandemien-zu-schuetzen\\\/\"]}]},{\"@type\":\"ImageObject\",\"inLanguage\":\"de\",\"@id\":\"https:\\\/\\\/www.naturalscience.org\\\/de\\\/news\\\/2020\\\/06\\\/sind-impfungen-wirklich-der-einzige-weg-um-die-menschheit-vor-pandemien-zu-schuetzen\\\/#primaryimage\",\"url\":\"https:\\\/\\\/www.naturalscience.org\\\/wp-content\\\/uploads\\\/2020\\\/06\\\/AdobeStock_324543972_Editorial_Use_Only-300x200.jpeg\",\"contentUrl\":\"https:\\\/\\\/www.naturalscience.org\\\/wp-content\\\/uploads\\\/2020\\\/06\\\/AdobeStock_324543972_Editorial_Use_Only-300x200.jpeg\"},{\"@type\":\"BreadcrumbList\",\"@id\":\"https:\\\/\\\/www.naturalscience.org\\\/de\\\/news\\\/2020\\\/06\\\/sind-impfungen-wirklich-der-einzige-weg-um-die-menschheit-vor-pandemien-zu-schuetzen\\\/#breadcrumb\",\"itemListElement\":[{\"@type\":\"ListItem\",\"position\":1,\"name\":\"Home\",\"item\":\"https:\\\/\\\/www.naturalscience.org\\\/de\\\/\"},{\"@type\":\"ListItem\",\"position\":2,\"name\":\"Sind Impfungen wirklich der einzige Weg, um die Menschheit vor Pandemien zu sch\u00fctzen?\"}]},{\"@type\":\"WebSite\",\"@id\":\"https:\\\/\\\/www.naturalscience.org\\\/#website\",\"url\":\"https:\\\/\\\/www.naturalscience.org\\\/\",\"name\":\"The World Foundation for Natural Science\",\"description\":\"Restoring and Healing the World through Responsibility and Commitment in accord with Natural and Divine Law!\",\"potentialAction\":[{\"@type\":\"SearchAction\",\"target\":{\"@type\":\"EntryPoint\",\"urlTemplate\":\"https:\\\/\\\/www.naturalscience.org\\\/?s={search_term_string}\"},\"query-input\":{\"@type\":\"PropertyValueSpecification\",\"valueRequired\":true,\"valueName\":\"search_term_string\"}}],\"inLanguage\":\"de\"},{\"@type\":\"Person\",\"@id\":\"https:\\\/\\\/www.naturalscience.org\\\/#\\\/schema\\\/person\\\/f3e16bb7057b29f8593016bf70a42022\",\"name\":\"Monika Waldmann\",\"image\":{\"@type\":\"ImageObject\",\"inLanguage\":\"de\",\"@id\":\"https:\\\/\\\/secure.gravatar.com\\\/avatar\\\/54dfb6ad0fbcf54c252c37d8d2c1a44e41b462185db44d9c8124801f3b41b6ec?s=96&d=mm&r=g\",\"url\":\"https:\\\/\\\/secure.gravatar.com\\\/avatar\\\/54dfb6ad0fbcf54c252c37d8d2c1a44e41b462185db44d9c8124801f3b41b6ec?s=96&d=mm&r=g\",\"contentUrl\":\"https:\\\/\\\/secure.gravatar.com\\\/avatar\\\/54dfb6ad0fbcf54c252c37d8d2c1a44e41b462185db44d9c8124801f3b41b6ec?s=96&d=mm&r=g\",\"caption\":\"Monika Waldmann\"}}]}<\/script>\n<!-- \/ Yoast SEO plugin. -->","yoast_head_json":{"title":"Sind Impfungen wirklich der einzige Weg, um die Menschheit vor Pandemien zu sch\u00fctzen? - The World Foundation for Natural Science","robots":{"index":"index","follow":"follow","max-snippet":"max-snippet:-1","max-image-preview":"max-image-preview:large","max-video-preview":"max-video-preview:-1"},"canonical":"https:\/\/www.naturalscience.org\/de\/news\/2020\/06\/sind-impfungen-wirklich-der-einzige-weg-um-die-menschheit-vor-pandemien-zu-schuetzen\/","twitter_misc":{"Verfasst von":"Monika Waldmann","Gesch\u00e4tzte Lesezeit":"19\u00a0Minuten"},"schema":{"@context":"https:\/\/schema.org","@graph":[{"@type":"Article","@id":"https:\/\/www.naturalscience.org\/de\/news\/2020\/06\/sind-impfungen-wirklich-der-einzige-weg-um-die-menschheit-vor-pandemien-zu-schuetzen\/#article","isPartOf":{"@id":"https:\/\/www.naturalscience.org\/de\/news\/2020\/06\/sind-impfungen-wirklich-der-einzige-weg-um-die-menschheit-vor-pandemien-zu-schuetzen\/"},"author":{"name":"Monika Waldmann","@id":"https:\/\/www.naturalscience.org\/#\/schema\/person\/f3e16bb7057b29f8593016bf70a42022"},"headline":"Sind Impfungen wirklich der einzige Weg, um die Menschheit vor Pandemien zu sch\u00fctzen?","datePublished":"2020-06-18T06:44:54+00:00","dateModified":"2021-06-12T18:40:30+00:00","mainEntityOfPage":{"@id":"https:\/\/www.naturalscience.org\/de\/news\/2020\/06\/sind-impfungen-wirklich-der-einzige-weg-um-die-menschheit-vor-pandemien-zu-schuetzen\/"},"wordCount":3878,"image":{"@id":"https:\/\/www.naturalscience.org\/de\/news\/2020\/06\/sind-impfungen-wirklich-der-einzige-weg-um-die-menschheit-vor-pandemien-zu-schuetzen\/#primaryimage"},"thumbnailUrl":"https:\/\/www.naturalscience.org\/wp-content\/uploads\/2020\/06\/AdobeStock_324543972_Editorial_Use_Only-300x200.jpeg","articleSection":["Coronavirus","Gesundheit"],"inLanguage":"de"},{"@type":"WebPage","@id":"https:\/\/www.naturalscience.org\/de\/news\/2020\/06\/sind-impfungen-wirklich-der-einzige-weg-um-die-menschheit-vor-pandemien-zu-schuetzen\/","url":"https:\/\/www.naturalscience.org\/de\/news\/2020\/06\/sind-impfungen-wirklich-der-einzige-weg-um-die-menschheit-vor-pandemien-zu-schuetzen\/","name":"Sind Impfungen wirklich der einzige Weg, um die Menschheit vor Pandemien zu sch\u00fctzen? - The World Foundation for Natural Science","isPartOf":{"@id":"https:\/\/www.naturalscience.org\/#website"},"primaryImageOfPage":{"@id":"https:\/\/www.naturalscience.org\/de\/news\/2020\/06\/sind-impfungen-wirklich-der-einzige-weg-um-die-menschheit-vor-pandemien-zu-schuetzen\/#primaryimage"},"image":{"@id":"https:\/\/www.naturalscience.org\/de\/news\/2020\/06\/sind-impfungen-wirklich-der-einzige-weg-um-die-menschheit-vor-pandemien-zu-schuetzen\/#primaryimage"},"thumbnailUrl":"https:\/\/www.naturalscience.org\/wp-content\/uploads\/2020\/06\/AdobeStock_324543972_Editorial_Use_Only-300x200.jpeg","datePublished":"2020-06-18T06:44:54+00:00","dateModified":"2021-06-12T18:40:30+00:00","author":{"@id":"https:\/\/www.naturalscience.org\/#\/schema\/person\/f3e16bb7057b29f8593016bf70a42022"},"breadcrumb":{"@id":"https:\/\/www.naturalscience.org\/de\/news\/2020\/06\/sind-impfungen-wirklich-der-einzige-weg-um-die-menschheit-vor-pandemien-zu-schuetzen\/#breadcrumb"},"inLanguage":"de","potentialAction":[{"@type":"ReadAction","target":["https:\/\/www.naturalscience.org\/de\/news\/2020\/06\/sind-impfungen-wirklich-der-einzige-weg-um-die-menschheit-vor-pandemien-zu-schuetzen\/"]}]},{"@type":"ImageObject","inLanguage":"de","@id":"https:\/\/www.naturalscience.org\/de\/news\/2020\/06\/sind-impfungen-wirklich-der-einzige-weg-um-die-menschheit-vor-pandemien-zu-schuetzen\/#primaryimage","url":"https:\/\/www.naturalscience.org\/wp-content\/uploads\/2020\/06\/AdobeStock_324543972_Editorial_Use_Only-300x200.jpeg","contentUrl":"https:\/\/www.naturalscience.org\/wp-content\/uploads\/2020\/06\/AdobeStock_324543972_Editorial_Use_Only-300x200.jpeg"},{"@type":"BreadcrumbList","@id":"https:\/\/www.naturalscience.org\/de\/news\/2020\/06\/sind-impfungen-wirklich-der-einzige-weg-um-die-menschheit-vor-pandemien-zu-schuetzen\/#breadcrumb","itemListElement":[{"@type":"ListItem","position":1,"name":"Home","item":"https:\/\/www.naturalscience.org\/de\/"},{"@type":"ListItem","position":2,"name":"Sind Impfungen wirklich der einzige Weg, um die Menschheit vor Pandemien zu sch\u00fctzen?"}]},{"@type":"WebSite","@id":"https:\/\/www.naturalscience.org\/#website","url":"https:\/\/www.naturalscience.org\/","name":"The World Foundation for Natural Science","description":"Restoring and Healing the World through Responsibility and Commitment in accord with Natural and Divine Law!","potentialAction":[{"@type":"SearchAction","target":{"@type":"EntryPoint","urlTemplate":"https:\/\/www.naturalscience.org\/?s={search_term_string}"},"query-input":{"@type":"PropertyValueSpecification","valueRequired":true,"valueName":"search_term_string"}}],"inLanguage":"de"},{"@type":"Person","@id":"https:\/\/www.naturalscience.org\/#\/schema\/person\/f3e16bb7057b29f8593016bf70a42022","name":"Monika Waldmann","image":{"@type":"ImageObject","inLanguage":"de","@id":"https:\/\/secure.gravatar.com\/avatar\/54dfb6ad0fbcf54c252c37d8d2c1a44e41b462185db44d9c8124801f3b41b6ec?s=96&d=mm&r=g","url":"https:\/\/secure.gravatar.com\/avatar\/54dfb6ad0fbcf54c252c37d8d2c1a44e41b462185db44d9c8124801f3b41b6ec?s=96&d=mm&r=g","contentUrl":"https:\/\/secure.gravatar.com\/avatar\/54dfb6ad0fbcf54c252c37d8d2c1a44e41b462185db44d9c8124801f3b41b6ec?s=96&d=mm&r=g","caption":"Monika Waldmann"}}]}},"_links":{"self":[{"href":"https:\/\/www.naturalscience.org\/de\/wp-json\/wp\/v2\/posts\/33366","targetHints":{"allow":["GET"]}}],"collection":[{"href":"https:\/\/www.naturalscience.org\/de\/wp-json\/wp\/v2\/posts"}],"about":[{"href":"https:\/\/www.naturalscience.org\/de\/wp-json\/wp\/v2\/types\/post"}],"author":[{"embeddable":true,"href":"https:\/\/www.naturalscience.org\/de\/wp-json\/wp\/v2\/users\/11"}],"replies":[{"embeddable":true,"href":"https:\/\/www.naturalscience.org\/de\/wp-json\/wp\/v2\/comments?post=33366"}],"version-history":[{"count":20,"href":"https:\/\/www.naturalscience.org\/de\/wp-json\/wp\/v2\/posts\/33366\/revisions"}],"predecessor-version":[{"id":33380,"href":"https:\/\/www.naturalscience.org\/de\/wp-json\/wp\/v2\/posts\/33366\/revisions\/33380"}],"wp:attachment":[{"href":"https:\/\/www.naturalscience.org\/de\/wp-json\/wp\/v2\/media?parent=33366"}],"wp:term":[{"taxonomy":"category","embeddable":true,"href":"https:\/\/www.naturalscience.org\/de\/wp-json\/wp\/v2\/categories?post=33366"},{"taxonomy":"post_tag","embeddable":true,"href":"https:\/\/www.naturalscience.org\/de\/wp-json\/wp\/v2\/tags?post=33366"}],"curies":[{"name":"wp","href":"https:\/\/api.w.org\/{rel}","templated":true}]}}