{"id":33045,"date":"2020-05-09T07:59:38","date_gmt":"2020-05-09T05:59:38","guid":{"rendered":"https:\/\/www.naturalscience.org\/?p=33045"},"modified":"2021-06-12T20:42:45","modified_gmt":"2021-06-12T18:42:45","slug":"der-beitrag-der-fuenften-mobilfunkgeneration-5g-zur-corona-pandemie","status":"publish","type":"post","link":"https:\/\/www.naturalscience.org\/de\/news\/2020\/05\/der-beitrag-der-fuenften-mobilfunkgeneration-5g-zur-corona-pandemie\/","title":{"rendered":"Der Beitrag der f\u00fcnften Mobilfunkgeneration 5G zur Corona-Pandemie"},"content":{"rendered":"<p>Fast zeitgleich mit der weltweiten Einf\u00fchrung von 5G hat sich das neue Coronavirus zur globalen Pandemie ausgebreitet. Ein Zufall? Nein, alles gehorcht dem Naturgesetz von Ursache und Wirkung. Es lohnt sich daher, diese beiden \u201emodernen \u00dcbel\u201c genauer unter die Lupe zu nehmen.<\/p>\n<h2 style=\"text-align: left;\">Gesundheitliche Auswirkungen von Mikrowellenstrahlung<\/h2>\n<p>\u201eVerschiedene Studien deuten darauf hin, dass 5G die Gesundheit von Menschen, Pflanzen, Tieren, Insekten und Mikroben beeintr\u00e4chtigen w\u00fcrde &#8211; und dass bei 5G ein vorsichtiger Ansatz angebracht w\u00e4re, da es sich um eine nicht getestete Technologie handelt.\u201c So das Fazit eines Briefings des wissenschaftlichen Dienstes des Europ\u00e4ischen Parlaments vom Februar 2020.<sup><a href=\"https:\/\/www.europarl.europa.eu\/RegData\/etudes\/BRIE\/2020\/646172\/EPRS_BRI(2020)646172_DE.pdf\" target=\"_blank\" rel=\"noopener noreferrer\">1<\/a><\/sup> Diese Aussage reiht sich l\u00fcckenlos an fr\u00fchere Erkenntnisse. Seit Jahren ist n\u00e4mlich bekannt und durch Hunderte von Studien belegt, dass Mobilfunk- und WLAN-Strahlung (Mikrowellenstrahlung)<sup>2<\/sup> oxidativen Zellstress ausl\u00f6st, das Immunsystem<a href=\"https:\/\/www.emfdata.org\" target=\"_blank\" rel=\"noopener noreferrer\"><sup>3<\/sup><\/a> schw\u00e4cht, die Vitamin D-Produktion hemmt und zu Ver\u00e4nderungen und Sch\u00e4den an der Erbsubstanz (DNA) bis hin zu Krebserkrankungen f\u00fchrt.<sup>4<\/sup> Der Neurowissenschaftler Dr. Olle Johansson vom Karolinska-Institut in Stockholm, Schweden, hat bereits 2007 eine ganze Reihe von Publikationen zusammengestellt, welche die Effekte auf das Immunsystem beweisen.<a href=\"https:\/\/bioinitiative.org\/wp-content\/uploads\/pdfs\/sec08_2007_Evidence_%20Effects_%20Immune_System.pdf\" target=\"_blank\" rel=\"noopener noreferrer\"><sup>5<\/sup><\/a> Vor allem das noch nicht ausgereifte Immunsystem von Kindern wird nachhaltig gesch\u00e4digt, noch bevor es \u00fcberhaupt in der Lage ist, die Gesundheit des Kindes zu besch\u00fctzen. Kinder, die mit Smartphone, Tablet und WLAN aufwachsen, werden ihr Leben lang geschw\u00e4chter und krankheitsanf\u00e4lliger sein. Weiter konnten eindeutig Wirkmechanismen aufgezeigt werden, wie Mikrowellenstrahlung in die Abl\u00e4ufe biologischer Systeme eingreift, diese st\u00f6rt und entsprechende Sch\u00e4den bzw. die vorhin erw\u00e4hnten gesundheitlichen Wirkungen ausl\u00f6st. In seiner umfassenden Arbeit \u201e5G als ernsthafte globale Herausforderung\u201c erkl\u00e4rt Dr. Martin L. Pall, emeritierter Professor f\u00fcr Biochemie und Medizinische Grundlagenforschung an der Washington State University, dass Hochfrequenzstrahlung die spannungsgesteuerten Kalzium-Kan\u00e4le in der Zellmembran st\u00f6rt und so die Kalzium- und Magnesium-Konzentration in den Zellen beeinflusst. Viren funktionieren nach demselben Wirkprinzip, indem sie Kalzium-Kan\u00e4le in den Wirtszellen \u00f6ffnen, um die eigene Replikation zu erm\u00f6glichen.<a href=\"https:\/\/www.ncbi.nlm.nih.gov\/pubmed\/31670218\" target=\"_blank\" rel=\"noopener noreferrer\"><sup>6<\/sup><\/a> Somit ist es naheliegend, dass Mikrowellenstrahlung die Reproduktion von Viren beg\u00fcnstigt. Die von Dr. Pall zitierten Wissenschaftler warnen besonders vor 5G: H\u00f6here Frequenzen bis 100 GHz, sehr viel komplexere Modulationsarten und die niederfrequente Pulsung der Signale f\u00fchren sehr wahrscheinlich zu noch weitreichenderen gesundheitlichen Konsequenzen. Der englische Physiker und ehemalige Geheimdienst-Berater Dr. Barrie Trower betont, dass die Mikrowellenstrahlung auf die Psyche einwirkt und je nach Pulsfrequenz Gef\u00fchlslagen wie Panik, Depression, Antriebslosigkeit, Niedergeschlagenheit bis hin zu sexueller Aggression hervorrufen kann.<a href=\"https:\/\/www.faktencheck-mobilfunkstrahlung.de\" target=\"_blank\" rel=\"noopener noreferrer\"><sup>7<\/sup><\/a><\/p>\n<p>An dieser Stelle sei angemerkt, dass sich die Studienlage auf die bisher genutzten Technologien und Frequenzen bezieht &#8211; also auf 2G, 3G, 4G, WLAN oder Funktelefonie (DECT). 5G hingegen ist noch kaum erforscht und es ist nicht absch\u00e4tzbar, welche zus\u00e4tzlichen Auswirkungen dadurch hervorgerufen werden. Und: S\u00e4mtliche soeben beschriebenen Wirkungen treten bei Strahlungsintensit\u00e4ten auf, welche weit unterhalb der gesetzlichen Grenzwerte liegen (sogenannte nicht-thermische oder biologische Wirkungen).<sup>8 <\/sup>Kein Wunder, haben 2019 \u00fcber 250 renommierte Wissenschaftler an die UNO appelliert, die Studienlage endlich ernst zu nehmen und die Menschheit besser vor elektromagnetischer Strahlung zu sch\u00fctzen.<a href=\"https:\/\/emfscientist.org\/\" target=\"_blank\" rel=\"noopener noreferrer\"><sup>9<\/sup><\/a><\/p>\n<p>Nat\u00fcrlich gibt es auch viele Studien, die keine Zusammenh\u00e4nge erkennen und entsprechend Entwarnung geben. Aber reicht es nicht aus, wenn heute von 10&#8217;000 Studien zu Hochfrequenzstrahlung<a href=\"https:\/\/www.emf-portal.org\" target=\"_blank\" rel=\"noopener noreferrer\"><sup>10<\/sup> <\/a>etwa die H\u00e4lfte gesundheitliche Beeintr\u00e4chtigungen aufzeigt? Sind nicht genau diese Studien relevant? Wenn eine Studie keinen Zusammenhang findet, dann ist sie nicht relevant, weil nichts zu finden eine Kunst ist, die jeder beherrscht.<sup>11<\/sup><\/p>\n<h2 style=\"text-align: left;\">Die Corona-Pandemie 2020 und die Ausbreitung von 5G<\/h2>\n<p><img loading=\"lazy\" decoding=\"async\" class=\"size-medium wp-image-33034 aligncenter\" src=\"https:\/\/www.naturalscience.org\/wp-content\/uploads\/2020\/05\/AdobeStock_335882095-300x227.jpg\" alt=\"\" width=\"300\" height=\"227\" srcset=\"https:\/\/www.naturalscience.org\/wp-content\/uploads\/2020\/05\/AdobeStock_335882095-300x227.jpg 300w, https:\/\/www.naturalscience.org\/wp-content\/uploads\/2020\/05\/AdobeStock_335882095-768x582.jpg 768w, https:\/\/www.naturalscience.org\/wp-content\/uploads\/2020\/05\/AdobeStock_335882095-1024x776.jpg 1024w, https:\/\/www.naturalscience.org\/wp-content\/uploads\/2020\/05\/AdobeStock_335882095-164x124.jpg 164w, https:\/\/www.naturalscience.org\/wp-content\/uploads\/2020\/05\/AdobeStock_335882095-400x303.jpg 400w, https:\/\/www.naturalscience.org\/wp-content\/uploads\/2020\/05\/AdobeStock_335882095-500x379.jpg 500w\" sizes=\"auto, (max-width: 300px) 100vw, 300px\" \/><\/p>\n<p>Erstmals wurde das \u201eneue\u201c Coronavirus<sup>12<\/sup> SARS-CoV-2 im Dezember 2019 in der 11-Millionen-Stadt Wuhan in der chinesischen Provinz Hubei beobachtet. Die durch das Virus hervorgerufene \u201eKrankheit\u201c wird Coronavirus Disease 2019 (COVID-19) genannt. Zu den h\u00e4ufigsten Symptomen von COVID-19 geh\u00f6ren Husten, Kurzatmigkeit und generell Atembeschwerden, pl\u00f6tzlicher Verlust des Geruchs- und Geschmackssinns, neurologische Beschwerden sowie Herzrhythmusst\u00f6rungen. Neuste Befunde von Obduktionen zeigen, dass alle Organe davon betroffen sein k\u00f6nnen und oft Thrombosen auftreten (Blutgerinnsel).<a href=\"https:\/\/www.infosperber.ch\/Artikel\/Gesundheit\/Covid-19-greift-auch-die-Niere-das-Herz-und-das--Hirn-an\" target=\"_blank\" rel=\"noopener noreferrer\"><sup>13<\/sup><\/a> Auch Fieber und Fiebergef\u00fchl werden beschrieben, was weniger ein Krankheitssymptom als vielmehr ein Zeichen f\u00fcr die k\u00f6rpereigene Abwehrreaktion und einsetzende Selbstheilung ist. Viren werden n\u00e4mlich bei K\u00f6rpertemperaturen von 40\u00b0C oder mehr abget\u00f6tet! Bei der schulmedizinischen Behandlung wird der Fokus heute jedoch auf die Linderung der Symptome sowie in ernsthafteren F\u00e4llen auf die k\u00fcnstliche Beatmung gelegt<\/p>\n<p>Rasch verbreitete sich das Virus (bzw. dessen Diagnose) von China \u00fcber S\u00fcd-Korea, Iran, Italien, USA und schlie\u00dflich in der ganzen Welt. Am 11. M\u00e4rz 2020 erhob die Weltgesundheitsorganisation WHO die \u201egesundheitliche Notlage von internationaler Tragweite\u201c in den Status einer Pandemie.<a href=\"https:\/\/de.wikipedia.org\/wiki\/SARS-CoV-2\" target=\"_blank\" rel=\"noopener noreferrer\"><sup>14<\/sup><\/a> Mit Ausnahmen wie Schweden oder Wei\u00dfrussland wurden in seltener Einigkeit praktisch in allen L\u00e4ndern der Welt soziale Kontakte verboten, Schulen geschlossen, die Wirtschaft heruntergefahren oder sogar Ausgangssperren verh\u00e4ngt, um bef\u00fcrchtete Ansteckungen zu verhindern. Ebenso rasch wie das Virus selbst verbreitete sich eine allgemeine Hysterie und Panik mit Schreckensbildern aus italienischen oder amerikanischen Krankh\u00e4usern, und dutzende wenn nicht hunderte Millionen von Toten weltweit wurden hochgerechnet.<\/p>\n<p>Sehr bemerkenswert ist, dass sich jene Orte bzw. L\u00e4nder, in denen 5G bereits implementiert wurde, sehr schnell zu Corona-Hotspots entwickelten.<a href=\"https:\/\/www.electricsense.com\/5g-coronavirus\/\" target=\"_blank\" rel=\"noopener noreferrer\"><sup>15<\/sup><\/a> In seinem Eifer, bez\u00fcglich 5G eine weltweite Vorreiterrolle zu \u00fcbernehmen, wurden in China bis Ende 2019 rund 130&#8217;000 5G-Antennen installiert,<a href=\"https:\/\/techblog.comsoc.org\/2019\/10\/31\/china-to-launch-5g-mobile-networks-on-friday-with-a-huge-government-backed-push\/\" target=\"_blank\" rel=\"noopener noreferrer\"><sup>16<\/sup><\/a> <a href=\"https:\/\/www.wsj.com\/articles\/china-is-about-to-switch-on-5g-its-behind-the-u-s-but-not-for-long-11572494203\" target=\"_blank\" rel=\"noopener noreferrer\"><sup>17<\/sup> <\/a>&#8211; 10&#8217;000 davon in Wuhan.<a href=\"http:\/\/www.xinhuanet.com\/english\/2019-10\/31\/c_138517734.htm\" target=\"_blank\" rel=\"noopener noreferrer\"><sup>18<\/sup><\/a> Im L\u00e4nder-Ranking liegt S\u00fcdkorea mit 75&#8217;000 Antennen auf Platz zwei, gefolgt von den USA mit 10&#8217;000 5G-Antennen. Man sch\u00e4tzt, dass bis Ende 2020 rund 600&#8217;000 neue 5G-Antennen errichtet werden sollen, die H\u00e4lfte davon alleine in China.<a href=\"https:\/\/www.barrons.com\/articles\/the-real-5g-winner-could-be-china-51570228459?mod=article_inline\" target=\"_blank\" rel=\"noopener noreferrer\"><sup>19<\/sup><\/a> Der erste Corona-Virus-Hotspot in Europa war Italien: 2019 wurde die neue Mobilfunkgeneration u.a. in den Gro\u00dfst\u00e4dten Mailand, Turin, Bologna, Rom und Neapel aufgeschaltet.<a href=\"https:\/\/www.gsmarena.com\/italy_becomes_the_third_european_country_with_5g-news-37424.php\" target=\"_blank\" rel=\"noopener noreferrer\"><sup>20<\/sup> <\/a>Zusammen mit Irland ist Italien bis dato das einzige europ\u00e4ische Land, welches die hohen 5G-Frequenzb\u00e4nder im Bereich von 27 GHz versteigert hat und wohl auch nutzt.<a href=\"https:\/\/5gobservatory.eu\/5g-spectrum\/national-5g-spectrum-assignment\/#1563958389100-0edfce99-fd41\" target=\"_blank\" rel=\"noopener noreferrer\"><sup>21<\/sup><\/a> San Marino war Ende April 2020 derjenige Staat, welcher die meisten Todesf\u00e4lle pro Einwohner aufwies.<a href=\"https:\/\/telindex.ch\/corona.php?Log=&amp;pg=world\" target=\"_blank\" rel=\"noopener noreferrer\"><sup>22<\/sup><\/a> Und in San Marino wurde bereits Ende 2018 ein fl\u00e4chendeckendes 5G-Netz in Betrieb genommen, welches mit Frequenzb\u00e4ndern von 3.5 GHz und 26 GHz arbeitet.<a href=\"https:\/\/www.rcrwireless.com\/20181218\/5g\/tim-nokia-complete-full-5g-coverage-san-marino\" target=\"_blank\" rel=\"noopener noreferrer\"><sup>23<\/sup><\/a>&nbsp; <a href=\"https:\/\/www.telecomitalia.com\/tit\/en\/archivio\/media\/note-stampa\/market\/2018\/PR-San-Marino5G-230518.html\" target=\"_blank\" rel=\"noopener noreferrer\"><sup>24<\/sup><\/a> Auf ihrer Internetseite schreibt die Telecom Italia sogar davon, dass \u201edie Aktivierung des ersten 5G-Netzwerks [\u2026] San Marino zu einem Open Air-Labor f\u00fcr die Entwicklung innovativer Services\u201c machen werde. Aus heutiger Sicht bekommt diese Vorhersage einen bitteren Beigeschmack.<\/p>\n<h2 style=\"text-align: left;\">Mikrowellenstrahlung und Viren &#8211; ein t\u00f6dlicher Cocktail<\/h2>\n<p><img loading=\"lazy\" decoding=\"async\" class=\"size-medium wp-image-33032 aligncenter\" src=\"https:\/\/www.naturalscience.org\/wp-content\/uploads\/2020\/05\/AdobeStock_336802185-300x169.jpg\" alt=\"\" width=\"300\" height=\"169\" srcset=\"https:\/\/www.naturalscience.org\/wp-content\/uploads\/2020\/05\/AdobeStock_336802185-300x169.jpg 300w, https:\/\/www.naturalscience.org\/wp-content\/uploads\/2020\/05\/AdobeStock_336802185-768x432.jpg 768w, https:\/\/www.naturalscience.org\/wp-content\/uploads\/2020\/05\/AdobeStock_336802185-1024x576.jpg 1024w, https:\/\/www.naturalscience.org\/wp-content\/uploads\/2020\/05\/AdobeStock_336802185-164x92.jpg 164w, https:\/\/www.naturalscience.org\/wp-content\/uploads\/2020\/05\/AdobeStock_336802185-400x225.jpg 400w, https:\/\/www.naturalscience.org\/wp-content\/uploads\/2020\/05\/AdobeStock_336802185-500x281.jpg 500w, https:\/\/www.naturalscience.org\/wp-content\/uploads\/2020\/05\/AdobeStock_336802185.jpg 1200w\" sizes=\"auto, (max-width: 300px) 100vw, 300px\" \/><\/p>\n<p>Prof. Dr.-Ing. Konstantin Meyl bringt einen weiteren Aspekt ins Spiel. Die heute genutzten Mobilfunk-Frequenzen von 2.4 GHz (4G, WLAN, Mikrowellenofen) sowie neu auch 22 GHz und 44.4 GHz (5G) entsprechen genau den Resonanzfrequenzen der Wassermolek\u00fcle &#8211; dem Hauptbestandteil allen Lebens. In Experimenten konnte gezeigt werden, dass WLAN (2.4 GHz) Wasser ver\u00e4ndert.<sup>25<\/sup> Die Biologin Mae-Wan Ho vermutet, dass die biologischen Effekte von Mikrowellenstrahlung eng an die Funktion und Ver\u00e4nderung von Zell- und Gewebewasser gekn\u00fcpft sind.<sup>26<\/sup> Ein Angriff auf das Wasser in lebendigen Organismen kann als Angriff auf unz\u00e4hlige biologische Prozesse verstanden werden.<\/p>\n<p><img loading=\"lazy\" decoding=\"async\" class=\"wp-image-33033 alignleft\" src=\"https:\/\/www.naturalscience.org\/wp-content\/uploads\/2020\/05\/AdobeStock_295030029-300x300.jpg\" alt=\"\" width=\"264\" height=\"264\" srcset=\"https:\/\/www.naturalscience.org\/wp-content\/uploads\/2020\/05\/AdobeStock_295030029-300x300.jpg 300w, https:\/\/www.naturalscience.org\/wp-content\/uploads\/2020\/05\/AdobeStock_295030029-164x164.jpg 164w, https:\/\/www.naturalscience.org\/wp-content\/uploads\/2020\/05\/AdobeStock_295030029-768x768.jpg 768w, https:\/\/www.naturalscience.org\/wp-content\/uploads\/2020\/05\/AdobeStock_295030029-1024x1024.jpg 1024w, https:\/\/www.naturalscience.org\/wp-content\/uploads\/2020\/05\/AdobeStock_295030029-400x400.jpg 400w, https:\/\/www.naturalscience.org\/wp-content\/uploads\/2020\/05\/AdobeStock_295030029-500x500.jpg 500w\" sizes=\"auto, (max-width: 264px) 100vw, 264px\" \/><\/p>\n<p>Professor Meyl schreibt in seinem aktuellsten Buch, dass mit diesen Frequenzen nicht nur K\u00f6rperwasser, sondern auch hochtoxische Blaus\u00e4ure (Cyanwasserstoff) aktiviert wird. Die Symptome einer Blaus\u00e4urevergiftung \u00e4hneln denjenigen von COVID-19: Die Sauerstoffaufnahme der Zellen wird blockiert, was zu Kurzatmigkeit und in schweren F\u00e4llen zum Ersticken f\u00fchrt. Daneben wird von einer L\u00e4hmung der Geruchsnervenzellen berichtet. Anfang M\u00e4rz 2020 wurden in Wuhan bis zu 1&#8217;000 Todesopfer pro Tag gemeldet, bis dann am 5. M\u00e4rz das Breitbandsignal (5G) abgeschaltet wurde: Schlagartig fiel die Zahl der Todesopfer auf nahezu Null ab.<sup>27<\/sup> Einen \u00e4hnlichen Zusammenhang beschreibt der US-amerikanische Aktivist und Gr\u00fcnder der Cellular Phone Task Force, Arthur Firstenberg: R\u00fcckblickend auf die vergangenen hundert Jahre seien mit jedem Elektrifizierungsschub oder jeweils mit der Einf\u00fchrung einer neuen Funk-Technologie (Radio, TV, Radar, Mobilfunk, etc.) neue, t\u00f6dliche Viren aufgetaucht bzw. Krankheiten ausgebrochen. Vor 1900 w\u00fcrden keinerlei Berichte darauf hinweisen, dass z. B. die Grippe die Menschheit heimgesucht oder bedr\u00e4ngt h\u00e4tte.<sup>28<\/sup> Der Ruf nach Massenimpfungen macht die Sache noch schlimmer: Impfzusatzstoffe wie Aluminiumpartikel werden im K\u00f6rper eingelagert und f\u00fchren zu einer Erh\u00f6hung der Absorption von Mikrowellenstrahlung. Was \u00fcberhaupt ein Virus ist &#8211; ob eine \u201edem Leben nahestehende\u201c organische Struktur<sup>29<\/sup> oder schlicht ein Exkrement einer vergifteten Zelle.<a href=\"https:\/\/www.midlandscbd.com\/articles\/m-d-asks-if-coronavirus-is-caused-by-5g\" target=\"_blank\" rel=\"noopener noreferrer\"><sup>30<\/sup><\/a> &#8211; dar\u00fcber ist sich die Wissenschaft noch im Unklaren.<\/p>\n<h2 style=\"text-align: left;\">Das Gesamtbild<\/h2>\n<p>Es kann mit Fug und Recht behauptet werden, dass Mikrowellenstrahlung ein neues Umwelttoxin darstellt, welches nicht nur den Menschen, sondern ALLEN lebenden Organismen enormen Schaden zuf\u00fcgt. Bringen wir die verschiedenen Puzzleteile nun zusammen. Die heute genutzte und bestens untersuchte Mikrowellenstrahlung<\/p>\n<ul style=\"list-style-type: circle;\">\n<li>schw\u00e4cht oder unterdr\u00fcckt das Immunsystem.<\/li>\n<li>sch\u00e4digt und ver\u00e4ndert die Erbsubstanz (DNA) aller lebenden Organismen und auch von Viren.<\/li>\n<li>erh\u00f6ht die Reproduktion von Viren.<\/li>\n<li>aktiviert im lebenden Organismus die Bildung von Toxinen wie Blaus\u00e4ure.<\/li>\n<li>f\u00fchrt zu Ver\u00e4nderungen der Psyche bzw. des Gem\u00fctszustandes.<\/li>\n<\/ul>\n<p>Die Belege zeigen eindeutig, dass mit dem Ausbau von 5G und der massiv zunehmenden Strahlenbelastung einerseits die nat\u00fcrlichen Abwehrkr\u00e4fte weiter geschw\u00e4cht werden und anderseits die Mutation und Reproduktion von Viren gef\u00f6rdert wird. Die Corona-Pandemie sollte uns eine, vielleicht letzte, sanfte Mahnung sein, die B\u00fcchse der Pandora nicht weiter zu \u00f6ffnen. Wenn wir uns vergegenw\u00e4rtigen, was 5G im Endausbau bedeuten w\u00fcrde, k\u00f6nnte es einem wirklich angst und bange werden: Die Antennenzahl wird verzehnfacht und zus\u00e4tzlich sollen bis zu 100&#8217;000 5G-Satelliten in den Orbit geschossen werden. Allein Elon Musks Firma SpaceX will 42&#8217;000 Satelliten betreiben; die ersten paar Hundert sind bereits in der Ionosph\u00e4re platziert worden. Je nach Quelle sollen schlie\u00dflich zwischen 100 Milliarden und 7 Billionen (!) Endger\u00e4te via 5G-Netz miteinander kommunizieren. Die Bestrahlung w\u00e4re dann \u201etotal\u201c: Keinen wei\u00dfen Flecken g\u00e4be es mehr auf der Erde, der nicht durch Mikrowellenstrahlung verstrahlt, verschmutzt und beeintr\u00e4chtigt w\u00fcrde.<\/p>\n<h2 style=\"text-align: left;\">Was wir tun k\u00f6nnen<\/h2>\n<p><a href=\"https:\/\/www.naturalscience.org\/wp-content\/uploads\/2020\/07\/2020-06-15WFNSFS5GCORONAGEWEB.pdf\" target=\"_blank\" rel=\"noopener noreferrer\"><img loading=\"lazy\" decoding=\"async\" class=\"alignright wp-image-33547 size-medium\" src=\"https:\/\/www.naturalscience.org\/wp-content\/uploads\/2020\/07\/2020-06-15WFNSFS5GCORONAGEWEBCOVER-212x300.jpg\" alt=\"\" width=\"212\" height=\"300\" srcset=\"https:\/\/www.naturalscience.org\/wp-content\/uploads\/2020\/07\/2020-06-15WFNSFS5GCORONAGEWEBCOVER-212x300.jpg 212w, https:\/\/www.naturalscience.org\/wp-content\/uploads\/2020\/07\/2020-06-15WFNSFS5GCORONAGEWEBCOVER-725x1024.jpg 725w, https:\/\/www.naturalscience.org\/wp-content\/uploads\/2020\/07\/2020-06-15WFNSFS5GCORONAGEWEBCOVER-768x1085.jpg 768w, https:\/\/www.naturalscience.org\/wp-content\/uploads\/2020\/07\/2020-06-15WFNSFS5GCORONAGEWEBCOVER-116x164.jpg 116w, https:\/\/www.naturalscience.org\/wp-content\/uploads\/2020\/07\/2020-06-15WFNSFS5GCORONAGEWEBCOVER-283x400.jpg 283w, https:\/\/www.naturalscience.org\/wp-content\/uploads\/2020\/07\/2020-06-15WFNSFS5GCORONAGEWEBCOVER-354x500.jpg 354w, https:\/\/www.naturalscience.org\/wp-content\/uploads\/2020\/07\/2020-06-15WFNSFS5GCORONAGEWEBCOVER.jpg 801w\" sizes=\"auto, (max-width: 212px) 100vw, 212px\" \/><\/a>Soweit muss es nicht kommen. Die Zukunft ist offen und h\u00e4ngt alleine von uns ab, von jedem Einzelnen: Unser F\u00fchlen, unser Denken und unser Handeln entscheidet dar\u00fcber, ob wir unser Leben einer Diktatur der Technik (und deren Technokraten) unterwerfen, oder ob die Technik dem Leben dienen soll. Wir haben die Freiheit der Wahl, und es gibt immer Alternativen! Was k\u00f6nnen wir konkret unternehmen?<\/p>\n<ul style=\"list-style-type: disc;\">\n<li>Sprechen Sie mit Ihren Nachbarn, Freunden, Politikern \u00fcber die Auswirkungen von Mikrowellenstrahlung.<\/li>\n<li>Engagieren Sie sich, schreiben Sie Leserbriefe oder telefonieren Sie mit Ihrem lokalen politischen Beh\u00f6rdenvertreter. Wenn die Einsicht da ist, dass die heute bekannte Drahtlostechnologie aus den erw\u00e4hnten Gr\u00fcnden nicht weiterverfolgt werden darf, \u00f6ffnet dies endlich die T\u00fcren f\u00fcr neue Entwicklungen und Forschungen.<\/li>\n<li>Machen Sie Einsprachen gegen geplante Antennen-Projekte.<\/li>\n<li>Verzichten Sie auf Mobilfunkkommunikation, WLAN, Funktelefone. Die meisten Drahtlos-Verbindungen sind unn\u00f6tig, weil kabelgebundene L\u00f6sungen m\u00f6glich sind. Seien Sie ein Vorbild &#8211; auch Ihren Kindern gegen\u00fcber!<\/li>\n<li>Das Mobiltelefon ist f\u00fcr \u201eNotf\u00e4lle\u201c gedacht und f\u00fcr diesen Zweck durchaus sinnvoll.<\/li>\n<li>In vielen L\u00e4ndern besteht bereits ein leistungsf\u00e4higes Glasfasernetz, welches bez\u00fcglich Zuverl\u00e4ssigkeit, Sicherheit, Geschwindigkeit und Ausbauf\u00e4higkeit den Drahtlosverbindungen weitaus \u00fcberlegen ist.<a href=\"https:\/\/www.europarl.europa.eu\/RegData\/etudes\/BRIE\/2020\/646172\/EPRS_BRI(2020)646172_DE.pdf\" target=\"_blank\" rel=\"noopener noreferrer\"><sup>31<\/sup><\/a><\/li>\n<li>Verzichten Sie auch auf Mikrowellenofen und Induktionsherd, die gesundheitlichen Auswirkungen entsprechen genau denjenigen der Mobilfunkstrahlung.<\/li>\n<\/ul>\n<p>&nbsp;<\/p>\n<p>Quellen:<\/p>\n<p><sup>1&nbsp;<\/sup> <a href=\"https:\/\/www.europarl.europa.eu\/RegData\/etudes\/BRIE\/2020\/646172\/EPRS_BRI(2020)646172_DE.pdf\" target=\"_blank\" rel=\"noopener noreferrer\">https:\/\/www.europarl.europa.eu\/RegData\/etudes\/BRIE\/2020\/646172\/EPRS_BRI(2020)646172_DE.pdf<\/a><\/p>\n<p><sup>2&nbsp;<\/sup> Hochfrequenzstrahlung umfasst den Frequenzbereich von etwa 10 MHz bis 300 GHz; dazu geh\u00f6ren die erw\u00e4hnte Mobilfunk- und WLAN-Strahlung. Hochfrequenzstrahlung wird auch als Mikrowellenstrahlung bezeichnet.<\/p>\n<p><sup>3&nbsp;&nbsp;<\/sup>In der Studiendatenbank <a href=\"https:\/\/www.emfdata.org\" target=\"_blank\" rel=\"noopener noreferrer\">https:\/\/www.emfdata.org<\/a> kann nach dem entsprechenden Stichwort, wie z. B. \u201eImmun\u201c gesucht werden (deutsche \/ englische Schreibweise beachten).<\/p>\n<p><sup>4<\/sup> Gro\u00dfartige \u00dcbersichten zur Studienlage liefern z.B. <a href=\"https:\/\/www.emfdata.org\/en\" target=\"_blank\" rel=\"noopener noreferrer\">https:\/\/www.emfdata.org\/en<\/a>, <a href=\"https:\/\/www.bioinitiative.org\" target=\"_blank\" rel=\"noopener noreferrer\">https:\/\/www.bioinitiative.org<\/a> and <a href=\"https:\/\/www.emf-portal.org\/en\" target=\"_blank\" rel=\"noopener noreferrer\">https:\/\/www.emf-portal.org\/en<\/a><\/p>\n<p><sup>5&nbsp;<\/sup> <a href=\"https:\/\/bioinitiative.org\/wp-content\/uploads\/pdfs\/sec08_2007_Evidence_%20Effects_%20Immune_System.pdf\" target=\"_blank\" rel=\"noopener noreferrer\">https:\/\/bioinitiative.org\/wp-content\/uploads\/pdfs\/sec08_2007_Evidence_%20Effects_%20Immune_System.pdf<\/a><\/p>\n<p><sup>6<\/sup> Bai D, Fang L, Xia S, Ke W, Wang J, Wu X, Fang P, Xiao S: Porcine deltacoronavirus (PDCoV) modulates calcium influx to favour viral replication. Virology 2020, 539, 38-48. doi: 10.1016\/j.virol.10.011. See <a href=\"https:\/\/www.ncbi.nlm.nih.gov\/pubmed\/31670218\" target=\"_blank\" rel=\"noopener noreferrer\">https:\/\/www.ncbi.nlm.nih.gov\/pubmed\/31670218<\/a><\/p>\n<p><sup>7<\/sup>&nbsp; Aus dem Film \u201eFaktencheck Mobilfunk\u201c von Lothar Moll und Klaus Scheidsteger, <a href=\"https:\/\/www.faktencheck-mobilfunkstrahlung.de\" target=\"_blank\" rel=\"noopener noreferrer\">https:\/\/www.faktencheck-mobilfunkstrahlung.de<\/a><\/p>\n<p><sup>8<\/sup>&nbsp; Pall, Martin L (2019): 5G als ernste globale Herausforderung, Gesundheitliche Gef\u00e4hrdungen des Mobilfunks. Die Arbeit dokumentiert 139 Quellen (Studienergebnisse).<\/p>\n<p><sup>9<\/sup>&nbsp; <a href=\"https:\/\/emfscientist.org\/\" target=\"_blank\" rel=\"noopener noreferrer\">https:\/\/emfscientist.org\/<\/a><\/p>\n<p><sup>10<\/sup> Gem\u00e4\u00df der Datenbank <a href=\"https:\/\/www.emf-portal.org\" target=\"_blank\" rel=\"noopener noreferrer\">https:\/\/www.emf-portal.org<\/a> gibt es derzeit rund 10&#8217;000 Studien zu Hochfrequenzstrahlung &gt; 10 MHz.<\/p>\n<p><sup>11<\/sup> Dazu ein veranschaulichendes Beispiel: Wenn zwei Menschen im Wald Pilze suchen gehen und der eine findet sch\u00f6ne, gro\u00dfe Champignons oder Steinpilze, der andere aber nichts: Wer hat nun recht? Derjenige der sagt, es habe Pilze im Wald, oder derjenige der sagt, es habe keine Pilze im Wald?<\/p>\n<p><sup>12&nbsp;<\/sup> Das \u201eneue\u201c Coronavirus mit richtigem Namen SARS-CoV-2 geh\u00f6rt zur gro\u00dfen Familie der Coronaviren, welche bereits Mitte der 1960er-Jahre beschrieben wurden. Coronaviren sind genetisch hochvariabel und treten immer wieder in ver\u00e4nderter Form auf (Quelle: Wikipedia).<\/p>\n<p><sup>13<\/sup>&nbsp; <a href=\"https:\/\/www.infosperber.ch\/Artikel\/Gesundheit\/Covid-19-greift-auch-die-Niere-das-Herz-und-das--Hirn-an\" target=\"_blank\" rel=\"noopener noreferrer\"> https:\/\/www.infosperber.ch\/Artikel\/Gesundheit\/Covid-19-greift-auch-die-Niere-das-Herz-und-das&#8211;Hirn-an<\/a><\/p>\n<p><sup>14<\/sup> Ausf\u00fchrliche Informationen unter <a href=\"https:\/\/de.wikipedia.org\/wiki\/SARS-CoV-2\" target=\"_blank\" rel=\"noopener noreferrer\">https:\/\/de.wikipedia.org\/wiki\/SARS-CoV-2<\/a><\/p>\n<p><sup>15<\/sup> Der US-Amerikaner Paul Doyen hat w\u00e4hrend eines 18-monatigen Aufenthaltes in China umfassende Belege zum Coronavirus und 5G gesammelt. Die wesentlichen Aussagen sind mit Original-Quellen belegt: <a href=\"https:\/\/www.electricsense.com\/5g-coronavirus\/\" target=\"_blank\" rel=\"noopener noreferrer\">https:\/\/www.electricsense.com\/5g-coronavirus\/<\/a><\/p>\n<p><sup>16<\/sup>&nbsp;See <a href=\"https:\/\/techblog.comsoc.org\/2019\/10\/31\/china-to-launch-5g-mobile-networks-on-friday-with-a-huge-government-backed-push\/\" target=\"_blank\" rel=\"noopener noreferrer\">https:\/\/techblog.comsoc.org\/2019\/10\/31\/china-to-launch-5g-mobile-networks-on-friday-with-a-huge-government-backed-push\/<\/a> Andere Quellen sprechen gar von 160&#8217;000 Antennen.<\/p>\n<p><sup>17<\/sup>&nbsp; <a href=\"https:\/\/www.wsj.com\/articles\/china-is-about-to-switch-on-5g-its-behind-the-u-s-but-not-for-long-11572494203\" target=\"_blank\" rel=\"noopener noreferrer\">https:\/\/www.wsj.com\/articles\/china-is-about-to-switch-on-5g-its-behind-the-u-s-but-not-for-long-11572494203<\/a><\/p>\n<p><sup>18<\/sup>&nbsp; <a href=\"http:\/\/www.xinhuanet.com\/english\/2019-10\/31\/c_138517734.htm\" target=\"_blank\" rel=\"noopener noreferrer\">http:\/\/www.xinhuanet.com\/english\/2019-10\/31\/c_138517734.htm<\/a><\/p>\n<p><sup>19<\/sup>&nbsp; <a href=\"https:\/\/www.barrons.com\/articles\/the-real-5g-winner-could-be-china-51570228459?mod=article_inline\" target=\"_blank\" rel=\"noopener noreferrer\">https:\/\/www.barrons.com\/articles\/the-real-5g-winner-could-be-china-51570228459?mod=article_inline<\/a><\/p>\n<p><sup>20<\/sup>&nbsp;<a href=\"https:\/\/www.gsmarena.com\/italy_becomes_the_third_european_country_with_5g-news-37424.php\" target=\"_blank\" rel=\"noopener noreferrer\"> https:\/\/www.gsmarena.com\/italy_becomes_the_third_european_country_with_5g-news-37424.php<\/a><\/p>\n<p><sup>21&nbsp;<\/sup><a href=\"https:\/\/5gobservatory.eu\/5g-spectrum\/national-5g-spectrum-assignment\/#1563958389100-0edfce99-fd41\" target=\"_blank\" rel=\"noopener noreferrer\"> https:\/\/5gobservatory.eu\/5g-spectrum\/national-5g-spectrum-assignment\/#1563958389100-0edfce99-fd41<\/a><\/p>\n<p><sup>22<\/sup> San Marino ist ein eigenst\u00e4ndiger Staat (Republik), welcher als Enklave vollst\u00e4ndig von Italien umgeben ist. Siehe das L\u00e4nderranking unter <a href=\"https:\/\/telindex.ch\/corona.php?Log=&amp;pg=world\" target=\"_blank\" rel=\"noopener noreferrer\"> https:\/\/telindex.ch\/corona.php?Log=&amp;pg=world<\/a>, auch wenn dieses mit Vorsicht zu genie\u00dfen ist: Die Erhebungsmethoden der einzelnen L\u00e4nder sind sehr uneinheitlich, starke Abweichungen k\u00f6nnen m\u00f6glich sein.<\/p>\n<p><sup>23<\/sup>&nbsp; <a href=\"https:\/\/www.rcrwireless.com\/20181218\/5g\/tim-nokia-complete-full-5g-coverage-san-marino\" target=\"_blank\" rel=\"noopener noreferrer\">https:\/\/www.rcrwireless.com\/20181218\/5g\/tim-nokia-complete-full-5g-coverage-san-marino<\/a><\/p>\n<p><sup>24<\/sup> <a href=\"https:\/\/www.telecomitalia.com\/tit\/en\/archivio\/media\/note-stampa\/market\/2018\/PR-San-Marino5G-230518.html\" target=\"_blank\" rel=\"noopener noreferrer\">https:\/\/www.telecomitalia.com\/tit\/en\/archivio\/media\/note-stampa\/market\/2018\/PR-San-Marino5G-230518.html<\/a><\/p>\n<p><sup>25&nbsp;<\/sup> Ulrich, D. (2020): Auswirkungen von Mobilfunk auf Wasser und Leben. Studienlage und eigene Experimente.<\/p>\n<p><sup>26&nbsp;<\/sup> Ho, M.-W. (2012): The Rainbow and the worm. The physics of organisms.<\/p>\n<p><sup>27&nbsp;<\/sup> Meyl, K. (2020): \u00dcber die Struktur von Gas und Wasser, Potentialwirbel Band 5, 1. Auflage 2020<\/p>\n<p><sup>28<\/sup>&nbsp; Firstenberg, A. (2017 \/ 2020): The Invisible Rainbow, ISBN 978-1-64502-009-7 (paperback), ISBN 978-1-64502-010-3 (ebook)<\/p>\n<p><sup>29<\/sup>&nbsp; Gem\u00e4\u00df Wikipedia seien sich Virologen weitgehend dar\u00fcber einig, Viren nicht zu den Lebewesen zu rechnen.<\/p>\n<p><sup>30&nbsp;<\/sup> Siehe den Vortrag von Dr. Thomas Cowan unter <a href=\"https:\/\/www.midlandscbd.com\/articles\/m-d-asks-if-coronavirus-is-caused-by-5g\" target=\"_blank\" rel=\"noopener noreferrer\">https:\/\/www.midlandscbd.com\/articles\/m-d-asks-if-coronavirus-is-caused-by-5g<\/a><\/p>\n<p><sup>31<\/sup> <a href=\"https:\/\/www.europarl.europa.eu\/RegData\/etudes\/BRIE\/2020\/646172\/EPRS_BRI(2020)646172_DE.pdf\" target=\"_blank\" rel=\"noopener noreferrer\">https:\/\/www.europarl.europa.eu\/RegData\/etudes\/BRIE\/2020\/646172\/EPRS_BRI(2020)646172_DE.pdf<\/a><\/p>\n<p>&nbsp;<\/p>\n","protected":false},"excerpt":{"rendered":"Fast zeitgleich mit der weltweiten Einf\u00fchrung von 5G hat sich das neue Coronavirus zur globalen Pandemie ausgebreitet. Ein Zufall? Nein, alles gehorcht dem Naturgesetz von Ursache und Wirkung. Es lohnt sich daher, diese beiden \u201emodernen \u00dcbel\u201c genauer unter die Lupe zu nehmen. Gesundheitliche Auswirkungen von Mikrowellenstrahlung \u201eVerschiedene Studien deuten darauf hin, dass 5G die Gesundheit [&hellip;]","protected":false},"author":11,"featured_media":0,"comment_status":"closed","ping_status":"closed","sticky":false,"template":"","format":"standard","meta":{"_acf_changed":false,"ngg_post_thumbnail":0,"footnotes":""},"categories":[518,20,486,21],"tags":[537],"class_list":["post-33045","post","type-post","status-publish","format-standard","hentry","category-coronavirus","category-gesundheit","category-5g","category-mikrowellen-mobilfunk","tag-5g-de","wpautop"],"acf":[],"yoast_head":"<!-- This site is optimized with the Yoast SEO plugin v27.5 - https:\/\/yoast.com\/product\/yoast-seo-wordpress\/ -->\n<title>Der Beitrag der f\u00fcnften Mobilfunkgeneration 5G zur Corona-Pandemie - The World Foundation for Natural Science<\/title>\n<meta name=\"robots\" content=\"index, follow, max-snippet:-1, max-image-preview:large, max-video-preview:-1\" \/>\n<link rel=\"canonical\" href=\"https:\/\/www.naturalscience.org\/de\/news\/2020\/05\/der-beitrag-der-fuenften-mobilfunkgeneration-5g-zur-corona-pandemie\/\" \/>\n<meta name=\"twitter:label1\" content=\"Verfasst von\" \/>\n\t<meta name=\"twitter:data1\" content=\"Monika Waldmann\" \/>\n\t<meta name=\"twitter:label2\" content=\"Gesch\u00e4tzte Lesezeit\" \/>\n\t<meta name=\"twitter:data2\" content=\"12\u00a0Minuten\" \/>\n<script type=\"application\/ld+json\" class=\"yoast-schema-graph\">{\"@context\":\"https:\\\/\\\/schema.org\",\"@graph\":[{\"@type\":\"Article\",\"@id\":\"https:\\\/\\\/www.naturalscience.org\\\/de\\\/news\\\/2020\\\/05\\\/der-beitrag-der-fuenften-mobilfunkgeneration-5g-zur-corona-pandemie\\\/#article\",\"isPartOf\":{\"@id\":\"https:\\\/\\\/www.naturalscience.org\\\/de\\\/news\\\/2020\\\/05\\\/der-beitrag-der-fuenften-mobilfunkgeneration-5g-zur-corona-pandemie\\\/\"},\"author\":{\"name\":\"Monika Waldmann\",\"@id\":\"https:\\\/\\\/www.naturalscience.org\\\/#\\\/schema\\\/person\\\/f3e16bb7057b29f8593016bf70a42022\"},\"headline\":\"Der Beitrag der f\u00fcnften Mobilfunkgeneration 5G zur Corona-Pandemie\",\"datePublished\":\"2020-05-09T05:59:38+00:00\",\"dateModified\":\"2021-06-12T18:42:45+00:00\",\"mainEntityOfPage\":{\"@id\":\"https:\\\/\\\/www.naturalscience.org\\\/de\\\/news\\\/2020\\\/05\\\/der-beitrag-der-fuenften-mobilfunkgeneration-5g-zur-corona-pandemie\\\/\"},\"wordCount\":2416,\"image\":{\"@id\":\"https:\\\/\\\/www.naturalscience.org\\\/de\\\/news\\\/2020\\\/05\\\/der-beitrag-der-fuenften-mobilfunkgeneration-5g-zur-corona-pandemie\\\/#primaryimage\"},\"thumbnailUrl\":\"https:\\\/\\\/www.naturalscience.org\\\/wp-content\\\/uploads\\\/2020\\\/05\\\/AdobeStock_335882095-300x227.jpg\",\"keywords\":[\"5g\"],\"articleSection\":[\"Coronavirus\",\"Gesundheit\",\"5G\",\"Mikrowellen &amp; Mobilfunk\"],\"inLanguage\":\"de\"},{\"@type\":\"WebPage\",\"@id\":\"https:\\\/\\\/www.naturalscience.org\\\/de\\\/news\\\/2020\\\/05\\\/der-beitrag-der-fuenften-mobilfunkgeneration-5g-zur-corona-pandemie\\\/\",\"url\":\"https:\\\/\\\/www.naturalscience.org\\\/de\\\/news\\\/2020\\\/05\\\/der-beitrag-der-fuenften-mobilfunkgeneration-5g-zur-corona-pandemie\\\/\",\"name\":\"Der Beitrag der f\u00fcnften Mobilfunkgeneration 5G zur Corona-Pandemie - The World Foundation for Natural Science\",\"isPartOf\":{\"@id\":\"https:\\\/\\\/www.naturalscience.org\\\/#website\"},\"primaryImageOfPage\":{\"@id\":\"https:\\\/\\\/www.naturalscience.org\\\/de\\\/news\\\/2020\\\/05\\\/der-beitrag-der-fuenften-mobilfunkgeneration-5g-zur-corona-pandemie\\\/#primaryimage\"},\"image\":{\"@id\":\"https:\\\/\\\/www.naturalscience.org\\\/de\\\/news\\\/2020\\\/05\\\/der-beitrag-der-fuenften-mobilfunkgeneration-5g-zur-corona-pandemie\\\/#primaryimage\"},\"thumbnailUrl\":\"https:\\\/\\\/www.naturalscience.org\\\/wp-content\\\/uploads\\\/2020\\\/05\\\/AdobeStock_335882095-300x227.jpg\",\"datePublished\":\"2020-05-09T05:59:38+00:00\",\"dateModified\":\"2021-06-12T18:42:45+00:00\",\"author\":{\"@id\":\"https:\\\/\\\/www.naturalscience.org\\\/#\\\/schema\\\/person\\\/f3e16bb7057b29f8593016bf70a42022\"},\"breadcrumb\":{\"@id\":\"https:\\\/\\\/www.naturalscience.org\\\/de\\\/news\\\/2020\\\/05\\\/der-beitrag-der-fuenften-mobilfunkgeneration-5g-zur-corona-pandemie\\\/#breadcrumb\"},\"inLanguage\":\"de\",\"potentialAction\":[{\"@type\":\"ReadAction\",\"target\":[\"https:\\\/\\\/www.naturalscience.org\\\/de\\\/news\\\/2020\\\/05\\\/der-beitrag-der-fuenften-mobilfunkgeneration-5g-zur-corona-pandemie\\\/\"]}]},{\"@type\":\"ImageObject\",\"inLanguage\":\"de\",\"@id\":\"https:\\\/\\\/www.naturalscience.org\\\/de\\\/news\\\/2020\\\/05\\\/der-beitrag-der-fuenften-mobilfunkgeneration-5g-zur-corona-pandemie\\\/#primaryimage\",\"url\":\"https:\\\/\\\/www.naturalscience.org\\\/wp-content\\\/uploads\\\/2020\\\/05\\\/AdobeStock_335882095-300x227.jpg\",\"contentUrl\":\"https:\\\/\\\/www.naturalscience.org\\\/wp-content\\\/uploads\\\/2020\\\/05\\\/AdobeStock_335882095-300x227.jpg\"},{\"@type\":\"BreadcrumbList\",\"@id\":\"https:\\\/\\\/www.naturalscience.org\\\/de\\\/news\\\/2020\\\/05\\\/der-beitrag-der-fuenften-mobilfunkgeneration-5g-zur-corona-pandemie\\\/#breadcrumb\",\"itemListElement\":[{\"@type\":\"ListItem\",\"position\":1,\"name\":\"Home\",\"item\":\"https:\\\/\\\/www.naturalscience.org\\\/de\\\/\"},{\"@type\":\"ListItem\",\"position\":2,\"name\":\"Der Beitrag der f\u00fcnften Mobilfunkgeneration 5G zur Corona-Pandemie\"}]},{\"@type\":\"WebSite\",\"@id\":\"https:\\\/\\\/www.naturalscience.org\\\/#website\",\"url\":\"https:\\\/\\\/www.naturalscience.org\\\/\",\"name\":\"The World Foundation for Natural Science\",\"description\":\"Restoring and Healing the World through Responsibility and Commitment in accord with Natural and Divine Law!\",\"potentialAction\":[{\"@type\":\"SearchAction\",\"target\":{\"@type\":\"EntryPoint\",\"urlTemplate\":\"https:\\\/\\\/www.naturalscience.org\\\/?s={search_term_string}\"},\"query-input\":{\"@type\":\"PropertyValueSpecification\",\"valueRequired\":true,\"valueName\":\"search_term_string\"}}],\"inLanguage\":\"de\"},{\"@type\":\"Person\",\"@id\":\"https:\\\/\\\/www.naturalscience.org\\\/#\\\/schema\\\/person\\\/f3e16bb7057b29f8593016bf70a42022\",\"name\":\"Monika Waldmann\",\"image\":{\"@type\":\"ImageObject\",\"inLanguage\":\"de\",\"@id\":\"https:\\\/\\\/secure.gravatar.com\\\/avatar\\\/54dfb6ad0fbcf54c252c37d8d2c1a44e41b462185db44d9c8124801f3b41b6ec?s=96&d=mm&r=g\",\"url\":\"https:\\\/\\\/secure.gravatar.com\\\/avatar\\\/54dfb6ad0fbcf54c252c37d8d2c1a44e41b462185db44d9c8124801f3b41b6ec?s=96&d=mm&r=g\",\"contentUrl\":\"https:\\\/\\\/secure.gravatar.com\\\/avatar\\\/54dfb6ad0fbcf54c252c37d8d2c1a44e41b462185db44d9c8124801f3b41b6ec?s=96&d=mm&r=g\",\"caption\":\"Monika Waldmann\"}}]}<\/script>\n<!-- \/ Yoast SEO plugin. -->","yoast_head_json":{"title":"Der Beitrag der f\u00fcnften Mobilfunkgeneration 5G zur Corona-Pandemie - The World Foundation for Natural Science","robots":{"index":"index","follow":"follow","max-snippet":"max-snippet:-1","max-image-preview":"max-image-preview:large","max-video-preview":"max-video-preview:-1"},"canonical":"https:\/\/www.naturalscience.org\/de\/news\/2020\/05\/der-beitrag-der-fuenften-mobilfunkgeneration-5g-zur-corona-pandemie\/","twitter_misc":{"Verfasst von":"Monika Waldmann","Gesch\u00e4tzte Lesezeit":"12\u00a0Minuten"},"schema":{"@context":"https:\/\/schema.org","@graph":[{"@type":"Article","@id":"https:\/\/www.naturalscience.org\/de\/news\/2020\/05\/der-beitrag-der-fuenften-mobilfunkgeneration-5g-zur-corona-pandemie\/#article","isPartOf":{"@id":"https:\/\/www.naturalscience.org\/de\/news\/2020\/05\/der-beitrag-der-fuenften-mobilfunkgeneration-5g-zur-corona-pandemie\/"},"author":{"name":"Monika Waldmann","@id":"https:\/\/www.naturalscience.org\/#\/schema\/person\/f3e16bb7057b29f8593016bf70a42022"},"headline":"Der Beitrag der f\u00fcnften Mobilfunkgeneration 5G zur Corona-Pandemie","datePublished":"2020-05-09T05:59:38+00:00","dateModified":"2021-06-12T18:42:45+00:00","mainEntityOfPage":{"@id":"https:\/\/www.naturalscience.org\/de\/news\/2020\/05\/der-beitrag-der-fuenften-mobilfunkgeneration-5g-zur-corona-pandemie\/"},"wordCount":2416,"image":{"@id":"https:\/\/www.naturalscience.org\/de\/news\/2020\/05\/der-beitrag-der-fuenften-mobilfunkgeneration-5g-zur-corona-pandemie\/#primaryimage"},"thumbnailUrl":"https:\/\/www.naturalscience.org\/wp-content\/uploads\/2020\/05\/AdobeStock_335882095-300x227.jpg","keywords":["5g"],"articleSection":["Coronavirus","Gesundheit","5G","Mikrowellen &amp; Mobilfunk"],"inLanguage":"de"},{"@type":"WebPage","@id":"https:\/\/www.naturalscience.org\/de\/news\/2020\/05\/der-beitrag-der-fuenften-mobilfunkgeneration-5g-zur-corona-pandemie\/","url":"https:\/\/www.naturalscience.org\/de\/news\/2020\/05\/der-beitrag-der-fuenften-mobilfunkgeneration-5g-zur-corona-pandemie\/","name":"Der Beitrag der f\u00fcnften Mobilfunkgeneration 5G zur Corona-Pandemie - The World Foundation for Natural Science","isPartOf":{"@id":"https:\/\/www.naturalscience.org\/#website"},"primaryImageOfPage":{"@id":"https:\/\/www.naturalscience.org\/de\/news\/2020\/05\/der-beitrag-der-fuenften-mobilfunkgeneration-5g-zur-corona-pandemie\/#primaryimage"},"image":{"@id":"https:\/\/www.naturalscience.org\/de\/news\/2020\/05\/der-beitrag-der-fuenften-mobilfunkgeneration-5g-zur-corona-pandemie\/#primaryimage"},"thumbnailUrl":"https:\/\/www.naturalscience.org\/wp-content\/uploads\/2020\/05\/AdobeStock_335882095-300x227.jpg","datePublished":"2020-05-09T05:59:38+00:00","dateModified":"2021-06-12T18:42:45+00:00","author":{"@id":"https:\/\/www.naturalscience.org\/#\/schema\/person\/f3e16bb7057b29f8593016bf70a42022"},"breadcrumb":{"@id":"https:\/\/www.naturalscience.org\/de\/news\/2020\/05\/der-beitrag-der-fuenften-mobilfunkgeneration-5g-zur-corona-pandemie\/#breadcrumb"},"inLanguage":"de","potentialAction":[{"@type":"ReadAction","target":["https:\/\/www.naturalscience.org\/de\/news\/2020\/05\/der-beitrag-der-fuenften-mobilfunkgeneration-5g-zur-corona-pandemie\/"]}]},{"@type":"ImageObject","inLanguage":"de","@id":"https:\/\/www.naturalscience.org\/de\/news\/2020\/05\/der-beitrag-der-fuenften-mobilfunkgeneration-5g-zur-corona-pandemie\/#primaryimage","url":"https:\/\/www.naturalscience.org\/wp-content\/uploads\/2020\/05\/AdobeStock_335882095-300x227.jpg","contentUrl":"https:\/\/www.naturalscience.org\/wp-content\/uploads\/2020\/05\/AdobeStock_335882095-300x227.jpg"},{"@type":"BreadcrumbList","@id":"https:\/\/www.naturalscience.org\/de\/news\/2020\/05\/der-beitrag-der-fuenften-mobilfunkgeneration-5g-zur-corona-pandemie\/#breadcrumb","itemListElement":[{"@type":"ListItem","position":1,"name":"Home","item":"https:\/\/www.naturalscience.org\/de\/"},{"@type":"ListItem","position":2,"name":"Der Beitrag der f\u00fcnften Mobilfunkgeneration 5G zur Corona-Pandemie"}]},{"@type":"WebSite","@id":"https:\/\/www.naturalscience.org\/#website","url":"https:\/\/www.naturalscience.org\/","name":"The World Foundation for Natural Science","description":"Restoring and Healing the World through Responsibility and Commitment in accord with Natural and Divine Law!","potentialAction":[{"@type":"SearchAction","target":{"@type":"EntryPoint","urlTemplate":"https:\/\/www.naturalscience.org\/?s={search_term_string}"},"query-input":{"@type":"PropertyValueSpecification","valueRequired":true,"valueName":"search_term_string"}}],"inLanguage":"de"},{"@type":"Person","@id":"https:\/\/www.naturalscience.org\/#\/schema\/person\/f3e16bb7057b29f8593016bf70a42022","name":"Monika Waldmann","image":{"@type":"ImageObject","inLanguage":"de","@id":"https:\/\/secure.gravatar.com\/avatar\/54dfb6ad0fbcf54c252c37d8d2c1a44e41b462185db44d9c8124801f3b41b6ec?s=96&d=mm&r=g","url":"https:\/\/secure.gravatar.com\/avatar\/54dfb6ad0fbcf54c252c37d8d2c1a44e41b462185db44d9c8124801f3b41b6ec?s=96&d=mm&r=g","contentUrl":"https:\/\/secure.gravatar.com\/avatar\/54dfb6ad0fbcf54c252c37d8d2c1a44e41b462185db44d9c8124801f3b41b6ec?s=96&d=mm&r=g","caption":"Monika Waldmann"}}]}},"_links":{"self":[{"href":"https:\/\/www.naturalscience.org\/de\/wp-json\/wp\/v2\/posts\/33045","targetHints":{"allow":["GET"]}}],"collection":[{"href":"https:\/\/www.naturalscience.org\/de\/wp-json\/wp\/v2\/posts"}],"about":[{"href":"https:\/\/www.naturalscience.org\/de\/wp-json\/wp\/v2\/types\/post"}],"author":[{"embeddable":true,"href":"https:\/\/www.naturalscience.org\/de\/wp-json\/wp\/v2\/users\/11"}],"replies":[{"embeddable":true,"href":"https:\/\/www.naturalscience.org\/de\/wp-json\/wp\/v2\/comments?post=33045"}],"version-history":[{"count":14,"href":"https:\/\/www.naturalscience.org\/de\/wp-json\/wp\/v2\/posts\/33045\/revisions"}],"predecessor-version":[{"id":35451,"href":"https:\/\/www.naturalscience.org\/de\/wp-json\/wp\/v2\/posts\/33045\/revisions\/35451"}],"wp:attachment":[{"href":"https:\/\/www.naturalscience.org\/de\/wp-json\/wp\/v2\/media?parent=33045"}],"wp:term":[{"taxonomy":"category","embeddable":true,"href":"https:\/\/www.naturalscience.org\/de\/wp-json\/wp\/v2\/categories?post=33045"},{"taxonomy":"post_tag","embeddable":true,"href":"https:\/\/www.naturalscience.org\/de\/wp-json\/wp\/v2\/tags?post=33045"}],"curies":[{"name":"wp","href":"https:\/\/api.w.org\/{rel}","templated":true}]}}