{"id":29722,"date":"2019-04-15T22:26:30","date_gmt":"2019-04-15T20:26:30","guid":{"rendered":"https:\/\/www.naturalscience.org\/?p=29722"},"modified":"2019-04-15T22:27:55","modified_gmt":"2019-04-15T20:27:55","slug":"tag-der-erde-2019","status":"publish","type":"post","link":"https:\/\/www.naturalscience.org\/de\/news\/2019\/04\/tag-der-erde-2019\/","title":{"rendered":"Tag der Erde 2019"},"content":{"rendered":"<p>Seit 1990 wird jeweils am 22. April weltweit (in \u00fcber 175 L\u00e4ndern!) der \u201eTag der Erde\u201d gefeiert, auch dieses Jahr. Gerade in unserer hektischen Zeit tut es gut, einfach in die Natur hinauszugehen und still zu werden. Und doch: In den W\u00e4ldern ist es eigentlich alles andere als still, denn da ist das Ger\u00e4usch der Grillen und der V\u00f6gel, und wir h\u00f6ren das Umherhuschen der Kaninchen oder das Bellen einer Hirschkuh \u2013 der nat\u00fcrliche Klang der W\u00e4lder. Aber es ist alles Teil der Stille, und das Leben der Tiere in den W\u00e4ldern, und insbesondere der V\u00f6gel und Insekten, vermischt sich mit jener Stille und hebt diese Stille sogar noch an.<\/p>\n<p>Es tut gut, die Natur kennenzulernen, denn in der Natur sehen und f\u00fchlen wir das wahre Wesen von Mutter Erde. Wir sind dann in Gott, wir sind dann mit Gott, jeder Atemzug, den wir nehmen, ist der Atem des Allm\u00e4chtigen Gottes. Das Feuer in unseren Herzen ist die W\u00e4rme des Allm\u00e4chtigen Gottes, das uns warm h\u00e4lt. Das Wasser, das wir trinken, k\u00f6nnen wir nicht selber herstellen. Es ist das Wasser des Allm\u00e4chtigen Gottes. Die Erde, in welcher wir die Pflanzen anbauen und in welche wir die Samen pflanzen, k\u00f6nnen wir nicht herstellen. Und da haben wir sie, das Feuer, die Erde, die Luft und das Wasser, und wir k\u00f6nnen keines dieser Elemente selber machen&#8230;, ebenso wenig, wie wir Liebe machen k\u00f6nnen.<\/p>\n<p>Und genau aus diesen vier Elementen sind unsere kostbaren K\u00f6rper geschaffen, und wir sind von den Elementen abh\u00e4ngig, um ein gesundes Leben zu leben. Betrachten wir dies nicht als garantiert, sondern sind wir unserer Mutter Erde dankbar f\u00fcr das, was sie uns jeden Augenblick in gro\u00dfer Vielfalt bedingungslos zur Verf\u00fcgung stellt. Es stellt f\u00fcr sie kein Problem dar, auch \u00fcber zehn Milliarden hungrige M\u00fcnder zu f\u00fcllen. Wir m\u00fcssen lediglich beginnen, mit ihr zusammenzuarbeiten, und damit aufh\u00f6ren, sie in unserer kurzfristig denkenden Gier auszubeuten und unseren Schutt auf ihrem K\u00f6rper abzuladen. Es ist unser Abfall, und sie will ihn nicht. Es ist die Umweltverschmutzung, um die wir uns k\u00fcmmern m\u00fcssen. Wir m\u00fcssen damit aufh\u00f6ren, die Luft und das Wasser zu verschmutzen, die Ozeane und ihre Bewohner mit Plastik zu verm\u00fcllen und die B\u00f6den und ihr lebensnotwendiges Innenleben mit giftigen Pestiziden und Insektiziden zu vernichten.<\/p>\n<p>Klimaver\u00e4nderungen geh\u00f6ren zur Entwicklung unserer Erde (die nie statisch war und es auch nie sein wird, denn was im Status Quo verbleibt, ist tot!), und die Natur hat f\u00fcr solche Ver\u00e4nderungen immer auch eine L\u00f6sung bereit. Dies gilt besonders f\u00fcr den Dienst der B\u00e4ume, welche die F\u00e4higkeit haben, die Balance zu halten, indem sie beispielsweise Schatten spenden, CO2 umwandeln und Regen verursachen. Umso wichtiger ist es, dass wir die Regenw\u00e4lder sch\u00fctzen und gef\u00e4llte B\u00e4ume sogleich wieder ersetzen. In diesem Zusammenhang m\u00f6chten wir auf den \u201eInternationalen Tag des Baumes\u201d 2019 hinweisen, den wir am Freitag, 26. April 2019 feiern, und wir m\u00f6chten Sie ermuntern, an diesem besonderen Tag einen Baum zu setzen als Hommage f\u00fcr den besonderen Dienst, den die B\u00e4ume f\u00fcr diese Erde erbringen. Es ist der Mensch, der die Wesen der elementalen Welt durch das Kohlendioxid, das er ausatmet, mit Leben versorgt. Und es sind die Wesen der elementalen Welt in Form von B\u00e4umen und Blumen und B\u00fcschen und Gras, die uns mit der dringend ben\u00f6tigten Luft zum Atmen versorgen, indem sie uns reinen Sauerstoff zur\u00fcckgeben.<\/p>\n<p>Ohne die Balance, die alle grundlegenden Elemente im gegenseitigen Wechselspiel aufrechterhalten, h\u00e4tten wir \u00fcberhaupt kein Leben. Alles, was im Einklang mit der nat\u00fcrlichen Sch\u00f6pfung ist, kennt nichts anderes, als mit dem Ganzen in ORDNUNG zu sein. Mit jedem Baum, den wir wegen seines Holzes f\u00e4llen und an dessen Stelle wir nicht sofort einen neuen Baum pflanzen, brechen wir das Gesetz von Ursache und Wirkung. Wir erhalten jederzeit so viel von der Natur, und es ist an der Zeit, dass wir auch daran denken, ihr etwas zur\u00fcckzugeben, sei es auch nur ein kleines Dankesch\u00f6n. Das w\u00e4re ein sch\u00f6ner Anfang, um unsere Wertsch\u00e4tzung auszudr\u00fccken f\u00fcr den gro\u00dfartigen Dienst, den Mutter Erde und ihre \u201eMitarbeiter\u201d Tag f\u00fcr Tag so liebevoll f\u00fcr uns tun. Erinnern wir uns immer wieder an die \u201eGoldene Regel\u201d, die besagt: \u201eIn allem behandle andere so, wie du willst, dass sie dich behandeln; denn das ist das Gesetz und die Propheten.\u201d <small>[Matth\u00e4us-Evangelium 7,12]<\/small><\/p>\n<p>M\u00f6gen wir lernen, jene selbe Best\u00e4ndigkeit und selbstlose Liebe auszudr\u00fccken, wie Mutter Erde es seit \u00c4onen schon tut. Gemeinsam k\u00f6nnen wir es erreichen, auf dieser Erde wieder paradiesische Verh\u00e4ltnisse zu schaffen. Doch es beginnt mit uns, mit unserer individuellen Entscheidung. Lassen Sie uns jeden Tag zu einem \u201eTag der Erde\u201c machen, indem wir uns t\u00e4glich unser Handeln und unsere (fehlende?) Wertsch\u00e4tzung bewusst machen und uns f\u00fcr die Erde einsetzen, wo und wie wir es nur k\u00f6nnen.<\/p>\n<p><a href=\"https:\/\/www.naturalscience.org\/wp-content\/uploads\/2017\/04\/Poster-Earth-ger.pdf\" target=\"_blank\" rel=\"noopener\"><img loading=\"lazy\" decoding=\"async\" class=\"alignnone size-full wp-image-23842\" src=\"https:\/\/www.naturalscience.org\/wp-content\/uploads\/2017\/04\/Poster-Earth-ger-cover.jpeg\" alt=\"\" width=\"1653\" height=\"2338\" srcset=\"https:\/\/www.naturalscience.org\/wp-content\/uploads\/2017\/04\/Poster-Earth-ger-cover.jpeg 1653w, https:\/\/www.naturalscience.org\/wp-content\/uploads\/2017\/04\/Poster-Earth-ger-cover-212x300.jpeg 212w, https:\/\/www.naturalscience.org\/wp-content\/uploads\/2017\/04\/Poster-Earth-ger-cover-768x1086.jpeg 768w, https:\/\/www.naturalscience.org\/wp-content\/uploads\/2017\/04\/Poster-Earth-ger-cover-724x1024.jpeg 724w, https:\/\/www.naturalscience.org\/wp-content\/uploads\/2017\/04\/Poster-Earth-ger-cover-116x164.jpeg 116w, https:\/\/www.naturalscience.org\/wp-content\/uploads\/2017\/04\/Poster-Earth-ger-cover-283x400.jpeg 283w, https:\/\/www.naturalscience.org\/wp-content\/uploads\/2017\/04\/Poster-Earth-ger-cover-354x500.jpeg 354w\" sizes=\"auto, (max-width: 1653px) 100vw, 1653px\" \/><\/a><\/p>\n","protected":false},"excerpt":{"rendered":"Seit 1990 wird jeweils am 22. April weltweit (in \u00fcber 175 L\u00e4ndern!) der \u201eTag der Erde\u201d gefeiert, auch dieses Jahr. Gerade in unserer hektischen Zeit tut es gut, einfach in die Natur hinauszugehen und still zu werden. Und doch: In den W\u00e4ldern ist es eigentlich alles andere als still, denn da ist das Ger\u00e4usch der [&hellip;]","protected":false},"author":9,"featured_media":0,"comment_status":"closed","ping_status":"closed","sticky":false,"template":"","format":"standard","meta":{"_acf_changed":false,"ngg_post_thumbnail":0,"footnotes":""},"categories":[45,22],"tags":[],"class_list":["post-29722","post","type-post","status-publish","format-standard","hentry","category-landwirtschaft","category-meere","wpautop"],"acf":[],"yoast_head":"<!-- This site is optimized with the Yoast SEO plugin v27.5 - https:\/\/yoast.com\/product\/yoast-seo-wordpress\/ -->\n<title>Tag der Erde 2019 - The World Foundation for Natural Science<\/title>\n<meta name=\"robots\" content=\"index, follow, max-snippet:-1, max-image-preview:large, max-video-preview:-1\" \/>\n<link rel=\"canonical\" href=\"https:\/\/www.naturalscience.org\/de\/news\/2019\/04\/tag-der-erde-2019\/\" \/>\n<meta name=\"twitter:label1\" content=\"Verfasst von\" \/>\n\t<meta name=\"twitter:data1\" content=\"Jonas Zumkehr\" \/>\n\t<meta name=\"twitter:label2\" content=\"Gesch\u00e4tzte Lesezeit\" \/>\n\t<meta name=\"twitter:data2\" content=\"4\u00a0Minuten\" \/>\n<script type=\"application\/ld+json\" class=\"yoast-schema-graph\">{\"@context\":\"https:\\\/\\\/schema.org\",\"@graph\":[{\"@type\":\"Article\",\"@id\":\"https:\\\/\\\/www.naturalscience.org\\\/de\\\/news\\\/2019\\\/04\\\/tag-der-erde-2019\\\/#article\",\"isPartOf\":{\"@id\":\"https:\\\/\\\/www.naturalscience.org\\\/de\\\/news\\\/2019\\\/04\\\/tag-der-erde-2019\\\/\"},\"author\":{\"name\":\"Jonas Zumkehr\",\"@id\":\"https:\\\/\\\/www.naturalscience.org\\\/#\\\/schema\\\/person\\\/0be5d48465708d48c68f324f12edf220\"},\"headline\":\"Tag der Erde 2019\",\"datePublished\":\"2019-04-15T20:26:30+00:00\",\"dateModified\":\"2019-04-15T20:27:55+00:00\",\"mainEntityOfPage\":{\"@id\":\"https:\\\/\\\/www.naturalscience.org\\\/de\\\/news\\\/2019\\\/04\\\/tag-der-erde-2019\\\/\"},\"wordCount\":856,\"image\":{\"@id\":\"https:\\\/\\\/www.naturalscience.org\\\/de\\\/news\\\/2019\\\/04\\\/tag-der-erde-2019\\\/#primaryimage\"},\"thumbnailUrl\":\"https:\\\/\\\/www.naturalscience.org\\\/wp-content\\\/uploads\\\/2017\\\/04\\\/Poster-Earth-ger-cover.jpeg\",\"articleSection\":[\"Nat\u00fcrliche Landwirtschaft\",\"Meere\"],\"inLanguage\":\"de\"},{\"@type\":\"WebPage\",\"@id\":\"https:\\\/\\\/www.naturalscience.org\\\/de\\\/news\\\/2019\\\/04\\\/tag-der-erde-2019\\\/\",\"url\":\"https:\\\/\\\/www.naturalscience.org\\\/de\\\/news\\\/2019\\\/04\\\/tag-der-erde-2019\\\/\",\"name\":\"Tag der Erde 2019 - The World Foundation for Natural Science\",\"isPartOf\":{\"@id\":\"https:\\\/\\\/www.naturalscience.org\\\/#website\"},\"primaryImageOfPage\":{\"@id\":\"https:\\\/\\\/www.naturalscience.org\\\/de\\\/news\\\/2019\\\/04\\\/tag-der-erde-2019\\\/#primaryimage\"},\"image\":{\"@id\":\"https:\\\/\\\/www.naturalscience.org\\\/de\\\/news\\\/2019\\\/04\\\/tag-der-erde-2019\\\/#primaryimage\"},\"thumbnailUrl\":\"https:\\\/\\\/www.naturalscience.org\\\/wp-content\\\/uploads\\\/2017\\\/04\\\/Poster-Earth-ger-cover.jpeg\",\"datePublished\":\"2019-04-15T20:26:30+00:00\",\"dateModified\":\"2019-04-15T20:27:55+00:00\",\"author\":{\"@id\":\"https:\\\/\\\/www.naturalscience.org\\\/#\\\/schema\\\/person\\\/0be5d48465708d48c68f324f12edf220\"},\"breadcrumb\":{\"@id\":\"https:\\\/\\\/www.naturalscience.org\\\/de\\\/news\\\/2019\\\/04\\\/tag-der-erde-2019\\\/#breadcrumb\"},\"inLanguage\":\"de\",\"potentialAction\":[{\"@type\":\"ReadAction\",\"target\":[\"https:\\\/\\\/www.naturalscience.org\\\/de\\\/news\\\/2019\\\/04\\\/tag-der-erde-2019\\\/\"]}]},{\"@type\":\"ImageObject\",\"inLanguage\":\"de\",\"@id\":\"https:\\\/\\\/www.naturalscience.org\\\/de\\\/news\\\/2019\\\/04\\\/tag-der-erde-2019\\\/#primaryimage\",\"url\":\"https:\\\/\\\/www.naturalscience.org\\\/wp-content\\\/uploads\\\/2017\\\/04\\\/Poster-Earth-ger-cover.jpeg\",\"contentUrl\":\"https:\\\/\\\/www.naturalscience.org\\\/wp-content\\\/uploads\\\/2017\\\/04\\\/Poster-Earth-ger-cover.jpeg\"},{\"@type\":\"BreadcrumbList\",\"@id\":\"https:\\\/\\\/www.naturalscience.org\\\/de\\\/news\\\/2019\\\/04\\\/tag-der-erde-2019\\\/#breadcrumb\",\"itemListElement\":[{\"@type\":\"ListItem\",\"position\":1,\"name\":\"Home\",\"item\":\"https:\\\/\\\/www.naturalscience.org\\\/de\\\/\"},{\"@type\":\"ListItem\",\"position\":2,\"name\":\"Tag der Erde 2019\"}]},{\"@type\":\"WebSite\",\"@id\":\"https:\\\/\\\/www.naturalscience.org\\\/#website\",\"url\":\"https:\\\/\\\/www.naturalscience.org\\\/\",\"name\":\"The World Foundation for Natural Science\",\"description\":\"Restoring and Healing the World through Responsibility and Commitment in accord with Natural and Divine Law!\",\"potentialAction\":[{\"@type\":\"SearchAction\",\"target\":{\"@type\":\"EntryPoint\",\"urlTemplate\":\"https:\\\/\\\/www.naturalscience.org\\\/?s={search_term_string}\"},\"query-input\":{\"@type\":\"PropertyValueSpecification\",\"valueRequired\":true,\"valueName\":\"search_term_string\"}}],\"inLanguage\":\"de\"},{\"@type\":\"Person\",\"@id\":\"https:\\\/\\\/www.naturalscience.org\\\/#\\\/schema\\\/person\\\/0be5d48465708d48c68f324f12edf220\",\"name\":\"Jonas Zumkehr\",\"image\":{\"@type\":\"ImageObject\",\"inLanguage\":\"de\",\"@id\":\"https:\\\/\\\/secure.gravatar.com\\\/avatar\\\/71cc080bd24f881147526d81de96e83defdea268b2022f6873ed28b913bc22fa?s=96&d=mm&r=g\",\"url\":\"https:\\\/\\\/secure.gravatar.com\\\/avatar\\\/71cc080bd24f881147526d81de96e83defdea268b2022f6873ed28b913bc22fa?s=96&d=mm&r=g\",\"contentUrl\":\"https:\\\/\\\/secure.gravatar.com\\\/avatar\\\/71cc080bd24f881147526d81de96e83defdea268b2022f6873ed28b913bc22fa?s=96&d=mm&r=g\",\"caption\":\"Jonas Zumkehr\"}}]}<\/script>\n<!-- \/ Yoast SEO plugin. -->","yoast_head_json":{"title":"Tag der Erde 2019 - The World Foundation for Natural Science","robots":{"index":"index","follow":"follow","max-snippet":"max-snippet:-1","max-image-preview":"max-image-preview:large","max-video-preview":"max-video-preview:-1"},"canonical":"https:\/\/www.naturalscience.org\/de\/news\/2019\/04\/tag-der-erde-2019\/","twitter_misc":{"Verfasst von":"Jonas Zumkehr","Gesch\u00e4tzte Lesezeit":"4\u00a0Minuten"},"schema":{"@context":"https:\/\/schema.org","@graph":[{"@type":"Article","@id":"https:\/\/www.naturalscience.org\/de\/news\/2019\/04\/tag-der-erde-2019\/#article","isPartOf":{"@id":"https:\/\/www.naturalscience.org\/de\/news\/2019\/04\/tag-der-erde-2019\/"},"author":{"name":"Jonas Zumkehr","@id":"https:\/\/www.naturalscience.org\/#\/schema\/person\/0be5d48465708d48c68f324f12edf220"},"headline":"Tag der Erde 2019","datePublished":"2019-04-15T20:26:30+00:00","dateModified":"2019-04-15T20:27:55+00:00","mainEntityOfPage":{"@id":"https:\/\/www.naturalscience.org\/de\/news\/2019\/04\/tag-der-erde-2019\/"},"wordCount":856,"image":{"@id":"https:\/\/www.naturalscience.org\/de\/news\/2019\/04\/tag-der-erde-2019\/#primaryimage"},"thumbnailUrl":"https:\/\/www.naturalscience.org\/wp-content\/uploads\/2017\/04\/Poster-Earth-ger-cover.jpeg","articleSection":["Nat\u00fcrliche Landwirtschaft","Meere"],"inLanguage":"de"},{"@type":"WebPage","@id":"https:\/\/www.naturalscience.org\/de\/news\/2019\/04\/tag-der-erde-2019\/","url":"https:\/\/www.naturalscience.org\/de\/news\/2019\/04\/tag-der-erde-2019\/","name":"Tag der Erde 2019 - The World Foundation for Natural Science","isPartOf":{"@id":"https:\/\/www.naturalscience.org\/#website"},"primaryImageOfPage":{"@id":"https:\/\/www.naturalscience.org\/de\/news\/2019\/04\/tag-der-erde-2019\/#primaryimage"},"image":{"@id":"https:\/\/www.naturalscience.org\/de\/news\/2019\/04\/tag-der-erde-2019\/#primaryimage"},"thumbnailUrl":"https:\/\/www.naturalscience.org\/wp-content\/uploads\/2017\/04\/Poster-Earth-ger-cover.jpeg","datePublished":"2019-04-15T20:26:30+00:00","dateModified":"2019-04-15T20:27:55+00:00","author":{"@id":"https:\/\/www.naturalscience.org\/#\/schema\/person\/0be5d48465708d48c68f324f12edf220"},"breadcrumb":{"@id":"https:\/\/www.naturalscience.org\/de\/news\/2019\/04\/tag-der-erde-2019\/#breadcrumb"},"inLanguage":"de","potentialAction":[{"@type":"ReadAction","target":["https:\/\/www.naturalscience.org\/de\/news\/2019\/04\/tag-der-erde-2019\/"]}]},{"@type":"ImageObject","inLanguage":"de","@id":"https:\/\/www.naturalscience.org\/de\/news\/2019\/04\/tag-der-erde-2019\/#primaryimage","url":"https:\/\/www.naturalscience.org\/wp-content\/uploads\/2017\/04\/Poster-Earth-ger-cover.jpeg","contentUrl":"https:\/\/www.naturalscience.org\/wp-content\/uploads\/2017\/04\/Poster-Earth-ger-cover.jpeg"},{"@type":"BreadcrumbList","@id":"https:\/\/www.naturalscience.org\/de\/news\/2019\/04\/tag-der-erde-2019\/#breadcrumb","itemListElement":[{"@type":"ListItem","position":1,"name":"Home","item":"https:\/\/www.naturalscience.org\/de\/"},{"@type":"ListItem","position":2,"name":"Tag der Erde 2019"}]},{"@type":"WebSite","@id":"https:\/\/www.naturalscience.org\/#website","url":"https:\/\/www.naturalscience.org\/","name":"The World Foundation for Natural Science","description":"Restoring and Healing the World through Responsibility and Commitment in accord with Natural and Divine Law!","potentialAction":[{"@type":"SearchAction","target":{"@type":"EntryPoint","urlTemplate":"https:\/\/www.naturalscience.org\/?s={search_term_string}"},"query-input":{"@type":"PropertyValueSpecification","valueRequired":true,"valueName":"search_term_string"}}],"inLanguage":"de"},{"@type":"Person","@id":"https:\/\/www.naturalscience.org\/#\/schema\/person\/0be5d48465708d48c68f324f12edf220","name":"Jonas Zumkehr","image":{"@type":"ImageObject","inLanguage":"de","@id":"https:\/\/secure.gravatar.com\/avatar\/71cc080bd24f881147526d81de96e83defdea268b2022f6873ed28b913bc22fa?s=96&d=mm&r=g","url":"https:\/\/secure.gravatar.com\/avatar\/71cc080bd24f881147526d81de96e83defdea268b2022f6873ed28b913bc22fa?s=96&d=mm&r=g","contentUrl":"https:\/\/secure.gravatar.com\/avatar\/71cc080bd24f881147526d81de96e83defdea268b2022f6873ed28b913bc22fa?s=96&d=mm&r=g","caption":"Jonas Zumkehr"}}]}},"_links":{"self":[{"href":"https:\/\/www.naturalscience.org\/de\/wp-json\/wp\/v2\/posts\/29722","targetHints":{"allow":["GET"]}}],"collection":[{"href":"https:\/\/www.naturalscience.org\/de\/wp-json\/wp\/v2\/posts"}],"about":[{"href":"https:\/\/www.naturalscience.org\/de\/wp-json\/wp\/v2\/types\/post"}],"author":[{"embeddable":true,"href":"https:\/\/www.naturalscience.org\/de\/wp-json\/wp\/v2\/users\/9"}],"replies":[{"embeddable":true,"href":"https:\/\/www.naturalscience.org\/de\/wp-json\/wp\/v2\/comments?post=29722"}],"version-history":[{"count":3,"href":"https:\/\/www.naturalscience.org\/de\/wp-json\/wp\/v2\/posts\/29722\/revisions"}],"predecessor-version":[{"id":29729,"href":"https:\/\/www.naturalscience.org\/de\/wp-json\/wp\/v2\/posts\/29722\/revisions\/29729"}],"wp:attachment":[{"href":"https:\/\/www.naturalscience.org\/de\/wp-json\/wp\/v2\/media?parent=29722"}],"wp:term":[{"taxonomy":"category","embeddable":true,"href":"https:\/\/www.naturalscience.org\/de\/wp-json\/wp\/v2\/categories?post=29722"},{"taxonomy":"post_tag","embeddable":true,"href":"https:\/\/www.naturalscience.org\/de\/wp-json\/wp\/v2\/tags?post=29722"}],"curies":[{"name":"wp","href":"https:\/\/api.w.org\/{rel}","templated":true}]}}