{"id":28080,"date":"2018-09-11T23:19:39","date_gmt":"2018-09-11T21:19:39","guid":{"rendered":"https:\/\/www.naturalscience.org\/?p=28080"},"modified":"2018-09-25T18:06:09","modified_gmt":"2018-09-25T16:06:09","slug":"freiwilliger-verzicht-auf-plastik-ist-unerlaesslich","status":"publish","type":"post","link":"https:\/\/www.naturalscience.org\/de\/news\/2018\/09\/freiwilliger-verzicht-auf-plastik-ist-unerlaesslich\/","title":{"rendered":"Freiwilliger Verzicht auf Plastik ist unerl\u00e4sslich!"},"content":{"rendered":"<h2>Eine traurige Statistik<\/h2>\n<p>In der Schweiz ist die Nachfrage nach Plastik etwa dreimal so hoch wie im europ\u00e4ischen Durchschnitt! Pro Jahr und Kopf fallen fast 100 kg Plastikabf\u00e4lle an. Also ungef\u00e4hr eine Million Tonnen. Davon sind 75% Einwegverpackungen.<\/p>\n<p>Laut eines Berichts des Branchenverbandes \u201ePlasticsEurope\u201c rezykliert die Schweiz nur gerade 25% ihrer Kunststoffabf\u00e4lle und liegt damit deutlich hinter Norwegen und Schweden (\u00fcber 40%) sowie Deutschland, Tschechien, Irland und Spanien (\u00fcber 35%) zur\u00fcck.<\/p>\n<p>Gem\u00e4ss dem \u201eSwiss Litter Report\u201c, der am 28. Juni 2018 ver\u00f6ffentlicht wurde, w\u00e4chst die Belastung der Schweizer Gew\u00e4sser durch Plastikabf\u00e4lle konstant.<\/p>\n<p>Zwischen April 2017 und M\u00e4rz 2018 wurden f\u00fcr diesen Report 1\u2019052 Erhebungen an 112 Standorten durchgef\u00fchrt. Mehr als 150 ausgebildete Freiwillige sammelten und kategorisierten 95&#8217;971 Abfallgegenst\u00e4nde an den wichtigsten Fl\u00fcssen und Seen der Schweiz.<br \/>\nUnd Plastik ist mit 65.4% das am deutlich h\u00e4ufigsten gefundene Material.<br \/>\nSiehe dazu den gesamten Report: <a href=\"https:\/\/storage.googleapis.com\/wzukusers\/user-15533811\/documents\/5b867b8f51528JrYbIoW\/Swiss%20Litter%20Report_final_180710.pdf\" target=\"_blank\" rel=\"noopener\">https:\/\/storage.googleapis.com\/wzukusers\/user-15533811\/documents\/5b867b8f51528JrYbIoW\/Swiss%20Litter%20Report_final_180710.pdf<\/a><\/p>\n<h2>Gute Vorbilder<\/h2>\n<p>Um die Verschmutzung durch Plastik zu verringern haben viele afrikanische L\u00e4nder aber auch Bangladesch sowie Italien (bereits seit 2011) und Frankreich (2016) Plastikt\u00fcten verboten. Grossbritannien erhebt inzwischen eine landesweite Abgabe auf Plastik. Bis zu diesem Sommer werden Kunststoff-Mikroperlen, wie sie in Produkten wie Zahnpasta oder Gesichtspeelings verwendet werden, in mehreren L\u00e4ndern verboten. Die EU-Kommission will die zehn am h\u00e4ufigsten verwendeten Plastik-Einweg-Produkte verbieten. Diese Produkte seien f\u00fcr 70 Prozent der Plastikabf\u00e4lle an den europ\u00e4ischen Str\u00e4nden verantwortlich. Ausserdem sollen die EU-Mitgliedstaaten f\u00fcr weitere Produkte Ziele festlegen, um deren Verbrauch zu senken. Zum Beispiel bei Plastik-Verpackungsmaterial von Lebensmitteln oder auch f\u00fcr Plastikbecher. Zudem sollen auch die Produzenten selber in die Verantwortung genommen werden. Sie sollen sich finanziell an den Kosten des gesamten Abfallwesens beteiligen. Damit f\u00fchrt die Kommission der Europ\u00e4ischen Union ihre Bestrebungen gegen das Plastik weiter. Etwa mit ihren gezielten Massnahmen gegen Plastiks\u00e4cke konnte sie deren Verwendung um 50 Prozent senken.<br \/>\n<a href=\"https:\/\/www.swissinfo.ch\/ger\/gesellschaft\/ressourcen_plastik-in-der-schweiz--top-beim-verbrauch--flop-beim-recycling\/44085230\" target=\"_blank\" rel=\"noopener\">https:\/\/www.swissinfo.ch\/ger\/gesellschaft\/ressourcen_plastik-in-der-schweiz&#8211;top-beim-verbrauch&#8211;flop-beim-recycling\/44085230<\/a><br \/>\n<a href=\"https:\/\/www.srf.ch\/news\/international\/verbot-von-einwegartikeln-eu-kommission-will-gegen-plastikmuell-vorgehen\" target=\"_blank\" rel=\"noopener\">https:\/\/www.srf.ch\/news\/international\/verbot-von-einwegartikeln-eu-kommission-will-gegen-plastikmuell-vorgehen<\/a><\/p>\n<h2>Und die Schweiz?<\/h2>\n<p>Die Schweiz, die kein EU-Mitglied ist, hat offenbar keine derartigen Pl\u00e4ne. Elisabeth Maret, Sprecherin des Bundesamtes f\u00fcr Umwelt (Bafu), sagte:&nbsp;\u00abDie Regierung kann Produkte nur dann verbieten, wenn sich deren sch\u00e4dliche Wirkung auf die Umwelt nicht rechtfertigen l\u00e4sst. Weil ein Produkteverbot die wirtschaftliche Freiheit stark beeintr\u00e4chtigen w\u00fcrde, m\u00fcsste es einen sehr zwingenden Grund daf\u00fcr geben.\u00bb \u2013 Wir von The World Foundation for Natural Science fragen uns eindringlich: Ist das Sterben unserer Weltmeere kein zwingender Grund? Aus unserer Sicht sollte die Schweiz, als Wasserschloss Europas, vielmehr mit gutem Beispiel vorangehen und ihre Verantwortung f\u00fcr die Sauberkeit der Gew\u00e4sser wie auch der Weltmeere durch wegbereitende Massnahmen wahrnehmen.<br \/>\n<a href=\"https:\/\/www.swissinfo.ch\/ger\/gesellschaft\/ressourcen_plastik-in-der-schweiz--top-beim-verbrauch--flop-beim-recycling\/44085230\" target=\"_blank\" rel=\"noopener\">https:\/\/www.swissinfo.ch\/ger\/gesellschaft\/ressourcen_plastik-in-der-schweiz&#8211;top-beim-verbrauch&#8211;flop-beim-recycling\/44085230<\/a><\/p>\n<p>Somit ist es umso erfreulicher, dass immer mehr Unternehmen von sich aus Schritte unternehmen, um die Plastikflut zu reduzieren.<\/p>\n<p><strong>Immer mehr Unternehmen ergreifen Massnahmen zur Reduktion von Verpackungen und Artikeln aus Plastik.<\/strong><\/p>\n<p>Wie Coop gegen\u00fcber&nbsp;\u00ab20 Minuten\u00bb bekannt gab, will das Unternehmen ab Herbst die ersten Bio-Fr\u00fcchte und -Gem\u00fcse unverpackt verkaufen. Die Umstellung entspreche einem grossen Kundenwunsch. Denn bei vielen Konsumenten der Bio-Abteilung st\u00f6sst das viele Plastik bei R\u00fcebli, Gurken und Co. auf Unverst\u00e4ndnis.<br \/>\n<a href=\"https:\/\/www.20min.ch\/finance\/news\/story\/Bio-Fruechte-und--Gemuese-kommen-bald-ohne-Plastik-18701250\" target=\"_blank\" rel=\"noopener\">https:\/\/www.20min.ch\/finance\/news\/story\/Bio-Fruechte-und&#8211;Gemuese-kommen-bald-ohne-Plastik-18701250<\/a><\/p>\n<p>Lidl berichtete am 4. Juli 2018, dass nun auch in der Schweiz Einweg-Plastik-Artikel wie Trinkhalme, Einwegbecher und -gl\u00e4ser, Teller, Besteck, aber auch Wattest\u00e4bchen mit Plastikschaft bis Ende n\u00e4chsten Jahres aus dem Sortiment genommen werden. Statt den Einweg-Produkten werde der Detailh\u00e4ndler Produkte aus alternativen und rezyklierbaren Materialien verkaufen.<\/p>\n<p>Die Aktion geschieht im Rahmen des Plans, den Einsatz von Plastik bis zum Jahr 2025 um 20% zu reduzieren und alle Kunststoffverpackungen zu hundert Prozent recyclingf\u00e4hig zu konzipieren.<br \/>\n<a href=\"https:\/\/www.lidl.ch\/statics\/lidl-offering-ch\/ds_doc\/20180704_Lidl_Schweiz_reduziert_Einwegplastik.pdf\" target=\"_blank\" rel=\"noopener\">https:\/\/www.lidl.ch\/statics\/lidl-offering-ch\/ds_doc\/20180704_Lidl_Schweiz_reduziert_Einwegplastik.pdf<\/a><\/p>\n<p>Und um noch ein weiteres Beispiel zu nennen: Das Openair-Festival&nbsp;\u00abTechamsee\u00bb, das am 8. September 2018 in Cham statt fand, verzichtete auf Plastik in der Gastronomie. Stattdessen werden Karton und Holz verwendet. So will man ein Zeichen gegen die Ozeanverschmutzung durch Plastikm\u00fcll setzen.<br \/>\n<a href=\"https:\/\/www.20min.ch\/schweiz\/zentralschweiz\/story\/Erstes-Open-Air-verzichtet-auf-Plastik-21129790\" target=\"_blank\" rel=\"noopener\">https:\/\/www.20min.ch\/schweiz\/zentralschweiz\/story\/Erstes-Open-Air-verzichtet-auf-Plastik-21129790<\/a><\/p>\n<p>Und was macht die Migros w\u00e4hrenddessen? Sprecherin Alexandra Kurz meinte dazu:&nbsp;\u00abDer weitverbreitete Eindruck, dass Plastik generell umweltsch\u00e4dlich ist, ist nicht richtig.\u00bb Sie ist der Meinung, die \u00d6kobilanz von Plastik sei oft besser als die der Alternativen. Siehe dazu den <a href=\"https:\/\/www.naturalscience.org\/wp-content\/uploads\/2018\/09\/2018-03-13Ltr-an-Hanna-KrayerMigros-Genossenschaft.pdf\" target=\"_blank\" rel=\"noopener\">offiziellen Brief (PDF)<\/a> von The World Foundation for Natural Science vom 18. M\u00e4rz 2018 an Hanna Krayer, Umweltexpertin vom Migros Genossenschaftsbund.<\/p>\n<p><a href=\"https:\/\/www.blick.ch\/news\/wirtschaft\/coop-lanciert-bio-verpackungen-aus-gras-das-ist-nicht-von-pappe-id8223838.html\" target=\"_blank\" rel=\"noopener\">https:\/\/www.blick.ch\/news\/wirtschaft\/coop-lanciert-bio-verpackungen-aus-gras-das-ist-nicht-von-pappe-id8223838.html\u00a0<\/a><\/p>\n<h2><strong>Und was k\u00f6nnen Sie tun? <\/strong>(\u2013Nat\u00fcrlich nicht nur in der Schweiz!)<\/h2>\n<p>Um die Migros und weitere Unternehmen zur konsequenten Reduktion von Verpackung im allgemeinen sowie Artikeln aus Plastik zu bewegen, kommt jeder einzelne Kunde ins Spiel: Denn<\/p>\n<div id=\"attachment_28115\" style=\"width: 212px\" class=\"wp-caption alignright\"><a href=\"https:\/\/www.naturalscience.org\/wp-content\/uploads\/2018\/09\/2018-09-08Plastik-Reduktion-ArgumenteAdressen-final.pdf\"><img loading=\"lazy\" decoding=\"async\" aria-describedby=\"caption-attachment-28115\" class=\"wp-image-28115 size-medium\" src=\"https:\/\/www.naturalscience.org\/wp-content\/uploads\/2018\/09\/2018-09-08Plastik-Reduktion-ArgumenteAdressen-final_Page_1-212x300.png\" alt=\"\" width=\"212\" height=\"300\" srcset=\"https:\/\/www.naturalscience.org\/wp-content\/uploads\/2018\/09\/2018-09-08Plastik-Reduktion-ArgumenteAdressen-final_Page_1-212x300.png 212w, https:\/\/www.naturalscience.org\/wp-content\/uploads\/2018\/09\/2018-09-08Plastik-Reduktion-ArgumenteAdressen-final_Page_1-768x1087.png 768w, https:\/\/www.naturalscience.org\/wp-content\/uploads\/2018\/09\/2018-09-08Plastik-Reduktion-ArgumenteAdressen-final_Page_1-724x1024.png 724w, https:\/\/www.naturalscience.org\/wp-content\/uploads\/2018\/09\/2018-09-08Plastik-Reduktion-ArgumenteAdressen-final_Page_1-116x164.png 116w, https:\/\/www.naturalscience.org\/wp-content\/uploads\/2018\/09\/2018-09-08Plastik-Reduktion-ArgumenteAdressen-final_Page_1-283x400.png 283w, https:\/\/www.naturalscience.org\/wp-content\/uploads\/2018\/09\/2018-09-08Plastik-Reduktion-ArgumenteAdressen-final_Page_1-353x500.png 353w, https:\/\/www.naturalscience.org\/wp-content\/uploads\/2018\/09\/2018-09-08Plastik-Reduktion-ArgumenteAdressen-final_Page_1.png 1652w\" sizes=\"auto, (max-width: 212px) 100vw, 212px\" \/><\/a><p id=\"caption-attachment-28115\" class=\"wp-caption-text\">Argumentarium (PDF Download)<\/p><\/div>\n<p>wie das Beispiel von Coop zeigt, k\u00f6nnen Kunden durch das \u00c4ussern ihrer Meinung grossen Einfluss auf die Strategie eines Unternehmens in Bezug auf die Reduktion von Plastik nehmen.<\/p>\n<p>Untersch\u00e4tzen Sie also den Einfluss von pers\u00f6nlichen Briefen engagierter Kunden an die Leitung der Superm\u00e4rkte und Gesch\u00e4fte nicht! Ein selbst formulierter Brief hat am meisten Wirkung \u2013 und diese Wirkung wird umso gr\u00f6sser sein, je mehr von uns schreiben!<\/p>\n<p>Doch auch wenn sich nun etwas zu bewegen scheint, m\u00fcssen wir dranbleiben! Wir k\u00f6nnen uns f\u00fcr die erfolgten Verbesserungen zum Beispiel auch bedanken und die Detailh\u00e4ndler gleichzeitig auffordern, noch mehr zu tun.<\/p>\n<p>Um das Verfassen von Leserbriefen etwas zu erleichtern, haben wir f\u00fcr Sie ein entsprechendes <a href=\"https:\/\/www.naturalscience.org\/wp-content\/uploads\/2018\/09\/2018-09-08Plastik-Reduktion-ArgumenteAdressen-final.pdf\" target=\"_blank\" rel=\"noopener\"><strong>Argumentarium (PDF)<\/strong><\/a> zusammengestellt. Ebenso finden Sie darin eine Liste von m\u00f6glichen Adressaten in der Schweiz.<\/p>\n","protected":false},"excerpt":{"rendered":"Eine traurige Statistik In der Schweiz ist die Nachfrage nach Plastik etwa dreimal so hoch wie im europ\u00e4ischen Durchschnitt! Pro Jahr und Kopf fallen fast 100 kg Plastikabf\u00e4lle an. Also ungef\u00e4hr eine Million Tonnen. Davon sind 75% Einwegverpackungen. Laut eines Berichts des Branchenverbandes \u201ePlasticsEurope\u201c rezykliert die Schweiz nur gerade 25% ihrer Kunststoffabf\u00e4lle und liegt damit [&hellip;]","protected":false},"author":11,"featured_media":0,"comment_status":"closed","ping_status":"closed","sticky":false,"template":"","format":"standard","meta":{"_acf_changed":false,"ngg_post_thumbnail":0,"footnotes":""},"categories":[92,22],"tags":[],"class_list":["post-28080","post","type-post","status-publish","format-standard","hentry","category-plastik","category-meere","wpautop"],"acf":[],"yoast_head":"<!-- This site is optimized with the Yoast SEO plugin v27.5 - https:\/\/yoast.com\/product\/yoast-seo-wordpress\/ -->\n<title>Freiwilliger Verzicht auf Plastik ist unerl\u00e4sslich! - The World Foundation for Natural Science<\/title>\n<meta name=\"robots\" content=\"index, follow, max-snippet:-1, max-image-preview:large, max-video-preview:-1\" \/>\n<link rel=\"canonical\" href=\"https:\/\/www.naturalscience.org\/de\/news\/2018\/09\/freiwilliger-verzicht-auf-plastik-ist-unerlaesslich\/\" \/>\n<meta name=\"twitter:label1\" content=\"Verfasst von\" \/>\n\t<meta name=\"twitter:data1\" content=\"Monika Waldmann\" \/>\n\t<meta name=\"twitter:label2\" content=\"Gesch\u00e4tzte Lesezeit\" \/>\n\t<meta name=\"twitter:data2\" content=\"5\u00a0Minuten\" \/>\n<script type=\"application\/ld+json\" class=\"yoast-schema-graph\">{\"@context\":\"https:\\\/\\\/schema.org\",\"@graph\":[{\"@type\":\"Article\",\"@id\":\"https:\\\/\\\/www.naturalscience.org\\\/de\\\/news\\\/2018\\\/09\\\/freiwilliger-verzicht-auf-plastik-ist-unerlaesslich\\\/#article\",\"isPartOf\":{\"@id\":\"https:\\\/\\\/www.naturalscience.org\\\/de\\\/news\\\/2018\\\/09\\\/freiwilliger-verzicht-auf-plastik-ist-unerlaesslich\\\/\"},\"author\":{\"name\":\"Monika Waldmann\",\"@id\":\"https:\\\/\\\/www.naturalscience.org\\\/#\\\/schema\\\/person\\\/f3e16bb7057b29f8593016bf70a42022\"},\"headline\":\"Freiwilliger Verzicht auf Plastik ist unerl\u00e4sslich!\",\"datePublished\":\"2018-09-11T21:19:39+00:00\",\"dateModified\":\"2018-09-25T16:06:09+00:00\",\"mainEntityOfPage\":{\"@id\":\"https:\\\/\\\/www.naturalscience.org\\\/de\\\/news\\\/2018\\\/09\\\/freiwilliger-verzicht-auf-plastik-ist-unerlaesslich\\\/\"},\"wordCount\":952,\"image\":{\"@id\":\"https:\\\/\\\/www.naturalscience.org\\\/de\\\/news\\\/2018\\\/09\\\/freiwilliger-verzicht-auf-plastik-ist-unerlaesslich\\\/#primaryimage\"},\"thumbnailUrl\":\"https:\\\/\\\/www.naturalscience.org\\\/wp-content\\\/uploads\\\/2018\\\/09\\\/2018-09-08Plastik-Reduktion-ArgumenteAdressen-final_Page_1-212x300.png\",\"articleSection\":[\"Plastik\",\"Meere\"],\"inLanguage\":\"de\"},{\"@type\":\"WebPage\",\"@id\":\"https:\\\/\\\/www.naturalscience.org\\\/de\\\/news\\\/2018\\\/09\\\/freiwilliger-verzicht-auf-plastik-ist-unerlaesslich\\\/\",\"url\":\"https:\\\/\\\/www.naturalscience.org\\\/de\\\/news\\\/2018\\\/09\\\/freiwilliger-verzicht-auf-plastik-ist-unerlaesslich\\\/\",\"name\":\"Freiwilliger Verzicht auf Plastik ist unerl\u00e4sslich! - The World Foundation for Natural Science\",\"isPartOf\":{\"@id\":\"https:\\\/\\\/www.naturalscience.org\\\/#website\"},\"primaryImageOfPage\":{\"@id\":\"https:\\\/\\\/www.naturalscience.org\\\/de\\\/news\\\/2018\\\/09\\\/freiwilliger-verzicht-auf-plastik-ist-unerlaesslich\\\/#primaryimage\"},\"image\":{\"@id\":\"https:\\\/\\\/www.naturalscience.org\\\/de\\\/news\\\/2018\\\/09\\\/freiwilliger-verzicht-auf-plastik-ist-unerlaesslich\\\/#primaryimage\"},\"thumbnailUrl\":\"https:\\\/\\\/www.naturalscience.org\\\/wp-content\\\/uploads\\\/2018\\\/09\\\/2018-09-08Plastik-Reduktion-ArgumenteAdressen-final_Page_1-212x300.png\",\"datePublished\":\"2018-09-11T21:19:39+00:00\",\"dateModified\":\"2018-09-25T16:06:09+00:00\",\"author\":{\"@id\":\"https:\\\/\\\/www.naturalscience.org\\\/#\\\/schema\\\/person\\\/f3e16bb7057b29f8593016bf70a42022\"},\"breadcrumb\":{\"@id\":\"https:\\\/\\\/www.naturalscience.org\\\/de\\\/news\\\/2018\\\/09\\\/freiwilliger-verzicht-auf-plastik-ist-unerlaesslich\\\/#breadcrumb\"},\"inLanguage\":\"de\",\"potentialAction\":[{\"@type\":\"ReadAction\",\"target\":[\"https:\\\/\\\/www.naturalscience.org\\\/de\\\/news\\\/2018\\\/09\\\/freiwilliger-verzicht-auf-plastik-ist-unerlaesslich\\\/\"]}]},{\"@type\":\"ImageObject\",\"inLanguage\":\"de\",\"@id\":\"https:\\\/\\\/www.naturalscience.org\\\/de\\\/news\\\/2018\\\/09\\\/freiwilliger-verzicht-auf-plastik-ist-unerlaesslich\\\/#primaryimage\",\"url\":\"https:\\\/\\\/www.naturalscience.org\\\/wp-content\\\/uploads\\\/2018\\\/09\\\/2018-09-08Plastik-Reduktion-ArgumenteAdressen-final_Page_1-212x300.png\",\"contentUrl\":\"https:\\\/\\\/www.naturalscience.org\\\/wp-content\\\/uploads\\\/2018\\\/09\\\/2018-09-08Plastik-Reduktion-ArgumenteAdressen-final_Page_1-212x300.png\"},{\"@type\":\"BreadcrumbList\",\"@id\":\"https:\\\/\\\/www.naturalscience.org\\\/de\\\/news\\\/2018\\\/09\\\/freiwilliger-verzicht-auf-plastik-ist-unerlaesslich\\\/#breadcrumb\",\"itemListElement\":[{\"@type\":\"ListItem\",\"position\":1,\"name\":\"Home\",\"item\":\"https:\\\/\\\/www.naturalscience.org\\\/de\\\/\"},{\"@type\":\"ListItem\",\"position\":2,\"name\":\"Freiwilliger Verzicht auf Plastik ist unerl\u00e4sslich!\"}]},{\"@type\":\"WebSite\",\"@id\":\"https:\\\/\\\/www.naturalscience.org\\\/#website\",\"url\":\"https:\\\/\\\/www.naturalscience.org\\\/\",\"name\":\"The World Foundation for Natural Science\",\"description\":\"Restoring and Healing the World through Responsibility and Commitment in accord with Natural and Divine Law!\",\"potentialAction\":[{\"@type\":\"SearchAction\",\"target\":{\"@type\":\"EntryPoint\",\"urlTemplate\":\"https:\\\/\\\/www.naturalscience.org\\\/?s={search_term_string}\"},\"query-input\":{\"@type\":\"PropertyValueSpecification\",\"valueRequired\":true,\"valueName\":\"search_term_string\"}}],\"inLanguage\":\"de\"},{\"@type\":\"Person\",\"@id\":\"https:\\\/\\\/www.naturalscience.org\\\/#\\\/schema\\\/person\\\/f3e16bb7057b29f8593016bf70a42022\",\"name\":\"Monika Waldmann\",\"image\":{\"@type\":\"ImageObject\",\"inLanguage\":\"de\",\"@id\":\"https:\\\/\\\/secure.gravatar.com\\\/avatar\\\/54dfb6ad0fbcf54c252c37d8d2c1a44e41b462185db44d9c8124801f3b41b6ec?s=96&d=mm&r=g\",\"url\":\"https:\\\/\\\/secure.gravatar.com\\\/avatar\\\/54dfb6ad0fbcf54c252c37d8d2c1a44e41b462185db44d9c8124801f3b41b6ec?s=96&d=mm&r=g\",\"contentUrl\":\"https:\\\/\\\/secure.gravatar.com\\\/avatar\\\/54dfb6ad0fbcf54c252c37d8d2c1a44e41b462185db44d9c8124801f3b41b6ec?s=96&d=mm&r=g\",\"caption\":\"Monika Waldmann\"}}]}<\/script>\n<!-- \/ Yoast SEO plugin. -->","yoast_head_json":{"title":"Freiwilliger Verzicht auf Plastik ist unerl\u00e4sslich! - The World Foundation for Natural Science","robots":{"index":"index","follow":"follow","max-snippet":"max-snippet:-1","max-image-preview":"max-image-preview:large","max-video-preview":"max-video-preview:-1"},"canonical":"https:\/\/www.naturalscience.org\/de\/news\/2018\/09\/freiwilliger-verzicht-auf-plastik-ist-unerlaesslich\/","twitter_misc":{"Verfasst von":"Monika Waldmann","Gesch\u00e4tzte Lesezeit":"5\u00a0Minuten"},"schema":{"@context":"https:\/\/schema.org","@graph":[{"@type":"Article","@id":"https:\/\/www.naturalscience.org\/de\/news\/2018\/09\/freiwilliger-verzicht-auf-plastik-ist-unerlaesslich\/#article","isPartOf":{"@id":"https:\/\/www.naturalscience.org\/de\/news\/2018\/09\/freiwilliger-verzicht-auf-plastik-ist-unerlaesslich\/"},"author":{"name":"Monika Waldmann","@id":"https:\/\/www.naturalscience.org\/#\/schema\/person\/f3e16bb7057b29f8593016bf70a42022"},"headline":"Freiwilliger Verzicht auf Plastik ist unerl\u00e4sslich!","datePublished":"2018-09-11T21:19:39+00:00","dateModified":"2018-09-25T16:06:09+00:00","mainEntityOfPage":{"@id":"https:\/\/www.naturalscience.org\/de\/news\/2018\/09\/freiwilliger-verzicht-auf-plastik-ist-unerlaesslich\/"},"wordCount":952,"image":{"@id":"https:\/\/www.naturalscience.org\/de\/news\/2018\/09\/freiwilliger-verzicht-auf-plastik-ist-unerlaesslich\/#primaryimage"},"thumbnailUrl":"https:\/\/www.naturalscience.org\/wp-content\/uploads\/2018\/09\/2018-09-08Plastik-Reduktion-ArgumenteAdressen-final_Page_1-212x300.png","articleSection":["Plastik","Meere"],"inLanguage":"de"},{"@type":"WebPage","@id":"https:\/\/www.naturalscience.org\/de\/news\/2018\/09\/freiwilliger-verzicht-auf-plastik-ist-unerlaesslich\/","url":"https:\/\/www.naturalscience.org\/de\/news\/2018\/09\/freiwilliger-verzicht-auf-plastik-ist-unerlaesslich\/","name":"Freiwilliger Verzicht auf Plastik ist unerl\u00e4sslich! - The World Foundation for Natural Science","isPartOf":{"@id":"https:\/\/www.naturalscience.org\/#website"},"primaryImageOfPage":{"@id":"https:\/\/www.naturalscience.org\/de\/news\/2018\/09\/freiwilliger-verzicht-auf-plastik-ist-unerlaesslich\/#primaryimage"},"image":{"@id":"https:\/\/www.naturalscience.org\/de\/news\/2018\/09\/freiwilliger-verzicht-auf-plastik-ist-unerlaesslich\/#primaryimage"},"thumbnailUrl":"https:\/\/www.naturalscience.org\/wp-content\/uploads\/2018\/09\/2018-09-08Plastik-Reduktion-ArgumenteAdressen-final_Page_1-212x300.png","datePublished":"2018-09-11T21:19:39+00:00","dateModified":"2018-09-25T16:06:09+00:00","author":{"@id":"https:\/\/www.naturalscience.org\/#\/schema\/person\/f3e16bb7057b29f8593016bf70a42022"},"breadcrumb":{"@id":"https:\/\/www.naturalscience.org\/de\/news\/2018\/09\/freiwilliger-verzicht-auf-plastik-ist-unerlaesslich\/#breadcrumb"},"inLanguage":"de","potentialAction":[{"@type":"ReadAction","target":["https:\/\/www.naturalscience.org\/de\/news\/2018\/09\/freiwilliger-verzicht-auf-plastik-ist-unerlaesslich\/"]}]},{"@type":"ImageObject","inLanguage":"de","@id":"https:\/\/www.naturalscience.org\/de\/news\/2018\/09\/freiwilliger-verzicht-auf-plastik-ist-unerlaesslich\/#primaryimage","url":"https:\/\/www.naturalscience.org\/wp-content\/uploads\/2018\/09\/2018-09-08Plastik-Reduktion-ArgumenteAdressen-final_Page_1-212x300.png","contentUrl":"https:\/\/www.naturalscience.org\/wp-content\/uploads\/2018\/09\/2018-09-08Plastik-Reduktion-ArgumenteAdressen-final_Page_1-212x300.png"},{"@type":"BreadcrumbList","@id":"https:\/\/www.naturalscience.org\/de\/news\/2018\/09\/freiwilliger-verzicht-auf-plastik-ist-unerlaesslich\/#breadcrumb","itemListElement":[{"@type":"ListItem","position":1,"name":"Home","item":"https:\/\/www.naturalscience.org\/de\/"},{"@type":"ListItem","position":2,"name":"Freiwilliger Verzicht auf Plastik ist unerl\u00e4sslich!"}]},{"@type":"WebSite","@id":"https:\/\/www.naturalscience.org\/#website","url":"https:\/\/www.naturalscience.org\/","name":"The World Foundation for Natural Science","description":"Restoring and Healing the World through Responsibility and Commitment in accord with Natural and Divine Law!","potentialAction":[{"@type":"SearchAction","target":{"@type":"EntryPoint","urlTemplate":"https:\/\/www.naturalscience.org\/?s={search_term_string}"},"query-input":{"@type":"PropertyValueSpecification","valueRequired":true,"valueName":"search_term_string"}}],"inLanguage":"de"},{"@type":"Person","@id":"https:\/\/www.naturalscience.org\/#\/schema\/person\/f3e16bb7057b29f8593016bf70a42022","name":"Monika Waldmann","image":{"@type":"ImageObject","inLanguage":"de","@id":"https:\/\/secure.gravatar.com\/avatar\/54dfb6ad0fbcf54c252c37d8d2c1a44e41b462185db44d9c8124801f3b41b6ec?s=96&d=mm&r=g","url":"https:\/\/secure.gravatar.com\/avatar\/54dfb6ad0fbcf54c252c37d8d2c1a44e41b462185db44d9c8124801f3b41b6ec?s=96&d=mm&r=g","contentUrl":"https:\/\/secure.gravatar.com\/avatar\/54dfb6ad0fbcf54c252c37d8d2c1a44e41b462185db44d9c8124801f3b41b6ec?s=96&d=mm&r=g","caption":"Monika Waldmann"}}]}},"_links":{"self":[{"href":"https:\/\/www.naturalscience.org\/de\/wp-json\/wp\/v2\/posts\/28080","targetHints":{"allow":["GET"]}}],"collection":[{"href":"https:\/\/www.naturalscience.org\/de\/wp-json\/wp\/v2\/posts"}],"about":[{"href":"https:\/\/www.naturalscience.org\/de\/wp-json\/wp\/v2\/types\/post"}],"author":[{"embeddable":true,"href":"https:\/\/www.naturalscience.org\/de\/wp-json\/wp\/v2\/users\/11"}],"replies":[{"embeddable":true,"href":"https:\/\/www.naturalscience.org\/de\/wp-json\/wp\/v2\/comments?post=28080"}],"version-history":[{"count":15,"href":"https:\/\/www.naturalscience.org\/de\/wp-json\/wp\/v2\/posts\/28080\/revisions"}],"predecessor-version":[{"id":28280,"href":"https:\/\/www.naturalscience.org\/de\/wp-json\/wp\/v2\/posts\/28080\/revisions\/28280"}],"wp:attachment":[{"href":"https:\/\/www.naturalscience.org\/de\/wp-json\/wp\/v2\/media?parent=28080"}],"wp:term":[{"taxonomy":"category","embeddable":true,"href":"https:\/\/www.naturalscience.org\/de\/wp-json\/wp\/v2\/categories?post=28080"},{"taxonomy":"post_tag","embeddable":true,"href":"https:\/\/www.naturalscience.org\/de\/wp-json\/wp\/v2\/tags?post=28080"}],"curies":[{"name":"wp","href":"https:\/\/api.w.org\/{rel}","templated":true}]}}