{"id":27441,"date":"2018-04-25T18:42:05","date_gmt":"2018-04-25T16:42:05","guid":{"rendered":"http:\/\/www.naturalscience.org\/?p=27441"},"modified":"2018-05-15T09:12:26","modified_gmt":"2018-05-15T07:12:26","slug":"tag-des-baumes-2018","status":"publish","type":"post","link":"https:\/\/www.naturalscience.org\/de\/news\/2018\/04\/tag-des-baumes-2018\/","title":{"rendered":"Tag des Baumes 2018"},"content":{"rendered":"<p><strong>Tag des Baumes, Freitag, 27. April 2018<\/strong><\/p>\n<p>Anl\u00e4sslich des Tag des Baumes pflanzen wir zum Jubil\u00e4um \u201c25 Jahre The World Foundation for Natural Science\u201d eine Stieleiche auf dem Chripfelihof in der Schweiz. Dieser Baum wird uns und k\u00fcnftige Generationen an die Gr\u00fcndung von The World Foundation for Natural Science am 10. Februar 1993 erinnern. Die Eiche steht f\u00fcr Kraft, Best\u00e4ndigkeit und Sieg. Eigenschaften, welche wir alle f\u00fcr unsere Aufgabe ben\u00f6tigen, durch The World Foundation for Natural Science aufzuzeigen, wie die Wiederherstellung und Heilung der Welt durch Verantwortung und Verpflichtung in Einklang mit dem Nat\u00fcrlichen und G\u00f6ttlichen Gesetz bewerkstelligt werden kann.<\/p>\n<p>B\u00e4ume leisten Grossartiges. Sei er gross oder klein, beheimatet in den Tropen oder in der Tundra, jeder Baum ist wichtig. B\u00e4ume regulieren das Klima, mit ihrer Hilfe werden aus W\u00fcsten wieder wasserreiche, fruchtbare Gebiete<sup>1<\/sup>. B\u00e4ume halten den Boden zusammen und ihre verzweigten Wurzelwerke f\u00f6rdern die Wasserspeicherkapazit\u00e4t des Bodens. Sie dienen als Lebensraum f\u00fcr Tausende von Klein- und Kleinstlebewesen und pr\u00e4gen und bereichern die Landschaft. Heute braucht es uns, Menschen, die wir B\u00e4ume pflanzen anstatt sie zu f\u00e4llen; Menschen, die B\u00e4ume wertsch\u00e4tzen und sch\u00fctzen.<\/p>\n<p>Die Stieleiche, welche am 27. April, 2018 um 16 Uhr gepflanzt wird, ist 6 Meter hoch. Anhand ihres Beispiels m\u00f6chten wir Ihnen in Erinnerung rufen, wozu B\u00e4ume f\u00e4hig sind.<\/p>\n<ul>\n<li>Diese Eiche wird in hundert Jahren folgendes, beinahe Unglaubliches geleistet haben. Sie wird:<br \/>\nungef\u00e4hr 20 Meter hoch sein und einen Kronendurchmesser von ca. 12 Metern aufweisen.<\/li>\n<li>Mit ihren ca. 600&#8217;000 Bl\u00e4ttern ihre Standfl\u00e4che auf gesch\u00e4tzte 1200 m<sup>2<\/sup> Blattfl\u00e4che verzehnfacht haben.<\/li>\n<li>Durch die Luftr\u00e4ume des Schwammgewebes eine Zelloberfl\u00e4che f\u00fcr den Gasaustausch von etwa 15&#8217;000 m<sup>2<\/sup> gebildet haben.<\/li>\n<li>An einem Tag 9&#8217;400 Liter oder 18 kg Kohlendioxid verarbeiten. Bei einem Gehalt von 0.03&nbsp;% Kohlendioxid in der Luft m\u00fcssen etwa 36&#8217;000 m<sup>3<\/sup> Luft durch die Bl\u00e4tter str\u00f6men um dies bewerkstelligen zu k\u00f6nnen.<\/li>\n<li>An einem Tag ca. 400 Liter Wasser an die Umgebung abgeben und damit die Luft betr\u00e4chtlich anfeuchten.<\/li>\n<li>T\u00e4glich 13 kg Sauerstoff als Nebenprodukt ausatmen. Damit deckt sie den Bedarf von ungef\u00e4hr 10 Menschen.<\/li>\n<li>F\u00fcr ihren Eigenbedarf 12 kg Zucker produzieren und mit dieser Energie alle organischen Stoffe aufbauen, welche sie zum Leben ben\u00f6tigt. Einen Teil speichert sie als St\u00e4rke, aus einem andern Teil produziert sie neues Holz.<\/li>\n<\/ul>\n<p><strong>Das alles kann ein Baum!<\/strong> Wollte man unsere Stieleiche ersetzen, br\u00e4uchte es 2&#8217;000 junge B\u00e4ume mit einem Kronenvolumen von ca. 1 m<sup>3<\/sup> um die gleichen Leistungen zu erzielen.<\/p>\n<p><strong>Pflanzen Sie einen Baum an diesem Tag!<\/strong> Wo auch immer Sie sind. Feiern Sie diesen Tag bei sich zu Hause, in Ihrem Wohngebiet oder Ihrer Gemeinde, zusammen mit Freunden. Wir laden Sie auch herzlich ein, an unseren Veranstaltungen teilzunehmen. Helfen Sie uns beim Pflanzen und bewirken wir so gemeinsam einen Unterschied!<\/p>\n<p>Jeder Baum ob klein oder gross wird Sie und die ganze Welt mit all dem versorgen wie die Stieleiche! Alles Leben ist miteinander verbunden!<\/p>\n<p>Lassen Sie sich inspirieren von unserer Informationen auf unserer Homepage:<\/p>\n<ul>\n<li><a href=\"https:\/\/www.naturalscience.org\/de\/themen\/natuerliche-landwirtschaft\/wald\/\">https:\/\/www.naturalscience.org\/de\/themen\/natuerliche-landwirtschaft\/wald\/<\/a><\/li>\n<li><a href=\"https:\/\/www.naturalscience.org\/de\/die-natur-spricht\/\">https:\/\/www.naturalscience.org\/de\/die-natur-spricht\/<\/a>: The Nature is speaking (The Redwood-English)<\/li>\n<\/ul>\n<p><sup>1<\/sup> <a href=\"http:\/\/www.daserste.de\/information\/politik-weltgeschehen\/weltspiegel\/sendung\/swr\/2013\/burkina-faso-baeume-wueste-100.html\" target=\"_blank\" rel=\"noopener\">http:\/\/www.daserste.de\/information\/politik-weltgeschehen\/weltspiegel\/sendung\/swr\/2013\/burkina-faso-baeume-wueste-100.html<\/a><\/p>\n<h2>Veranstaltungen<\/h2>\n<h3 id=\"germany\">Deutschland<\/h3>\n<table style=\"width: 637px;\">\n<thead>\n<tr>\n<td style=\"width: 97.5333px;\">Datum\u00a0&amp;\u00a0Zeit<\/td>\n<td style=\"width: 168.467px;\">Ort<\/td>\n<td style=\"width: 134px;\">Thema<\/td>\n<td style=\"width: 252px;\">Registration<\/td>\n<\/tr>\n<\/thead>\n<tbody>\n<tr>\n<td style=\"width: 97.5333px;\">27.04.2018<br \/>\n14:00 &#8211; 18:00<\/td>\n<td style=\"width: 168.467px;\">Stockumer Dorfstra\u00dfe 24<br \/>\nDE-59427 Unna<\/td>\n<td style=\"width: 134px;\">B\u00e4ume pflanzen &amp; Ausstellung<\/td>\n<td style=\"width: 252px;\">\n<ul class=\"fa-ul\">\n<li><i class=\"fa fa-li fa-at\"><\/i> <a href=\"mailto:DE-Ruhr-Hellweg@naturalscience.org\" target=\"_blank\" rel=\"noopener\">DE-Ruhr-Hellweg@naturalscience.org<\/a><\/li>\n<li><i class=\"fa fa-li fa-phone\"><\/i> +49(2377)805-1903<\/li>\n<\/ul>\n<\/td>\n<\/tr>\n<tr>\n<td style=\"width: 97.5333px;\">27.04.2018<br \/>\n17:00 &#8211; 18:00<\/td>\n<td style=\"width: 168.467px;\">Bahnhofstr. 2a<br \/>\nDE-27383 Scheessel<\/td>\n<td style=\"width: 134px;\">B\u00e4ume pflanzen<\/td>\n<td style=\"width: 252px;\">\n<ul class=\"fa-ul\">\n<li><i class=\"fa fa-li fa-at\"><\/i> <a href=\"mailto:DE-Bremen@naturalscience.org\" target=\"_blank\" rel=\"noopener\">DE-Bremen@naturalscience.org<\/a><\/li>\n<li><i class=\"fa fa-li fa-phone\"><\/i> +49(4263)302-8987<\/li>\n<\/ul>\n<\/td>\n<\/tr>\n<tr>\n<td style=\"width: 97.5333px;\">28.04.2018<br \/>\n12:00 &#8211; 14:00<\/td>\n<td style=\"width: 168.467px;\">Nu\u00dfbaumstr. 1<br \/>\n85757 Karlsfeld<\/td>\n<td style=\"width: 134px;\">B\u00e4ume pflanzen<\/td>\n<td style=\"width: 252px;\">\n<ul class=\"fa-ul\">\n<li><i class=\"fa fa-li fa-at\"><\/i> <a href=\"mailto:DE-Office@naturalscience.org\" target=\"_blank\" rel=\"noopener\">DE-Office@naturalscience.org<\/a><\/li>\n<li><i class=\"fa fa-li fa-phone\"><\/i> +49(89)381-570590<\/li>\n<\/ul>\n<\/td>\n<\/tr>\n<\/tbody>\n<\/table>\n<h3 id=\"switzerland\">Schweiz<\/h3>\n<table>\n<thead>\n<tr>\n<td>Datum\u00a0&amp;\u00a0Zeit<\/td>\n<td>Ort<\/td>\n<td>Thema<\/td>\n<td>Registration<\/td>\n<\/tr>\n<\/thead>\n<tbody>\n<tr>\n<td>27.04.2018<br \/>\n19:30 &#8211; 21:30<\/td>\n<td>Brienzer Familienzentrum f\u00fcr Bildung und nat\u00fcrliche Gesundheit<br \/>\nSeestrasse 9<br \/>\nCH-3855 Brienz<\/td>\n<td>Vortrag: B\u00e4ume und ihr aussergew\u00f6hnlicher Dienst am Leben<\/td>\n<td>\n<ul class=\"fa-ul\">\n<li><i class=\"fa fa-li fa-at\"><\/i> <a href=\"mailto:EU-Office@naturalscience.org\" target=\"_blank\" rel=\"noopener\">EU-Office@naturalscience.org<\/a><\/li>\n<li><i class=\"fa fa-li fa-phone\"><\/i> +41(41)798-0398<\/li>\n<li><i class=\"fa fa-li fa-info\"><\/i><a href=\"https:\/\/www.naturalscience.org\/de\/veranstaltungen\/2018-04-27-tag-des-baumes-2018\/\"> Mehr Informationen<\/a><\/li>\n<\/ul>\n<\/td>\n<\/tr>\n<tr>\n<td>27.04.2018<br \/>\n14:00 &#8211; 20:00<\/td>\n<td>Biohof Guyer, Usterhof 31<br \/>\nCH-8607 Aathal-Seegr\u00e4ben<\/td>\n<td>B\u00e4ume pflanzen<\/td>\n<td>\n<ul class=\"fa-ul\">\n<li><i class=\"fa fa-li fa-at\"><\/i> <a href=\"mailto:EU-Office@naturalscience.org\" target=\"_blank\" rel=\"noopener\">EU-Office@naturalscience.org<\/a><\/li>\n<li><i class=\"fa fa-li fa-phone\"><\/i> +41(41)798-0398<\/li>\n<\/ul>\n<\/td>\n<\/tr>\n<tr>\n<td>27.04.2018<br \/>\n16:00 &#8211; 18:00<\/td>\n<td>Gottfried &amp; Edith Halter, Chripfelihof, CH-6313 Edlibach<\/td>\n<td>Stieleiche pflanzen anl\u00e4sslich des Jubil\u00e4ums 25. Jahre The World Foundation for Natural Science (gegr\u00fcndet am 10. Februar 1993)<\/td>\n<td>\n<ul class=\"fa-ul\">\n<li><i class=\"fa fa-li fa-at\"><\/i> <a href=\"mailto:EU-Office@naturalscience.org\" target=\"_blank\" rel=\"noopener\">EU-Office@naturalscience.org<\/a><\/li>\n<li><i class=\"fa fa-li fa-phone\"><\/i> +41(41)798-0398<\/li>\n<\/ul>\n<\/td>\n<\/tr>\n<tr>\n<td>28.04.2018<br \/>\n14:00 &#8211; 18:00<\/td>\n<td>Chripfelihof<br \/>\nCH-6313 Edlibach<\/td>\n<td>Nationaler Tag der Hochstamm\u2013Obstb\u00e4ume<\/p>\n<p>F\u00fchrungen zum Thema: Landwirtschaft, V\u00f6gel und Insekten.<br \/>\nVeranstalter: Zuger Vogelschutz, Chripfelihof und The World Foundation for Natural Science<br \/>\nSonderausstellung zum Thema: V\u00f6gel und Insekten<\/p>\n<p><em>\u00a0<\/em><\/td>\n<td>Keine Anmeldung erforderlich<\/td>\n<\/tr>\n<\/tbody>\n<\/table>\n<h3 id=\"austria\">\u00d6sterreich<\/h3>\n<table>\n<thead>\n<tr>\n<td>Datum &amp; Zeit<\/td>\n<td>Ort<\/td>\n<td>Thema<\/td>\n<td>Registration<\/td>\n<\/tr>\n<\/thead>\n<tbody>\n<tr>\n<td>28.04.2018<br \/>\n10:00 \u2013 18:00<br \/>\nund<br \/>\n29.04.2018<br \/>\n10:00 \u2013 18:00<\/td>\n<td>Baumschule Ecker<br \/>\nHauptstra\u00dfe 29<br \/>\n8071 Raaba-Grambach<\/td>\n<td>Ausstellung<\/td>\n<td>\n<ul class=\"fa-ul\">\n<li style=\"list-style-type: none;\">\n<ul class=\"fa-ul\">\n<li><i class=\"fa fa-li fa-at\"><\/i> <a href=\"mailto:AT-Office@naturalscience.org\" target=\"_blank\" rel=\"noopener\">AT-Office@naturalscience.org<\/a><\/li>\n<li><i class=\"fa fa-li fa-phone\"><\/i> +43(7613)324-22<\/li>\n<\/ul>\n<\/li>\n<\/ul>\n<\/td>\n<\/tr>\n<\/tbody>\n<\/table>\n<h3>Weitere L\u00e4nder<\/h3>\n<ul>\n<li style=\"list-style-type: none;\">\n<ul>\n<li><a href=\"https:\/\/www.naturalscience.org\/news\/2018\/04\/arbour-day-2018\/#canada\">Kanada<\/a><\/li>\n<\/ul>\n<\/li>\n<\/ul>\n<p><!--\n \t\n\n<li><span style=\"display: inline-block; width: 0px; overflow: hidden; line-height: 0;\" data-mce-type=\"bookmark\" class=\"mce_SELRES_start\"><\/span><a href=\"https:\/\/www.naturalscience.org\/es\/news\/2017\/04\/el-dia-del-arbol-2017\/#colombia\">Kolumbien<\/a><\/li>\n\n\n \t\n\n<li><a href=\"https:\/\/www.naturalscience.org\/es\/news\/2017\/04\/el-dia-del-arbol-2017\/#peru\">Peru<\/a><\/li>\n\n\n \t\n\n<li><a href=\"https:\/\/www.naturalscience.org\/es\/news\/2017\/04\/el-dia-del-arbol-2017\/#brazil\">Brasilien<\/a><\/li>\n\n\n \t\n\n<li><a href=\"https:\/\/www.naturalscience.org\/ru\/news\/2017\/04\/%d0%b4%d0%b5%d0%bd%d1%8c-%d0%b4%d1%80%d0%b5%d0%b2%d0%be%d0%bd%d0%b0%d1%81%d0%b0%d0%b6%d0%b4%d0%b5%d0%bd%d0%b8%d1%8f-2017\/#russia\">Russland<\/a><\/li>\n\n\n \t\n\n<li><a href=\"https:\/\/www.naturalscience.org\/ru\/news\/2017\/04\/%d0%b4%d0%b5%d0%bd%d1%8c-%d0%b4%d1%80%d0%b5%d0%b2%d0%be%d0%bd%d0%b0%d1%81%d0%b0%d0%b6%d0%b4%d0%b5%d0%bd%d0%b8%d1%8f-2017\/#kazakhstan\">Kasachstan<\/a><\/li>\n\n\n--><\/p>\n<p>&nbsp;<\/p>\nngg_shortcode_0_placeholder\n<p>&nbsp;<\/p>\n<p>&nbsp;<\/p>\n","protected":false},"excerpt":{"rendered":"Tag des Baumes, Freitag, 27. April 2018 Anl\u00e4sslich des Tag des Baumes pflanzen wir zum Jubil\u00e4um \u201c25 Jahre The World Foundation for Natural Science\u201d eine Stieleiche auf dem Chripfelihof in der Schweiz. Dieser Baum wird uns und k\u00fcnftige Generationen an die Gr\u00fcndung von The World Foundation for Natural Science am 10. Februar 1993 erinnern. Die [&hellip;]","protected":false},"author":11,"featured_media":0,"comment_status":"closed","ping_status":"closed","sticky":false,"template":"","format":"standard","meta":{"_acf_changed":false,"ngg_post_thumbnail":0,"footnotes":""},"categories":[473,41,45,61],"tags":[],"class_list":["post-27441","post","type-post","status-publish","format-standard","hentry","category-was-wir-tun","category-wald","category-landwirtschaft","category-veranstaltungen","wpautop"],"acf":[],"yoast_head":"<!-- This site is optimized with the Yoast SEO plugin v27.5 - https:\/\/yoast.com\/product\/yoast-seo-wordpress\/ -->\n<title>Tag des Baumes 2018 - The World Foundation for Natural Science<\/title>\n<meta name=\"robots\" content=\"index, follow, max-snippet:-1, max-image-preview:large, max-video-preview:-1\" \/>\n<link rel=\"canonical\" href=\"https:\/\/www.naturalscience.org\/de\/news\/2018\/04\/tag-des-baumes-2018\/\" \/>\n<meta name=\"twitter:label1\" content=\"Verfasst von\" \/>\n\t<meta name=\"twitter:data1\" content=\"Monika Waldmann\" \/>\n\t<meta name=\"twitter:label2\" content=\"Gesch\u00e4tzte Lesezeit\" \/>\n\t<meta name=\"twitter:data2\" content=\"4\u00a0Minuten\" \/>\n<script type=\"application\/ld+json\" class=\"yoast-schema-graph\">{\"@context\":\"https:\\\/\\\/schema.org\",\"@graph\":[{\"@type\":\"Article\",\"@id\":\"https:\\\/\\\/www.naturalscience.org\\\/de\\\/news\\\/2018\\\/04\\\/tag-des-baumes-2018\\\/#article\",\"isPartOf\":{\"@id\":\"https:\\\/\\\/www.naturalscience.org\\\/de\\\/news\\\/2018\\\/04\\\/tag-des-baumes-2018\\\/\"},\"author\":{\"name\":\"Monika Waldmann\",\"@id\":\"https:\\\/\\\/www.naturalscience.org\\\/#\\\/schema\\\/person\\\/f3e16bb7057b29f8593016bf70a42022\"},\"headline\":\"Tag des Baumes 2018\",\"datePublished\":\"2018-04-25T16:42:05+00:00\",\"dateModified\":\"2018-05-15T07:12:26+00:00\",\"mainEntityOfPage\":{\"@id\":\"https:\\\/\\\/www.naturalscience.org\\\/de\\\/news\\\/2018\\\/04\\\/tag-des-baumes-2018\\\/\"},\"wordCount\":788,\"articleSection\":[\"Was wir tun\",\"Wald\",\"Nat\u00fcrliche Landwirtschaft\",\"Veranstaltungen\"],\"inLanguage\":\"de\"},{\"@type\":\"WebPage\",\"@id\":\"https:\\\/\\\/www.naturalscience.org\\\/de\\\/news\\\/2018\\\/04\\\/tag-des-baumes-2018\\\/\",\"url\":\"https:\\\/\\\/www.naturalscience.org\\\/de\\\/news\\\/2018\\\/04\\\/tag-des-baumes-2018\\\/\",\"name\":\"Tag des Baumes 2018 - The World Foundation for Natural Science\",\"isPartOf\":{\"@id\":\"https:\\\/\\\/www.naturalscience.org\\\/#website\"},\"datePublished\":\"2018-04-25T16:42:05+00:00\",\"dateModified\":\"2018-05-15T07:12:26+00:00\",\"author\":{\"@id\":\"https:\\\/\\\/www.naturalscience.org\\\/#\\\/schema\\\/person\\\/f3e16bb7057b29f8593016bf70a42022\"},\"breadcrumb\":{\"@id\":\"https:\\\/\\\/www.naturalscience.org\\\/de\\\/news\\\/2018\\\/04\\\/tag-des-baumes-2018\\\/#breadcrumb\"},\"inLanguage\":\"de\",\"potentialAction\":[{\"@type\":\"ReadAction\",\"target\":[\"https:\\\/\\\/www.naturalscience.org\\\/de\\\/news\\\/2018\\\/04\\\/tag-des-baumes-2018\\\/\"]}]},{\"@type\":\"BreadcrumbList\",\"@id\":\"https:\\\/\\\/www.naturalscience.org\\\/de\\\/news\\\/2018\\\/04\\\/tag-des-baumes-2018\\\/#breadcrumb\",\"itemListElement\":[{\"@type\":\"ListItem\",\"position\":1,\"name\":\"Home\",\"item\":\"https:\\\/\\\/www.naturalscience.org\\\/de\\\/\"},{\"@type\":\"ListItem\",\"position\":2,\"name\":\"Tag des Baumes 2018\"}]},{\"@type\":\"WebSite\",\"@id\":\"https:\\\/\\\/www.naturalscience.org\\\/#website\",\"url\":\"https:\\\/\\\/www.naturalscience.org\\\/\",\"name\":\"The World Foundation for Natural Science\",\"description\":\"Restoring and Healing the World through Responsibility and Commitment in accord with Natural and Divine Law!\",\"potentialAction\":[{\"@type\":\"SearchAction\",\"target\":{\"@type\":\"EntryPoint\",\"urlTemplate\":\"https:\\\/\\\/www.naturalscience.org\\\/?s={search_term_string}\"},\"query-input\":{\"@type\":\"PropertyValueSpecification\",\"valueRequired\":true,\"valueName\":\"search_term_string\"}}],\"inLanguage\":\"de\"},{\"@type\":\"Person\",\"@id\":\"https:\\\/\\\/www.naturalscience.org\\\/#\\\/schema\\\/person\\\/f3e16bb7057b29f8593016bf70a42022\",\"name\":\"Monika Waldmann\",\"image\":{\"@type\":\"ImageObject\",\"inLanguage\":\"de\",\"@id\":\"https:\\\/\\\/secure.gravatar.com\\\/avatar\\\/54dfb6ad0fbcf54c252c37d8d2c1a44e41b462185db44d9c8124801f3b41b6ec?s=96&d=mm&r=g\",\"url\":\"https:\\\/\\\/secure.gravatar.com\\\/avatar\\\/54dfb6ad0fbcf54c252c37d8d2c1a44e41b462185db44d9c8124801f3b41b6ec?s=96&d=mm&r=g\",\"contentUrl\":\"https:\\\/\\\/secure.gravatar.com\\\/avatar\\\/54dfb6ad0fbcf54c252c37d8d2c1a44e41b462185db44d9c8124801f3b41b6ec?s=96&d=mm&r=g\",\"caption\":\"Monika Waldmann\"}}]}<\/script>\n<!-- \/ Yoast SEO plugin. -->","yoast_head_json":{"title":"Tag des Baumes 2018 - The World Foundation for Natural Science","robots":{"index":"index","follow":"follow","max-snippet":"max-snippet:-1","max-image-preview":"max-image-preview:large","max-video-preview":"max-video-preview:-1"},"canonical":"https:\/\/www.naturalscience.org\/de\/news\/2018\/04\/tag-des-baumes-2018\/","twitter_misc":{"Verfasst von":"Monika Waldmann","Gesch\u00e4tzte Lesezeit":"4\u00a0Minuten"},"schema":{"@context":"https:\/\/schema.org","@graph":[{"@type":"Article","@id":"https:\/\/www.naturalscience.org\/de\/news\/2018\/04\/tag-des-baumes-2018\/#article","isPartOf":{"@id":"https:\/\/www.naturalscience.org\/de\/news\/2018\/04\/tag-des-baumes-2018\/"},"author":{"name":"Monika Waldmann","@id":"https:\/\/www.naturalscience.org\/#\/schema\/person\/f3e16bb7057b29f8593016bf70a42022"},"headline":"Tag des Baumes 2018","datePublished":"2018-04-25T16:42:05+00:00","dateModified":"2018-05-15T07:12:26+00:00","mainEntityOfPage":{"@id":"https:\/\/www.naturalscience.org\/de\/news\/2018\/04\/tag-des-baumes-2018\/"},"wordCount":788,"articleSection":["Was wir tun","Wald","Nat\u00fcrliche Landwirtschaft","Veranstaltungen"],"inLanguage":"de"},{"@type":"WebPage","@id":"https:\/\/www.naturalscience.org\/de\/news\/2018\/04\/tag-des-baumes-2018\/","url":"https:\/\/www.naturalscience.org\/de\/news\/2018\/04\/tag-des-baumes-2018\/","name":"Tag des Baumes 2018 - The World Foundation for Natural Science","isPartOf":{"@id":"https:\/\/www.naturalscience.org\/#website"},"datePublished":"2018-04-25T16:42:05+00:00","dateModified":"2018-05-15T07:12:26+00:00","author":{"@id":"https:\/\/www.naturalscience.org\/#\/schema\/person\/f3e16bb7057b29f8593016bf70a42022"},"breadcrumb":{"@id":"https:\/\/www.naturalscience.org\/de\/news\/2018\/04\/tag-des-baumes-2018\/#breadcrumb"},"inLanguage":"de","potentialAction":[{"@type":"ReadAction","target":["https:\/\/www.naturalscience.org\/de\/news\/2018\/04\/tag-des-baumes-2018\/"]}]},{"@type":"BreadcrumbList","@id":"https:\/\/www.naturalscience.org\/de\/news\/2018\/04\/tag-des-baumes-2018\/#breadcrumb","itemListElement":[{"@type":"ListItem","position":1,"name":"Home","item":"https:\/\/www.naturalscience.org\/de\/"},{"@type":"ListItem","position":2,"name":"Tag des Baumes 2018"}]},{"@type":"WebSite","@id":"https:\/\/www.naturalscience.org\/#website","url":"https:\/\/www.naturalscience.org\/","name":"The World Foundation for Natural Science","description":"Restoring and Healing the World through Responsibility and Commitment in accord with Natural and Divine Law!","potentialAction":[{"@type":"SearchAction","target":{"@type":"EntryPoint","urlTemplate":"https:\/\/www.naturalscience.org\/?s={search_term_string}"},"query-input":{"@type":"PropertyValueSpecification","valueRequired":true,"valueName":"search_term_string"}}],"inLanguage":"de"},{"@type":"Person","@id":"https:\/\/www.naturalscience.org\/#\/schema\/person\/f3e16bb7057b29f8593016bf70a42022","name":"Monika Waldmann","image":{"@type":"ImageObject","inLanguage":"de","@id":"https:\/\/secure.gravatar.com\/avatar\/54dfb6ad0fbcf54c252c37d8d2c1a44e41b462185db44d9c8124801f3b41b6ec?s=96&d=mm&r=g","url":"https:\/\/secure.gravatar.com\/avatar\/54dfb6ad0fbcf54c252c37d8d2c1a44e41b462185db44d9c8124801f3b41b6ec?s=96&d=mm&r=g","contentUrl":"https:\/\/secure.gravatar.com\/avatar\/54dfb6ad0fbcf54c252c37d8d2c1a44e41b462185db44d9c8124801f3b41b6ec?s=96&d=mm&r=g","caption":"Monika Waldmann"}}]}},"_links":{"self":[{"href":"https:\/\/www.naturalscience.org\/de\/wp-json\/wp\/v2\/posts\/27441","targetHints":{"allow":["GET"]}}],"collection":[{"href":"https:\/\/www.naturalscience.org\/de\/wp-json\/wp\/v2\/posts"}],"about":[{"href":"https:\/\/www.naturalscience.org\/de\/wp-json\/wp\/v2\/types\/post"}],"author":[{"embeddable":true,"href":"https:\/\/www.naturalscience.org\/de\/wp-json\/wp\/v2\/users\/11"}],"replies":[{"embeddable":true,"href":"https:\/\/www.naturalscience.org\/de\/wp-json\/wp\/v2\/comments?post=27441"}],"version-history":[{"count":12,"href":"https:\/\/www.naturalscience.org\/de\/wp-json\/wp\/v2\/posts\/27441\/revisions"}],"predecessor-version":[{"id":27822,"href":"https:\/\/www.naturalscience.org\/de\/wp-json\/wp\/v2\/posts\/27441\/revisions\/27822"}],"wp:attachment":[{"href":"https:\/\/www.naturalscience.org\/de\/wp-json\/wp\/v2\/media?parent=27441"}],"wp:term":[{"taxonomy":"category","embeddable":true,"href":"https:\/\/www.naturalscience.org\/de\/wp-json\/wp\/v2\/categories?post=27441"},{"taxonomy":"post_tag","embeddable":true,"href":"https:\/\/www.naturalscience.org\/de\/wp-json\/wp\/v2\/tags?post=27441"}],"curies":[{"name":"wp","href":"https:\/\/api.w.org\/{rel}","templated":true}]}}