{"id":248,"date":"2013-09-18T23:21:39","date_gmt":"2013-09-18T21:21:39","guid":{"rendered":"http:\/\/test.naturalscience.org\/?p=248"},"modified":"2015-02-12T23:19:19","modified_gmt":"2015-02-12T22:19:19","slug":"teenager-stellt-idee-zum-saubern-der-meere-von-plastikmull-vor","status":"publish","type":"post","link":"https:\/\/www.naturalscience.org\/de\/news\/2013\/09\/teenager-stellt-idee-zum-saubern-der-meere-von-plastikmull-vor\/","title":{"rendered":"Teenager stellt Idee zum S\u00e4ubern der Meere von Plastikm\u00fcll vor"},"content":{"rendered":"<p><strong>Jahr f\u00fcr Jahr gelangen Tonnen von Plastikm\u00fcll in die Weltmeere und bilden dort riesige Plastikteppiche. Der gr\u00f6sste davon befindet sich im Pazifischen Ozean und umfasst die Fl\u00e4che von Mitteleuropa (!). Mensch und Umwelt leiden unter dieser riesigen Umweltverschmutzung und es ist Zeit, eine L\u00f6sung f\u00fcr dieses in jeder Hinsicht riesige Problem zu finden.<\/strong><!--more--><\/p>\n<p>Ein junger Wissenschaftler aus Holland, namens <a href=\"http:\/\/www.boyanslat.com\/in-depth\/\" target=\"_blank\">Boyan Slat<\/a>, hat nun ein System vorgestellt, mit welchem es m\u00f6gliche sein soll, innerhalb von 5 Jahren \u00fcber 7 Millionen Tonnen Kunststoffabfall aus den Ozeanen zu entfernen. Es handelt sich dabei um schwimmende Siebe, welche den Plastikm\u00fcll einsammeln und der dar\u00fcber liegenden Verarbeitungsplattform zuf\u00fchren. .<\/p>\n<p>Diese Siebe sollen an denjenigen Punkten auf dem Meeresgrund verankert werden, wo aufgrund der Meeresstr\u00f6mungen der gr\u00f6sste Teil des Plastikm\u00fclls schwimmt. Die Plastikteile werden mit Hilfe der Str\u00f6mung \u2013 ohne weiteren Energieaufwand &#8211; in die Siebe gesp\u00fclt, dann vom Plankton getrennt und schliesslich f\u00fcr das Recycling gelagert.<\/p>\n<p>Boyan Slat hat zur Verwirklichung seines Projektes die Stiftung <a href=\"http:\/\/www.boyanslat.com\/in-depth\/\" target=\"_blank\">Ocean Cleanup Foundation<\/a> ins Leben gerufen. Von der Technischen Universit\u00e4t Delft (Delft, Niederlande) hat er f\u00fcr seine Arbeiten bereits einen Preis im Bereich Technisches Design erhalten. Das System ist zwar noch nicht serienreif, doch Slat ist der festen \u00dcberzeugung, dass die Einnahmen durch das recycelte Plastik die Ausgaben f\u00fcr die Auffangeinrichtungen \u00fcbersteigen werden. Zurzeit ist er noch auf der Suche nach geeigneten Mitarbeitern und Sponsoren, welchen das Wohl von Mutter Erde ebenfalls am Herzen liegt.<\/p>\n<p>Sehen Sie sich auch das tiefgehende Interview von Boyan Slat an, welches aufzeigt, dass die Zukunft unseres Planeten in den H\u00e4nden junger Menschen liegt, welche aufwachen und aufstehen.<\/p>\n<p><iframe loading=\"lazy\" src=\"http:\/\/www.youtube.com\/embed\/ROW9F-c0kIQ\" width=\"653\" height=\"329\" frameborder=\"100\" allowfullscreen=\"allowfullscreen\"><\/iframe><\/p>\n<p>Auch eine weitere Vereinigung, die Umweltorganisation One Earth \u2013 One Ocean wurde mit dem Ziel ins Leben gerufen, die Weltmeere vom Plastikm\u00fcll zu befreien. Sie finden einen ausf\u00fchrlichen Artikel \u00fcber die Arbeiten dieses Vereins in dem Artikel <a title=\"Weltmeere frei von Plastikm\u00fcll \u2013 eine Vision nimmt Formen an\" href=\"https:\/\/www.naturalscience.org\/de\/news\/2013\/02\/weltmeere-frei-von-plastikmull-eine-vision-nimmt-formen-an\/\">Weltmeere frei von Plastikm\u00fcll &#8211; eine Vision nimmt Formen an<\/a> .<\/p>\n<p>The World Foundation for Natural Science tr\u00e4gt mit der <a title=\"Plastik \u2013 Ein problematischer Stoff\" href=\"\/?p=525\">Brochure &#8222;Plastik &#8211; ein problematischer Stoff&#8220;<\/a> ebenfalls aktiv dazu bei, die Menschen aufzukl\u00e4ren.<\/p>\n<p>Quelle: www.treehugger.com<\/p>\n<p>&nbsp;<\/p>\n","protected":false},"excerpt":{"rendered":"Jahr f\u00fcr Jahr gelangen Tonnen von Plastikm\u00fcll in die Weltmeere und bilden dort riesige Plastikteppiche. Der gr\u00f6sste davon befindet sich im Pazifischen Ozean und umfasst die Fl\u00e4che von Mitteleuropa (!). Mensch und Umwelt leiden unter dieser riesigen Umweltverschmutzung und es ist Zeit, eine L\u00f6sung f\u00fcr dieses in jeder Hinsicht riesige Problem zu finden. 248","protected":false},"author":9,"featured_media":0,"comment_status":"closed","ping_status":"closed","sticky":false,"template":"","format":"standard","meta":{"_acf_changed":false,"ngg_post_thumbnail":0,"footnotes":""},"categories":[92,22],"tags":[],"class_list":["post-248","post","type-post","status-publish","format-standard","hentry","category-plastik","category-meere","wpautop"],"acf":[],"yoast_head":"<!-- This site is optimized with the Yoast SEO plugin v27.5 - https:\/\/yoast.com\/product\/yoast-seo-wordpress\/ -->\n<title>Teenager stellt Idee zum S\u00e4ubern der Meere von Plastikm\u00fcll vor - The World Foundation for Natural Science<\/title>\n<meta name=\"robots\" content=\"index, follow, max-snippet:-1, max-image-preview:large, max-video-preview:-1\" \/>\n<link rel=\"canonical\" href=\"https:\/\/www.naturalscience.org\/de\/news\/2013\/09\/teenager-stellt-idee-zum-saubern-der-meere-von-plastikmull-vor\/\" \/>\n<meta name=\"twitter:label1\" content=\"Verfasst von\" \/>\n\t<meta name=\"twitter:data1\" content=\"Jonas Zumkehr\" \/>\n\t<meta name=\"twitter:label2\" content=\"Gesch\u00e4tzte Lesezeit\" \/>\n\t<meta name=\"twitter:data2\" content=\"2\u00a0Minuten\" \/>\n<script type=\"application\/ld+json\" class=\"yoast-schema-graph\">{\"@context\":\"https:\\\/\\\/schema.org\",\"@graph\":[{\"@type\":\"Article\",\"@id\":\"https:\\\/\\\/www.naturalscience.org\\\/de\\\/news\\\/2013\\\/09\\\/teenager-stellt-idee-zum-saubern-der-meere-von-plastikmull-vor\\\/#article\",\"isPartOf\":{\"@id\":\"https:\\\/\\\/www.naturalscience.org\\\/de\\\/news\\\/2013\\\/09\\\/teenager-stellt-idee-zum-saubern-der-meere-von-plastikmull-vor\\\/\"},\"author\":{\"name\":\"Jonas Zumkehr\",\"@id\":\"https:\\\/\\\/www.naturalscience.org\\\/#\\\/schema\\\/person\\\/0be5d48465708d48c68f324f12edf220\"},\"headline\":\"Teenager stellt Idee zum S\u00e4ubern der Meere von Plastikm\u00fcll vor\",\"datePublished\":\"2013-09-18T21:21:39+00:00\",\"dateModified\":\"2015-02-12T22:19:19+00:00\",\"mainEntityOfPage\":{\"@id\":\"https:\\\/\\\/www.naturalscience.org\\\/de\\\/news\\\/2013\\\/09\\\/teenager-stellt-idee-zum-saubern-der-meere-von-plastikmull-vor\\\/\"},\"wordCount\":368,\"articleSection\":[\"Plastik\",\"Meere\"],\"inLanguage\":\"de\"},{\"@type\":\"WebPage\",\"@id\":\"https:\\\/\\\/www.naturalscience.org\\\/de\\\/news\\\/2013\\\/09\\\/teenager-stellt-idee-zum-saubern-der-meere-von-plastikmull-vor\\\/\",\"url\":\"https:\\\/\\\/www.naturalscience.org\\\/de\\\/news\\\/2013\\\/09\\\/teenager-stellt-idee-zum-saubern-der-meere-von-plastikmull-vor\\\/\",\"name\":\"Teenager stellt Idee zum S\u00e4ubern der Meere von Plastikm\u00fcll vor - The World Foundation for Natural Science\",\"isPartOf\":{\"@id\":\"https:\\\/\\\/www.naturalscience.org\\\/#website\"},\"datePublished\":\"2013-09-18T21:21:39+00:00\",\"dateModified\":\"2015-02-12T22:19:19+00:00\",\"author\":{\"@id\":\"https:\\\/\\\/www.naturalscience.org\\\/#\\\/schema\\\/person\\\/0be5d48465708d48c68f324f12edf220\"},\"breadcrumb\":{\"@id\":\"https:\\\/\\\/www.naturalscience.org\\\/de\\\/news\\\/2013\\\/09\\\/teenager-stellt-idee-zum-saubern-der-meere-von-plastikmull-vor\\\/#breadcrumb\"},\"inLanguage\":\"de\",\"potentialAction\":[{\"@type\":\"ReadAction\",\"target\":[\"https:\\\/\\\/www.naturalscience.org\\\/de\\\/news\\\/2013\\\/09\\\/teenager-stellt-idee-zum-saubern-der-meere-von-plastikmull-vor\\\/\"]}]},{\"@type\":\"BreadcrumbList\",\"@id\":\"https:\\\/\\\/www.naturalscience.org\\\/de\\\/news\\\/2013\\\/09\\\/teenager-stellt-idee-zum-saubern-der-meere-von-plastikmull-vor\\\/#breadcrumb\",\"itemListElement\":[{\"@type\":\"ListItem\",\"position\":1,\"name\":\"Home\",\"item\":\"https:\\\/\\\/www.naturalscience.org\\\/de\\\/\"},{\"@type\":\"ListItem\",\"position\":2,\"name\":\"Teenager stellt Idee zum S\u00e4ubern der Meere von Plastikm\u00fcll vor\"}]},{\"@type\":\"WebSite\",\"@id\":\"https:\\\/\\\/www.naturalscience.org\\\/#website\",\"url\":\"https:\\\/\\\/www.naturalscience.org\\\/\",\"name\":\"The World Foundation for Natural Science\",\"description\":\"Restoring and Healing the World through Responsibility and Commitment in accord with Natural and Divine Law!\",\"potentialAction\":[{\"@type\":\"SearchAction\",\"target\":{\"@type\":\"EntryPoint\",\"urlTemplate\":\"https:\\\/\\\/www.naturalscience.org\\\/?s={search_term_string}\"},\"query-input\":{\"@type\":\"PropertyValueSpecification\",\"valueRequired\":true,\"valueName\":\"search_term_string\"}}],\"inLanguage\":\"de\"},{\"@type\":\"Person\",\"@id\":\"https:\\\/\\\/www.naturalscience.org\\\/#\\\/schema\\\/person\\\/0be5d48465708d48c68f324f12edf220\",\"name\":\"Jonas Zumkehr\",\"image\":{\"@type\":\"ImageObject\",\"inLanguage\":\"de\",\"@id\":\"https:\\\/\\\/secure.gravatar.com\\\/avatar\\\/71cc080bd24f881147526d81de96e83defdea268b2022f6873ed28b913bc22fa?s=96&d=mm&r=g\",\"url\":\"https:\\\/\\\/secure.gravatar.com\\\/avatar\\\/71cc080bd24f881147526d81de96e83defdea268b2022f6873ed28b913bc22fa?s=96&d=mm&r=g\",\"contentUrl\":\"https:\\\/\\\/secure.gravatar.com\\\/avatar\\\/71cc080bd24f881147526d81de96e83defdea268b2022f6873ed28b913bc22fa?s=96&d=mm&r=g\",\"caption\":\"Jonas Zumkehr\"}}]}<\/script>\n<!-- \/ Yoast SEO plugin. -->","yoast_head_json":{"title":"Teenager stellt Idee zum S\u00e4ubern der Meere von Plastikm\u00fcll vor - The World Foundation for Natural Science","robots":{"index":"index","follow":"follow","max-snippet":"max-snippet:-1","max-image-preview":"max-image-preview:large","max-video-preview":"max-video-preview:-1"},"canonical":"https:\/\/www.naturalscience.org\/de\/news\/2013\/09\/teenager-stellt-idee-zum-saubern-der-meere-von-plastikmull-vor\/","twitter_misc":{"Verfasst von":"Jonas Zumkehr","Gesch\u00e4tzte Lesezeit":"2\u00a0Minuten"},"schema":{"@context":"https:\/\/schema.org","@graph":[{"@type":"Article","@id":"https:\/\/www.naturalscience.org\/de\/news\/2013\/09\/teenager-stellt-idee-zum-saubern-der-meere-von-plastikmull-vor\/#article","isPartOf":{"@id":"https:\/\/www.naturalscience.org\/de\/news\/2013\/09\/teenager-stellt-idee-zum-saubern-der-meere-von-plastikmull-vor\/"},"author":{"name":"Jonas Zumkehr","@id":"https:\/\/www.naturalscience.org\/#\/schema\/person\/0be5d48465708d48c68f324f12edf220"},"headline":"Teenager stellt Idee zum S\u00e4ubern der Meere von Plastikm\u00fcll vor","datePublished":"2013-09-18T21:21:39+00:00","dateModified":"2015-02-12T22:19:19+00:00","mainEntityOfPage":{"@id":"https:\/\/www.naturalscience.org\/de\/news\/2013\/09\/teenager-stellt-idee-zum-saubern-der-meere-von-plastikmull-vor\/"},"wordCount":368,"articleSection":["Plastik","Meere"],"inLanguage":"de"},{"@type":"WebPage","@id":"https:\/\/www.naturalscience.org\/de\/news\/2013\/09\/teenager-stellt-idee-zum-saubern-der-meere-von-plastikmull-vor\/","url":"https:\/\/www.naturalscience.org\/de\/news\/2013\/09\/teenager-stellt-idee-zum-saubern-der-meere-von-plastikmull-vor\/","name":"Teenager stellt Idee zum S\u00e4ubern der Meere von Plastikm\u00fcll vor - The World Foundation for Natural Science","isPartOf":{"@id":"https:\/\/www.naturalscience.org\/#website"},"datePublished":"2013-09-18T21:21:39+00:00","dateModified":"2015-02-12T22:19:19+00:00","author":{"@id":"https:\/\/www.naturalscience.org\/#\/schema\/person\/0be5d48465708d48c68f324f12edf220"},"breadcrumb":{"@id":"https:\/\/www.naturalscience.org\/de\/news\/2013\/09\/teenager-stellt-idee-zum-saubern-der-meere-von-plastikmull-vor\/#breadcrumb"},"inLanguage":"de","potentialAction":[{"@type":"ReadAction","target":["https:\/\/www.naturalscience.org\/de\/news\/2013\/09\/teenager-stellt-idee-zum-saubern-der-meere-von-plastikmull-vor\/"]}]},{"@type":"BreadcrumbList","@id":"https:\/\/www.naturalscience.org\/de\/news\/2013\/09\/teenager-stellt-idee-zum-saubern-der-meere-von-plastikmull-vor\/#breadcrumb","itemListElement":[{"@type":"ListItem","position":1,"name":"Home","item":"https:\/\/www.naturalscience.org\/de\/"},{"@type":"ListItem","position":2,"name":"Teenager stellt Idee zum S\u00e4ubern der Meere von Plastikm\u00fcll vor"}]},{"@type":"WebSite","@id":"https:\/\/www.naturalscience.org\/#website","url":"https:\/\/www.naturalscience.org\/","name":"The World Foundation for Natural Science","description":"Restoring and Healing the World through Responsibility and Commitment in accord with Natural and Divine Law!","potentialAction":[{"@type":"SearchAction","target":{"@type":"EntryPoint","urlTemplate":"https:\/\/www.naturalscience.org\/?s={search_term_string}"},"query-input":{"@type":"PropertyValueSpecification","valueRequired":true,"valueName":"search_term_string"}}],"inLanguage":"de"},{"@type":"Person","@id":"https:\/\/www.naturalscience.org\/#\/schema\/person\/0be5d48465708d48c68f324f12edf220","name":"Jonas Zumkehr","image":{"@type":"ImageObject","inLanguage":"de","@id":"https:\/\/secure.gravatar.com\/avatar\/71cc080bd24f881147526d81de96e83defdea268b2022f6873ed28b913bc22fa?s=96&d=mm&r=g","url":"https:\/\/secure.gravatar.com\/avatar\/71cc080bd24f881147526d81de96e83defdea268b2022f6873ed28b913bc22fa?s=96&d=mm&r=g","contentUrl":"https:\/\/secure.gravatar.com\/avatar\/71cc080bd24f881147526d81de96e83defdea268b2022f6873ed28b913bc22fa?s=96&d=mm&r=g","caption":"Jonas Zumkehr"}}]}},"_links":{"self":[{"href":"https:\/\/www.naturalscience.org\/de\/wp-json\/wp\/v2\/posts\/248","targetHints":{"allow":["GET"]}}],"collection":[{"href":"https:\/\/www.naturalscience.org\/de\/wp-json\/wp\/v2\/posts"}],"about":[{"href":"https:\/\/www.naturalscience.org\/de\/wp-json\/wp\/v2\/types\/post"}],"author":[{"embeddable":true,"href":"https:\/\/www.naturalscience.org\/de\/wp-json\/wp\/v2\/users\/9"}],"replies":[{"embeddable":true,"href":"https:\/\/www.naturalscience.org\/de\/wp-json\/wp\/v2\/comments?post=248"}],"version-history":[{"count":0,"href":"https:\/\/www.naturalscience.org\/de\/wp-json\/wp\/v2\/posts\/248\/revisions"}],"wp:attachment":[{"href":"https:\/\/www.naturalscience.org\/de\/wp-json\/wp\/v2\/media?parent=248"}],"wp:term":[{"taxonomy":"category","embeddable":true,"href":"https:\/\/www.naturalscience.org\/de\/wp-json\/wp\/v2\/categories?post=248"},{"taxonomy":"post_tag","embeddable":true,"href":"https:\/\/www.naturalscience.org\/de\/wp-json\/wp\/v2\/tags?post=248"}],"curies":[{"name":"wp","href":"https:\/\/api.w.org\/{rel}","templated":true}]}}